{"id":52076,"date":"2026-01-20T16:38:53","date_gmt":"2026-01-20T22:38:53","guid":{"rendered":"https:\/\/continuamosmx.com\/?p=52076"},"modified":"2026-01-20T16:38:54","modified_gmt":"2026-01-20T22:38:54","slug":"jilotzingo-impulsa-la-autonomia-de-adultos-mayores-mediante-taller-de-inclusion-digital","status":"publish","type":"post","link":"https:\/\/continuamosmx.com\/index.php\/2026\/01\/20\/jilotzingo-impulsa-la-autonomia-de-adultos-mayores-mediante-taller-de-inclusion-digital\/","title":{"rendered":"JILOTZINGO IMPULSA LA AUTONOM\u00cdA DE ADULTOS MAYORES MEDIANTE TALLER DE INCLUSI\u00d3N DIGITAL"},"content":{"rendered":"\n<hr class=\"wp-block-separator has-alpha-channel-opacity\"\/>\n\n\n\n<h3 class=\"wp-block-heading\">*<strong>La administraci\u00f3n de Raziel Chavarr\u00eda Chavarr\u00eda capacita a personas de la tercera edad en el uso de herramientas tecnol\u00f3gicas para emergencias y comunicaci\u00f3n.<\/strong><\/h3>\n\n\n\n<p><strong>JILOTZINGO, Estado de M\u00e9xico.<\/strong> \u2013 Con el objetivo de reducir la brecha digital y fomentar la independencia de los sectores m\u00e1s vulnerables, la Subdirecci\u00f3n de Inclusi\u00f3n del Gobierno Municipal de Jilotzingo inici\u00f3 un taller especializado en el uso b\u00e1sico de tel\u00e9fonos inteligentes. Esta capacitaci\u00f3n, dirigida a adultos mayores, surge como respuesta a una solicitud directa de la Casa de D\u00eda de San Luis Ayucan.<\/p>\n\n\n\n<p>Durante las sesiones, los participantes reciben formaci\u00f3n pr\u00e1ctica sobre el manejo de herramientas esenciales que les permiten acceder a informaci\u00f3n relevante, reforzar sus protocolos de seguridad personal y, de manera prioritaria, utilizar sus dispositivos m\u00f3viles para solicitar auxilio en situaciones de emergencia.<\/p>\n\n\n\n<p>El presidente municipal, Raziel Chavarr\u00eda Chavarr\u00eda, destac\u00f3 que estas acciones forman parte de una estrategia integral de bienestar y respeto a los derechos de la poblaci\u00f3n de la tercera edad. El taller se mantendr\u00e1 activo durante toda la semana, consolid\u00e1ndose como un espacio de aprendizaje que no solo otorga habilidades t\u00e9cnicas, sino que fortalece la confianza y la integraci\u00f3n social de los habitantes de Jilotzingo en la era digital.<\/p>\n","protected":false},"excerpt":{"rendered":"<p>*La administraci\u00f3n de Raziel Chavarr\u00eda Chavarr\u00eda capacita a personas de la tercera edad en el uso de herramientas tecnol\u00f3gicas para emergencias y comunicaci\u00f3n. JILOTZINGO, Estado de M\u00e9xico. \u2013 Con el objetivo de reducir la brecha digital y fomentar la independencia de los sectores m\u00e1s vulnerables, la Subdirecci\u00f3n de Inclusi\u00f3n del Gobierno Municipal de Jilotzingo inici\u00f3 [&hellip;]<\/p>\n","protected":false},"author":6,"featured_media":52077,"comment_status":"closed","ping_status":"closed","sticky":false,"template":"","format":"standard","meta":{"footnotes":""},"categories":[169,4],"tags":[],"class_list":["post-52076","post","type-post","status-publish","format-standard","has-post-thumbnail","hentry","category-jilotzingo","category-locales"],"yoast_head":"<!-- This site is optimized with the Yoast SEO plugin v27.5 - https:\/\/yoast.com\/product\/yoast-seo-wordpress\/ -->\n<title>JILOTZINGO IMPULSA LA AUTONOM\u00cdA DE ADULTOS MAYORES MEDIANTE TALLER DE INCLUSI\u00d3N DIGITAL -<\/title>\n<meta name=\"robots\" content=\"index, follow, max-snippet:-1, max-image-preview:large, max-video-preview:-1\" \/>\n<link rel=\"canonical\" href=\"https:\/\/continuamosmx.com\/index.php\/2026\/01\/20\/jilotzingo-impulsa-la-autonomia-de-adultos-mayores-mediante-taller-de-inclusion-digital\/\" \/>\n<meta property=\"og:locale\" content=\"es_ES\" \/>\n<meta property=\"og:type\" content=\"article\" \/>\n<meta property=\"og:title\" content=\"JILOTZINGO IMPULSA LA AUTONOM\u00cdA DE ADULTOS MAYORES MEDIANTE TALLER DE INCLUSI\u00d3N DIGITAL -\" \/>\n<meta property=\"og:description\" content=\"*La administraci\u00f3n de Raziel Chavarr\u00eda Chavarr\u00eda capacita a personas de la tercera edad en el uso de herramientas tecnol\u00f3gicas para emergencias y comunicaci\u00f3n. JILOTZINGO, Estado de M\u00e9xico. \u2013 Con el objetivo de reducir la brecha digital y fomentar la independencia de los sectores m\u00e1s vulnerables, la Subdirecci\u00f3n de Inclusi\u00f3n del Gobierno Municipal de Jilotzingo inici\u00f3 [&hellip;]\" \/>\n<meta property=\"og:url\" content=\"https:\/\/continuamosmx.com\/index.php\/2026\/01\/20\/jilotzingo-impulsa-la-autonomia-de-adultos-mayores-mediante-taller-de-inclusion-digital\/\" \/>\n<meta property=\"article:published_time\" content=\"2026-01-20T22:38:53+00:00\" \/>\n<meta property=\"article:modified_time\" content=\"2026-01-20T22:38:54+00:00\" \/>\n<meta property=\"og:image\" content=\"https:\/\/continuamosmx.com\/wp-content\/uploads\/2026\/01\/j3.jpeg\" \/>\n\t<meta property=\"og:image:width\" content=\"1600\" \/>\n\t<meta property=\"og:image:height\" content=\"1066\" \/>\n\t<meta property=\"og:image:type\" content=\"image\/jpeg\" \/>\n<meta name=\"author\" content=\"Continuamos MX\" \/>\n<meta name=\"twitter:card\" content=\"summary_large_image\" \/>\n<meta name=\"twitter:label1\" content=\"Escrito por\" \/>\n\t<meta name=\"twitter:data1\" content=\"Continuamos MX\" \/>\n\t<meta name=\"twitter:label2\" content=\"Tiempo de lectura\" \/>\n\t<meta name=\"twitter:data2\" content=\"1 minuto\" \/>\n<script type=\"application\/ld+json\" class=\"yoast-schema-graph\">{\"@context\":\"https:\\\/\\\/schema.org\",\"@graph\":[{\"@type\":\"Article\",\"@id\":\"https:\\\/\\\/continuamosmx.com\\\/index.php\\\/2026\\\/01\\\/20\\\/jilotzingo-impulsa-la-autonomia-de-adultos-mayores-mediante-taller-de-inclusion-digital\\\/#article\",\"isPartOf\":{\"@id\":\"https:\\\/\\\/continuamosmx.com\\\/index.php\\\/2026\\\/01\\\/20\\\/jilotzingo-impulsa-la-autonomia-de-adultos-mayores-mediante-taller-de-inclusion-digital\\\/\"},\"author\":{\"name\":\"Continuamos MX\",\"@id\":\"https:\\\/\\\/continuamosmx.com\\\/#\\\/schema\\\/person\\\/5eb5356acb1fad784da407d14f0e8d89\"},\"headline\":\"JILOTZINGO IMPULSA LA AUTONOM\u00cdA DE ADULTOS MAYORES MEDIANTE TALLER DE INCLUSI\u00d3N DIGITAL\",\"datePublished\":\"2026-01-20T22:38:53+00:00\",\"dateModified\":\"2026-01-20T22:38:54+00:00\",\"mainEntityOfPage\":{\"@id\":\"https:\\\/\\\/continuamosmx.com\\\/index.php\\\/2026\\\/01\\\/20\\\/jilotzingo-impulsa-la-autonomia-de-adultos-mayores-mediante-taller-de-inclusion-digital\\\/\"},\"wordCount\":234,\"publisher\":{\"@id\":\"https:\\\/\\\/continuamosmx.com\\\/#organization\"},\"image\":{\"@id\":\"https:\\\/\\\/continuamosmx.com\\\/index.php\\\/2026\\\/01\\\/20\\\/jilotzingo-impulsa-la-autonomia-de-adultos-mayores-mediante-taller-de-inclusion-digital\\\/#primaryimage\"},\"thumbnailUrl\":\"https:\\\/\\\/continuamosmx.com\\\/wp-content\\\/uploads\\\/2026\\\/01\\\/j3.jpeg\",\"articleSection\":[\"JILOTZINGO\",\"LOCALES\"],\"inLanguage\":\"es\"},{\"@type\":\"WebPage\",\"@id\":\"https:\\\/\\\/continuamosmx.com\\\/index.php\\\/2026\\\/01\\\/20\\\/jilotzingo-impulsa-la-autonomia-de-adultos-mayores-mediante-taller-de-inclusion-digital\\\/\",\"url\":\"https:\\\/\\\/continuamosmx.com\\\/index.php\\\/2026\\\/01\\\/20\\\/jilotzingo-impulsa-la-autonomia-de-adultos-mayores-mediante-taller-de-inclusion-digital\\\/\",\"name\":\"JILOTZINGO IMPULSA LA AUTONOM\u00cdA DE ADULTOS MAYORES MEDIANTE TALLER DE INCLUSI\u00d3N DIGITAL -\",\"isPartOf\":{\"@id\":\"https:\\\/\\\/continuamosmx.com\\\/#website\"},\"primaryImageOfPage\":{\"@id\":\"https:\\\/\\\/continuamosmx.com\\\/index.php\\\/2026\\\/01\\\/20\\\/jilotzingo-impulsa-la-autonomia-de-adultos-mayores-mediante-taller-de-inclusion-digital\\\/#primaryimage\"},\"image\":{\"@id\":\"https:\\\/\\\/continuamosmx.com\\\/index.php\\\/2026\\\/01\\\/20\\\/jilotzingo-impulsa-la-autonomia-de-adultos-mayores-mediante-taller-de-inclusion-digital\\\/#primaryimage\"},\"thumbnailUrl\":\"https:\\\/\\\/continuamosmx.com\\\/wp-content\\\/uploads\\\/2026\\\/01\\\/j3.jpeg\",\"datePublished\":\"2026-01-20T22:38:53+00:00\",\"dateModified\":\"2026-01-20T22:38:54+00:00\",\"breadcrumb\":{\"@id\":\"https:\\\/\\\/continuamosmx.com\\\/index.php\\\/2026\\\/01\\\/20\\\/jilotzingo-impulsa-la-autonomia-de-adultos-mayores-mediante-taller-de-inclusion-digital\\\/#breadcrumb\"},\"inLanguage\":\"es\",\"potentialAction\":[{\"@type\":\"ReadAction\",\"target\":[\"https:\\\/\\\/continuamosmx.com\\\/index.php\\\/2026\\\/01\\\/20\\\/jilotzingo-impulsa-la-autonomia-de-adultos-mayores-mediante-taller-de-inclusion-digital\\\/\"]}]},{\"@type\":\"ImageObject\",\"inLanguage\":\"es\",\"@id\":\"https:\\\/\\\/continuamosmx.com\\\/index.php\\\/2026\\\/01\\\/20\\\/jilotzingo-impulsa-la-autonomia-de-adultos-mayores-mediante-taller-de-inclusion-digital\\\/#primaryimage\",\"url\":\"https:\\\/\\\/continuamosmx.com\\\/wp-content\\\/uploads\\\/2026\\\/01\\\/j3.jpeg\",\"contentUrl\":\"https:\\\/\\\/continuamosmx.com\\\/wp-content\\\/uploads\\\/2026\\\/01\\\/j3.jpeg\",\"width\":1600,\"height\":1066},{\"@type\":\"BreadcrumbList\",\"@id\":\"https:\\\/\\\/continuamosmx.com\\\/index.php\\\/2026\\\/01\\\/20\\\/jilotzingo-impulsa-la-autonomia-de-adultos-mayores-mediante-taller-de-inclusion-digital\\\/#breadcrumb\",\"itemListElement\":[{\"@type\":\"ListItem\",\"position\":1,\"name\":\"Inicio\",\"item\":\"https:\\\/\\\/continuamosmx.com\\\/\"},{\"@type\":\"ListItem\",\"position\":2,\"name\":\"JILOTZINGO IMPULSA LA AUTONOM\u00cdA DE ADULTOS MAYORES MEDIANTE TALLER DE INCLUSI\u00d3N DIGITAL\"}]},{\"@type\":\"WebSite\",\"@id\":\"https:\\\/\\\/continuamosmx.com\\\/#website\",\"url\":\"https:\\\/\\\/continuamosmx.com\\\/\",\"name\":\"www.continuamosmx.com\",\"description\":\"\",\"publisher\":{\"@id\":\"https:\\\/\\\/continuamosmx.com\\\/#organization\"},\"potentialAction\":[{\"@type\":\"SearchAction\",\"target\":{\"@type\":\"EntryPoint\",\"urlTemplate\":\"https:\\\/\\\/continuamosmx.com\\\/?s={search_term_string}\"},\"query-input\":{\"@type\":\"PropertyValueSpecification\",\"valueRequired\":true,\"valueName\":\"search_term_string\"}}],\"inLanguage\":\"es\"},{\"@type\":\"Organization\",\"@id\":\"https:\\\/\\\/continuamosmx.com\\\/#organization\",\"name\":\"ContinuamosMX\",\"url\":\"https:\\\/\\\/continuamosmx.com\\\/\",\"logo\":{\"@type\":\"ImageObject\",\"inLanguage\":\"es\",\"@id\":\"https:\\\/\\\/continuamosmx.com\\\/#\\\/schema\\\/logo\\\/image\\\/\",\"url\":\"https:\\\/\\\/continuamosmx.com\\\/wp-content\\\/uploads\\\/2023\\\/04\\\/cropped-LOGO-CONTI-NUEVO.png\",\"contentUrl\":\"https:\\\/\\\/continuamosmx.com\\\/wp-content\\\/uploads\\\/2023\\\/04\\\/cropped-LOGO-CONTI-NUEVO.png\",\"width\":1257,\"height\":430,\"caption\":\"ContinuamosMX\"},\"image\":{\"@id\":\"https:\\\/\\\/continuamosmx.com\\\/#\\\/schema\\\/logo\\\/image\\\/\"}},{\"@type\":\"Person\",\"@id\":\"https:\\\/\\\/continuamosmx.com\\\/#\\\/schema\\\/person\\\/5eb5356acb1fad784da407d14f0e8d89\",\"name\":\"Continuamos MX\",\"image\":{\"@type\":\"ImageObject\",\"inLanguage\":\"es\",\"@id\":\"https:\\\/\\\/secure.gravatar.com\\\/avatar\\\/30d4f9723476a15f4da34d35fb3501f08d2357016c76051c6a85c354c7489589?s=96&d=mm&r=g\",\"url\":\"https:\\\/\\\/secure.gravatar.com\\\/avatar\\\/30d4f9723476a15f4da34d35fb3501f08d2357016c76051c6a85c354c7489589?s=96&d=mm&r=g\",\"contentUrl\":\"https:\\\/\\\/secure.gravatar.com\\\/avatar\\\/30d4f9723476a15f4da34d35fb3501f08d2357016c76051c6a85c354c7489589?s=96&d=mm&r=g\",\"caption\":\"Continuamos MX\"},\"sameAs\":[\"http:\\\/\\\/www.continuamos.mx\"],\"url\":\"https:\\\/\\\/continuamosmx.com\\\/index.php\\\/author\\\/continuamos\\\/\"}]}<\/script>\n<!-- \/ Yoast SEO plugin. -->","yoast_head_json":{"title":"JILOTZINGO IMPULSA LA AUTONOM\u00cdA DE ADULTOS MAYORES MEDIANTE TALLER DE INCLUSI\u00d3N DIGITAL -","robots":{"index":"index","follow":"follow","max-snippet":"max-snippet:-1","max-image-preview":"max-image-preview:large","max-video-preview":"max-video-preview:-1"},"canonical":"https:\/\/continuamosmx.com\/index.php\/2026\/01\/20\/jilotzingo-impulsa-la-autonomia-de-adultos-mayores-mediante-taller-de-inclusion-digital\/","og_locale":"es_ES","og_type":"article","og_title":"JILOTZINGO IMPULSA LA AUTONOM\u00cdA DE ADULTOS MAYORES MEDIANTE TALLER DE INCLUSI\u00d3N DIGITAL -","og_description":"*La administraci\u00f3n de Raziel Chavarr\u00eda Chavarr\u00eda capacita a personas de la tercera edad en el uso de herramientas tecnol\u00f3gicas para emergencias y comunicaci\u00f3n. JILOTZINGO, Estado de M\u00e9xico. \u2013 Con el objetivo de reducir la brecha digital y fomentar la independencia de los sectores m\u00e1s vulnerables, la Subdirecci\u00f3n de Inclusi\u00f3n del Gobierno Municipal de Jilotzingo inici\u00f3 [&hellip;]","og_url":"https:\/\/continuamosmx.com\/index.php\/2026\/01\/20\/jilotzingo-impulsa-la-autonomia-de-adultos-mayores-mediante-taller-de-inclusion-digital\/","article_published_time":"2026-01-20T22:38:53+00:00","article_modified_time":"2026-01-20T22:38:54+00:00","og_image":[{"width":1600,"height":1066,"url":"https:\/\/continuamosmx.com\/wp-content\/uploads\/2026\/01\/j3.jpeg","type":"image\/jpeg"}],"author":"Continuamos MX","twitter_card":"summary_large_image","twitter_misc":{"Escrito por":"Continuamos MX","Tiempo de lectura":"1 minuto"},"schema":{"@context":"https:\/\/schema.org","@graph":[{"@type":"Article","@id":"https:\/\/continuamosmx.com\/index.php\/2026\/01\/20\/jilotzingo-impulsa-la-autonomia-de-adultos-mayores-mediante-taller-de-inclusion-digital\/#article","isPartOf":{"@id":"https:\/\/continuamosmx.com\/index.php\/2026\/01\/20\/jilotzingo-impulsa-la-autonomia-de-adultos-mayores-mediante-taller-de-inclusion-digital\/"},"author":{"name":"Continuamos MX","@id":"https:\/\/continuamosmx.com\/#\/schema\/person\/5eb5356acb1fad784da407d14f0e8d89"},"headline":"JILOTZINGO IMPULSA LA AUTONOM\u00cdA DE ADULTOS MAYORES MEDIANTE TALLER DE INCLUSI\u00d3N DIGITAL","datePublished":"2026-01-20T22:38:53+00:00","dateModified":"2026-01-20T22:38:54+00:00","mainEntityOfPage":{"@id":"https:\/\/continuamosmx.com\/index.php\/2026\/01\/20\/jilotzingo-impulsa-la-autonomia-de-adultos-mayores-mediante-taller-de-inclusion-digital\/"},"wordCount":234,"publisher":{"@id":"https:\/\/continuamosmx.com\/#organization"},"image":{"@id":"https:\/\/continuamosmx.com\/index.php\/2026\/01\/20\/jilotzingo-impulsa-la-autonomia-de-adultos-mayores-mediante-taller-de-inclusion-digital\/#primaryimage"},"thumbnailUrl":"https:\/\/continuamosmx.com\/wp-content\/uploads\/2026\/01\/j3.jpeg","articleSection":["JILOTZINGO","LOCALES"],"inLanguage":"es"},{"@type":"WebPage","@id":"https:\/\/continuamosmx.com\/index.php\/2026\/01\/20\/jilotzingo-impulsa-la-autonomia-de-adultos-mayores-mediante-taller-de-inclusion-digital\/","url":"https:\/\/continuamosmx.com\/index.php\/2026\/01\/20\/jilotzingo-impulsa-la-autonomia-de-adultos-mayores-mediante-taller-de-inclusion-digital\/","name":"JILOTZINGO IMPULSA LA AUTONOM\u00cdA DE ADULTOS MAYORES MEDIANTE TALLER DE INCLUSI\u00d3N DIGITAL -","isPartOf":{"@id":"https:\/\/continuamosmx.com\/#website"},"primaryImageOfPage":{"@id":"https:\/\/continuamosmx.com\/index.php\/2026\/01\/20\/jilotzingo-impulsa-la-autonomia-de-adultos-mayores-mediante-taller-de-inclusion-digital\/#primaryimage"},"image":{"@id":"https:\/\/continuamosmx.com\/index.php\/2026\/01\/20\/jilotzingo-impulsa-la-autonomia-de-adultos-mayores-mediante-taller-de-inclusion-digital\/#primaryimage"},"thumbnailUrl":"https:\/\/continuamosmx.com\/wp-content\/uploads\/2026\/01\/j3.jpeg","datePublished":"2026-01-20T22:38:53+00:00","dateModified":"2026-01-20T22:38:54+00:00","breadcrumb":{"@id":"https:\/\/continuamosmx.com\/index.php\/2026\/01\/20\/jilotzingo-impulsa-la-autonomia-de-adultos-mayores-mediante-taller-de-inclusion-digital\/#breadcrumb"},"inLanguage":"es","potentialAction":[{"@type":"ReadAction","target":["https:\/\/continuamosmx.com\/index.php\/2026\/01\/20\/jilotzingo-impulsa-la-autonomia-de-adultos-mayores-mediante-taller-de-inclusion-digital\/"]}]},{"@type":"ImageObject","inLanguage":"es","@id":"https:\/\/continuamosmx.com\/index.php\/2026\/01\/20\/jilotzingo-impulsa-la-autonomia-de-adultos-mayores-mediante-taller-de-inclusion-digital\/#primaryimage","url":"https:\/\/continuamosmx.com\/wp-content\/uploads\/2026\/01\/j3.jpeg","contentUrl":"https:\/\/continuamosmx.com\/wp-content\/uploads\/2026\/01\/j3.jpeg","width":1600,"height":1066},{"@type":"BreadcrumbList","@id":"https:\/\/continuamosmx.com\/index.php\/2026\/01\/20\/jilotzingo-impulsa-la-autonomia-de-adultos-mayores-mediante-taller-de-inclusion-digital\/#breadcrumb","itemListElement":[{"@type":"ListItem","position":1,"name":"Inicio","item":"https:\/\/continuamosmx.com\/"},{"@type":"ListItem","position":2,"name":"JILOTZINGO IMPULSA LA AUTONOM\u00cdA DE ADULTOS MAYORES MEDIANTE TALLER DE INCLUSI\u00d3N DIGITAL"}]},{"@type":"WebSite","@id":"https:\/\/continuamosmx.com\/#website","url":"https:\/\/continuamosmx.com\/","name":"www.continuamosmx.com","description":"","publisher":{"@id":"https:\/\/continuamosmx.com\/#organization"},"potentialAction":[{"@type":"SearchAction","target":{"@type":"EntryPoint","urlTemplate":"https:\/\/continuamosmx.com\/?s={search_term_string}"},"query-input":{"@type":"PropertyValueSpecification","valueRequired":true,"valueName":"search_term_string"}}],"inLanguage":"es"},{"@type":"Organization","@id":"https:\/\/continuamosmx.com\/#organization","name":"ContinuamosMX","url":"https:\/\/continuamosmx.com\/","logo":{"@type":"ImageObject","inLanguage":"es","@id":"https:\/\/continuamosmx.com\/#\/schema\/logo\/image\/","url":"https:\/\/continuamosmx.com\/wp-content\/uploads\/2023\/04\/cropped-LOGO-CONTI-NUEVO.png","contentUrl":"https:\/\/continuamosmx.com\/wp-content\/uploads\/2023\/04\/cropped-LOGO-CONTI-NUEVO.png","width":1257,"height":430,"caption":"ContinuamosMX"},"image":{"@id":"https:\/\/continuamosmx.com\/#\/schema\/logo\/image\/"}},{"@type":"Person","@id":"https:\/\/continuamosmx.com\/#\/schema\/person\/5eb5356acb1fad784da407d14f0e8d89","name":"Continuamos MX","image":{"@type":"ImageObject","inLanguage":"es","@id":"https:\/\/secure.gravatar.com\/avatar\/30d4f9723476a15f4da34d35fb3501f08d2357016c76051c6a85c354c7489589?s=96&d=mm&r=g","url":"https:\/\/secure.gravatar.com\/avatar\/30d4f9723476a15f4da34d35fb3501f08d2357016c76051c6a85c354c7489589?s=96&d=mm&r=g","contentUrl":"https:\/\/secure.gravatar.com\/avatar\/30d4f9723476a15f4da34d35fb3501f08d2357016c76051c6a85c354c7489589?s=96&d=mm&r=g","caption":"Continuamos MX"},"sameAs":["http:\/\/www.continuamos.mx"],"url":"https:\/\/continuamosmx.com\/index.php\/author\/continuamos\/"}]}},"_links":{"self":[{"href":"https:\/\/continuamosmx.com\/index.php\/wp-json\/wp\/v2\/posts\/52076","targetHints":{"allow":["GET"]}}],"collection":[{"href":"https:\/\/continuamosmx.com\/index.php\/wp-json\/wp\/v2\/posts"}],"about":[{"href":"https:\/\/continuamosmx.com\/index.php\/wp-json\/wp\/v2\/types\/post"}],"author":[{"embeddable":true,"href":"https:\/\/continuamosmx.com\/index.php\/wp-json\/wp\/v2\/users\/6"}],"replies":[{"embeddable":true,"href":"https:\/\/continuamosmx.com\/index.php\/wp-json\/wp\/v2\/comments?post=52076"}],"version-history":[{"count":1,"href":"https:\/\/continuamosmx.com\/index.php\/wp-json\/wp\/v2\/posts\/52076\/revisions"}],"predecessor-version":[{"id":52078,"href":"https:\/\/continuamosmx.com\/index.php\/wp-json\/wp\/v2\/posts\/52076\/revisions\/52078"}],"wp:featuredmedia":[{"embeddable":true,"href":"https:\/\/continuamosmx.com\/index.php\/wp-json\/wp\/v2\/media\/52077"}],"wp:attachment":[{"href":"https:\/\/continuamosmx.com\/index.php\/wp-json\/wp\/v2\/media?parent=52076"}],"wp:term":[{"taxonomy":"category","embeddable":true,"href":"https:\/\/continuamosmx.com\/index.php\/wp-json\/wp\/v2\/categories?post=52076"},{"taxonomy":"post_tag","embeddable":true,"href":"https:\/\/continuamosmx.com\/index.php\/wp-json\/wp\/v2\/tags?post=52076"}],"curies":[{"name":"wp","href":"https:\/\/api.w.org\/{rel}","templated":true}]}}