{"id":52057,"date":"2026-01-19T18:54:04","date_gmt":"2026-01-20T00:54:04","guid":{"rendered":"https:\/\/continuamosmx.com\/?p=52057"},"modified":"2026-01-19T20:17:57","modified_gmt":"2026-01-20T02:17:57","slug":"cuautitlan-izcalli-logra-saneamiento-financiero-historico-y-proyecta-presupuesto-record-para-2026","status":"publish","type":"post","link":"https:\/\/continuamosmx.com\/index.php\/2026\/01\/19\/cuautitlan-izcalli-logra-saneamiento-financiero-historico-y-proyecta-presupuesto-record-para-2026\/","title":{"rendered":"CUAUTITL\u00c1N IZCALLI LOGRA SANEAMIENTO FINANCIERO HIST\u00d3RICO Y PROYECTA PRESUPUESTO R\u00c9CORD PARA 2026"},"content":{"rendered":"\n<h3 class=\"wp-block-heading\">*<strong>A trav\u00e9s de una estrategia de austeridad y el pago de adeudos heredados por m\u00e1s de 435 millones de pesos, el Gobierno Municipal mejora su calificaci\u00f3n crediticia ante HR Ratings y Verum.<\/strong><\/h3>\n\n\n\n<p><strong>CUAUTITL\u00c1N IZCALLI, M\u00e9x.<\/strong> \u2013 El Presidente Municipal, Daniel Serrano, inform\u00f3 durante la conferencia de prensa \u00abEl Poder del Pueblo\u00bb los avances cr\u00edticos en el saneamiento de las finanzas p\u00fablicas de Cuautitl\u00e1n Izcalli<sup><\/sup><sup><\/sup><sup><\/sup><sup><\/sup><sup><\/sup><sup><\/sup><sup><\/sup><sup><\/sup>. Tras enfrentar una deuda heredada de 2,540 millones de pesos en 2025 \u2014que inclu\u00eda pasivos laborales, cr\u00e9ditos fiscales y deudas con el ISSEMYM\u2014, la administraci\u00f3n logr\u00f3 estabilizar la Hacienda P\u00fablica mediante medidas de responsabilidad y austeridad republicana<sup><\/sup><sup><\/sup><sup><\/sup><sup><\/sup>.<\/p>\n\n\n\n<p>De acuerdo con el Tesorero Municipal, Jos\u00e9 de Jes\u00fas Castillo, el gobierno realiz\u00f3 pagos por un total de 435 millones 447 mil 115 pesos<sup><\/sup><sup><\/sup><sup><\/sup>. Este monto permiti\u00f3 la liquidaci\u00f3n total de cr\u00e9ditos fiscales ante el SAT, la regularizaci\u00f3n de derechos vehiculares y el cumplimiento de adeudos con el ISSEMYM correspondientes al periodo 2019-2022 y convenios hist\u00f3ricos<sup><\/sup>. Estas acciones generaron un ahorro directo de 249 millones de pesos para el municipio<sup><\/sup>.<\/p>\n\n\n\n<p>Como resultado de esta gesti\u00f3n, las agencias HR Ratings y PCR Verum elevaron la calificaci\u00f3n crediticia del municipio en diciembre de 2025<sup><\/sup>. Gracias a este saneamiento, Cuautitl\u00e1n Izcalli proyecta para este 2026 el presupuesto m\u00e1s grande en su historia municipal, el cual ser\u00e1 destinado prioritariamente a fortalecer la seguridad, la obra p\u00fablica y los servicios en beneficio de las familias izcallenses<sup><\/sup><sup><\/sup><sup><\/sup><sup><\/sup>.<\/p>\n\n\n\n<figure class=\"wp-block-video\"><video height=\"720\" style=\"aspect-ratio: 1280 \/ 720;\" width=\"1280\" controls src=\"https:\/\/continuamosmx.com\/wp-content\/uploads\/2026\/01\/sanemaiento.mp4\"><\/video><\/figure>\n","protected":false},"excerpt":{"rendered":"<p>*A trav\u00e9s de una estrategia de austeridad y el pago de adeudos heredados por m\u00e1s de 435 millones de pesos, el Gobierno Municipal mejora su calificaci\u00f3n crediticia ante HR Ratings y Verum. CUAUTITL\u00c1N IZCALLI, M\u00e9x. \u2013 El Presidente Municipal, Daniel Serrano, inform\u00f3 durante la conferencia de prensa \u00abEl Poder del Pueblo\u00bb los avances cr\u00edticos en [&hellip;]<\/p>\n","protected":false},"author":6,"featured_media":52063,"comment_status":"closed","ping_status":"closed","sticky":false,"template":"","format":"standard","meta":{"footnotes":""},"categories":[22,4],"tags":[],"class_list":["post-52057","post","type-post","status-publish","format-standard","has-post-thumbnail","hentry","category-c-izcalli","category-locales"],"yoast_head":"<!-- This site is optimized with the Yoast SEO plugin v27.5 - https:\/\/yoast.com\/product\/yoast-seo-wordpress\/ -->\n<title>CUAUTITL\u00c1N IZCALLI LOGRA SANEAMIENTO FINANCIERO HIST\u00d3RICO Y PROYECTA PRESUPUESTO R\u00c9CORD PARA 2026 -<\/title>\n<meta name=\"robots\" content=\"index, follow, max-snippet:-1, max-image-preview:large, max-video-preview:-1\" \/>\n<link rel=\"canonical\" href=\"https:\/\/continuamosmx.com\/index.php\/2026\/01\/19\/cuautitlan-izcalli-logra-saneamiento-financiero-historico-y-proyecta-presupuesto-record-para-2026\/\" \/>\n<meta property=\"og:locale\" content=\"es_ES\" \/>\n<meta property=\"og:type\" content=\"article\" \/>\n<meta property=\"og:title\" content=\"CUAUTITL\u00c1N IZCALLI LOGRA SANEAMIENTO FINANCIERO HIST\u00d3RICO Y PROYECTA PRESUPUESTO R\u00c9CORD PARA 2026 -\" \/>\n<meta property=\"og:description\" content=\"*A trav\u00e9s de una estrategia de austeridad y el pago de adeudos heredados por m\u00e1s de 435 millones de pesos, el Gobierno Municipal mejora su calificaci\u00f3n crediticia ante HR Ratings y Verum. CUAUTITL\u00c1N IZCALLI, M\u00e9x. \u2013 El Presidente Municipal, Daniel Serrano, inform\u00f3 durante la conferencia de prensa \u00abEl Poder del Pueblo\u00bb los avances cr\u00edticos en [&hellip;]\" \/>\n<meta property=\"og:url\" content=\"https:\/\/continuamosmx.com\/index.php\/2026\/01\/19\/cuautitlan-izcalli-logra-saneamiento-financiero-historico-y-proyecta-presupuesto-record-para-2026\/\" \/>\n<meta property=\"article:published_time\" content=\"2026-01-20T00:54:04+00:00\" \/>\n<meta property=\"article:modified_time\" content=\"2026-01-20T02:17:57+00:00\" \/>\n<meta property=\"og:image\" content=\"https:\/\/continuamosmx.com\/wp-content\/uploads\/2026\/01\/saneamiento.jpeg\" \/>\n\t<meta property=\"og:image:width\" content=\"1600\" \/>\n\t<meta property=\"og:image:height\" content=\"1066\" \/>\n\t<meta property=\"og:image:type\" content=\"image\/jpeg\" \/>\n<meta name=\"author\" content=\"Continuamos MX\" \/>\n<meta name=\"twitter:card\" content=\"summary_large_image\" \/>\n<meta name=\"twitter:label1\" content=\"Escrito por\" \/>\n\t<meta name=\"twitter:data1\" content=\"Continuamos MX\" \/>\n\t<meta name=\"twitter:label2\" content=\"Tiempo de lectura\" \/>\n\t<meta name=\"twitter:data2\" content=\"2 minutos\" \/>\n<script type=\"application\/ld+json\" class=\"yoast-schema-graph\">{\"@context\":\"https:\\\/\\\/schema.org\",\"@graph\":[{\"@type\":\"Article\",\"@id\":\"https:\\\/\\\/continuamosmx.com\\\/index.php\\\/2026\\\/01\\\/19\\\/cuautitlan-izcalli-logra-saneamiento-financiero-historico-y-proyecta-presupuesto-record-para-2026\\\/#article\",\"isPartOf\":{\"@id\":\"https:\\\/\\\/continuamosmx.com\\\/index.php\\\/2026\\\/01\\\/19\\\/cuautitlan-izcalli-logra-saneamiento-financiero-historico-y-proyecta-presupuesto-record-para-2026\\\/\"},\"author\":{\"name\":\"Continuamos MX\",\"@id\":\"https:\\\/\\\/continuamosmx.com\\\/#\\\/schema\\\/person\\\/5eb5356acb1fad784da407d14f0e8d89\"},\"headline\":\"CUAUTITL\u00c1N IZCALLI LOGRA SANEAMIENTO FINANCIERO HIST\u00d3RICO Y PROYECTA PRESUPUESTO R\u00c9CORD PARA 2026\",\"datePublished\":\"2026-01-20T00:54:04+00:00\",\"dateModified\":\"2026-01-20T02:17:57+00:00\",\"mainEntityOfPage\":{\"@id\":\"https:\\\/\\\/continuamosmx.com\\\/index.php\\\/2026\\\/01\\\/19\\\/cuautitlan-izcalli-logra-saneamiento-financiero-historico-y-proyecta-presupuesto-record-para-2026\\\/\"},\"wordCount\":258,\"publisher\":{\"@id\":\"https:\\\/\\\/continuamosmx.com\\\/#organization\"},\"image\":{\"@id\":\"https:\\\/\\\/continuamosmx.com\\\/index.php\\\/2026\\\/01\\\/19\\\/cuautitlan-izcalli-logra-saneamiento-financiero-historico-y-proyecta-presupuesto-record-para-2026\\\/#primaryimage\"},\"thumbnailUrl\":\"https:\\\/\\\/continuamosmx.com\\\/wp-content\\\/uploads\\\/2026\\\/01\\\/saneamiento.jpeg\",\"articleSection\":[\"C. IZCALLI\",\"LOCALES\"],\"inLanguage\":\"es\"},{\"@type\":\"WebPage\",\"@id\":\"https:\\\/\\\/continuamosmx.com\\\/index.php\\\/2026\\\/01\\\/19\\\/cuautitlan-izcalli-logra-saneamiento-financiero-historico-y-proyecta-presupuesto-record-para-2026\\\/\",\"url\":\"https:\\\/\\\/continuamosmx.com\\\/index.php\\\/2026\\\/01\\\/19\\\/cuautitlan-izcalli-logra-saneamiento-financiero-historico-y-proyecta-presupuesto-record-para-2026\\\/\",\"name\":\"CUAUTITL\u00c1N IZCALLI LOGRA SANEAMIENTO FINANCIERO HIST\u00d3RICO Y PROYECTA PRESUPUESTO R\u00c9CORD PARA 2026 -\",\"isPartOf\":{\"@id\":\"https:\\\/\\\/continuamosmx.com\\\/#website\"},\"primaryImageOfPage\":{\"@id\":\"https:\\\/\\\/continuamosmx.com\\\/index.php\\\/2026\\\/01\\\/19\\\/cuautitlan-izcalli-logra-saneamiento-financiero-historico-y-proyecta-presupuesto-record-para-2026\\\/#primaryimage\"},\"image\":{\"@id\":\"https:\\\/\\\/continuamosmx.com\\\/index.php\\\/2026\\\/01\\\/19\\\/cuautitlan-izcalli-logra-saneamiento-financiero-historico-y-proyecta-presupuesto-record-para-2026\\\/#primaryimage\"},\"thumbnailUrl\":\"https:\\\/\\\/continuamosmx.com\\\/wp-content\\\/uploads\\\/2026\\\/01\\\/saneamiento.jpeg\",\"datePublished\":\"2026-01-20T00:54:04+00:00\",\"dateModified\":\"2026-01-20T02:17:57+00:00\",\"breadcrumb\":{\"@id\":\"https:\\\/\\\/continuamosmx.com\\\/index.php\\\/2026\\\/01\\\/19\\\/cuautitlan-izcalli-logra-saneamiento-financiero-historico-y-proyecta-presupuesto-record-para-2026\\\/#breadcrumb\"},\"inLanguage\":\"es\",\"potentialAction\":[{\"@type\":\"ReadAction\",\"target\":[\"https:\\\/\\\/continuamosmx.com\\\/index.php\\\/2026\\\/01\\\/19\\\/cuautitlan-izcalli-logra-saneamiento-financiero-historico-y-proyecta-presupuesto-record-para-2026\\\/\"]}]},{\"@type\":\"ImageObject\",\"inLanguage\":\"es\",\"@id\":\"https:\\\/\\\/continuamosmx.com\\\/index.php\\\/2026\\\/01\\\/19\\\/cuautitlan-izcalli-logra-saneamiento-financiero-historico-y-proyecta-presupuesto-record-para-2026\\\/#primaryimage\",\"url\":\"https:\\\/\\\/continuamosmx.com\\\/wp-content\\\/uploads\\\/2026\\\/01\\\/saneamiento.jpeg\",\"contentUrl\":\"https:\\\/\\\/continuamosmx.com\\\/wp-content\\\/uploads\\\/2026\\\/01\\\/saneamiento.jpeg\",\"width\":1600,\"height\":1066},{\"@type\":\"BreadcrumbList\",\"@id\":\"https:\\\/\\\/continuamosmx.com\\\/index.php\\\/2026\\\/01\\\/19\\\/cuautitlan-izcalli-logra-saneamiento-financiero-historico-y-proyecta-presupuesto-record-para-2026\\\/#breadcrumb\",\"itemListElement\":[{\"@type\":\"ListItem\",\"position\":1,\"name\":\"Inicio\",\"item\":\"https:\\\/\\\/continuamosmx.com\\\/\"},{\"@type\":\"ListItem\",\"position\":2,\"name\":\"CUAUTITL\u00c1N IZCALLI LOGRA SANEAMIENTO FINANCIERO HIST\u00d3RICO Y PROYECTA PRESUPUESTO R\u00c9CORD PARA 2026\"}]},{\"@type\":\"WebSite\",\"@id\":\"https:\\\/\\\/continuamosmx.com\\\/#website\",\"url\":\"https:\\\/\\\/continuamosmx.com\\\/\",\"name\":\"www.continuamosmx.com\",\"description\":\"\",\"publisher\":{\"@id\":\"https:\\\/\\\/continuamosmx.com\\\/#organization\"},\"potentialAction\":[{\"@type\":\"SearchAction\",\"target\":{\"@type\":\"EntryPoint\",\"urlTemplate\":\"https:\\\/\\\/continuamosmx.com\\\/?s={search_term_string}\"},\"query-input\":{\"@type\":\"PropertyValueSpecification\",\"valueRequired\":true,\"valueName\":\"search_term_string\"}}],\"inLanguage\":\"es\"},{\"@type\":\"Organization\",\"@id\":\"https:\\\/\\\/continuamosmx.com\\\/#organization\",\"name\":\"ContinuamosMX\",\"url\":\"https:\\\/\\\/continuamosmx.com\\\/\",\"logo\":{\"@type\":\"ImageObject\",\"inLanguage\":\"es\",\"@id\":\"https:\\\/\\\/continuamosmx.com\\\/#\\\/schema\\\/logo\\\/image\\\/\",\"url\":\"https:\\\/\\\/continuamosmx.com\\\/wp-content\\\/uploads\\\/2023\\\/04\\\/cropped-LOGO-CONTI-NUEVO.png\",\"contentUrl\":\"https:\\\/\\\/continuamosmx.com\\\/wp-content\\\/uploads\\\/2023\\\/04\\\/cropped-LOGO-CONTI-NUEVO.png\",\"width\":1257,\"height\":430,\"caption\":\"ContinuamosMX\"},\"image\":{\"@id\":\"https:\\\/\\\/continuamosmx.com\\\/#\\\/schema\\\/logo\\\/image\\\/\"}},{\"@type\":\"Person\",\"@id\":\"https:\\\/\\\/continuamosmx.com\\\/#\\\/schema\\\/person\\\/5eb5356acb1fad784da407d14f0e8d89\",\"name\":\"Continuamos MX\",\"image\":{\"@type\":\"ImageObject\",\"inLanguage\":\"es\",\"@id\":\"https:\\\/\\\/secure.gravatar.com\\\/avatar\\\/30d4f9723476a15f4da34d35fb3501f08d2357016c76051c6a85c354c7489589?s=96&d=mm&r=g\",\"url\":\"https:\\\/\\\/secure.gravatar.com\\\/avatar\\\/30d4f9723476a15f4da34d35fb3501f08d2357016c76051c6a85c354c7489589?s=96&d=mm&r=g\",\"contentUrl\":\"https:\\\/\\\/secure.gravatar.com\\\/avatar\\\/30d4f9723476a15f4da34d35fb3501f08d2357016c76051c6a85c354c7489589?s=96&d=mm&r=g\",\"caption\":\"Continuamos MX\"},\"sameAs\":[\"http:\\\/\\\/www.continuamos.mx\"],\"url\":\"https:\\\/\\\/continuamosmx.com\\\/index.php\\\/author\\\/continuamos\\\/\"}]}<\/script>\n<!-- \/ Yoast SEO plugin. -->","yoast_head_json":{"title":"CUAUTITL\u00c1N IZCALLI LOGRA SANEAMIENTO FINANCIERO HIST\u00d3RICO Y PROYECTA PRESUPUESTO R\u00c9CORD PARA 2026 -","robots":{"index":"index","follow":"follow","max-snippet":"max-snippet:-1","max-image-preview":"max-image-preview:large","max-video-preview":"max-video-preview:-1"},"canonical":"https:\/\/continuamosmx.com\/index.php\/2026\/01\/19\/cuautitlan-izcalli-logra-saneamiento-financiero-historico-y-proyecta-presupuesto-record-para-2026\/","og_locale":"es_ES","og_type":"article","og_title":"CUAUTITL\u00c1N IZCALLI LOGRA SANEAMIENTO FINANCIERO HIST\u00d3RICO Y PROYECTA PRESUPUESTO R\u00c9CORD PARA 2026 -","og_description":"*A trav\u00e9s de una estrategia de austeridad y el pago de adeudos heredados por m\u00e1s de 435 millones de pesos, el Gobierno Municipal mejora su calificaci\u00f3n crediticia ante HR Ratings y Verum. CUAUTITL\u00c1N IZCALLI, M\u00e9x. \u2013 El Presidente Municipal, Daniel Serrano, inform\u00f3 durante la conferencia de prensa \u00abEl Poder del Pueblo\u00bb los avances cr\u00edticos en [&hellip;]","og_url":"https:\/\/continuamosmx.com\/index.php\/2026\/01\/19\/cuautitlan-izcalli-logra-saneamiento-financiero-historico-y-proyecta-presupuesto-record-para-2026\/","article_published_time":"2026-01-20T00:54:04+00:00","article_modified_time":"2026-01-20T02:17:57+00:00","og_image":[{"width":1600,"height":1066,"url":"https:\/\/continuamosmx.com\/wp-content\/uploads\/2026\/01\/saneamiento.jpeg","type":"image\/jpeg"}],"author":"Continuamos MX","twitter_card":"summary_large_image","twitter_misc":{"Escrito por":"Continuamos MX","Tiempo de lectura":"2 minutos"},"schema":{"@context":"https:\/\/schema.org","@graph":[{"@type":"Article","@id":"https:\/\/continuamosmx.com\/index.php\/2026\/01\/19\/cuautitlan-izcalli-logra-saneamiento-financiero-historico-y-proyecta-presupuesto-record-para-2026\/#article","isPartOf":{"@id":"https:\/\/continuamosmx.com\/index.php\/2026\/01\/19\/cuautitlan-izcalli-logra-saneamiento-financiero-historico-y-proyecta-presupuesto-record-para-2026\/"},"author":{"name":"Continuamos MX","@id":"https:\/\/continuamosmx.com\/#\/schema\/person\/5eb5356acb1fad784da407d14f0e8d89"},"headline":"CUAUTITL\u00c1N IZCALLI LOGRA SANEAMIENTO FINANCIERO HIST\u00d3RICO Y PROYECTA PRESUPUESTO R\u00c9CORD PARA 2026","datePublished":"2026-01-20T00:54:04+00:00","dateModified":"2026-01-20T02:17:57+00:00","mainEntityOfPage":{"@id":"https:\/\/continuamosmx.com\/index.php\/2026\/01\/19\/cuautitlan-izcalli-logra-saneamiento-financiero-historico-y-proyecta-presupuesto-record-para-2026\/"},"wordCount":258,"publisher":{"@id":"https:\/\/continuamosmx.com\/#organization"},"image":{"@id":"https:\/\/continuamosmx.com\/index.php\/2026\/01\/19\/cuautitlan-izcalli-logra-saneamiento-financiero-historico-y-proyecta-presupuesto-record-para-2026\/#primaryimage"},"thumbnailUrl":"https:\/\/continuamosmx.com\/wp-content\/uploads\/2026\/01\/saneamiento.jpeg","articleSection":["C. IZCALLI","LOCALES"],"inLanguage":"es"},{"@type":"WebPage","@id":"https:\/\/continuamosmx.com\/index.php\/2026\/01\/19\/cuautitlan-izcalli-logra-saneamiento-financiero-historico-y-proyecta-presupuesto-record-para-2026\/","url":"https:\/\/continuamosmx.com\/index.php\/2026\/01\/19\/cuautitlan-izcalli-logra-saneamiento-financiero-historico-y-proyecta-presupuesto-record-para-2026\/","name":"CUAUTITL\u00c1N IZCALLI LOGRA SANEAMIENTO FINANCIERO HIST\u00d3RICO Y PROYECTA PRESUPUESTO R\u00c9CORD PARA 2026 -","isPartOf":{"@id":"https:\/\/continuamosmx.com\/#website"},"primaryImageOfPage":{"@id":"https:\/\/continuamosmx.com\/index.php\/2026\/01\/19\/cuautitlan-izcalli-logra-saneamiento-financiero-historico-y-proyecta-presupuesto-record-para-2026\/#primaryimage"},"image":{"@id":"https:\/\/continuamosmx.com\/index.php\/2026\/01\/19\/cuautitlan-izcalli-logra-saneamiento-financiero-historico-y-proyecta-presupuesto-record-para-2026\/#primaryimage"},"thumbnailUrl":"https:\/\/continuamosmx.com\/wp-content\/uploads\/2026\/01\/saneamiento.jpeg","datePublished":"2026-01-20T00:54:04+00:00","dateModified":"2026-01-20T02:17:57+00:00","breadcrumb":{"@id":"https:\/\/continuamosmx.com\/index.php\/2026\/01\/19\/cuautitlan-izcalli-logra-saneamiento-financiero-historico-y-proyecta-presupuesto-record-para-2026\/#breadcrumb"},"inLanguage":"es","potentialAction":[{"@type":"ReadAction","target":["https:\/\/continuamosmx.com\/index.php\/2026\/01\/19\/cuautitlan-izcalli-logra-saneamiento-financiero-historico-y-proyecta-presupuesto-record-para-2026\/"]}]},{"@type":"ImageObject","inLanguage":"es","@id":"https:\/\/continuamosmx.com\/index.php\/2026\/01\/19\/cuautitlan-izcalli-logra-saneamiento-financiero-historico-y-proyecta-presupuesto-record-para-2026\/#primaryimage","url":"https:\/\/continuamosmx.com\/wp-content\/uploads\/2026\/01\/saneamiento.jpeg","contentUrl":"https:\/\/continuamosmx.com\/wp-content\/uploads\/2026\/01\/saneamiento.jpeg","width":1600,"height":1066},{"@type":"BreadcrumbList","@id":"https:\/\/continuamosmx.com\/index.php\/2026\/01\/19\/cuautitlan-izcalli-logra-saneamiento-financiero-historico-y-proyecta-presupuesto-record-para-2026\/#breadcrumb","itemListElement":[{"@type":"ListItem","position":1,"name":"Inicio","item":"https:\/\/continuamosmx.com\/"},{"@type":"ListItem","position":2,"name":"CUAUTITL\u00c1N IZCALLI LOGRA SANEAMIENTO FINANCIERO HIST\u00d3RICO Y PROYECTA PRESUPUESTO R\u00c9CORD PARA 2026"}]},{"@type":"WebSite","@id":"https:\/\/continuamosmx.com\/#website","url":"https:\/\/continuamosmx.com\/","name":"www.continuamosmx.com","description":"","publisher":{"@id":"https:\/\/continuamosmx.com\/#organization"},"potentialAction":[{"@type":"SearchAction","target":{"@type":"EntryPoint","urlTemplate":"https:\/\/continuamosmx.com\/?s={search_term_string}"},"query-input":{"@type":"PropertyValueSpecification","valueRequired":true,"valueName":"search_term_string"}}],"inLanguage":"es"},{"@type":"Organization","@id":"https:\/\/continuamosmx.com\/#organization","name":"ContinuamosMX","url":"https:\/\/continuamosmx.com\/","logo":{"@type":"ImageObject","inLanguage":"es","@id":"https:\/\/continuamosmx.com\/#\/schema\/logo\/image\/","url":"https:\/\/continuamosmx.com\/wp-content\/uploads\/2023\/04\/cropped-LOGO-CONTI-NUEVO.png","contentUrl":"https:\/\/continuamosmx.com\/wp-content\/uploads\/2023\/04\/cropped-LOGO-CONTI-NUEVO.png","width":1257,"height":430,"caption":"ContinuamosMX"},"image":{"@id":"https:\/\/continuamosmx.com\/#\/schema\/logo\/image\/"}},{"@type":"Person","@id":"https:\/\/continuamosmx.com\/#\/schema\/person\/5eb5356acb1fad784da407d14f0e8d89","name":"Continuamos MX","image":{"@type":"ImageObject","inLanguage":"es","@id":"https:\/\/secure.gravatar.com\/avatar\/30d4f9723476a15f4da34d35fb3501f08d2357016c76051c6a85c354c7489589?s=96&d=mm&r=g","url":"https:\/\/secure.gravatar.com\/avatar\/30d4f9723476a15f4da34d35fb3501f08d2357016c76051c6a85c354c7489589?s=96&d=mm&r=g","contentUrl":"https:\/\/secure.gravatar.com\/avatar\/30d4f9723476a15f4da34d35fb3501f08d2357016c76051c6a85c354c7489589?s=96&d=mm&r=g","caption":"Continuamos MX"},"sameAs":["http:\/\/www.continuamos.mx"],"url":"https:\/\/continuamosmx.com\/index.php\/author\/continuamos\/"}]}},"_links":{"self":[{"href":"https:\/\/continuamosmx.com\/index.php\/wp-json\/wp\/v2\/posts\/52057","targetHints":{"allow":["GET"]}}],"collection":[{"href":"https:\/\/continuamosmx.com\/index.php\/wp-json\/wp\/v2\/posts"}],"about":[{"href":"https:\/\/continuamosmx.com\/index.php\/wp-json\/wp\/v2\/types\/post"}],"author":[{"embeddable":true,"href":"https:\/\/continuamosmx.com\/index.php\/wp-json\/wp\/v2\/users\/6"}],"replies":[{"embeddable":true,"href":"https:\/\/continuamosmx.com\/index.php\/wp-json\/wp\/v2\/comments?post=52057"}],"version-history":[{"count":2,"href":"https:\/\/continuamosmx.com\/index.php\/wp-json\/wp\/v2\/posts\/52057\/revisions"}],"predecessor-version":[{"id":52062,"href":"https:\/\/continuamosmx.com\/index.php\/wp-json\/wp\/v2\/posts\/52057\/revisions\/52062"}],"wp:featuredmedia":[{"embeddable":true,"href":"https:\/\/continuamosmx.com\/index.php\/wp-json\/wp\/v2\/media\/52063"}],"wp:attachment":[{"href":"https:\/\/continuamosmx.com\/index.php\/wp-json\/wp\/v2\/media?parent=52057"}],"wp:term":[{"taxonomy":"category","embeddable":true,"href":"https:\/\/continuamosmx.com\/index.php\/wp-json\/wp\/v2\/categories?post=52057"},{"taxonomy":"post_tag","embeddable":true,"href":"https:\/\/continuamosmx.com\/index.php\/wp-json\/wp\/v2\/tags?post=52057"}],"curies":[{"name":"wp","href":"https:\/\/api.w.org\/{rel}","templated":true}]}}