{"id":52043,"date":"2026-01-18T22:27:15","date_gmt":"2026-01-19T04:27:15","guid":{"rendered":"https:\/\/continuamosmx.com\/?p=52043"},"modified":"2026-01-18T22:27:37","modified_gmt":"2026-01-19T04:27:37","slug":"recupera-guardia-civil-de-cuautitlan-vehiculo-robado-en-santa-maria-huecatitla","status":"publish","type":"post","link":"https:\/\/continuamosmx.com\/index.php\/2026\/01\/18\/recupera-guardia-civil-de-cuautitlan-vehiculo-robado-en-santa-maria-huecatitla\/","title":{"rendered":"RECUPERA GUARDIA CIVIL DE CUAUTITL\u00c1N VEH\u00cdCULO ROBADO EN SANTA MAR\u00cdA HUECATITLA"},"content":{"rendered":"\n<hr class=\"wp-block-separator has-alpha-channel-opacity\"\/>\n\n\n\n<h3 class=\"wp-block-heading\">*<strong>La unidad contaba con reporte de robo con violencia en el municipio vecino de Teoloyucan y fue localizada gracias a la denuncia ciudadana.<\/strong><\/h3>\n\n\n\n<p><strong>CUAUTITL\u00c1N, ESTADO DE M\u00c9XICO.<\/strong> \u2014 Como resultado de la estrategia de seguridad y los patrullajes preventivos permanentes instruidos por el Gobierno Municipal, elementos de la Guardia Civil de Cuautitl\u00e1n lograron el aseguramiento de un veh\u00edculo que contaba con reporte vigente de robo con violencia.<\/p>\n\n\n\n<p>El hallazgo se registr\u00f3 en la comunidad de Santa Mar\u00eda Huecatitla, luego de que ciudadanos alertaran a los oficiales que patrullaban la Avenida 16 de Septiembre sobre la presencia de una unidad aparentemente abandonada. Tras desplegar el protocolo de b\u00fasqueda, los efectivos localizaron sobre la Avenida del Trabajo una camioneta Hyundai Creta, color gris.<\/p>\n\n\n\n<p>Al realizar la verificaci\u00f3n de los datos de identificaci\u00f3n vehicular, el sistema arroj\u00f3 una predenuncia por robo con violencia ocurrido en el municipio de Teoloyucan. Siguiendo los protocolos legales, la unidad fue asegurada y puesta a disposici\u00f3n del Ministerio P\u00fablico para las investigaciones correspondientes.<\/p>\n\n\n\n<p>Al respecto, la presidenta municipal, Juanita Carrillo, enfatiz\u00f3 que estas acciones son parte de un plan estructurado y no de la improvisaci\u00f3n. \u201cEstamos fortaleciendo la vigilancia y actuando con responsabilidad. Cada acci\u00f3n preventiva representa tranquilidad para las familias\u201d, se\u00f1al\u00f3 la alcaldesa, reafirmando que la presencia policial en territorio y la coordinaci\u00f3n ciudadana seguir\u00e1n siendo los pilares de su pol\u00edtica de seguridad.<\/p>\n\n\n\n<p>Con estas acciones, el Gobierno Municipal de Cuautitl\u00e1n reafirma su compromiso de combatir la delincuencia y garantizar la paz social en la demarcaci\u00f3n.<\/p>\n\n\n\n<figure class=\"wp-block-video\"><video height=\"478\" style=\"aspect-ratio: 848 \/ 478;\" width=\"848\" controls src=\"https:\/\/continuamosmx.com\/wp-content\/uploads\/2026\/01\/cuautui.mp4\"><\/video><\/figure>\n","protected":false},"excerpt":{"rendered":"<p>*La unidad contaba con reporte de robo con violencia en el municipio vecino de Teoloyucan y fue localizada gracias a la denuncia ciudadana. CUAUTITL\u00c1N, ESTADO DE M\u00c9XICO. \u2014 Como resultado de la estrategia de seguridad y los patrullajes preventivos permanentes instruidos por el Gobierno Municipal, elementos de la Guardia Civil de Cuautitl\u00e1n lograron el aseguramiento [&hellip;]<\/p>\n","protected":false},"author":6,"featured_media":52044,"comment_status":"closed","ping_status":"closed","sticky":false,"template":"","format":"standard","meta":{"footnotes":""},"categories":[29,4],"tags":[],"class_list":["post-52043","post","type-post","status-publish","format-standard","has-post-thumbnail","hentry","category-cuautitlan","category-locales"],"yoast_head":"<!-- This site is optimized with the Yoast SEO plugin v27.5 - https:\/\/yoast.com\/product\/yoast-seo-wordpress\/ -->\n<title>RECUPERA GUARDIA CIVIL DE CUAUTITL\u00c1N VEH\u00cdCULO ROBADO EN SANTA MAR\u00cdA HUECATITLA -<\/title>\n<meta name=\"robots\" content=\"index, follow, max-snippet:-1, max-image-preview:large, max-video-preview:-1\" \/>\n<link rel=\"canonical\" href=\"https:\/\/continuamosmx.com\/index.php\/2026\/01\/18\/recupera-guardia-civil-de-cuautitlan-vehiculo-robado-en-santa-maria-huecatitla\/\" \/>\n<meta property=\"og:locale\" content=\"es_ES\" \/>\n<meta property=\"og:type\" content=\"article\" \/>\n<meta property=\"og:title\" content=\"RECUPERA GUARDIA CIVIL DE CUAUTITL\u00c1N VEH\u00cdCULO ROBADO EN SANTA MAR\u00cdA HUECATITLA -\" \/>\n<meta property=\"og:description\" content=\"*La unidad contaba con reporte de robo con violencia en el municipio vecino de Teoloyucan y fue localizada gracias a la denuncia ciudadana. CUAUTITL\u00c1N, ESTADO DE M\u00c9XICO. \u2014 Como resultado de la estrategia de seguridad y los patrullajes preventivos permanentes instruidos por el Gobierno Municipal, elementos de la Guardia Civil de Cuautitl\u00e1n lograron el aseguramiento [&hellip;]\" \/>\n<meta property=\"og:url\" content=\"https:\/\/continuamosmx.com\/index.php\/2026\/01\/18\/recupera-guardia-civil-de-cuautitlan-vehiculo-robado-en-santa-maria-huecatitla\/\" \/>\n<meta property=\"article:published_time\" content=\"2026-01-19T04:27:15+00:00\" \/>\n<meta property=\"article:modified_time\" content=\"2026-01-19T04:27:37+00:00\" \/>\n<meta property=\"og:image\" content=\"https:\/\/continuamosmx.com\/wp-content\/uploads\/2026\/01\/ca3.jpeg\" \/>\n\t<meta property=\"og:image:width\" content=\"1600\" \/>\n\t<meta property=\"og:image:height\" content=\"1200\" \/>\n\t<meta property=\"og:image:type\" content=\"image\/jpeg\" \/>\n<meta name=\"author\" content=\"Continuamos MX\" \/>\n<meta name=\"twitter:card\" content=\"summary_large_image\" \/>\n<meta name=\"twitter:label1\" content=\"Escrito por\" \/>\n\t<meta name=\"twitter:data1\" content=\"Continuamos MX\" \/>\n\t<meta name=\"twitter:label2\" content=\"Tiempo de lectura\" \/>\n\t<meta name=\"twitter:data2\" content=\"2 minutos\" \/>\n<script type=\"application\/ld+json\" class=\"yoast-schema-graph\">{\"@context\":\"https:\\\/\\\/schema.org\",\"@graph\":[{\"@type\":\"Article\",\"@id\":\"https:\\\/\\\/continuamosmx.com\\\/index.php\\\/2026\\\/01\\\/18\\\/recupera-guardia-civil-de-cuautitlan-vehiculo-robado-en-santa-maria-huecatitla\\\/#article\",\"isPartOf\":{\"@id\":\"https:\\\/\\\/continuamosmx.com\\\/index.php\\\/2026\\\/01\\\/18\\\/recupera-guardia-civil-de-cuautitlan-vehiculo-robado-en-santa-maria-huecatitla\\\/\"},\"author\":{\"name\":\"Continuamos MX\",\"@id\":\"https:\\\/\\\/continuamosmx.com\\\/#\\\/schema\\\/person\\\/5eb5356acb1fad784da407d14f0e8d89\"},\"headline\":\"RECUPERA GUARDIA CIVIL DE CUAUTITL\u00c1N VEH\u00cdCULO ROBADO EN SANTA MAR\u00cdA HUECATITLA\",\"datePublished\":\"2026-01-19T04:27:15+00:00\",\"dateModified\":\"2026-01-19T04:27:37+00:00\",\"mainEntityOfPage\":{\"@id\":\"https:\\\/\\\/continuamosmx.com\\\/index.php\\\/2026\\\/01\\\/18\\\/recupera-guardia-civil-de-cuautitlan-vehiculo-robado-en-santa-maria-huecatitla\\\/\"},\"wordCount\":279,\"publisher\":{\"@id\":\"https:\\\/\\\/continuamosmx.com\\\/#organization\"},\"image\":{\"@id\":\"https:\\\/\\\/continuamosmx.com\\\/index.php\\\/2026\\\/01\\\/18\\\/recupera-guardia-civil-de-cuautitlan-vehiculo-robado-en-santa-maria-huecatitla\\\/#primaryimage\"},\"thumbnailUrl\":\"https:\\\/\\\/continuamosmx.com\\\/wp-content\\\/uploads\\\/2026\\\/01\\\/ca3.jpeg\",\"articleSection\":[\"CUAUTITL\u00c1N\",\"LOCALES\"],\"inLanguage\":\"es\"},{\"@type\":\"WebPage\",\"@id\":\"https:\\\/\\\/continuamosmx.com\\\/index.php\\\/2026\\\/01\\\/18\\\/recupera-guardia-civil-de-cuautitlan-vehiculo-robado-en-santa-maria-huecatitla\\\/\",\"url\":\"https:\\\/\\\/continuamosmx.com\\\/index.php\\\/2026\\\/01\\\/18\\\/recupera-guardia-civil-de-cuautitlan-vehiculo-robado-en-santa-maria-huecatitla\\\/\",\"name\":\"RECUPERA GUARDIA CIVIL DE CUAUTITL\u00c1N VEH\u00cdCULO ROBADO EN SANTA MAR\u00cdA HUECATITLA -\",\"isPartOf\":{\"@id\":\"https:\\\/\\\/continuamosmx.com\\\/#website\"},\"primaryImageOfPage\":{\"@id\":\"https:\\\/\\\/continuamosmx.com\\\/index.php\\\/2026\\\/01\\\/18\\\/recupera-guardia-civil-de-cuautitlan-vehiculo-robado-en-santa-maria-huecatitla\\\/#primaryimage\"},\"image\":{\"@id\":\"https:\\\/\\\/continuamosmx.com\\\/index.php\\\/2026\\\/01\\\/18\\\/recupera-guardia-civil-de-cuautitlan-vehiculo-robado-en-santa-maria-huecatitla\\\/#primaryimage\"},\"thumbnailUrl\":\"https:\\\/\\\/continuamosmx.com\\\/wp-content\\\/uploads\\\/2026\\\/01\\\/ca3.jpeg\",\"datePublished\":\"2026-01-19T04:27:15+00:00\",\"dateModified\":\"2026-01-19T04:27:37+00:00\",\"breadcrumb\":{\"@id\":\"https:\\\/\\\/continuamosmx.com\\\/index.php\\\/2026\\\/01\\\/18\\\/recupera-guardia-civil-de-cuautitlan-vehiculo-robado-en-santa-maria-huecatitla\\\/#breadcrumb\"},\"inLanguage\":\"es\",\"potentialAction\":[{\"@type\":\"ReadAction\",\"target\":[\"https:\\\/\\\/continuamosmx.com\\\/index.php\\\/2026\\\/01\\\/18\\\/recupera-guardia-civil-de-cuautitlan-vehiculo-robado-en-santa-maria-huecatitla\\\/\"]}]},{\"@type\":\"ImageObject\",\"inLanguage\":\"es\",\"@id\":\"https:\\\/\\\/continuamosmx.com\\\/index.php\\\/2026\\\/01\\\/18\\\/recupera-guardia-civil-de-cuautitlan-vehiculo-robado-en-santa-maria-huecatitla\\\/#primaryimage\",\"url\":\"https:\\\/\\\/continuamosmx.com\\\/wp-content\\\/uploads\\\/2026\\\/01\\\/ca3.jpeg\",\"contentUrl\":\"https:\\\/\\\/continuamosmx.com\\\/wp-content\\\/uploads\\\/2026\\\/01\\\/ca3.jpeg\",\"width\":1600,\"height\":1200},{\"@type\":\"BreadcrumbList\",\"@id\":\"https:\\\/\\\/continuamosmx.com\\\/index.php\\\/2026\\\/01\\\/18\\\/recupera-guardia-civil-de-cuautitlan-vehiculo-robado-en-santa-maria-huecatitla\\\/#breadcrumb\",\"itemListElement\":[{\"@type\":\"ListItem\",\"position\":1,\"name\":\"Inicio\",\"item\":\"https:\\\/\\\/continuamosmx.com\\\/\"},{\"@type\":\"ListItem\",\"position\":2,\"name\":\"RECUPERA GUARDIA CIVIL DE CUAUTITL\u00c1N VEH\u00cdCULO ROBADO EN SANTA MAR\u00cdA HUECATITLA\"}]},{\"@type\":\"WebSite\",\"@id\":\"https:\\\/\\\/continuamosmx.com\\\/#website\",\"url\":\"https:\\\/\\\/continuamosmx.com\\\/\",\"name\":\"www.continuamosmx.com\",\"description\":\"\",\"publisher\":{\"@id\":\"https:\\\/\\\/continuamosmx.com\\\/#organization\"},\"potentialAction\":[{\"@type\":\"SearchAction\",\"target\":{\"@type\":\"EntryPoint\",\"urlTemplate\":\"https:\\\/\\\/continuamosmx.com\\\/?s={search_term_string}\"},\"query-input\":{\"@type\":\"PropertyValueSpecification\",\"valueRequired\":true,\"valueName\":\"search_term_string\"}}],\"inLanguage\":\"es\"},{\"@type\":\"Organization\",\"@id\":\"https:\\\/\\\/continuamosmx.com\\\/#organization\",\"name\":\"ContinuamosMX\",\"url\":\"https:\\\/\\\/continuamosmx.com\\\/\",\"logo\":{\"@type\":\"ImageObject\",\"inLanguage\":\"es\",\"@id\":\"https:\\\/\\\/continuamosmx.com\\\/#\\\/schema\\\/logo\\\/image\\\/\",\"url\":\"https:\\\/\\\/continuamosmx.com\\\/wp-content\\\/uploads\\\/2023\\\/04\\\/cropped-LOGO-CONTI-NUEVO.png\",\"contentUrl\":\"https:\\\/\\\/continuamosmx.com\\\/wp-content\\\/uploads\\\/2023\\\/04\\\/cropped-LOGO-CONTI-NUEVO.png\",\"width\":1257,\"height\":430,\"caption\":\"ContinuamosMX\"},\"image\":{\"@id\":\"https:\\\/\\\/continuamosmx.com\\\/#\\\/schema\\\/logo\\\/image\\\/\"}},{\"@type\":\"Person\",\"@id\":\"https:\\\/\\\/continuamosmx.com\\\/#\\\/schema\\\/person\\\/5eb5356acb1fad784da407d14f0e8d89\",\"name\":\"Continuamos MX\",\"image\":{\"@type\":\"ImageObject\",\"inLanguage\":\"es\",\"@id\":\"https:\\\/\\\/secure.gravatar.com\\\/avatar\\\/30d4f9723476a15f4da34d35fb3501f08d2357016c76051c6a85c354c7489589?s=96&d=mm&r=g\",\"url\":\"https:\\\/\\\/secure.gravatar.com\\\/avatar\\\/30d4f9723476a15f4da34d35fb3501f08d2357016c76051c6a85c354c7489589?s=96&d=mm&r=g\",\"contentUrl\":\"https:\\\/\\\/secure.gravatar.com\\\/avatar\\\/30d4f9723476a15f4da34d35fb3501f08d2357016c76051c6a85c354c7489589?s=96&d=mm&r=g\",\"caption\":\"Continuamos MX\"},\"sameAs\":[\"http:\\\/\\\/www.continuamos.mx\"],\"url\":\"https:\\\/\\\/continuamosmx.com\\\/index.php\\\/author\\\/continuamos\\\/\"}]}<\/script>\n<!-- \/ Yoast SEO plugin. -->","yoast_head_json":{"title":"RECUPERA GUARDIA CIVIL DE CUAUTITL\u00c1N VEH\u00cdCULO ROBADO EN SANTA MAR\u00cdA HUECATITLA -","robots":{"index":"index","follow":"follow","max-snippet":"max-snippet:-1","max-image-preview":"max-image-preview:large","max-video-preview":"max-video-preview:-1"},"canonical":"https:\/\/continuamosmx.com\/index.php\/2026\/01\/18\/recupera-guardia-civil-de-cuautitlan-vehiculo-robado-en-santa-maria-huecatitla\/","og_locale":"es_ES","og_type":"article","og_title":"RECUPERA GUARDIA CIVIL DE CUAUTITL\u00c1N VEH\u00cdCULO ROBADO EN SANTA MAR\u00cdA HUECATITLA -","og_description":"*La unidad contaba con reporte de robo con violencia en el municipio vecino de Teoloyucan y fue localizada gracias a la denuncia ciudadana. CUAUTITL\u00c1N, ESTADO DE M\u00c9XICO. \u2014 Como resultado de la estrategia de seguridad y los patrullajes preventivos permanentes instruidos por el Gobierno Municipal, elementos de la Guardia Civil de Cuautitl\u00e1n lograron el aseguramiento [&hellip;]","og_url":"https:\/\/continuamosmx.com\/index.php\/2026\/01\/18\/recupera-guardia-civil-de-cuautitlan-vehiculo-robado-en-santa-maria-huecatitla\/","article_published_time":"2026-01-19T04:27:15+00:00","article_modified_time":"2026-01-19T04:27:37+00:00","og_image":[{"width":1600,"height":1200,"url":"https:\/\/continuamosmx.com\/wp-content\/uploads\/2026\/01\/ca3.jpeg","type":"image\/jpeg"}],"author":"Continuamos MX","twitter_card":"summary_large_image","twitter_misc":{"Escrito por":"Continuamos MX","Tiempo de lectura":"2 minutos"},"schema":{"@context":"https:\/\/schema.org","@graph":[{"@type":"Article","@id":"https:\/\/continuamosmx.com\/index.php\/2026\/01\/18\/recupera-guardia-civil-de-cuautitlan-vehiculo-robado-en-santa-maria-huecatitla\/#article","isPartOf":{"@id":"https:\/\/continuamosmx.com\/index.php\/2026\/01\/18\/recupera-guardia-civil-de-cuautitlan-vehiculo-robado-en-santa-maria-huecatitla\/"},"author":{"name":"Continuamos MX","@id":"https:\/\/continuamosmx.com\/#\/schema\/person\/5eb5356acb1fad784da407d14f0e8d89"},"headline":"RECUPERA GUARDIA CIVIL DE CUAUTITL\u00c1N VEH\u00cdCULO ROBADO EN SANTA MAR\u00cdA HUECATITLA","datePublished":"2026-01-19T04:27:15+00:00","dateModified":"2026-01-19T04:27:37+00:00","mainEntityOfPage":{"@id":"https:\/\/continuamosmx.com\/index.php\/2026\/01\/18\/recupera-guardia-civil-de-cuautitlan-vehiculo-robado-en-santa-maria-huecatitla\/"},"wordCount":279,"publisher":{"@id":"https:\/\/continuamosmx.com\/#organization"},"image":{"@id":"https:\/\/continuamosmx.com\/index.php\/2026\/01\/18\/recupera-guardia-civil-de-cuautitlan-vehiculo-robado-en-santa-maria-huecatitla\/#primaryimage"},"thumbnailUrl":"https:\/\/continuamosmx.com\/wp-content\/uploads\/2026\/01\/ca3.jpeg","articleSection":["CUAUTITL\u00c1N","LOCALES"],"inLanguage":"es"},{"@type":"WebPage","@id":"https:\/\/continuamosmx.com\/index.php\/2026\/01\/18\/recupera-guardia-civil-de-cuautitlan-vehiculo-robado-en-santa-maria-huecatitla\/","url":"https:\/\/continuamosmx.com\/index.php\/2026\/01\/18\/recupera-guardia-civil-de-cuautitlan-vehiculo-robado-en-santa-maria-huecatitla\/","name":"RECUPERA GUARDIA CIVIL DE CUAUTITL\u00c1N VEH\u00cdCULO ROBADO EN SANTA MAR\u00cdA HUECATITLA -","isPartOf":{"@id":"https:\/\/continuamosmx.com\/#website"},"primaryImageOfPage":{"@id":"https:\/\/continuamosmx.com\/index.php\/2026\/01\/18\/recupera-guardia-civil-de-cuautitlan-vehiculo-robado-en-santa-maria-huecatitla\/#primaryimage"},"image":{"@id":"https:\/\/continuamosmx.com\/index.php\/2026\/01\/18\/recupera-guardia-civil-de-cuautitlan-vehiculo-robado-en-santa-maria-huecatitla\/#primaryimage"},"thumbnailUrl":"https:\/\/continuamosmx.com\/wp-content\/uploads\/2026\/01\/ca3.jpeg","datePublished":"2026-01-19T04:27:15+00:00","dateModified":"2026-01-19T04:27:37+00:00","breadcrumb":{"@id":"https:\/\/continuamosmx.com\/index.php\/2026\/01\/18\/recupera-guardia-civil-de-cuautitlan-vehiculo-robado-en-santa-maria-huecatitla\/#breadcrumb"},"inLanguage":"es","potentialAction":[{"@type":"ReadAction","target":["https:\/\/continuamosmx.com\/index.php\/2026\/01\/18\/recupera-guardia-civil-de-cuautitlan-vehiculo-robado-en-santa-maria-huecatitla\/"]}]},{"@type":"ImageObject","inLanguage":"es","@id":"https:\/\/continuamosmx.com\/index.php\/2026\/01\/18\/recupera-guardia-civil-de-cuautitlan-vehiculo-robado-en-santa-maria-huecatitla\/#primaryimage","url":"https:\/\/continuamosmx.com\/wp-content\/uploads\/2026\/01\/ca3.jpeg","contentUrl":"https:\/\/continuamosmx.com\/wp-content\/uploads\/2026\/01\/ca3.jpeg","width":1600,"height":1200},{"@type":"BreadcrumbList","@id":"https:\/\/continuamosmx.com\/index.php\/2026\/01\/18\/recupera-guardia-civil-de-cuautitlan-vehiculo-robado-en-santa-maria-huecatitla\/#breadcrumb","itemListElement":[{"@type":"ListItem","position":1,"name":"Inicio","item":"https:\/\/continuamosmx.com\/"},{"@type":"ListItem","position":2,"name":"RECUPERA GUARDIA CIVIL DE CUAUTITL\u00c1N VEH\u00cdCULO ROBADO EN SANTA MAR\u00cdA HUECATITLA"}]},{"@type":"WebSite","@id":"https:\/\/continuamosmx.com\/#website","url":"https:\/\/continuamosmx.com\/","name":"www.continuamosmx.com","description":"","publisher":{"@id":"https:\/\/continuamosmx.com\/#organization"},"potentialAction":[{"@type":"SearchAction","target":{"@type":"EntryPoint","urlTemplate":"https:\/\/continuamosmx.com\/?s={search_term_string}"},"query-input":{"@type":"PropertyValueSpecification","valueRequired":true,"valueName":"search_term_string"}}],"inLanguage":"es"},{"@type":"Organization","@id":"https:\/\/continuamosmx.com\/#organization","name":"ContinuamosMX","url":"https:\/\/continuamosmx.com\/","logo":{"@type":"ImageObject","inLanguage":"es","@id":"https:\/\/continuamosmx.com\/#\/schema\/logo\/image\/","url":"https:\/\/continuamosmx.com\/wp-content\/uploads\/2023\/04\/cropped-LOGO-CONTI-NUEVO.png","contentUrl":"https:\/\/continuamosmx.com\/wp-content\/uploads\/2023\/04\/cropped-LOGO-CONTI-NUEVO.png","width":1257,"height":430,"caption":"ContinuamosMX"},"image":{"@id":"https:\/\/continuamosmx.com\/#\/schema\/logo\/image\/"}},{"@type":"Person","@id":"https:\/\/continuamosmx.com\/#\/schema\/person\/5eb5356acb1fad784da407d14f0e8d89","name":"Continuamos MX","image":{"@type":"ImageObject","inLanguage":"es","@id":"https:\/\/secure.gravatar.com\/avatar\/30d4f9723476a15f4da34d35fb3501f08d2357016c76051c6a85c354c7489589?s=96&d=mm&r=g","url":"https:\/\/secure.gravatar.com\/avatar\/30d4f9723476a15f4da34d35fb3501f08d2357016c76051c6a85c354c7489589?s=96&d=mm&r=g","contentUrl":"https:\/\/secure.gravatar.com\/avatar\/30d4f9723476a15f4da34d35fb3501f08d2357016c76051c6a85c354c7489589?s=96&d=mm&r=g","caption":"Continuamos MX"},"sameAs":["http:\/\/www.continuamos.mx"],"url":"https:\/\/continuamosmx.com\/index.php\/author\/continuamos\/"}]}},"_links":{"self":[{"href":"https:\/\/continuamosmx.com\/index.php\/wp-json\/wp\/v2\/posts\/52043","targetHints":{"allow":["GET"]}}],"collection":[{"href":"https:\/\/continuamosmx.com\/index.php\/wp-json\/wp\/v2\/posts"}],"about":[{"href":"https:\/\/continuamosmx.com\/index.php\/wp-json\/wp\/v2\/types\/post"}],"author":[{"embeddable":true,"href":"https:\/\/continuamosmx.com\/index.php\/wp-json\/wp\/v2\/users\/6"}],"replies":[{"embeddable":true,"href":"https:\/\/continuamosmx.com\/index.php\/wp-json\/wp\/v2\/comments?post=52043"}],"version-history":[{"count":2,"href":"https:\/\/continuamosmx.com\/index.php\/wp-json\/wp\/v2\/posts\/52043\/revisions"}],"predecessor-version":[{"id":52047,"href":"https:\/\/continuamosmx.com\/index.php\/wp-json\/wp\/v2\/posts\/52043\/revisions\/52047"}],"wp:featuredmedia":[{"embeddable":true,"href":"https:\/\/continuamosmx.com\/index.php\/wp-json\/wp\/v2\/media\/52044"}],"wp:attachment":[{"href":"https:\/\/continuamosmx.com\/index.php\/wp-json\/wp\/v2\/media?parent=52043"}],"wp:term":[{"taxonomy":"category","embeddable":true,"href":"https:\/\/continuamosmx.com\/index.php\/wp-json\/wp\/v2\/categories?post=52043"},{"taxonomy":"post_tag","embeddable":true,"href":"https:\/\/continuamosmx.com\/index.php\/wp-json\/wp\/v2\/tags?post=52043"}],"curies":[{"name":"wp","href":"https:\/\/api.w.org\/{rel}","templated":true}]}}