{"id":52040,"date":"2026-01-18T21:53:34","date_gmt":"2026-01-19T03:53:34","guid":{"rendered":"https:\/\/continuamosmx.com\/?p=52040"},"modified":"2026-01-18T21:53:34","modified_gmt":"2026-01-19T03:53:34","slug":"pedro-rodriguez-celebra-el-dia-de-reyes-con-mas-de-10-mil-atizapenses","status":"publish","type":"post","link":"https:\/\/continuamosmx.com\/index.php\/2026\/01\/18\/pedro-rodriguez-celebra-el-dia-de-reyes-con-mas-de-10-mil-atizapenses\/","title":{"rendered":"PEDRO RODR\u00cdGUEZ CELEBRA EL D\u00cdA DE REYES CON M\u00c1S DE 10 MIL ATIZAPENSES"},"content":{"rendered":"\n<h3 class=\"wp-block-heading\">*<strong>El Gobierno Municipal de Atizap\u00e1n de Zaragoza fomenta la unidad familiar y el bienestar de la ni\u00f1ez con un evento masivo de espect\u00e1culos y regalos.<\/strong><\/h3>\n\n\n\n<p><strong>ATIZAP\u00c1N DE ZARAGOZA.<\/strong>\u2013 En un ambiente de alegr\u00eda y convivencia, m\u00e1s de 10 mil ciudadanos se dieron cita para celebrar el D\u00eda de Reyes, en un evento organizado por el Gobierno de Atizap\u00e1n de Zaragoza. El Presidente Municipal, Pedro Rodr\u00edguez Villegas, encabez\u00f3 el festejo reafirmando que el bienestar y la felicidad de la ni\u00f1ez son pilares fundamentales de su administraci\u00f3n.<\/p>\n\n\n\n<p>Acompa\u00f1ado por la Presidenta Honoraria del Sistema Municipal DIF, Paty Ar\u00e9valo, as\u00ed como por integrantes del Cabildo, el Alcalde destac\u00f3 la importancia de recuperar los espacios p\u00fablicos para el fortalecimiento del tejido social. \u00abLa visi\u00f3n de este gobierno es generar la convivencia familiar que tanta falta nos hace. Seguiremos trabajando para generar mejores condiciones de vida para todas y todos\u00bb, expres\u00f3 el edil ante las familias reunidas.<\/p>\n\n\n\n<p>Por su parte, Paty Ar\u00e9valo dirigi\u00f3 un mensaje de unidad y armon\u00eda, invitando a la poblaci\u00f3n a seguir participando en los programas sociales que el DIF y el Ayuntamiento han implementado para mejorar la calidad de vida en los hogares atizapenses.<\/p>\n\n\n\n<p>La jornada ofreci\u00f3 una cartelera de entretenimiento que incluy\u00f3 las presentaciones de Chilin y Pikin, Panquesito Show, la youtuber Lorettaa y la puesta en escena \u00abCuento de Navidad\u00bb. Adem\u00e1s de los espect\u00e1culos, los asistentes disfrutaron de juegos mec\u00e1nicos gratuitos y una rifa de obsequios que incluy\u00f3 bicicletas, tablets y patinetas, logrando una celebraci\u00f3n memorable para los peque\u00f1os del municipio.<\/p>\n","protected":false},"excerpt":{"rendered":"<p>*El Gobierno Municipal de Atizap\u00e1n de Zaragoza fomenta la unidad familiar y el bienestar de la ni\u00f1ez con un evento masivo de espect\u00e1culos y regalos. ATIZAP\u00c1N DE ZARAGOZA.\u2013 En un ambiente de alegr\u00eda y convivencia, m\u00e1s de 10 mil ciudadanos se dieron cita para celebrar el D\u00eda de Reyes, en un evento organizado por el [&hellip;]<\/p>\n","protected":false},"author":6,"featured_media":52041,"comment_status":"closed","ping_status":"closed","sticky":false,"template":"","format":"standard","meta":{"footnotes":""},"categories":[20,4],"tags":[],"class_list":["post-52040","post","type-post","status-publish","format-standard","has-post-thumbnail","hentry","category-atizapan-de-zaragoza","category-locales"],"yoast_head":"<!-- This site is optimized with the Yoast SEO plugin v27.5 - https:\/\/yoast.com\/product\/yoast-seo-wordpress\/ -->\n<title>PEDRO RODR\u00cdGUEZ CELEBRA EL D\u00cdA DE REYES CON M\u00c1S DE 10 MIL ATIZAPENSES -<\/title>\n<meta name=\"robots\" content=\"index, follow, max-snippet:-1, max-image-preview:large, max-video-preview:-1\" \/>\n<link rel=\"canonical\" href=\"https:\/\/continuamosmx.com\/index.php\/2026\/01\/18\/pedro-rodriguez-celebra-el-dia-de-reyes-con-mas-de-10-mil-atizapenses\/\" \/>\n<meta property=\"og:locale\" content=\"es_ES\" \/>\n<meta property=\"og:type\" content=\"article\" \/>\n<meta property=\"og:title\" content=\"PEDRO RODR\u00cdGUEZ CELEBRA EL D\u00cdA DE REYES CON M\u00c1S DE 10 MIL ATIZAPENSES -\" \/>\n<meta property=\"og:description\" content=\"*El Gobierno Municipal de Atizap\u00e1n de Zaragoza fomenta la unidad familiar y el bienestar de la ni\u00f1ez con un evento masivo de espect\u00e1culos y regalos. ATIZAP\u00c1N DE ZARAGOZA.\u2013 En un ambiente de alegr\u00eda y convivencia, m\u00e1s de 10 mil ciudadanos se dieron cita para celebrar el D\u00eda de Reyes, en un evento organizado por el [&hellip;]\" \/>\n<meta property=\"og:url\" content=\"https:\/\/continuamosmx.com\/index.php\/2026\/01\/18\/pedro-rodriguez-celebra-el-dia-de-reyes-con-mas-de-10-mil-atizapenses\/\" \/>\n<meta property=\"article:published_time\" content=\"2026-01-19T03:53:34+00:00\" \/>\n<meta property=\"og:image\" content=\"https:\/\/continuamosmx.com\/wp-content\/uploads\/2026\/01\/re6.jpeg\" \/>\n\t<meta property=\"og:image:width\" content=\"1600\" \/>\n\t<meta property=\"og:image:height\" content=\"1200\" \/>\n\t<meta property=\"og:image:type\" content=\"image\/jpeg\" \/>\n<meta name=\"author\" content=\"Continuamos MX\" \/>\n<meta name=\"twitter:card\" content=\"summary_large_image\" \/>\n<meta name=\"twitter:label1\" content=\"Escrito por\" \/>\n\t<meta name=\"twitter:data1\" content=\"Continuamos MX\" \/>\n\t<meta name=\"twitter:label2\" content=\"Tiempo de lectura\" \/>\n\t<meta name=\"twitter:data2\" content=\"2 minutos\" \/>\n<script type=\"application\/ld+json\" class=\"yoast-schema-graph\">{\"@context\":\"https:\\\/\\\/schema.org\",\"@graph\":[{\"@type\":\"Article\",\"@id\":\"https:\\\/\\\/continuamosmx.com\\\/index.php\\\/2026\\\/01\\\/18\\\/pedro-rodriguez-celebra-el-dia-de-reyes-con-mas-de-10-mil-atizapenses\\\/#article\",\"isPartOf\":{\"@id\":\"https:\\\/\\\/continuamosmx.com\\\/index.php\\\/2026\\\/01\\\/18\\\/pedro-rodriguez-celebra-el-dia-de-reyes-con-mas-de-10-mil-atizapenses\\\/\"},\"author\":{\"name\":\"Continuamos MX\",\"@id\":\"https:\\\/\\\/continuamosmx.com\\\/#\\\/schema\\\/person\\\/5eb5356acb1fad784da407d14f0e8d89\"},\"headline\":\"PEDRO RODR\u00cdGUEZ CELEBRA EL D\u00cdA DE REYES CON M\u00c1S DE 10 MIL ATIZAPENSES\",\"datePublished\":\"2026-01-19T03:53:34+00:00\",\"mainEntityOfPage\":{\"@id\":\"https:\\\/\\\/continuamosmx.com\\\/index.php\\\/2026\\\/01\\\/18\\\/pedro-rodriguez-celebra-el-dia-de-reyes-con-mas-de-10-mil-atizapenses\\\/\"},\"wordCount\":289,\"publisher\":{\"@id\":\"https:\\\/\\\/continuamosmx.com\\\/#organization\"},\"image\":{\"@id\":\"https:\\\/\\\/continuamosmx.com\\\/index.php\\\/2026\\\/01\\\/18\\\/pedro-rodriguez-celebra-el-dia-de-reyes-con-mas-de-10-mil-atizapenses\\\/#primaryimage\"},\"thumbnailUrl\":\"https:\\\/\\\/continuamosmx.com\\\/wp-content\\\/uploads\\\/2026\\\/01\\\/re6.jpeg\",\"articleSection\":[\"ATIZAPAN DE ZARAGOZA\",\"LOCALES\"],\"inLanguage\":\"es\"},{\"@type\":\"WebPage\",\"@id\":\"https:\\\/\\\/continuamosmx.com\\\/index.php\\\/2026\\\/01\\\/18\\\/pedro-rodriguez-celebra-el-dia-de-reyes-con-mas-de-10-mil-atizapenses\\\/\",\"url\":\"https:\\\/\\\/continuamosmx.com\\\/index.php\\\/2026\\\/01\\\/18\\\/pedro-rodriguez-celebra-el-dia-de-reyes-con-mas-de-10-mil-atizapenses\\\/\",\"name\":\"PEDRO RODR\u00cdGUEZ CELEBRA EL D\u00cdA DE REYES CON M\u00c1S DE 10 MIL ATIZAPENSES -\",\"isPartOf\":{\"@id\":\"https:\\\/\\\/continuamosmx.com\\\/#website\"},\"primaryImageOfPage\":{\"@id\":\"https:\\\/\\\/continuamosmx.com\\\/index.php\\\/2026\\\/01\\\/18\\\/pedro-rodriguez-celebra-el-dia-de-reyes-con-mas-de-10-mil-atizapenses\\\/#primaryimage\"},\"image\":{\"@id\":\"https:\\\/\\\/continuamosmx.com\\\/index.php\\\/2026\\\/01\\\/18\\\/pedro-rodriguez-celebra-el-dia-de-reyes-con-mas-de-10-mil-atizapenses\\\/#primaryimage\"},\"thumbnailUrl\":\"https:\\\/\\\/continuamosmx.com\\\/wp-content\\\/uploads\\\/2026\\\/01\\\/re6.jpeg\",\"datePublished\":\"2026-01-19T03:53:34+00:00\",\"breadcrumb\":{\"@id\":\"https:\\\/\\\/continuamosmx.com\\\/index.php\\\/2026\\\/01\\\/18\\\/pedro-rodriguez-celebra-el-dia-de-reyes-con-mas-de-10-mil-atizapenses\\\/#breadcrumb\"},\"inLanguage\":\"es\",\"potentialAction\":[{\"@type\":\"ReadAction\",\"target\":[\"https:\\\/\\\/continuamosmx.com\\\/index.php\\\/2026\\\/01\\\/18\\\/pedro-rodriguez-celebra-el-dia-de-reyes-con-mas-de-10-mil-atizapenses\\\/\"]}]},{\"@type\":\"ImageObject\",\"inLanguage\":\"es\",\"@id\":\"https:\\\/\\\/continuamosmx.com\\\/index.php\\\/2026\\\/01\\\/18\\\/pedro-rodriguez-celebra-el-dia-de-reyes-con-mas-de-10-mil-atizapenses\\\/#primaryimage\",\"url\":\"https:\\\/\\\/continuamosmx.com\\\/wp-content\\\/uploads\\\/2026\\\/01\\\/re6.jpeg\",\"contentUrl\":\"https:\\\/\\\/continuamosmx.com\\\/wp-content\\\/uploads\\\/2026\\\/01\\\/re6.jpeg\",\"width\":1600,\"height\":1200},{\"@type\":\"BreadcrumbList\",\"@id\":\"https:\\\/\\\/continuamosmx.com\\\/index.php\\\/2026\\\/01\\\/18\\\/pedro-rodriguez-celebra-el-dia-de-reyes-con-mas-de-10-mil-atizapenses\\\/#breadcrumb\",\"itemListElement\":[{\"@type\":\"ListItem\",\"position\":1,\"name\":\"Inicio\",\"item\":\"https:\\\/\\\/continuamosmx.com\\\/\"},{\"@type\":\"ListItem\",\"position\":2,\"name\":\"PEDRO RODR\u00cdGUEZ CELEBRA EL D\u00cdA DE REYES CON M\u00c1S DE 10 MIL ATIZAPENSES\"}]},{\"@type\":\"WebSite\",\"@id\":\"https:\\\/\\\/continuamosmx.com\\\/#website\",\"url\":\"https:\\\/\\\/continuamosmx.com\\\/\",\"name\":\"www.continuamosmx.com\",\"description\":\"\",\"publisher\":{\"@id\":\"https:\\\/\\\/continuamosmx.com\\\/#organization\"},\"potentialAction\":[{\"@type\":\"SearchAction\",\"target\":{\"@type\":\"EntryPoint\",\"urlTemplate\":\"https:\\\/\\\/continuamosmx.com\\\/?s={search_term_string}\"},\"query-input\":{\"@type\":\"PropertyValueSpecification\",\"valueRequired\":true,\"valueName\":\"search_term_string\"}}],\"inLanguage\":\"es\"},{\"@type\":\"Organization\",\"@id\":\"https:\\\/\\\/continuamosmx.com\\\/#organization\",\"name\":\"ContinuamosMX\",\"url\":\"https:\\\/\\\/continuamosmx.com\\\/\",\"logo\":{\"@type\":\"ImageObject\",\"inLanguage\":\"es\",\"@id\":\"https:\\\/\\\/continuamosmx.com\\\/#\\\/schema\\\/logo\\\/image\\\/\",\"url\":\"https:\\\/\\\/continuamosmx.com\\\/wp-content\\\/uploads\\\/2023\\\/04\\\/cropped-LOGO-CONTI-NUEVO.png\",\"contentUrl\":\"https:\\\/\\\/continuamosmx.com\\\/wp-content\\\/uploads\\\/2023\\\/04\\\/cropped-LOGO-CONTI-NUEVO.png\",\"width\":1257,\"height\":430,\"caption\":\"ContinuamosMX\"},\"image\":{\"@id\":\"https:\\\/\\\/continuamosmx.com\\\/#\\\/schema\\\/logo\\\/image\\\/\"}},{\"@type\":\"Person\",\"@id\":\"https:\\\/\\\/continuamosmx.com\\\/#\\\/schema\\\/person\\\/5eb5356acb1fad784da407d14f0e8d89\",\"name\":\"Continuamos MX\",\"image\":{\"@type\":\"ImageObject\",\"inLanguage\":\"es\",\"@id\":\"https:\\\/\\\/secure.gravatar.com\\\/avatar\\\/30d4f9723476a15f4da34d35fb3501f08d2357016c76051c6a85c354c7489589?s=96&d=mm&r=g\",\"url\":\"https:\\\/\\\/secure.gravatar.com\\\/avatar\\\/30d4f9723476a15f4da34d35fb3501f08d2357016c76051c6a85c354c7489589?s=96&d=mm&r=g\",\"contentUrl\":\"https:\\\/\\\/secure.gravatar.com\\\/avatar\\\/30d4f9723476a15f4da34d35fb3501f08d2357016c76051c6a85c354c7489589?s=96&d=mm&r=g\",\"caption\":\"Continuamos MX\"},\"sameAs\":[\"http:\\\/\\\/www.continuamos.mx\"],\"url\":\"https:\\\/\\\/continuamosmx.com\\\/index.php\\\/author\\\/continuamos\\\/\"}]}<\/script>\n<!-- \/ Yoast SEO plugin. -->","yoast_head_json":{"title":"PEDRO RODR\u00cdGUEZ CELEBRA EL D\u00cdA DE REYES CON M\u00c1S DE 10 MIL ATIZAPENSES -","robots":{"index":"index","follow":"follow","max-snippet":"max-snippet:-1","max-image-preview":"max-image-preview:large","max-video-preview":"max-video-preview:-1"},"canonical":"https:\/\/continuamosmx.com\/index.php\/2026\/01\/18\/pedro-rodriguez-celebra-el-dia-de-reyes-con-mas-de-10-mil-atizapenses\/","og_locale":"es_ES","og_type":"article","og_title":"PEDRO RODR\u00cdGUEZ CELEBRA EL D\u00cdA DE REYES CON M\u00c1S DE 10 MIL ATIZAPENSES -","og_description":"*El Gobierno Municipal de Atizap\u00e1n de Zaragoza fomenta la unidad familiar y el bienestar de la ni\u00f1ez con un evento masivo de espect\u00e1culos y regalos. ATIZAP\u00c1N DE ZARAGOZA.\u2013 En un ambiente de alegr\u00eda y convivencia, m\u00e1s de 10 mil ciudadanos se dieron cita para celebrar el D\u00eda de Reyes, en un evento organizado por el [&hellip;]","og_url":"https:\/\/continuamosmx.com\/index.php\/2026\/01\/18\/pedro-rodriguez-celebra-el-dia-de-reyes-con-mas-de-10-mil-atizapenses\/","article_published_time":"2026-01-19T03:53:34+00:00","og_image":[{"width":1600,"height":1200,"url":"https:\/\/continuamosmx.com\/wp-content\/uploads\/2026\/01\/re6.jpeg","type":"image\/jpeg"}],"author":"Continuamos MX","twitter_card":"summary_large_image","twitter_misc":{"Escrito por":"Continuamos MX","Tiempo de lectura":"2 minutos"},"schema":{"@context":"https:\/\/schema.org","@graph":[{"@type":"Article","@id":"https:\/\/continuamosmx.com\/index.php\/2026\/01\/18\/pedro-rodriguez-celebra-el-dia-de-reyes-con-mas-de-10-mil-atizapenses\/#article","isPartOf":{"@id":"https:\/\/continuamosmx.com\/index.php\/2026\/01\/18\/pedro-rodriguez-celebra-el-dia-de-reyes-con-mas-de-10-mil-atizapenses\/"},"author":{"name":"Continuamos MX","@id":"https:\/\/continuamosmx.com\/#\/schema\/person\/5eb5356acb1fad784da407d14f0e8d89"},"headline":"PEDRO RODR\u00cdGUEZ CELEBRA EL D\u00cdA DE REYES CON M\u00c1S DE 10 MIL ATIZAPENSES","datePublished":"2026-01-19T03:53:34+00:00","mainEntityOfPage":{"@id":"https:\/\/continuamosmx.com\/index.php\/2026\/01\/18\/pedro-rodriguez-celebra-el-dia-de-reyes-con-mas-de-10-mil-atizapenses\/"},"wordCount":289,"publisher":{"@id":"https:\/\/continuamosmx.com\/#organization"},"image":{"@id":"https:\/\/continuamosmx.com\/index.php\/2026\/01\/18\/pedro-rodriguez-celebra-el-dia-de-reyes-con-mas-de-10-mil-atizapenses\/#primaryimage"},"thumbnailUrl":"https:\/\/continuamosmx.com\/wp-content\/uploads\/2026\/01\/re6.jpeg","articleSection":["ATIZAPAN DE ZARAGOZA","LOCALES"],"inLanguage":"es"},{"@type":"WebPage","@id":"https:\/\/continuamosmx.com\/index.php\/2026\/01\/18\/pedro-rodriguez-celebra-el-dia-de-reyes-con-mas-de-10-mil-atizapenses\/","url":"https:\/\/continuamosmx.com\/index.php\/2026\/01\/18\/pedro-rodriguez-celebra-el-dia-de-reyes-con-mas-de-10-mil-atizapenses\/","name":"PEDRO RODR\u00cdGUEZ CELEBRA EL D\u00cdA DE REYES CON M\u00c1S DE 10 MIL ATIZAPENSES -","isPartOf":{"@id":"https:\/\/continuamosmx.com\/#website"},"primaryImageOfPage":{"@id":"https:\/\/continuamosmx.com\/index.php\/2026\/01\/18\/pedro-rodriguez-celebra-el-dia-de-reyes-con-mas-de-10-mil-atizapenses\/#primaryimage"},"image":{"@id":"https:\/\/continuamosmx.com\/index.php\/2026\/01\/18\/pedro-rodriguez-celebra-el-dia-de-reyes-con-mas-de-10-mil-atizapenses\/#primaryimage"},"thumbnailUrl":"https:\/\/continuamosmx.com\/wp-content\/uploads\/2026\/01\/re6.jpeg","datePublished":"2026-01-19T03:53:34+00:00","breadcrumb":{"@id":"https:\/\/continuamosmx.com\/index.php\/2026\/01\/18\/pedro-rodriguez-celebra-el-dia-de-reyes-con-mas-de-10-mil-atizapenses\/#breadcrumb"},"inLanguage":"es","potentialAction":[{"@type":"ReadAction","target":["https:\/\/continuamosmx.com\/index.php\/2026\/01\/18\/pedro-rodriguez-celebra-el-dia-de-reyes-con-mas-de-10-mil-atizapenses\/"]}]},{"@type":"ImageObject","inLanguage":"es","@id":"https:\/\/continuamosmx.com\/index.php\/2026\/01\/18\/pedro-rodriguez-celebra-el-dia-de-reyes-con-mas-de-10-mil-atizapenses\/#primaryimage","url":"https:\/\/continuamosmx.com\/wp-content\/uploads\/2026\/01\/re6.jpeg","contentUrl":"https:\/\/continuamosmx.com\/wp-content\/uploads\/2026\/01\/re6.jpeg","width":1600,"height":1200},{"@type":"BreadcrumbList","@id":"https:\/\/continuamosmx.com\/index.php\/2026\/01\/18\/pedro-rodriguez-celebra-el-dia-de-reyes-con-mas-de-10-mil-atizapenses\/#breadcrumb","itemListElement":[{"@type":"ListItem","position":1,"name":"Inicio","item":"https:\/\/continuamosmx.com\/"},{"@type":"ListItem","position":2,"name":"PEDRO RODR\u00cdGUEZ CELEBRA EL D\u00cdA DE REYES CON M\u00c1S DE 10 MIL ATIZAPENSES"}]},{"@type":"WebSite","@id":"https:\/\/continuamosmx.com\/#website","url":"https:\/\/continuamosmx.com\/","name":"www.continuamosmx.com","description":"","publisher":{"@id":"https:\/\/continuamosmx.com\/#organization"},"potentialAction":[{"@type":"SearchAction","target":{"@type":"EntryPoint","urlTemplate":"https:\/\/continuamosmx.com\/?s={search_term_string}"},"query-input":{"@type":"PropertyValueSpecification","valueRequired":true,"valueName":"search_term_string"}}],"inLanguage":"es"},{"@type":"Organization","@id":"https:\/\/continuamosmx.com\/#organization","name":"ContinuamosMX","url":"https:\/\/continuamosmx.com\/","logo":{"@type":"ImageObject","inLanguage":"es","@id":"https:\/\/continuamosmx.com\/#\/schema\/logo\/image\/","url":"https:\/\/continuamosmx.com\/wp-content\/uploads\/2023\/04\/cropped-LOGO-CONTI-NUEVO.png","contentUrl":"https:\/\/continuamosmx.com\/wp-content\/uploads\/2023\/04\/cropped-LOGO-CONTI-NUEVO.png","width":1257,"height":430,"caption":"ContinuamosMX"},"image":{"@id":"https:\/\/continuamosmx.com\/#\/schema\/logo\/image\/"}},{"@type":"Person","@id":"https:\/\/continuamosmx.com\/#\/schema\/person\/5eb5356acb1fad784da407d14f0e8d89","name":"Continuamos MX","image":{"@type":"ImageObject","inLanguage":"es","@id":"https:\/\/secure.gravatar.com\/avatar\/30d4f9723476a15f4da34d35fb3501f08d2357016c76051c6a85c354c7489589?s=96&d=mm&r=g","url":"https:\/\/secure.gravatar.com\/avatar\/30d4f9723476a15f4da34d35fb3501f08d2357016c76051c6a85c354c7489589?s=96&d=mm&r=g","contentUrl":"https:\/\/secure.gravatar.com\/avatar\/30d4f9723476a15f4da34d35fb3501f08d2357016c76051c6a85c354c7489589?s=96&d=mm&r=g","caption":"Continuamos MX"},"sameAs":["http:\/\/www.continuamos.mx"],"url":"https:\/\/continuamosmx.com\/index.php\/author\/continuamos\/"}]}},"_links":{"self":[{"href":"https:\/\/continuamosmx.com\/index.php\/wp-json\/wp\/v2\/posts\/52040","targetHints":{"allow":["GET"]}}],"collection":[{"href":"https:\/\/continuamosmx.com\/index.php\/wp-json\/wp\/v2\/posts"}],"about":[{"href":"https:\/\/continuamosmx.com\/index.php\/wp-json\/wp\/v2\/types\/post"}],"author":[{"embeddable":true,"href":"https:\/\/continuamosmx.com\/index.php\/wp-json\/wp\/v2\/users\/6"}],"replies":[{"embeddable":true,"href":"https:\/\/continuamosmx.com\/index.php\/wp-json\/wp\/v2\/comments?post=52040"}],"version-history":[{"count":1,"href":"https:\/\/continuamosmx.com\/index.php\/wp-json\/wp\/v2\/posts\/52040\/revisions"}],"predecessor-version":[{"id":52042,"href":"https:\/\/continuamosmx.com\/index.php\/wp-json\/wp\/v2\/posts\/52040\/revisions\/52042"}],"wp:featuredmedia":[{"embeddable":true,"href":"https:\/\/continuamosmx.com\/index.php\/wp-json\/wp\/v2\/media\/52041"}],"wp:attachment":[{"href":"https:\/\/continuamosmx.com\/index.php\/wp-json\/wp\/v2\/media?parent=52040"}],"wp:term":[{"taxonomy":"category","embeddable":true,"href":"https:\/\/continuamosmx.com\/index.php\/wp-json\/wp\/v2\/categories?post=52040"},{"taxonomy":"post_tag","embeddable":true,"href":"https:\/\/continuamosmx.com\/index.php\/wp-json\/wp\/v2\/tags?post=52040"}],"curies":[{"name":"wp","href":"https:\/\/api.w.org\/{rel}","templated":true}]}}