{"id":52034,"date":"2026-01-17T10:58:23","date_gmt":"2026-01-17T16:58:23","guid":{"rendered":"https:\/\/continuamosmx.com\/?p=52034"},"modified":"2026-01-17T10:58:24","modified_gmt":"2026-01-17T16:58:24","slug":"presidenta-claudia-sheinbaum-fortalece-programas-sociales-y-el-plan-oriente-en-tlalnepantla","status":"publish","type":"post","link":"https:\/\/continuamosmx.com\/index.php\/2026\/01\/17\/presidenta-claudia-sheinbaum-fortalece-programas-sociales-y-el-plan-oriente-en-tlalnepantla\/","title":{"rendered":"PRESIDENTA CLAUDIA SHEINBAUM FORTALECE PROGRAMAS SOCIALES Y EL PLAN ORIENTE EN TLALNEPANTLA"},"content":{"rendered":"\n<h3 class=\"wp-block-heading\">*<strong>La mandataria anunci\u00f3 la inauguraci\u00f3n del Hospital Valle Ceyl\u00e1n y la expansi\u00f3n de becas universales en conjunto con la Gobernadora Delfina G\u00f3mez.<\/strong><\/h3>\n\n\n\n<p><strong>TLALNEPANTLA DE BAZ, Estado de M\u00e9xico.<\/strong> \u2013 En un acto que consolida la estrategia de bienestar para la regi\u00f3n metropolitana, la Presidenta de M\u00e9xico, Claudia Sheinbaum Pardo, visit\u00f3 este municipio para supervisar los avances del \u00abPlan Oriente\u00bb y ratificar la continuidad de los programas sociales. Acompa\u00f1ada por la Gobernadora del Estado de M\u00e9xico, Delfina G\u00f3mez \u00c1lvarez, y el Presidente Municipal, Raciel P\u00e9rez Cruz, la jefa del Ejecutivo Federal reafirm\u00f3 que los apoyos gubernamentales han dejado de ser subsidios para convertirse en derechos constitucionales.<\/p>\n\n\n\n<p>Durante el encuentro masivo en la Plaza C\u00edvica Dr. Gustavo Baz, la Presidenta Sheinbaum destac\u00f3 que el Estado de M\u00e9xico es actualmente la entidad con mayor n\u00famero de beneficiarios en el pa\u00eds, alcanzando los 3.4 millones de ciudadanos. En su discurso, enfatiz\u00f3 la implementaci\u00f3n de tres nuevos pilares de su administraci\u00f3n: la \u00abPensi\u00f3n Mujeres Bienestar\u00bb (para mujeres de 60 a 64 a\u00f1os), la beca universal para estudiantes de primaria y el programa \u00abSalud Casa por Casa\u00bb.<\/p>\n\n\n\n<p>Uno de los anuncios m\u00e1s relevantes fue la confirmaci\u00f3n de la inauguraci\u00f3n del Hospital Valle Ceyl\u00e1n para este 2026. Con una inversi\u00f3n superior a los 1,380 millones de pesos, este nosocomio contar\u00e1 con 150 camas, tecnolog\u00eda de terapia intensiva y 20 especialidades. Adem\u00e1s, albergar\u00e1 el Centro Estatal para la Atenci\u00f3n de la Enfermedad Renal, atendiendo una demanda hist\u00f3rica de salud gratuita para el oriente mexiquense.<\/p>\n\n\n\n<p>Por su parte, la Gobernadora Delfina G\u00f3mez celebr\u00f3 la incorporaci\u00f3n de m\u00e1s de mil nuevos beneficiarios tan solo en Tlalnepantla durante el \u00faltimo mes, se\u00f1alando que la colaboraci\u00f3n con el gobierno federal permite rescatar zonas que sufrieron a\u00f1os de abandono. En materia educativa, se confirm\u00f3 la construcci\u00f3n de dos ciber bachilleratos en el municipio, como parte de una red que se expandir\u00e1 en febrero a localidades como Chalco, Ecatepec y Chimalhuac\u00e1n.<\/p>\n\n\n\n<p>Finalmente, el alcalde Raciel P\u00e9rez Cruz reafirm\u00f3 el compromiso de su administraci\u00f3n para servir como facilitador de esta coordinaci\u00f3n de niveles de gobierno, asegurando que Tlalnepantla se mantenga como un punto estrat\u00e9gico para que el desarrollo y el bienestar compartido lleguen de manera eficiente a los sectores m\u00e1s vulnerables de la poblaci\u00f3n.<\/p>\n","protected":false},"excerpt":{"rendered":"<p>*La mandataria anunci\u00f3 la inauguraci\u00f3n del Hospital Valle Ceyl\u00e1n y la expansi\u00f3n de becas universales en conjunto con la Gobernadora Delfina G\u00f3mez. TLALNEPANTLA DE BAZ, Estado de M\u00e9xico. \u2013 En un acto que consolida la estrategia de bienestar para la regi\u00f3n metropolitana, la Presidenta de M\u00e9xico, Claudia Sheinbaum Pardo, visit\u00f3 este municipio para supervisar los [&hellip;]<\/p>\n","protected":false},"author":6,"featured_media":52035,"comment_status":"closed","ping_status":"closed","sticky":false,"template":"","format":"standard","meta":{"footnotes":""},"categories":[4,79],"tags":[],"class_list":["post-52034","post","type-post","status-publish","format-standard","has-post-thumbnail","hentry","category-locales","category-tlalne"],"yoast_head":"<!-- This site is optimized with the Yoast SEO plugin v27.5 - https:\/\/yoast.com\/product\/yoast-seo-wordpress\/ -->\n<title>PRESIDENTA CLAUDIA SHEINBAUM FORTALECE PROGRAMAS SOCIALES Y EL PLAN ORIENTE EN TLALNEPANTLA -<\/title>\n<meta name=\"robots\" content=\"index, follow, max-snippet:-1, max-image-preview:large, max-video-preview:-1\" \/>\n<link rel=\"canonical\" href=\"https:\/\/continuamosmx.com\/index.php\/2026\/01\/17\/presidenta-claudia-sheinbaum-fortalece-programas-sociales-y-el-plan-oriente-en-tlalnepantla\/\" \/>\n<meta property=\"og:locale\" content=\"es_ES\" \/>\n<meta property=\"og:type\" content=\"article\" \/>\n<meta property=\"og:title\" content=\"PRESIDENTA CLAUDIA SHEINBAUM FORTALECE PROGRAMAS SOCIALES Y EL PLAN ORIENTE EN TLALNEPANTLA -\" \/>\n<meta property=\"og:description\" content=\"*La mandataria anunci\u00f3 la inauguraci\u00f3n del Hospital Valle Ceyl\u00e1n y la expansi\u00f3n de becas universales en conjunto con la Gobernadora Delfina G\u00f3mez. TLALNEPANTLA DE BAZ, Estado de M\u00e9xico. \u2013 En un acto que consolida la estrategia de bienestar para la regi\u00f3n metropolitana, la Presidenta de M\u00e9xico, Claudia Sheinbaum Pardo, visit\u00f3 este municipio para supervisar los [&hellip;]\" \/>\n<meta property=\"og:url\" content=\"https:\/\/continuamosmx.com\/index.php\/2026\/01\/17\/presidenta-claudia-sheinbaum-fortalece-programas-sociales-y-el-plan-oriente-en-tlalnepantla\/\" \/>\n<meta property=\"article:published_time\" content=\"2026-01-17T16:58:23+00:00\" \/>\n<meta property=\"article:modified_time\" content=\"2026-01-17T16:58:24+00:00\" \/>\n<meta property=\"og:image\" content=\"https:\/\/continuamosmx.com\/wp-content\/uploads\/2026\/01\/sjein.jpeg\" \/>\n\t<meta property=\"og:image:width\" content=\"1280\" \/>\n\t<meta property=\"og:image:height\" content=\"854\" \/>\n\t<meta property=\"og:image:type\" content=\"image\/jpeg\" \/>\n<meta name=\"author\" content=\"Continuamos MX\" \/>\n<meta name=\"twitter:card\" content=\"summary_large_image\" \/>\n<meta name=\"twitter:label1\" content=\"Escrito por\" \/>\n\t<meta name=\"twitter:data1\" content=\"Continuamos MX\" \/>\n\t<meta name=\"twitter:label2\" content=\"Tiempo de lectura\" \/>\n\t<meta name=\"twitter:data2\" content=\"2 minutos\" \/>\n<script type=\"application\/ld+json\" class=\"yoast-schema-graph\">{\"@context\":\"https:\\\/\\\/schema.org\",\"@graph\":[{\"@type\":\"Article\",\"@id\":\"https:\\\/\\\/continuamosmx.com\\\/index.php\\\/2026\\\/01\\\/17\\\/presidenta-claudia-sheinbaum-fortalece-programas-sociales-y-el-plan-oriente-en-tlalnepantla\\\/#article\",\"isPartOf\":{\"@id\":\"https:\\\/\\\/continuamosmx.com\\\/index.php\\\/2026\\\/01\\\/17\\\/presidenta-claudia-sheinbaum-fortalece-programas-sociales-y-el-plan-oriente-en-tlalnepantla\\\/\"},\"author\":{\"name\":\"Continuamos MX\",\"@id\":\"https:\\\/\\\/continuamosmx.com\\\/#\\\/schema\\\/person\\\/5eb5356acb1fad784da407d14f0e8d89\"},\"headline\":\"PRESIDENTA CLAUDIA SHEINBAUM FORTALECE PROGRAMAS SOCIALES Y EL PLAN ORIENTE EN TLALNEPANTLA\",\"datePublished\":\"2026-01-17T16:58:23+00:00\",\"dateModified\":\"2026-01-17T16:58:24+00:00\",\"mainEntityOfPage\":{\"@id\":\"https:\\\/\\\/continuamosmx.com\\\/index.php\\\/2026\\\/01\\\/17\\\/presidenta-claudia-sheinbaum-fortalece-programas-sociales-y-el-plan-oriente-en-tlalnepantla\\\/\"},\"wordCount\":415,\"publisher\":{\"@id\":\"https:\\\/\\\/continuamosmx.com\\\/#organization\"},\"image\":{\"@id\":\"https:\\\/\\\/continuamosmx.com\\\/index.php\\\/2026\\\/01\\\/17\\\/presidenta-claudia-sheinbaum-fortalece-programas-sociales-y-el-plan-oriente-en-tlalnepantla\\\/#primaryimage\"},\"thumbnailUrl\":\"https:\\\/\\\/continuamosmx.com\\\/wp-content\\\/uploads\\\/2026\\\/01\\\/sjein.jpeg\",\"articleSection\":[\"LOCALES\",\"TLALNEPANTLA\"],\"inLanguage\":\"es\"},{\"@type\":\"WebPage\",\"@id\":\"https:\\\/\\\/continuamosmx.com\\\/index.php\\\/2026\\\/01\\\/17\\\/presidenta-claudia-sheinbaum-fortalece-programas-sociales-y-el-plan-oriente-en-tlalnepantla\\\/\",\"url\":\"https:\\\/\\\/continuamosmx.com\\\/index.php\\\/2026\\\/01\\\/17\\\/presidenta-claudia-sheinbaum-fortalece-programas-sociales-y-el-plan-oriente-en-tlalnepantla\\\/\",\"name\":\"PRESIDENTA CLAUDIA SHEINBAUM FORTALECE PROGRAMAS SOCIALES Y EL PLAN ORIENTE EN TLALNEPANTLA -\",\"isPartOf\":{\"@id\":\"https:\\\/\\\/continuamosmx.com\\\/#website\"},\"primaryImageOfPage\":{\"@id\":\"https:\\\/\\\/continuamosmx.com\\\/index.php\\\/2026\\\/01\\\/17\\\/presidenta-claudia-sheinbaum-fortalece-programas-sociales-y-el-plan-oriente-en-tlalnepantla\\\/#primaryimage\"},\"image\":{\"@id\":\"https:\\\/\\\/continuamosmx.com\\\/index.php\\\/2026\\\/01\\\/17\\\/presidenta-claudia-sheinbaum-fortalece-programas-sociales-y-el-plan-oriente-en-tlalnepantla\\\/#primaryimage\"},\"thumbnailUrl\":\"https:\\\/\\\/continuamosmx.com\\\/wp-content\\\/uploads\\\/2026\\\/01\\\/sjein.jpeg\",\"datePublished\":\"2026-01-17T16:58:23+00:00\",\"dateModified\":\"2026-01-17T16:58:24+00:00\",\"breadcrumb\":{\"@id\":\"https:\\\/\\\/continuamosmx.com\\\/index.php\\\/2026\\\/01\\\/17\\\/presidenta-claudia-sheinbaum-fortalece-programas-sociales-y-el-plan-oriente-en-tlalnepantla\\\/#breadcrumb\"},\"inLanguage\":\"es\",\"potentialAction\":[{\"@type\":\"ReadAction\",\"target\":[\"https:\\\/\\\/continuamosmx.com\\\/index.php\\\/2026\\\/01\\\/17\\\/presidenta-claudia-sheinbaum-fortalece-programas-sociales-y-el-plan-oriente-en-tlalnepantla\\\/\"]}]},{\"@type\":\"ImageObject\",\"inLanguage\":\"es\",\"@id\":\"https:\\\/\\\/continuamosmx.com\\\/index.php\\\/2026\\\/01\\\/17\\\/presidenta-claudia-sheinbaum-fortalece-programas-sociales-y-el-plan-oriente-en-tlalnepantla\\\/#primaryimage\",\"url\":\"https:\\\/\\\/continuamosmx.com\\\/wp-content\\\/uploads\\\/2026\\\/01\\\/sjein.jpeg\",\"contentUrl\":\"https:\\\/\\\/continuamosmx.com\\\/wp-content\\\/uploads\\\/2026\\\/01\\\/sjein.jpeg\",\"width\":1280,\"height\":854},{\"@type\":\"BreadcrumbList\",\"@id\":\"https:\\\/\\\/continuamosmx.com\\\/index.php\\\/2026\\\/01\\\/17\\\/presidenta-claudia-sheinbaum-fortalece-programas-sociales-y-el-plan-oriente-en-tlalnepantla\\\/#breadcrumb\",\"itemListElement\":[{\"@type\":\"ListItem\",\"position\":1,\"name\":\"Inicio\",\"item\":\"https:\\\/\\\/continuamosmx.com\\\/\"},{\"@type\":\"ListItem\",\"position\":2,\"name\":\"PRESIDENTA CLAUDIA SHEINBAUM FORTALECE PROGRAMAS SOCIALES Y EL PLAN ORIENTE EN TLALNEPANTLA\"}]},{\"@type\":\"WebSite\",\"@id\":\"https:\\\/\\\/continuamosmx.com\\\/#website\",\"url\":\"https:\\\/\\\/continuamosmx.com\\\/\",\"name\":\"www.continuamosmx.com\",\"description\":\"\",\"publisher\":{\"@id\":\"https:\\\/\\\/continuamosmx.com\\\/#organization\"},\"potentialAction\":[{\"@type\":\"SearchAction\",\"target\":{\"@type\":\"EntryPoint\",\"urlTemplate\":\"https:\\\/\\\/continuamosmx.com\\\/?s={search_term_string}\"},\"query-input\":{\"@type\":\"PropertyValueSpecification\",\"valueRequired\":true,\"valueName\":\"search_term_string\"}}],\"inLanguage\":\"es\"},{\"@type\":\"Organization\",\"@id\":\"https:\\\/\\\/continuamosmx.com\\\/#organization\",\"name\":\"ContinuamosMX\",\"url\":\"https:\\\/\\\/continuamosmx.com\\\/\",\"logo\":{\"@type\":\"ImageObject\",\"inLanguage\":\"es\",\"@id\":\"https:\\\/\\\/continuamosmx.com\\\/#\\\/schema\\\/logo\\\/image\\\/\",\"url\":\"https:\\\/\\\/continuamosmx.com\\\/wp-content\\\/uploads\\\/2023\\\/04\\\/cropped-LOGO-CONTI-NUEVO.png\",\"contentUrl\":\"https:\\\/\\\/continuamosmx.com\\\/wp-content\\\/uploads\\\/2023\\\/04\\\/cropped-LOGO-CONTI-NUEVO.png\",\"width\":1257,\"height\":430,\"caption\":\"ContinuamosMX\"},\"image\":{\"@id\":\"https:\\\/\\\/continuamosmx.com\\\/#\\\/schema\\\/logo\\\/image\\\/\"}},{\"@type\":\"Person\",\"@id\":\"https:\\\/\\\/continuamosmx.com\\\/#\\\/schema\\\/person\\\/5eb5356acb1fad784da407d14f0e8d89\",\"name\":\"Continuamos MX\",\"image\":{\"@type\":\"ImageObject\",\"inLanguage\":\"es\",\"@id\":\"https:\\\/\\\/secure.gravatar.com\\\/avatar\\\/30d4f9723476a15f4da34d35fb3501f08d2357016c76051c6a85c354c7489589?s=96&d=mm&r=g\",\"url\":\"https:\\\/\\\/secure.gravatar.com\\\/avatar\\\/30d4f9723476a15f4da34d35fb3501f08d2357016c76051c6a85c354c7489589?s=96&d=mm&r=g\",\"contentUrl\":\"https:\\\/\\\/secure.gravatar.com\\\/avatar\\\/30d4f9723476a15f4da34d35fb3501f08d2357016c76051c6a85c354c7489589?s=96&d=mm&r=g\",\"caption\":\"Continuamos MX\"},\"sameAs\":[\"http:\\\/\\\/www.continuamos.mx\"],\"url\":\"https:\\\/\\\/continuamosmx.com\\\/index.php\\\/author\\\/continuamos\\\/\"}]}<\/script>\n<!-- \/ Yoast SEO plugin. -->","yoast_head_json":{"title":"PRESIDENTA CLAUDIA SHEINBAUM FORTALECE PROGRAMAS SOCIALES Y EL PLAN ORIENTE EN TLALNEPANTLA -","robots":{"index":"index","follow":"follow","max-snippet":"max-snippet:-1","max-image-preview":"max-image-preview:large","max-video-preview":"max-video-preview:-1"},"canonical":"https:\/\/continuamosmx.com\/index.php\/2026\/01\/17\/presidenta-claudia-sheinbaum-fortalece-programas-sociales-y-el-plan-oriente-en-tlalnepantla\/","og_locale":"es_ES","og_type":"article","og_title":"PRESIDENTA CLAUDIA SHEINBAUM FORTALECE PROGRAMAS SOCIALES Y EL PLAN ORIENTE EN TLALNEPANTLA -","og_description":"*La mandataria anunci\u00f3 la inauguraci\u00f3n del Hospital Valle Ceyl\u00e1n y la expansi\u00f3n de becas universales en conjunto con la Gobernadora Delfina G\u00f3mez. TLALNEPANTLA DE BAZ, Estado de M\u00e9xico. \u2013 En un acto que consolida la estrategia de bienestar para la regi\u00f3n metropolitana, la Presidenta de M\u00e9xico, Claudia Sheinbaum Pardo, visit\u00f3 este municipio para supervisar los [&hellip;]","og_url":"https:\/\/continuamosmx.com\/index.php\/2026\/01\/17\/presidenta-claudia-sheinbaum-fortalece-programas-sociales-y-el-plan-oriente-en-tlalnepantla\/","article_published_time":"2026-01-17T16:58:23+00:00","article_modified_time":"2026-01-17T16:58:24+00:00","og_image":[{"width":1280,"height":854,"url":"https:\/\/continuamosmx.com\/wp-content\/uploads\/2026\/01\/sjein.jpeg","type":"image\/jpeg"}],"author":"Continuamos MX","twitter_card":"summary_large_image","twitter_misc":{"Escrito por":"Continuamos MX","Tiempo de lectura":"2 minutos"},"schema":{"@context":"https:\/\/schema.org","@graph":[{"@type":"Article","@id":"https:\/\/continuamosmx.com\/index.php\/2026\/01\/17\/presidenta-claudia-sheinbaum-fortalece-programas-sociales-y-el-plan-oriente-en-tlalnepantla\/#article","isPartOf":{"@id":"https:\/\/continuamosmx.com\/index.php\/2026\/01\/17\/presidenta-claudia-sheinbaum-fortalece-programas-sociales-y-el-plan-oriente-en-tlalnepantla\/"},"author":{"name":"Continuamos MX","@id":"https:\/\/continuamosmx.com\/#\/schema\/person\/5eb5356acb1fad784da407d14f0e8d89"},"headline":"PRESIDENTA CLAUDIA SHEINBAUM FORTALECE PROGRAMAS SOCIALES Y EL PLAN ORIENTE EN TLALNEPANTLA","datePublished":"2026-01-17T16:58:23+00:00","dateModified":"2026-01-17T16:58:24+00:00","mainEntityOfPage":{"@id":"https:\/\/continuamosmx.com\/index.php\/2026\/01\/17\/presidenta-claudia-sheinbaum-fortalece-programas-sociales-y-el-plan-oriente-en-tlalnepantla\/"},"wordCount":415,"publisher":{"@id":"https:\/\/continuamosmx.com\/#organization"},"image":{"@id":"https:\/\/continuamosmx.com\/index.php\/2026\/01\/17\/presidenta-claudia-sheinbaum-fortalece-programas-sociales-y-el-plan-oriente-en-tlalnepantla\/#primaryimage"},"thumbnailUrl":"https:\/\/continuamosmx.com\/wp-content\/uploads\/2026\/01\/sjein.jpeg","articleSection":["LOCALES","TLALNEPANTLA"],"inLanguage":"es"},{"@type":"WebPage","@id":"https:\/\/continuamosmx.com\/index.php\/2026\/01\/17\/presidenta-claudia-sheinbaum-fortalece-programas-sociales-y-el-plan-oriente-en-tlalnepantla\/","url":"https:\/\/continuamosmx.com\/index.php\/2026\/01\/17\/presidenta-claudia-sheinbaum-fortalece-programas-sociales-y-el-plan-oriente-en-tlalnepantla\/","name":"PRESIDENTA CLAUDIA SHEINBAUM FORTALECE PROGRAMAS SOCIALES Y EL PLAN ORIENTE EN TLALNEPANTLA -","isPartOf":{"@id":"https:\/\/continuamosmx.com\/#website"},"primaryImageOfPage":{"@id":"https:\/\/continuamosmx.com\/index.php\/2026\/01\/17\/presidenta-claudia-sheinbaum-fortalece-programas-sociales-y-el-plan-oriente-en-tlalnepantla\/#primaryimage"},"image":{"@id":"https:\/\/continuamosmx.com\/index.php\/2026\/01\/17\/presidenta-claudia-sheinbaum-fortalece-programas-sociales-y-el-plan-oriente-en-tlalnepantla\/#primaryimage"},"thumbnailUrl":"https:\/\/continuamosmx.com\/wp-content\/uploads\/2026\/01\/sjein.jpeg","datePublished":"2026-01-17T16:58:23+00:00","dateModified":"2026-01-17T16:58:24+00:00","breadcrumb":{"@id":"https:\/\/continuamosmx.com\/index.php\/2026\/01\/17\/presidenta-claudia-sheinbaum-fortalece-programas-sociales-y-el-plan-oriente-en-tlalnepantla\/#breadcrumb"},"inLanguage":"es","potentialAction":[{"@type":"ReadAction","target":["https:\/\/continuamosmx.com\/index.php\/2026\/01\/17\/presidenta-claudia-sheinbaum-fortalece-programas-sociales-y-el-plan-oriente-en-tlalnepantla\/"]}]},{"@type":"ImageObject","inLanguage":"es","@id":"https:\/\/continuamosmx.com\/index.php\/2026\/01\/17\/presidenta-claudia-sheinbaum-fortalece-programas-sociales-y-el-plan-oriente-en-tlalnepantla\/#primaryimage","url":"https:\/\/continuamosmx.com\/wp-content\/uploads\/2026\/01\/sjein.jpeg","contentUrl":"https:\/\/continuamosmx.com\/wp-content\/uploads\/2026\/01\/sjein.jpeg","width":1280,"height":854},{"@type":"BreadcrumbList","@id":"https:\/\/continuamosmx.com\/index.php\/2026\/01\/17\/presidenta-claudia-sheinbaum-fortalece-programas-sociales-y-el-plan-oriente-en-tlalnepantla\/#breadcrumb","itemListElement":[{"@type":"ListItem","position":1,"name":"Inicio","item":"https:\/\/continuamosmx.com\/"},{"@type":"ListItem","position":2,"name":"PRESIDENTA CLAUDIA SHEINBAUM FORTALECE PROGRAMAS SOCIALES Y EL PLAN ORIENTE EN TLALNEPANTLA"}]},{"@type":"WebSite","@id":"https:\/\/continuamosmx.com\/#website","url":"https:\/\/continuamosmx.com\/","name":"www.continuamosmx.com","description":"","publisher":{"@id":"https:\/\/continuamosmx.com\/#organization"},"potentialAction":[{"@type":"SearchAction","target":{"@type":"EntryPoint","urlTemplate":"https:\/\/continuamosmx.com\/?s={search_term_string}"},"query-input":{"@type":"PropertyValueSpecification","valueRequired":true,"valueName":"search_term_string"}}],"inLanguage":"es"},{"@type":"Organization","@id":"https:\/\/continuamosmx.com\/#organization","name":"ContinuamosMX","url":"https:\/\/continuamosmx.com\/","logo":{"@type":"ImageObject","inLanguage":"es","@id":"https:\/\/continuamosmx.com\/#\/schema\/logo\/image\/","url":"https:\/\/continuamosmx.com\/wp-content\/uploads\/2023\/04\/cropped-LOGO-CONTI-NUEVO.png","contentUrl":"https:\/\/continuamosmx.com\/wp-content\/uploads\/2023\/04\/cropped-LOGO-CONTI-NUEVO.png","width":1257,"height":430,"caption":"ContinuamosMX"},"image":{"@id":"https:\/\/continuamosmx.com\/#\/schema\/logo\/image\/"}},{"@type":"Person","@id":"https:\/\/continuamosmx.com\/#\/schema\/person\/5eb5356acb1fad784da407d14f0e8d89","name":"Continuamos MX","image":{"@type":"ImageObject","inLanguage":"es","@id":"https:\/\/secure.gravatar.com\/avatar\/30d4f9723476a15f4da34d35fb3501f08d2357016c76051c6a85c354c7489589?s=96&d=mm&r=g","url":"https:\/\/secure.gravatar.com\/avatar\/30d4f9723476a15f4da34d35fb3501f08d2357016c76051c6a85c354c7489589?s=96&d=mm&r=g","contentUrl":"https:\/\/secure.gravatar.com\/avatar\/30d4f9723476a15f4da34d35fb3501f08d2357016c76051c6a85c354c7489589?s=96&d=mm&r=g","caption":"Continuamos MX"},"sameAs":["http:\/\/www.continuamos.mx"],"url":"https:\/\/continuamosmx.com\/index.php\/author\/continuamos\/"}]}},"_links":{"self":[{"href":"https:\/\/continuamosmx.com\/index.php\/wp-json\/wp\/v2\/posts\/52034","targetHints":{"allow":["GET"]}}],"collection":[{"href":"https:\/\/continuamosmx.com\/index.php\/wp-json\/wp\/v2\/posts"}],"about":[{"href":"https:\/\/continuamosmx.com\/index.php\/wp-json\/wp\/v2\/types\/post"}],"author":[{"embeddable":true,"href":"https:\/\/continuamosmx.com\/index.php\/wp-json\/wp\/v2\/users\/6"}],"replies":[{"embeddable":true,"href":"https:\/\/continuamosmx.com\/index.php\/wp-json\/wp\/v2\/comments?post=52034"}],"version-history":[{"count":1,"href":"https:\/\/continuamosmx.com\/index.php\/wp-json\/wp\/v2\/posts\/52034\/revisions"}],"predecessor-version":[{"id":52036,"href":"https:\/\/continuamosmx.com\/index.php\/wp-json\/wp\/v2\/posts\/52034\/revisions\/52036"}],"wp:featuredmedia":[{"embeddable":true,"href":"https:\/\/continuamosmx.com\/index.php\/wp-json\/wp\/v2\/media\/52035"}],"wp:attachment":[{"href":"https:\/\/continuamosmx.com\/index.php\/wp-json\/wp\/v2\/media?parent=52034"}],"wp:term":[{"taxonomy":"category","embeddable":true,"href":"https:\/\/continuamosmx.com\/index.php\/wp-json\/wp\/v2\/categories?post=52034"},{"taxonomy":"post_tag","embeddable":true,"href":"https:\/\/continuamosmx.com\/index.php\/wp-json\/wp\/v2\/tags?post=52034"}],"curies":[{"name":"wp","href":"https:\/\/api.w.org\/{rel}","templated":true}]}}