{"id":52021,"date":"2026-01-16T17:06:21","date_gmt":"2026-01-16T23:06:21","guid":{"rendered":"https:\/\/continuamosmx.com\/?p=52021"},"modified":"2026-01-16T17:06:21","modified_gmt":"2026-01-16T23:06:21","slug":"raziel-chavarria-transforma-deposito-de-vehiculos-en-nueva-plaza-civica-para-jilotzingo","status":"publish","type":"post","link":"https:\/\/continuamosmx.com\/index.php\/2026\/01\/16\/raziel-chavarria-transforma-deposito-de-vehiculos-en-nueva-plaza-civica-para-jilotzingo\/","title":{"rendered":"RAZIEL CHAVARR\u00cdA TRANSFORMA DEP\u00d3SITO DE VEH\u00cdCULOS EN NUEVA PLAZA C\u00cdVICA PARA JILOTZINGO"},"content":{"rendered":"\n<h3 class=\"wp-block-heading\">*<strong>El Gobierno Municipal y el Estado de M\u00e9xico inauguran la Plaza Xilonen, un espacio recuperado tras a\u00f1os de abandono para fomentar la convivencia y el desarrollo econ\u00f3mico.<\/strong><\/h3>\n\n\n\n<p><strong>JILOTZINGO, ESTADO DE M\u00c9XICO.<\/strong> \u2013 En un acto que marca un precedente en la recuperaci\u00f3n de la infraestructura urbana local, el presidente municipal, Ing. Raziel Eugenio Chavarr\u00eda Chavarr\u00eda, encabez\u00f3 la inauguraci\u00f3n de la Plaza C\u00edvica Xilonen. El proyecto representa la conversi\u00f3n de un antiguo almac\u00e9n de veh\u00edculos oficiales en un centro neur\u00e1lgico para la vida comunitaria, el deporte y el comercio local.<\/p>\n\n\n\n<p>Durante la ceremonia, el alcalde destac\u00f3 que el rescate de este espacio no solo tiene un valor est\u00e9tico, sino social, al convertirse en la sede de iniciativas clave como el \u00abTianguis Colibr\u00ed\u00bb y la \u00abFeria del Empleo\u00bb. Chavarr\u00eda enfatiz\u00f3 que este es solo un paso dentro de una estrategia m\u00e1s amplia para consolidar un municipio m\u00e1s unido. Por su parte, el Director de Desarrollo Urbano, Otoniel May\u00e9n, adelant\u00f3 que ya se planean intervenciones similares en zonas como Bodo y la Plaza Estado de M\u00e9xico.<\/p>\n\n\n\n<p>En representaci\u00f3n de la gobernadora Delfina G\u00f3mez \u00c1lvarez, el Secretario de Desarrollo Urbano estatal, Carlos Maza, subray\u00f3 que este tipo de obras forman parte de una visi\u00f3n integral que contempla el 2026 como el \u00abA\u00f1o de la Obra P\u00fablica y la Seguridad\u00bb. Inform\u00f3 que el gobierno estatal ha impulsado m\u00e1s de 70 obras en diversos municipios, priorizando los espacios deportivos y recreativos para fortalecer el bienestar ciudadano.<\/p>\n\n\n\n<p>La Plaza C\u00edvica Xilonen, ahora equipada con plancha renovada, mobiliario urbano y accesos mejorados, se consolida como el nuevo referente de convivencia ciudadana en el coraz\u00f3n de Jilotzingo, devolviendo a las familias un espacio que permaneci\u00f3 inaccesible por a\u00f1os.<\/p>\n\n\n\n<figure class=\"wp-block-image size-large\"><img loading=\"lazy\" decoding=\"async\" width=\"1024\" height=\"768\" src=\"https:\/\/continuamosmx.com\/wp-content\/uploads\/2026\/01\/p2-1024x768.jpeg\" alt=\"\" class=\"wp-image-52023\" srcset=\"https:\/\/continuamosmx.com\/wp-content\/uploads\/2026\/01\/p2-1024x768.jpeg 1024w, https:\/\/continuamosmx.com\/wp-content\/uploads\/2026\/01\/p2-300x225.jpeg 300w, https:\/\/continuamosmx.com\/wp-content\/uploads\/2026\/01\/p2-768x576.jpeg 768w, https:\/\/continuamosmx.com\/wp-content\/uploads\/2026\/01\/p2-1536x1152.jpeg 1536w, https:\/\/continuamosmx.com\/wp-content\/uploads\/2026\/01\/p2-200x150.jpeg 200w, https:\/\/continuamosmx.com\/wp-content\/uploads\/2026\/01\/p2.jpeg 1600w\" sizes=\"auto, (max-width: 1024px) 100vw, 1024px\" \/><\/figure>\n","protected":false},"excerpt":{"rendered":"<p>*El Gobierno Municipal y el Estado de M\u00e9xico inauguran la Plaza Xilonen, un espacio recuperado tras a\u00f1os de abandono para fomentar la convivencia y el desarrollo econ\u00f3mico. JILOTZINGO, ESTADO DE M\u00c9XICO. \u2013 En un acto que marca un precedente en la recuperaci\u00f3n de la infraestructura urbana local, el presidente municipal, Ing. Raziel Eugenio Chavarr\u00eda Chavarr\u00eda, [&hellip;]<\/p>\n","protected":false},"author":6,"featured_media":52022,"comment_status":"closed","ping_status":"closed","sticky":false,"template":"","format":"standard","meta":{"footnotes":""},"categories":[169,4],"tags":[],"class_list":["post-52021","post","type-post","status-publish","format-standard","has-post-thumbnail","hentry","category-jilotzingo","category-locales"],"yoast_head":"<!-- This site is optimized with the Yoast SEO plugin v27.5 - https:\/\/yoast.com\/product\/yoast-seo-wordpress\/ -->\n<title>RAZIEL CHAVARR\u00cdA TRANSFORMA DEP\u00d3SITO DE VEH\u00cdCULOS EN NUEVA PLAZA C\u00cdVICA PARA JILOTZINGO -<\/title>\n<meta name=\"robots\" content=\"index, follow, max-snippet:-1, max-image-preview:large, max-video-preview:-1\" \/>\n<link rel=\"canonical\" href=\"https:\/\/continuamosmx.com\/index.php\/2026\/01\/16\/raziel-chavarria-transforma-deposito-de-vehiculos-en-nueva-plaza-civica-para-jilotzingo\/\" \/>\n<meta property=\"og:locale\" content=\"es_ES\" \/>\n<meta property=\"og:type\" content=\"article\" \/>\n<meta property=\"og:title\" content=\"RAZIEL CHAVARR\u00cdA TRANSFORMA DEP\u00d3SITO DE VEH\u00cdCULOS EN NUEVA PLAZA C\u00cdVICA PARA JILOTZINGO -\" \/>\n<meta property=\"og:description\" content=\"*El Gobierno Municipal y el Estado de M\u00e9xico inauguran la Plaza Xilonen, un espacio recuperado tras a\u00f1os de abandono para fomentar la convivencia y el desarrollo econ\u00f3mico. JILOTZINGO, ESTADO DE M\u00c9XICO. \u2013 En un acto que marca un precedente en la recuperaci\u00f3n de la infraestructura urbana local, el presidente municipal, Ing. Raziel Eugenio Chavarr\u00eda Chavarr\u00eda, [&hellip;]\" \/>\n<meta property=\"og:url\" content=\"https:\/\/continuamosmx.com\/index.php\/2026\/01\/16\/raziel-chavarria-transforma-deposito-de-vehiculos-en-nueva-plaza-civica-para-jilotzingo\/\" \/>\n<meta property=\"article:published_time\" content=\"2026-01-16T23:06:21+00:00\" \/>\n<meta property=\"og:image\" content=\"https:\/\/continuamosmx.com\/wp-content\/uploads\/2026\/01\/p1.jpeg\" \/>\n\t<meta property=\"og:image:width\" content=\"1600\" \/>\n\t<meta property=\"og:image:height\" content=\"1200\" \/>\n\t<meta property=\"og:image:type\" content=\"image\/jpeg\" \/>\n<meta name=\"author\" content=\"Continuamos MX\" \/>\n<meta name=\"twitter:card\" content=\"summary_large_image\" \/>\n<meta name=\"twitter:label1\" content=\"Escrito por\" \/>\n\t<meta name=\"twitter:data1\" content=\"Continuamos MX\" \/>\n\t<meta name=\"twitter:label2\" content=\"Tiempo de lectura\" \/>\n\t<meta name=\"twitter:data2\" content=\"2 minutos\" \/>\n<script type=\"application\/ld+json\" class=\"yoast-schema-graph\">{\"@context\":\"https:\\\/\\\/schema.org\",\"@graph\":[{\"@type\":\"Article\",\"@id\":\"https:\\\/\\\/continuamosmx.com\\\/index.php\\\/2026\\\/01\\\/16\\\/raziel-chavarria-transforma-deposito-de-vehiculos-en-nueva-plaza-civica-para-jilotzingo\\\/#article\",\"isPartOf\":{\"@id\":\"https:\\\/\\\/continuamosmx.com\\\/index.php\\\/2026\\\/01\\\/16\\\/raziel-chavarria-transforma-deposito-de-vehiculos-en-nueva-plaza-civica-para-jilotzingo\\\/\"},\"author\":{\"name\":\"Continuamos MX\",\"@id\":\"https:\\\/\\\/continuamosmx.com\\\/#\\\/schema\\\/person\\\/5eb5356acb1fad784da407d14f0e8d89\"},\"headline\":\"RAZIEL CHAVARR\u00cdA TRANSFORMA DEP\u00d3SITO DE VEH\u00cdCULOS EN NUEVA PLAZA C\u00cdVICA PARA JILOTZINGO\",\"datePublished\":\"2026-01-16T23:06:21+00:00\",\"mainEntityOfPage\":{\"@id\":\"https:\\\/\\\/continuamosmx.com\\\/index.php\\\/2026\\\/01\\\/16\\\/raziel-chavarria-transforma-deposito-de-vehiculos-en-nueva-plaza-civica-para-jilotzingo\\\/\"},\"wordCount\":320,\"publisher\":{\"@id\":\"https:\\\/\\\/continuamosmx.com\\\/#organization\"},\"image\":{\"@id\":\"https:\\\/\\\/continuamosmx.com\\\/index.php\\\/2026\\\/01\\\/16\\\/raziel-chavarria-transforma-deposito-de-vehiculos-en-nueva-plaza-civica-para-jilotzingo\\\/#primaryimage\"},\"thumbnailUrl\":\"https:\\\/\\\/continuamosmx.com\\\/wp-content\\\/uploads\\\/2026\\\/01\\\/p1.jpeg\",\"articleSection\":[\"JILOTZINGO\",\"LOCALES\"],\"inLanguage\":\"es\"},{\"@type\":\"WebPage\",\"@id\":\"https:\\\/\\\/continuamosmx.com\\\/index.php\\\/2026\\\/01\\\/16\\\/raziel-chavarria-transforma-deposito-de-vehiculos-en-nueva-plaza-civica-para-jilotzingo\\\/\",\"url\":\"https:\\\/\\\/continuamosmx.com\\\/index.php\\\/2026\\\/01\\\/16\\\/raziel-chavarria-transforma-deposito-de-vehiculos-en-nueva-plaza-civica-para-jilotzingo\\\/\",\"name\":\"RAZIEL CHAVARR\u00cdA TRANSFORMA DEP\u00d3SITO DE VEH\u00cdCULOS EN NUEVA PLAZA C\u00cdVICA PARA JILOTZINGO -\",\"isPartOf\":{\"@id\":\"https:\\\/\\\/continuamosmx.com\\\/#website\"},\"primaryImageOfPage\":{\"@id\":\"https:\\\/\\\/continuamosmx.com\\\/index.php\\\/2026\\\/01\\\/16\\\/raziel-chavarria-transforma-deposito-de-vehiculos-en-nueva-plaza-civica-para-jilotzingo\\\/#primaryimage\"},\"image\":{\"@id\":\"https:\\\/\\\/continuamosmx.com\\\/index.php\\\/2026\\\/01\\\/16\\\/raziel-chavarria-transforma-deposito-de-vehiculos-en-nueva-plaza-civica-para-jilotzingo\\\/#primaryimage\"},\"thumbnailUrl\":\"https:\\\/\\\/continuamosmx.com\\\/wp-content\\\/uploads\\\/2026\\\/01\\\/p1.jpeg\",\"datePublished\":\"2026-01-16T23:06:21+00:00\",\"breadcrumb\":{\"@id\":\"https:\\\/\\\/continuamosmx.com\\\/index.php\\\/2026\\\/01\\\/16\\\/raziel-chavarria-transforma-deposito-de-vehiculos-en-nueva-plaza-civica-para-jilotzingo\\\/#breadcrumb\"},\"inLanguage\":\"es\",\"potentialAction\":[{\"@type\":\"ReadAction\",\"target\":[\"https:\\\/\\\/continuamosmx.com\\\/index.php\\\/2026\\\/01\\\/16\\\/raziel-chavarria-transforma-deposito-de-vehiculos-en-nueva-plaza-civica-para-jilotzingo\\\/\"]}]},{\"@type\":\"ImageObject\",\"inLanguage\":\"es\",\"@id\":\"https:\\\/\\\/continuamosmx.com\\\/index.php\\\/2026\\\/01\\\/16\\\/raziel-chavarria-transforma-deposito-de-vehiculos-en-nueva-plaza-civica-para-jilotzingo\\\/#primaryimage\",\"url\":\"https:\\\/\\\/continuamosmx.com\\\/wp-content\\\/uploads\\\/2026\\\/01\\\/p1.jpeg\",\"contentUrl\":\"https:\\\/\\\/continuamosmx.com\\\/wp-content\\\/uploads\\\/2026\\\/01\\\/p1.jpeg\",\"width\":1600,\"height\":1200},{\"@type\":\"BreadcrumbList\",\"@id\":\"https:\\\/\\\/continuamosmx.com\\\/index.php\\\/2026\\\/01\\\/16\\\/raziel-chavarria-transforma-deposito-de-vehiculos-en-nueva-plaza-civica-para-jilotzingo\\\/#breadcrumb\",\"itemListElement\":[{\"@type\":\"ListItem\",\"position\":1,\"name\":\"Inicio\",\"item\":\"https:\\\/\\\/continuamosmx.com\\\/\"},{\"@type\":\"ListItem\",\"position\":2,\"name\":\"RAZIEL CHAVARR\u00cdA TRANSFORMA DEP\u00d3SITO DE VEH\u00cdCULOS EN NUEVA PLAZA C\u00cdVICA PARA JILOTZINGO\"}]},{\"@type\":\"WebSite\",\"@id\":\"https:\\\/\\\/continuamosmx.com\\\/#website\",\"url\":\"https:\\\/\\\/continuamosmx.com\\\/\",\"name\":\"www.continuamosmx.com\",\"description\":\"\",\"publisher\":{\"@id\":\"https:\\\/\\\/continuamosmx.com\\\/#organization\"},\"potentialAction\":[{\"@type\":\"SearchAction\",\"target\":{\"@type\":\"EntryPoint\",\"urlTemplate\":\"https:\\\/\\\/continuamosmx.com\\\/?s={search_term_string}\"},\"query-input\":{\"@type\":\"PropertyValueSpecification\",\"valueRequired\":true,\"valueName\":\"search_term_string\"}}],\"inLanguage\":\"es\"},{\"@type\":\"Organization\",\"@id\":\"https:\\\/\\\/continuamosmx.com\\\/#organization\",\"name\":\"ContinuamosMX\",\"url\":\"https:\\\/\\\/continuamosmx.com\\\/\",\"logo\":{\"@type\":\"ImageObject\",\"inLanguage\":\"es\",\"@id\":\"https:\\\/\\\/continuamosmx.com\\\/#\\\/schema\\\/logo\\\/image\\\/\",\"url\":\"https:\\\/\\\/continuamosmx.com\\\/wp-content\\\/uploads\\\/2023\\\/04\\\/cropped-LOGO-CONTI-NUEVO.png\",\"contentUrl\":\"https:\\\/\\\/continuamosmx.com\\\/wp-content\\\/uploads\\\/2023\\\/04\\\/cropped-LOGO-CONTI-NUEVO.png\",\"width\":1257,\"height\":430,\"caption\":\"ContinuamosMX\"},\"image\":{\"@id\":\"https:\\\/\\\/continuamosmx.com\\\/#\\\/schema\\\/logo\\\/image\\\/\"}},{\"@type\":\"Person\",\"@id\":\"https:\\\/\\\/continuamosmx.com\\\/#\\\/schema\\\/person\\\/5eb5356acb1fad784da407d14f0e8d89\",\"name\":\"Continuamos MX\",\"image\":{\"@type\":\"ImageObject\",\"inLanguage\":\"es\",\"@id\":\"https:\\\/\\\/secure.gravatar.com\\\/avatar\\\/30d4f9723476a15f4da34d35fb3501f08d2357016c76051c6a85c354c7489589?s=96&d=mm&r=g\",\"url\":\"https:\\\/\\\/secure.gravatar.com\\\/avatar\\\/30d4f9723476a15f4da34d35fb3501f08d2357016c76051c6a85c354c7489589?s=96&d=mm&r=g\",\"contentUrl\":\"https:\\\/\\\/secure.gravatar.com\\\/avatar\\\/30d4f9723476a15f4da34d35fb3501f08d2357016c76051c6a85c354c7489589?s=96&d=mm&r=g\",\"caption\":\"Continuamos MX\"},\"sameAs\":[\"http:\\\/\\\/www.continuamos.mx\"],\"url\":\"https:\\\/\\\/continuamosmx.com\\\/index.php\\\/author\\\/continuamos\\\/\"}]}<\/script>\n<!-- \/ Yoast SEO plugin. -->","yoast_head_json":{"title":"RAZIEL CHAVARR\u00cdA TRANSFORMA DEP\u00d3SITO DE VEH\u00cdCULOS EN NUEVA PLAZA C\u00cdVICA PARA JILOTZINGO -","robots":{"index":"index","follow":"follow","max-snippet":"max-snippet:-1","max-image-preview":"max-image-preview:large","max-video-preview":"max-video-preview:-1"},"canonical":"https:\/\/continuamosmx.com\/index.php\/2026\/01\/16\/raziel-chavarria-transforma-deposito-de-vehiculos-en-nueva-plaza-civica-para-jilotzingo\/","og_locale":"es_ES","og_type":"article","og_title":"RAZIEL CHAVARR\u00cdA TRANSFORMA DEP\u00d3SITO DE VEH\u00cdCULOS EN NUEVA PLAZA C\u00cdVICA PARA JILOTZINGO -","og_description":"*El Gobierno Municipal y el Estado de M\u00e9xico inauguran la Plaza Xilonen, un espacio recuperado tras a\u00f1os de abandono para fomentar la convivencia y el desarrollo econ\u00f3mico. JILOTZINGO, ESTADO DE M\u00c9XICO. \u2013 En un acto que marca un precedente en la recuperaci\u00f3n de la infraestructura urbana local, el presidente municipal, Ing. Raziel Eugenio Chavarr\u00eda Chavarr\u00eda, [&hellip;]","og_url":"https:\/\/continuamosmx.com\/index.php\/2026\/01\/16\/raziel-chavarria-transforma-deposito-de-vehiculos-en-nueva-plaza-civica-para-jilotzingo\/","article_published_time":"2026-01-16T23:06:21+00:00","og_image":[{"width":1600,"height":1200,"url":"https:\/\/continuamosmx.com\/wp-content\/uploads\/2026\/01\/p1.jpeg","type":"image\/jpeg"}],"author":"Continuamos MX","twitter_card":"summary_large_image","twitter_misc":{"Escrito por":"Continuamos MX","Tiempo de lectura":"2 minutos"},"schema":{"@context":"https:\/\/schema.org","@graph":[{"@type":"Article","@id":"https:\/\/continuamosmx.com\/index.php\/2026\/01\/16\/raziel-chavarria-transforma-deposito-de-vehiculos-en-nueva-plaza-civica-para-jilotzingo\/#article","isPartOf":{"@id":"https:\/\/continuamosmx.com\/index.php\/2026\/01\/16\/raziel-chavarria-transforma-deposito-de-vehiculos-en-nueva-plaza-civica-para-jilotzingo\/"},"author":{"name":"Continuamos MX","@id":"https:\/\/continuamosmx.com\/#\/schema\/person\/5eb5356acb1fad784da407d14f0e8d89"},"headline":"RAZIEL CHAVARR\u00cdA TRANSFORMA DEP\u00d3SITO DE VEH\u00cdCULOS EN NUEVA PLAZA C\u00cdVICA PARA JILOTZINGO","datePublished":"2026-01-16T23:06:21+00:00","mainEntityOfPage":{"@id":"https:\/\/continuamosmx.com\/index.php\/2026\/01\/16\/raziel-chavarria-transforma-deposito-de-vehiculos-en-nueva-plaza-civica-para-jilotzingo\/"},"wordCount":320,"publisher":{"@id":"https:\/\/continuamosmx.com\/#organization"},"image":{"@id":"https:\/\/continuamosmx.com\/index.php\/2026\/01\/16\/raziel-chavarria-transforma-deposito-de-vehiculos-en-nueva-plaza-civica-para-jilotzingo\/#primaryimage"},"thumbnailUrl":"https:\/\/continuamosmx.com\/wp-content\/uploads\/2026\/01\/p1.jpeg","articleSection":["JILOTZINGO","LOCALES"],"inLanguage":"es"},{"@type":"WebPage","@id":"https:\/\/continuamosmx.com\/index.php\/2026\/01\/16\/raziel-chavarria-transforma-deposito-de-vehiculos-en-nueva-plaza-civica-para-jilotzingo\/","url":"https:\/\/continuamosmx.com\/index.php\/2026\/01\/16\/raziel-chavarria-transforma-deposito-de-vehiculos-en-nueva-plaza-civica-para-jilotzingo\/","name":"RAZIEL CHAVARR\u00cdA TRANSFORMA DEP\u00d3SITO DE VEH\u00cdCULOS EN NUEVA PLAZA C\u00cdVICA PARA JILOTZINGO -","isPartOf":{"@id":"https:\/\/continuamosmx.com\/#website"},"primaryImageOfPage":{"@id":"https:\/\/continuamosmx.com\/index.php\/2026\/01\/16\/raziel-chavarria-transforma-deposito-de-vehiculos-en-nueva-plaza-civica-para-jilotzingo\/#primaryimage"},"image":{"@id":"https:\/\/continuamosmx.com\/index.php\/2026\/01\/16\/raziel-chavarria-transforma-deposito-de-vehiculos-en-nueva-plaza-civica-para-jilotzingo\/#primaryimage"},"thumbnailUrl":"https:\/\/continuamosmx.com\/wp-content\/uploads\/2026\/01\/p1.jpeg","datePublished":"2026-01-16T23:06:21+00:00","breadcrumb":{"@id":"https:\/\/continuamosmx.com\/index.php\/2026\/01\/16\/raziel-chavarria-transforma-deposito-de-vehiculos-en-nueva-plaza-civica-para-jilotzingo\/#breadcrumb"},"inLanguage":"es","potentialAction":[{"@type":"ReadAction","target":["https:\/\/continuamosmx.com\/index.php\/2026\/01\/16\/raziel-chavarria-transforma-deposito-de-vehiculos-en-nueva-plaza-civica-para-jilotzingo\/"]}]},{"@type":"ImageObject","inLanguage":"es","@id":"https:\/\/continuamosmx.com\/index.php\/2026\/01\/16\/raziel-chavarria-transforma-deposito-de-vehiculos-en-nueva-plaza-civica-para-jilotzingo\/#primaryimage","url":"https:\/\/continuamosmx.com\/wp-content\/uploads\/2026\/01\/p1.jpeg","contentUrl":"https:\/\/continuamosmx.com\/wp-content\/uploads\/2026\/01\/p1.jpeg","width":1600,"height":1200},{"@type":"BreadcrumbList","@id":"https:\/\/continuamosmx.com\/index.php\/2026\/01\/16\/raziel-chavarria-transforma-deposito-de-vehiculos-en-nueva-plaza-civica-para-jilotzingo\/#breadcrumb","itemListElement":[{"@type":"ListItem","position":1,"name":"Inicio","item":"https:\/\/continuamosmx.com\/"},{"@type":"ListItem","position":2,"name":"RAZIEL CHAVARR\u00cdA TRANSFORMA DEP\u00d3SITO DE VEH\u00cdCULOS EN NUEVA PLAZA C\u00cdVICA PARA JILOTZINGO"}]},{"@type":"WebSite","@id":"https:\/\/continuamosmx.com\/#website","url":"https:\/\/continuamosmx.com\/","name":"www.continuamosmx.com","description":"","publisher":{"@id":"https:\/\/continuamosmx.com\/#organization"},"potentialAction":[{"@type":"SearchAction","target":{"@type":"EntryPoint","urlTemplate":"https:\/\/continuamosmx.com\/?s={search_term_string}"},"query-input":{"@type":"PropertyValueSpecification","valueRequired":true,"valueName":"search_term_string"}}],"inLanguage":"es"},{"@type":"Organization","@id":"https:\/\/continuamosmx.com\/#organization","name":"ContinuamosMX","url":"https:\/\/continuamosmx.com\/","logo":{"@type":"ImageObject","inLanguage":"es","@id":"https:\/\/continuamosmx.com\/#\/schema\/logo\/image\/","url":"https:\/\/continuamosmx.com\/wp-content\/uploads\/2023\/04\/cropped-LOGO-CONTI-NUEVO.png","contentUrl":"https:\/\/continuamosmx.com\/wp-content\/uploads\/2023\/04\/cropped-LOGO-CONTI-NUEVO.png","width":1257,"height":430,"caption":"ContinuamosMX"},"image":{"@id":"https:\/\/continuamosmx.com\/#\/schema\/logo\/image\/"}},{"@type":"Person","@id":"https:\/\/continuamosmx.com\/#\/schema\/person\/5eb5356acb1fad784da407d14f0e8d89","name":"Continuamos MX","image":{"@type":"ImageObject","inLanguage":"es","@id":"https:\/\/secure.gravatar.com\/avatar\/30d4f9723476a15f4da34d35fb3501f08d2357016c76051c6a85c354c7489589?s=96&d=mm&r=g","url":"https:\/\/secure.gravatar.com\/avatar\/30d4f9723476a15f4da34d35fb3501f08d2357016c76051c6a85c354c7489589?s=96&d=mm&r=g","contentUrl":"https:\/\/secure.gravatar.com\/avatar\/30d4f9723476a15f4da34d35fb3501f08d2357016c76051c6a85c354c7489589?s=96&d=mm&r=g","caption":"Continuamos MX"},"sameAs":["http:\/\/www.continuamos.mx"],"url":"https:\/\/continuamosmx.com\/index.php\/author\/continuamos\/"}]}},"_links":{"self":[{"href":"https:\/\/continuamosmx.com\/index.php\/wp-json\/wp\/v2\/posts\/52021","targetHints":{"allow":["GET"]}}],"collection":[{"href":"https:\/\/continuamosmx.com\/index.php\/wp-json\/wp\/v2\/posts"}],"about":[{"href":"https:\/\/continuamosmx.com\/index.php\/wp-json\/wp\/v2\/types\/post"}],"author":[{"embeddable":true,"href":"https:\/\/continuamosmx.com\/index.php\/wp-json\/wp\/v2\/users\/6"}],"replies":[{"embeddable":true,"href":"https:\/\/continuamosmx.com\/index.php\/wp-json\/wp\/v2\/comments?post=52021"}],"version-history":[{"count":1,"href":"https:\/\/continuamosmx.com\/index.php\/wp-json\/wp\/v2\/posts\/52021\/revisions"}],"predecessor-version":[{"id":52024,"href":"https:\/\/continuamosmx.com\/index.php\/wp-json\/wp\/v2\/posts\/52021\/revisions\/52024"}],"wp:featuredmedia":[{"embeddable":true,"href":"https:\/\/continuamosmx.com\/index.php\/wp-json\/wp\/v2\/media\/52022"}],"wp:attachment":[{"href":"https:\/\/continuamosmx.com\/index.php\/wp-json\/wp\/v2\/media?parent=52021"}],"wp:term":[{"taxonomy":"category","embeddable":true,"href":"https:\/\/continuamosmx.com\/index.php\/wp-json\/wp\/v2\/categories?post=52021"},{"taxonomy":"post_tag","embeddable":true,"href":"https:\/\/continuamosmx.com\/index.php\/wp-json\/wp\/v2\/tags?post=52021"}],"curies":[{"name":"wp","href":"https:\/\/api.w.org\/{rel}","templated":true}]}}