{"id":52018,"date":"2026-01-16T16:56:26","date_gmt":"2026-01-16T22:56:26","guid":{"rendered":"https:\/\/continuamosmx.com\/?p=52018"},"modified":"2026-01-16T16:56:27","modified_gmt":"2026-01-16T22:56:27","slug":"naucalpan-registra-caida-historica-en-delitos-de-alto-impacto-en-coordinacion-con-estrategia-nacional","status":"publish","type":"post","link":"https:\/\/continuamosmx.com\/index.php\/2026\/01\/16\/naucalpan-registra-caida-historica-en-delitos-de-alto-impacto-en-coordinacion-con-estrategia-nacional\/","title":{"rendered":"NAUCALPAN REGISTRA CA\u00cdDA HIST\u00d3RICA EN DELITOS DE ALTO IMPACTO EN COORDINACI\u00d3N CON ESTRATEGIA NACIONAL"},"content":{"rendered":"\n<hr class=\"wp-block-separator has-alpha-channel-opacity\"\/>\n\n\n\n<h3 class=\"wp-block-heading\">*<strong>El municipio reporta una disminuci\u00f3n del 35.8% en incidencia delictiva general y una baja de hasta el 63% en extorsi\u00f3n durante la actual administraci\u00f3n.<\/strong><\/h3>\n\n\n\n<p><strong>NAUCALPAN DE JU\u00c1REZ, M\u00c9XICO.<\/strong> \u2013 En el marco de la reciente visita de la Presidenta de M\u00e9xico, Claudia Sheinbaum Pardo, al Estado de M\u00e9xico, el Gobierno de Naucalpan reafirm\u00f3 su alineaci\u00f3n con la Estrategia Nacional de Seguridad, logrando cifras de reducci\u00f3n de delitos que superan el promedio estatal. Mientras la entidad mexiquense report\u00f3 una baja del 22% en delitos de alto impacto, el municipio de Naucalpan alcanz\u00f3 una reducci\u00f3n consolidada del 35.8% en comparaci\u00f3n con el a\u00f1o 2024.<\/p>\n\n\n\n<p>Durante la Mesa de Paz celebrada en la colonia El Conde, el alcalde Isaac Montoya M\u00e1rquez detall\u00f3 que este avance es resultado de las iniciativas locales \u00abSeguridad con Todo\u00bb y la \u00abEstrategia Operativa Oriente\u00bb. Entre los datos m\u00e1s destacados de la comparativa 2024-2025, resalta la disminuci\u00f3n del 63% en el delito de extorsi\u00f3n, as\u00ed como una ca\u00edda del 49.3% en el robo de veh\u00edculo con violencia. Asimismo, el homicidio doloso present\u00f3 una reducci\u00f3n del 29.6% y el robo al transporte p\u00fablico un 28.9%.<\/p>\n\n\n\n<p>Como parte de las acciones para fortalecer el tejido social y la prevenci\u00f3n, el Alcalde realiz\u00f3 la entrega de 150 cascos certificados a integrantes de la comunidad biker del municipio. Montoya M\u00e1rquez subray\u00f3 que, adem\u00e1s de la vigilancia, su administraci\u00f3n prioriza la integridad f\u00edsica de los ciudadanos, promoviendo una cultura de responsabilidad vial ante el incremento en el uso de motocicletas en la megal\u00f3polis.<\/p>\n\n\n\n<p>Para el ejercicio 2026, el Gobierno de Naucalpan proyecta un incremento en la inversi\u00f3n destinada a la seguridad p\u00fablica. El plan incluye el equipamiento tecnol\u00f3gico de vanguardia y la mejora sustancial de las condiciones laborales para los elementos de la Guardia Municipal, con el objetivo de consolidar la tendencia a la baja en los \u00edndices de criminalidad y recuperar la tranquilidad en las comunidades.<\/p>\n","protected":false},"excerpt":{"rendered":"<p>*El municipio reporta una disminuci\u00f3n del 35.8% en incidencia delictiva general y una baja de hasta el 63% en extorsi\u00f3n durante la actual administraci\u00f3n. NAUCALPAN DE JU\u00c1REZ, M\u00c9XICO. \u2013 En el marco de la reciente visita de la Presidenta de M\u00e9xico, Claudia Sheinbaum Pardo, al Estado de M\u00e9xico, el Gobierno de Naucalpan reafirm\u00f3 su alineaci\u00f3n [&hellip;]<\/p>\n","protected":false},"author":6,"featured_media":52019,"comment_status":"closed","ping_status":"closed","sticky":false,"template":"","format":"standard","meta":{"footnotes":""},"categories":[4,64],"tags":[],"class_list":["post-52018","post","type-post","status-publish","format-standard","has-post-thumbnail","hentry","category-locales","category-naucalpan"],"yoast_head":"<!-- This site is optimized with the Yoast SEO plugin v27.5 - https:\/\/yoast.com\/product\/yoast-seo-wordpress\/ -->\n<title>NAUCALPAN REGISTRA CA\u00cdDA HIST\u00d3RICA EN DELITOS DE ALTO IMPACTO EN COORDINACI\u00d3N CON ESTRATEGIA NACIONAL -<\/title>\n<meta name=\"robots\" content=\"index, follow, max-snippet:-1, max-image-preview:large, max-video-preview:-1\" \/>\n<link rel=\"canonical\" href=\"https:\/\/continuamosmx.com\/index.php\/2026\/01\/16\/naucalpan-registra-caida-historica-en-delitos-de-alto-impacto-en-coordinacion-con-estrategia-nacional\/\" \/>\n<meta property=\"og:locale\" content=\"es_ES\" \/>\n<meta property=\"og:type\" content=\"article\" \/>\n<meta property=\"og:title\" content=\"NAUCALPAN REGISTRA CA\u00cdDA HIST\u00d3RICA EN DELITOS DE ALTO IMPACTO EN COORDINACI\u00d3N CON ESTRATEGIA NACIONAL -\" \/>\n<meta property=\"og:description\" content=\"*El municipio reporta una disminuci\u00f3n del 35.8% en incidencia delictiva general y una baja de hasta el 63% en extorsi\u00f3n durante la actual administraci\u00f3n. NAUCALPAN DE JU\u00c1REZ, M\u00c9XICO. \u2013 En el marco de la reciente visita de la Presidenta de M\u00e9xico, Claudia Sheinbaum Pardo, al Estado de M\u00e9xico, el Gobierno de Naucalpan reafirm\u00f3 su alineaci\u00f3n [&hellip;]\" \/>\n<meta property=\"og:url\" content=\"https:\/\/continuamosmx.com\/index.php\/2026\/01\/16\/naucalpan-registra-caida-historica-en-delitos-de-alto-impacto-en-coordinacion-con-estrategia-nacional\/\" \/>\n<meta property=\"article:published_time\" content=\"2026-01-16T22:56:26+00:00\" \/>\n<meta property=\"article:modified_time\" content=\"2026-01-16T22:56:27+00:00\" \/>\n<meta property=\"og:image\" content=\"https:\/\/continuamosmx.com\/wp-content\/uploads\/2026\/01\/cas2.jpeg\" \/>\n\t<meta property=\"og:image:width\" content=\"1600\" \/>\n\t<meta property=\"og:image:height\" content=\"1096\" \/>\n\t<meta property=\"og:image:type\" content=\"image\/jpeg\" \/>\n<meta name=\"author\" content=\"Continuamos MX\" \/>\n<meta name=\"twitter:card\" content=\"summary_large_image\" \/>\n<meta name=\"twitter:label1\" content=\"Escrito por\" \/>\n\t<meta name=\"twitter:data1\" content=\"Continuamos MX\" \/>\n\t<meta name=\"twitter:label2\" content=\"Tiempo de lectura\" \/>\n\t<meta name=\"twitter:data2\" content=\"2 minutos\" \/>\n<script type=\"application\/ld+json\" class=\"yoast-schema-graph\">{\"@context\":\"https:\\\/\\\/schema.org\",\"@graph\":[{\"@type\":\"Article\",\"@id\":\"https:\\\/\\\/continuamosmx.com\\\/index.php\\\/2026\\\/01\\\/16\\\/naucalpan-registra-caida-historica-en-delitos-de-alto-impacto-en-coordinacion-con-estrategia-nacional\\\/#article\",\"isPartOf\":{\"@id\":\"https:\\\/\\\/continuamosmx.com\\\/index.php\\\/2026\\\/01\\\/16\\\/naucalpan-registra-caida-historica-en-delitos-de-alto-impacto-en-coordinacion-con-estrategia-nacional\\\/\"},\"author\":{\"name\":\"Continuamos MX\",\"@id\":\"https:\\\/\\\/continuamosmx.com\\\/#\\\/schema\\\/person\\\/5eb5356acb1fad784da407d14f0e8d89\"},\"headline\":\"NAUCALPAN REGISTRA CA\u00cdDA HIST\u00d3RICA EN DELITOS DE ALTO IMPACTO EN COORDINACI\u00d3N CON ESTRATEGIA NACIONAL\",\"datePublished\":\"2026-01-16T22:56:26+00:00\",\"dateModified\":\"2026-01-16T22:56:27+00:00\",\"mainEntityOfPage\":{\"@id\":\"https:\\\/\\\/continuamosmx.com\\\/index.php\\\/2026\\\/01\\\/16\\\/naucalpan-registra-caida-historica-en-delitos-de-alto-impacto-en-coordinacion-con-estrategia-nacional\\\/\"},\"wordCount\":347,\"publisher\":{\"@id\":\"https:\\\/\\\/continuamosmx.com\\\/#organization\"},\"image\":{\"@id\":\"https:\\\/\\\/continuamosmx.com\\\/index.php\\\/2026\\\/01\\\/16\\\/naucalpan-registra-caida-historica-en-delitos-de-alto-impacto-en-coordinacion-con-estrategia-nacional\\\/#primaryimage\"},\"thumbnailUrl\":\"https:\\\/\\\/continuamosmx.com\\\/wp-content\\\/uploads\\\/2026\\\/01\\\/cas2.jpeg\",\"articleSection\":[\"LOCALES\",\"NAUCALPAN\"],\"inLanguage\":\"es\"},{\"@type\":\"WebPage\",\"@id\":\"https:\\\/\\\/continuamosmx.com\\\/index.php\\\/2026\\\/01\\\/16\\\/naucalpan-registra-caida-historica-en-delitos-de-alto-impacto-en-coordinacion-con-estrategia-nacional\\\/\",\"url\":\"https:\\\/\\\/continuamosmx.com\\\/index.php\\\/2026\\\/01\\\/16\\\/naucalpan-registra-caida-historica-en-delitos-de-alto-impacto-en-coordinacion-con-estrategia-nacional\\\/\",\"name\":\"NAUCALPAN REGISTRA CA\u00cdDA HIST\u00d3RICA EN DELITOS DE ALTO IMPACTO EN COORDINACI\u00d3N CON ESTRATEGIA NACIONAL -\",\"isPartOf\":{\"@id\":\"https:\\\/\\\/continuamosmx.com\\\/#website\"},\"primaryImageOfPage\":{\"@id\":\"https:\\\/\\\/continuamosmx.com\\\/index.php\\\/2026\\\/01\\\/16\\\/naucalpan-registra-caida-historica-en-delitos-de-alto-impacto-en-coordinacion-con-estrategia-nacional\\\/#primaryimage\"},\"image\":{\"@id\":\"https:\\\/\\\/continuamosmx.com\\\/index.php\\\/2026\\\/01\\\/16\\\/naucalpan-registra-caida-historica-en-delitos-de-alto-impacto-en-coordinacion-con-estrategia-nacional\\\/#primaryimage\"},\"thumbnailUrl\":\"https:\\\/\\\/continuamosmx.com\\\/wp-content\\\/uploads\\\/2026\\\/01\\\/cas2.jpeg\",\"datePublished\":\"2026-01-16T22:56:26+00:00\",\"dateModified\":\"2026-01-16T22:56:27+00:00\",\"breadcrumb\":{\"@id\":\"https:\\\/\\\/continuamosmx.com\\\/index.php\\\/2026\\\/01\\\/16\\\/naucalpan-registra-caida-historica-en-delitos-de-alto-impacto-en-coordinacion-con-estrategia-nacional\\\/#breadcrumb\"},\"inLanguage\":\"es\",\"potentialAction\":[{\"@type\":\"ReadAction\",\"target\":[\"https:\\\/\\\/continuamosmx.com\\\/index.php\\\/2026\\\/01\\\/16\\\/naucalpan-registra-caida-historica-en-delitos-de-alto-impacto-en-coordinacion-con-estrategia-nacional\\\/\"]}]},{\"@type\":\"ImageObject\",\"inLanguage\":\"es\",\"@id\":\"https:\\\/\\\/continuamosmx.com\\\/index.php\\\/2026\\\/01\\\/16\\\/naucalpan-registra-caida-historica-en-delitos-de-alto-impacto-en-coordinacion-con-estrategia-nacional\\\/#primaryimage\",\"url\":\"https:\\\/\\\/continuamosmx.com\\\/wp-content\\\/uploads\\\/2026\\\/01\\\/cas2.jpeg\",\"contentUrl\":\"https:\\\/\\\/continuamosmx.com\\\/wp-content\\\/uploads\\\/2026\\\/01\\\/cas2.jpeg\",\"width\":1600,\"height\":1096},{\"@type\":\"BreadcrumbList\",\"@id\":\"https:\\\/\\\/continuamosmx.com\\\/index.php\\\/2026\\\/01\\\/16\\\/naucalpan-registra-caida-historica-en-delitos-de-alto-impacto-en-coordinacion-con-estrategia-nacional\\\/#breadcrumb\",\"itemListElement\":[{\"@type\":\"ListItem\",\"position\":1,\"name\":\"Inicio\",\"item\":\"https:\\\/\\\/continuamosmx.com\\\/\"},{\"@type\":\"ListItem\",\"position\":2,\"name\":\"NAUCALPAN REGISTRA CA\u00cdDA HIST\u00d3RICA EN DELITOS DE ALTO IMPACTO EN COORDINACI\u00d3N CON ESTRATEGIA NACIONAL\"}]},{\"@type\":\"WebSite\",\"@id\":\"https:\\\/\\\/continuamosmx.com\\\/#website\",\"url\":\"https:\\\/\\\/continuamosmx.com\\\/\",\"name\":\"www.continuamosmx.com\",\"description\":\"\",\"publisher\":{\"@id\":\"https:\\\/\\\/continuamosmx.com\\\/#organization\"},\"potentialAction\":[{\"@type\":\"SearchAction\",\"target\":{\"@type\":\"EntryPoint\",\"urlTemplate\":\"https:\\\/\\\/continuamosmx.com\\\/?s={search_term_string}\"},\"query-input\":{\"@type\":\"PropertyValueSpecification\",\"valueRequired\":true,\"valueName\":\"search_term_string\"}}],\"inLanguage\":\"es\"},{\"@type\":\"Organization\",\"@id\":\"https:\\\/\\\/continuamosmx.com\\\/#organization\",\"name\":\"ContinuamosMX\",\"url\":\"https:\\\/\\\/continuamosmx.com\\\/\",\"logo\":{\"@type\":\"ImageObject\",\"inLanguage\":\"es\",\"@id\":\"https:\\\/\\\/continuamosmx.com\\\/#\\\/schema\\\/logo\\\/image\\\/\",\"url\":\"https:\\\/\\\/continuamosmx.com\\\/wp-content\\\/uploads\\\/2023\\\/04\\\/cropped-LOGO-CONTI-NUEVO.png\",\"contentUrl\":\"https:\\\/\\\/continuamosmx.com\\\/wp-content\\\/uploads\\\/2023\\\/04\\\/cropped-LOGO-CONTI-NUEVO.png\",\"width\":1257,\"height\":430,\"caption\":\"ContinuamosMX\"},\"image\":{\"@id\":\"https:\\\/\\\/continuamosmx.com\\\/#\\\/schema\\\/logo\\\/image\\\/\"}},{\"@type\":\"Person\",\"@id\":\"https:\\\/\\\/continuamosmx.com\\\/#\\\/schema\\\/person\\\/5eb5356acb1fad784da407d14f0e8d89\",\"name\":\"Continuamos MX\",\"image\":{\"@type\":\"ImageObject\",\"inLanguage\":\"es\",\"@id\":\"https:\\\/\\\/secure.gravatar.com\\\/avatar\\\/30d4f9723476a15f4da34d35fb3501f08d2357016c76051c6a85c354c7489589?s=96&d=mm&r=g\",\"url\":\"https:\\\/\\\/secure.gravatar.com\\\/avatar\\\/30d4f9723476a15f4da34d35fb3501f08d2357016c76051c6a85c354c7489589?s=96&d=mm&r=g\",\"contentUrl\":\"https:\\\/\\\/secure.gravatar.com\\\/avatar\\\/30d4f9723476a15f4da34d35fb3501f08d2357016c76051c6a85c354c7489589?s=96&d=mm&r=g\",\"caption\":\"Continuamos MX\"},\"sameAs\":[\"http:\\\/\\\/www.continuamos.mx\"],\"url\":\"https:\\\/\\\/continuamosmx.com\\\/index.php\\\/author\\\/continuamos\\\/\"}]}<\/script>\n<!-- \/ Yoast SEO plugin. -->","yoast_head_json":{"title":"NAUCALPAN REGISTRA CA\u00cdDA HIST\u00d3RICA EN DELITOS DE ALTO IMPACTO EN COORDINACI\u00d3N CON ESTRATEGIA NACIONAL -","robots":{"index":"index","follow":"follow","max-snippet":"max-snippet:-1","max-image-preview":"max-image-preview:large","max-video-preview":"max-video-preview:-1"},"canonical":"https:\/\/continuamosmx.com\/index.php\/2026\/01\/16\/naucalpan-registra-caida-historica-en-delitos-de-alto-impacto-en-coordinacion-con-estrategia-nacional\/","og_locale":"es_ES","og_type":"article","og_title":"NAUCALPAN REGISTRA CA\u00cdDA HIST\u00d3RICA EN DELITOS DE ALTO IMPACTO EN COORDINACI\u00d3N CON ESTRATEGIA NACIONAL -","og_description":"*El municipio reporta una disminuci\u00f3n del 35.8% en incidencia delictiva general y una baja de hasta el 63% en extorsi\u00f3n durante la actual administraci\u00f3n. NAUCALPAN DE JU\u00c1REZ, M\u00c9XICO. \u2013 En el marco de la reciente visita de la Presidenta de M\u00e9xico, Claudia Sheinbaum Pardo, al Estado de M\u00e9xico, el Gobierno de Naucalpan reafirm\u00f3 su alineaci\u00f3n [&hellip;]","og_url":"https:\/\/continuamosmx.com\/index.php\/2026\/01\/16\/naucalpan-registra-caida-historica-en-delitos-de-alto-impacto-en-coordinacion-con-estrategia-nacional\/","article_published_time":"2026-01-16T22:56:26+00:00","article_modified_time":"2026-01-16T22:56:27+00:00","og_image":[{"width":1600,"height":1096,"url":"https:\/\/continuamosmx.com\/wp-content\/uploads\/2026\/01\/cas2.jpeg","type":"image\/jpeg"}],"author":"Continuamos MX","twitter_card":"summary_large_image","twitter_misc":{"Escrito por":"Continuamos MX","Tiempo de lectura":"2 minutos"},"schema":{"@context":"https:\/\/schema.org","@graph":[{"@type":"Article","@id":"https:\/\/continuamosmx.com\/index.php\/2026\/01\/16\/naucalpan-registra-caida-historica-en-delitos-de-alto-impacto-en-coordinacion-con-estrategia-nacional\/#article","isPartOf":{"@id":"https:\/\/continuamosmx.com\/index.php\/2026\/01\/16\/naucalpan-registra-caida-historica-en-delitos-de-alto-impacto-en-coordinacion-con-estrategia-nacional\/"},"author":{"name":"Continuamos MX","@id":"https:\/\/continuamosmx.com\/#\/schema\/person\/5eb5356acb1fad784da407d14f0e8d89"},"headline":"NAUCALPAN REGISTRA CA\u00cdDA HIST\u00d3RICA EN DELITOS DE ALTO IMPACTO EN COORDINACI\u00d3N CON ESTRATEGIA NACIONAL","datePublished":"2026-01-16T22:56:26+00:00","dateModified":"2026-01-16T22:56:27+00:00","mainEntityOfPage":{"@id":"https:\/\/continuamosmx.com\/index.php\/2026\/01\/16\/naucalpan-registra-caida-historica-en-delitos-de-alto-impacto-en-coordinacion-con-estrategia-nacional\/"},"wordCount":347,"publisher":{"@id":"https:\/\/continuamosmx.com\/#organization"},"image":{"@id":"https:\/\/continuamosmx.com\/index.php\/2026\/01\/16\/naucalpan-registra-caida-historica-en-delitos-de-alto-impacto-en-coordinacion-con-estrategia-nacional\/#primaryimage"},"thumbnailUrl":"https:\/\/continuamosmx.com\/wp-content\/uploads\/2026\/01\/cas2.jpeg","articleSection":["LOCALES","NAUCALPAN"],"inLanguage":"es"},{"@type":"WebPage","@id":"https:\/\/continuamosmx.com\/index.php\/2026\/01\/16\/naucalpan-registra-caida-historica-en-delitos-de-alto-impacto-en-coordinacion-con-estrategia-nacional\/","url":"https:\/\/continuamosmx.com\/index.php\/2026\/01\/16\/naucalpan-registra-caida-historica-en-delitos-de-alto-impacto-en-coordinacion-con-estrategia-nacional\/","name":"NAUCALPAN REGISTRA CA\u00cdDA HIST\u00d3RICA EN DELITOS DE ALTO IMPACTO EN COORDINACI\u00d3N CON ESTRATEGIA NACIONAL -","isPartOf":{"@id":"https:\/\/continuamosmx.com\/#website"},"primaryImageOfPage":{"@id":"https:\/\/continuamosmx.com\/index.php\/2026\/01\/16\/naucalpan-registra-caida-historica-en-delitos-de-alto-impacto-en-coordinacion-con-estrategia-nacional\/#primaryimage"},"image":{"@id":"https:\/\/continuamosmx.com\/index.php\/2026\/01\/16\/naucalpan-registra-caida-historica-en-delitos-de-alto-impacto-en-coordinacion-con-estrategia-nacional\/#primaryimage"},"thumbnailUrl":"https:\/\/continuamosmx.com\/wp-content\/uploads\/2026\/01\/cas2.jpeg","datePublished":"2026-01-16T22:56:26+00:00","dateModified":"2026-01-16T22:56:27+00:00","breadcrumb":{"@id":"https:\/\/continuamosmx.com\/index.php\/2026\/01\/16\/naucalpan-registra-caida-historica-en-delitos-de-alto-impacto-en-coordinacion-con-estrategia-nacional\/#breadcrumb"},"inLanguage":"es","potentialAction":[{"@type":"ReadAction","target":["https:\/\/continuamosmx.com\/index.php\/2026\/01\/16\/naucalpan-registra-caida-historica-en-delitos-de-alto-impacto-en-coordinacion-con-estrategia-nacional\/"]}]},{"@type":"ImageObject","inLanguage":"es","@id":"https:\/\/continuamosmx.com\/index.php\/2026\/01\/16\/naucalpan-registra-caida-historica-en-delitos-de-alto-impacto-en-coordinacion-con-estrategia-nacional\/#primaryimage","url":"https:\/\/continuamosmx.com\/wp-content\/uploads\/2026\/01\/cas2.jpeg","contentUrl":"https:\/\/continuamosmx.com\/wp-content\/uploads\/2026\/01\/cas2.jpeg","width":1600,"height":1096},{"@type":"BreadcrumbList","@id":"https:\/\/continuamosmx.com\/index.php\/2026\/01\/16\/naucalpan-registra-caida-historica-en-delitos-de-alto-impacto-en-coordinacion-con-estrategia-nacional\/#breadcrumb","itemListElement":[{"@type":"ListItem","position":1,"name":"Inicio","item":"https:\/\/continuamosmx.com\/"},{"@type":"ListItem","position":2,"name":"NAUCALPAN REGISTRA CA\u00cdDA HIST\u00d3RICA EN DELITOS DE ALTO IMPACTO EN COORDINACI\u00d3N CON ESTRATEGIA NACIONAL"}]},{"@type":"WebSite","@id":"https:\/\/continuamosmx.com\/#website","url":"https:\/\/continuamosmx.com\/","name":"www.continuamosmx.com","description":"","publisher":{"@id":"https:\/\/continuamosmx.com\/#organization"},"potentialAction":[{"@type":"SearchAction","target":{"@type":"EntryPoint","urlTemplate":"https:\/\/continuamosmx.com\/?s={search_term_string}"},"query-input":{"@type":"PropertyValueSpecification","valueRequired":true,"valueName":"search_term_string"}}],"inLanguage":"es"},{"@type":"Organization","@id":"https:\/\/continuamosmx.com\/#organization","name":"ContinuamosMX","url":"https:\/\/continuamosmx.com\/","logo":{"@type":"ImageObject","inLanguage":"es","@id":"https:\/\/continuamosmx.com\/#\/schema\/logo\/image\/","url":"https:\/\/continuamosmx.com\/wp-content\/uploads\/2023\/04\/cropped-LOGO-CONTI-NUEVO.png","contentUrl":"https:\/\/continuamosmx.com\/wp-content\/uploads\/2023\/04\/cropped-LOGO-CONTI-NUEVO.png","width":1257,"height":430,"caption":"ContinuamosMX"},"image":{"@id":"https:\/\/continuamosmx.com\/#\/schema\/logo\/image\/"}},{"@type":"Person","@id":"https:\/\/continuamosmx.com\/#\/schema\/person\/5eb5356acb1fad784da407d14f0e8d89","name":"Continuamos MX","image":{"@type":"ImageObject","inLanguage":"es","@id":"https:\/\/secure.gravatar.com\/avatar\/30d4f9723476a15f4da34d35fb3501f08d2357016c76051c6a85c354c7489589?s=96&d=mm&r=g","url":"https:\/\/secure.gravatar.com\/avatar\/30d4f9723476a15f4da34d35fb3501f08d2357016c76051c6a85c354c7489589?s=96&d=mm&r=g","contentUrl":"https:\/\/secure.gravatar.com\/avatar\/30d4f9723476a15f4da34d35fb3501f08d2357016c76051c6a85c354c7489589?s=96&d=mm&r=g","caption":"Continuamos MX"},"sameAs":["http:\/\/www.continuamos.mx"],"url":"https:\/\/continuamosmx.com\/index.php\/author\/continuamos\/"}]}},"_links":{"self":[{"href":"https:\/\/continuamosmx.com\/index.php\/wp-json\/wp\/v2\/posts\/52018","targetHints":{"allow":["GET"]}}],"collection":[{"href":"https:\/\/continuamosmx.com\/index.php\/wp-json\/wp\/v2\/posts"}],"about":[{"href":"https:\/\/continuamosmx.com\/index.php\/wp-json\/wp\/v2\/types\/post"}],"author":[{"embeddable":true,"href":"https:\/\/continuamosmx.com\/index.php\/wp-json\/wp\/v2\/users\/6"}],"replies":[{"embeddable":true,"href":"https:\/\/continuamosmx.com\/index.php\/wp-json\/wp\/v2\/comments?post=52018"}],"version-history":[{"count":1,"href":"https:\/\/continuamosmx.com\/index.php\/wp-json\/wp\/v2\/posts\/52018\/revisions"}],"predecessor-version":[{"id":52020,"href":"https:\/\/continuamosmx.com\/index.php\/wp-json\/wp\/v2\/posts\/52018\/revisions\/52020"}],"wp:featuredmedia":[{"embeddable":true,"href":"https:\/\/continuamosmx.com\/index.php\/wp-json\/wp\/v2\/media\/52019"}],"wp:attachment":[{"href":"https:\/\/continuamosmx.com\/index.php\/wp-json\/wp\/v2\/media?parent=52018"}],"wp:term":[{"taxonomy":"category","embeddable":true,"href":"https:\/\/continuamosmx.com\/index.php\/wp-json\/wp\/v2\/categories?post=52018"},{"taxonomy":"post_tag","embeddable":true,"href":"https:\/\/continuamosmx.com\/index.php\/wp-json\/wp\/v2\/tags?post=52018"}],"curies":[{"name":"wp","href":"https:\/\/api.w.org\/{rel}","templated":true}]}}