{"id":52012,"date":"2026-01-16T10:45:04","date_gmt":"2026-01-16T16:45:04","guid":{"rendered":"https:\/\/continuamosmx.com\/?p=52012"},"modified":"2026-01-16T10:45:04","modified_gmt":"2026-01-16T16:45:04","slug":"gobierno-de-jilotzingo-entrega-infraestructura-educativa-en-la-primaria-francisco-i-madero","status":"publish","type":"post","link":"https:\/\/continuamosmx.com\/index.php\/2026\/01\/16\/gobierno-de-jilotzingo-entrega-infraestructura-educativa-en-la-primaria-francisco-i-madero\/","title":{"rendered":"GOBIERNO DE JILOTZINGO ENTREGA INFRAESTRUCTURA EDUCATIVA EN LA PRIMARIA FRANCISCO I. MADERO"},"content":{"rendered":"\n<h3 class=\"wp-block-heading\">*<strong>El alcalde Raziel Chavarr\u00eda Chavarr\u00eda inaugur\u00f3 un arcotecho, escalinatas y rehabilitaci\u00f3n de canchas en la comunidad de Mazatla, cumpliendo con demandas hist\u00f3ricas de la instituci\u00f3n.<\/strong><\/h3>\n\n\n\n<p><strong>JILOTZINGO, ESTADO DE M\u00c9XICO.<\/strong> \u2013 En un esfuerzo por dignificar los espacios de aprendizaje para la ni\u00f1ez mexiquense, el Gobierno de Jilotzingo, encabezado por el presidente municipal Raziel Chavarr\u00eda Chavarr\u00eda, realiz\u00f3 la entrega formal de nuevas obras de infraestructura en la Escuela Primaria Francisco I. Madero, ubicada en la comunidad de Mazatla.<\/p>\n\n\n\n<p>El paquete de obras incluy\u00f3 la construcci\u00f3n de un arcotecho de grandes dimensiones, la edificaci\u00f3n de escalinatas para mejorar la movilidad interna y la aplicaci\u00f3n de pintura especializada en las canchas deportivas. Estas mejoras no solo transforman la imagen del plantel, sino que garantizan que los estudiantes puedan realizar actividades f\u00edsicas y c\u00edvicas protegidos de las inclemencias del tiempo, en un entorno seguro y adecuado para su desarrollo.<\/p>\n\n\n\n<p>Durante el evento de inauguraci\u00f3n, se destac\u00f3 que estos trabajos responden a solicitudes ciudadanas que hab\u00edan sido postergadas por administraciones pasadas. Al iniciar este 2026, la administraci\u00f3n actual reafirma su compromiso con el sector educativo, priorizando la inversi\u00f3n en infraestructura como eje central para el bienestar infantil. Con estas acciones, Jilotzingo avanza en la consolidaci\u00f3n de espacios p\u00fablicos que fomentan la educaci\u00f3n y la cohesi\u00f3n social en sus comunidades.<\/p>\n","protected":false},"excerpt":{"rendered":"<p>*El alcalde Raziel Chavarr\u00eda Chavarr\u00eda inaugur\u00f3 un arcotecho, escalinatas y rehabilitaci\u00f3n de canchas en la comunidad de Mazatla, cumpliendo con demandas hist\u00f3ricas de la instituci\u00f3n. JILOTZINGO, ESTADO DE M\u00c9XICO. \u2013 En un esfuerzo por dignificar los espacios de aprendizaje para la ni\u00f1ez mexiquense, el Gobierno de Jilotzingo, encabezado por el presidente municipal Raziel Chavarr\u00eda Chavarr\u00eda, [&hellip;]<\/p>\n","protected":false},"author":6,"featured_media":52013,"comment_status":"closed","ping_status":"closed","sticky":false,"template":"","format":"standard","meta":{"footnotes":""},"categories":[169,4],"tags":[],"class_list":["post-52012","post","type-post","status-publish","format-standard","has-post-thumbnail","hentry","category-jilotzingo","category-locales"],"yoast_head":"<!-- This site is optimized with the Yoast SEO plugin v27.5 - https:\/\/yoast.com\/product\/yoast-seo-wordpress\/ -->\n<title>GOBIERNO DE JILOTZINGO ENTREGA INFRAESTRUCTURA EDUCATIVA EN LA PRIMARIA FRANCISCO I. MADERO -<\/title>\n<meta name=\"robots\" content=\"index, follow, max-snippet:-1, max-image-preview:large, max-video-preview:-1\" \/>\n<link rel=\"canonical\" href=\"https:\/\/continuamosmx.com\/index.php\/2026\/01\/16\/gobierno-de-jilotzingo-entrega-infraestructura-educativa-en-la-primaria-francisco-i-madero\/\" \/>\n<meta property=\"og:locale\" content=\"es_ES\" \/>\n<meta property=\"og:type\" content=\"article\" \/>\n<meta property=\"og:title\" content=\"GOBIERNO DE JILOTZINGO ENTREGA INFRAESTRUCTURA EDUCATIVA EN LA PRIMARIA FRANCISCO I. MADERO -\" \/>\n<meta property=\"og:description\" content=\"*El alcalde Raziel Chavarr\u00eda Chavarr\u00eda inaugur\u00f3 un arcotecho, escalinatas y rehabilitaci\u00f3n de canchas en la comunidad de Mazatla, cumpliendo con demandas hist\u00f3ricas de la instituci\u00f3n. JILOTZINGO, ESTADO DE M\u00c9XICO. \u2013 En un esfuerzo por dignificar los espacios de aprendizaje para la ni\u00f1ez mexiquense, el Gobierno de Jilotzingo, encabezado por el presidente municipal Raziel Chavarr\u00eda Chavarr\u00eda, [&hellip;]\" \/>\n<meta property=\"og:url\" content=\"https:\/\/continuamosmx.com\/index.php\/2026\/01\/16\/gobierno-de-jilotzingo-entrega-infraestructura-educativa-en-la-primaria-francisco-i-madero\/\" \/>\n<meta property=\"article:published_time\" content=\"2026-01-16T16:45:04+00:00\" \/>\n<meta property=\"og:image\" content=\"https:\/\/continuamosmx.com\/wp-content\/uploads\/2026\/01\/jilo-1.jpg\" \/>\n\t<meta property=\"og:image:width\" content=\"1600\" \/>\n\t<meta property=\"og:image:height\" content=\"1066\" \/>\n\t<meta property=\"og:image:type\" content=\"image\/jpeg\" \/>\n<meta name=\"author\" content=\"Continuamos MX\" \/>\n<meta name=\"twitter:card\" content=\"summary_large_image\" \/>\n<meta name=\"twitter:label1\" content=\"Escrito por\" \/>\n\t<meta name=\"twitter:data1\" content=\"Continuamos MX\" \/>\n\t<meta name=\"twitter:label2\" content=\"Tiempo de lectura\" \/>\n\t<meta name=\"twitter:data2\" content=\"1 minuto\" \/>\n<script type=\"application\/ld+json\" class=\"yoast-schema-graph\">{\"@context\":\"https:\\\/\\\/schema.org\",\"@graph\":[{\"@type\":\"Article\",\"@id\":\"https:\\\/\\\/continuamosmx.com\\\/index.php\\\/2026\\\/01\\\/16\\\/gobierno-de-jilotzingo-entrega-infraestructura-educativa-en-la-primaria-francisco-i-madero\\\/#article\",\"isPartOf\":{\"@id\":\"https:\\\/\\\/continuamosmx.com\\\/index.php\\\/2026\\\/01\\\/16\\\/gobierno-de-jilotzingo-entrega-infraestructura-educativa-en-la-primaria-francisco-i-madero\\\/\"},\"author\":{\"name\":\"Continuamos MX\",\"@id\":\"https:\\\/\\\/continuamosmx.com\\\/#\\\/schema\\\/person\\\/5eb5356acb1fad784da407d14f0e8d89\"},\"headline\":\"GOBIERNO DE JILOTZINGO ENTREGA INFRAESTRUCTURA EDUCATIVA EN LA PRIMARIA FRANCISCO I. MADERO\",\"datePublished\":\"2026-01-16T16:45:04+00:00\",\"mainEntityOfPage\":{\"@id\":\"https:\\\/\\\/continuamosmx.com\\\/index.php\\\/2026\\\/01\\\/16\\\/gobierno-de-jilotzingo-entrega-infraestructura-educativa-en-la-primaria-francisco-i-madero\\\/\"},\"wordCount\":246,\"publisher\":{\"@id\":\"https:\\\/\\\/continuamosmx.com\\\/#organization\"},\"image\":{\"@id\":\"https:\\\/\\\/continuamosmx.com\\\/index.php\\\/2026\\\/01\\\/16\\\/gobierno-de-jilotzingo-entrega-infraestructura-educativa-en-la-primaria-francisco-i-madero\\\/#primaryimage\"},\"thumbnailUrl\":\"https:\\\/\\\/continuamosmx.com\\\/wp-content\\\/uploads\\\/2026\\\/01\\\/jilo-1.jpg\",\"articleSection\":[\"JILOTZINGO\",\"LOCALES\"],\"inLanguage\":\"es\"},{\"@type\":\"WebPage\",\"@id\":\"https:\\\/\\\/continuamosmx.com\\\/index.php\\\/2026\\\/01\\\/16\\\/gobierno-de-jilotzingo-entrega-infraestructura-educativa-en-la-primaria-francisco-i-madero\\\/\",\"url\":\"https:\\\/\\\/continuamosmx.com\\\/index.php\\\/2026\\\/01\\\/16\\\/gobierno-de-jilotzingo-entrega-infraestructura-educativa-en-la-primaria-francisco-i-madero\\\/\",\"name\":\"GOBIERNO DE JILOTZINGO ENTREGA INFRAESTRUCTURA EDUCATIVA EN LA PRIMARIA FRANCISCO I. MADERO -\",\"isPartOf\":{\"@id\":\"https:\\\/\\\/continuamosmx.com\\\/#website\"},\"primaryImageOfPage\":{\"@id\":\"https:\\\/\\\/continuamosmx.com\\\/index.php\\\/2026\\\/01\\\/16\\\/gobierno-de-jilotzingo-entrega-infraestructura-educativa-en-la-primaria-francisco-i-madero\\\/#primaryimage\"},\"image\":{\"@id\":\"https:\\\/\\\/continuamosmx.com\\\/index.php\\\/2026\\\/01\\\/16\\\/gobierno-de-jilotzingo-entrega-infraestructura-educativa-en-la-primaria-francisco-i-madero\\\/#primaryimage\"},\"thumbnailUrl\":\"https:\\\/\\\/continuamosmx.com\\\/wp-content\\\/uploads\\\/2026\\\/01\\\/jilo-1.jpg\",\"datePublished\":\"2026-01-16T16:45:04+00:00\",\"breadcrumb\":{\"@id\":\"https:\\\/\\\/continuamosmx.com\\\/index.php\\\/2026\\\/01\\\/16\\\/gobierno-de-jilotzingo-entrega-infraestructura-educativa-en-la-primaria-francisco-i-madero\\\/#breadcrumb\"},\"inLanguage\":\"es\",\"potentialAction\":[{\"@type\":\"ReadAction\",\"target\":[\"https:\\\/\\\/continuamosmx.com\\\/index.php\\\/2026\\\/01\\\/16\\\/gobierno-de-jilotzingo-entrega-infraestructura-educativa-en-la-primaria-francisco-i-madero\\\/\"]}]},{\"@type\":\"ImageObject\",\"inLanguage\":\"es\",\"@id\":\"https:\\\/\\\/continuamosmx.com\\\/index.php\\\/2026\\\/01\\\/16\\\/gobierno-de-jilotzingo-entrega-infraestructura-educativa-en-la-primaria-francisco-i-madero\\\/#primaryimage\",\"url\":\"https:\\\/\\\/continuamosmx.com\\\/wp-content\\\/uploads\\\/2026\\\/01\\\/jilo-1.jpg\",\"contentUrl\":\"https:\\\/\\\/continuamosmx.com\\\/wp-content\\\/uploads\\\/2026\\\/01\\\/jilo-1.jpg\",\"width\":1600,\"height\":1066},{\"@type\":\"BreadcrumbList\",\"@id\":\"https:\\\/\\\/continuamosmx.com\\\/index.php\\\/2026\\\/01\\\/16\\\/gobierno-de-jilotzingo-entrega-infraestructura-educativa-en-la-primaria-francisco-i-madero\\\/#breadcrumb\",\"itemListElement\":[{\"@type\":\"ListItem\",\"position\":1,\"name\":\"Inicio\",\"item\":\"https:\\\/\\\/continuamosmx.com\\\/\"},{\"@type\":\"ListItem\",\"position\":2,\"name\":\"GOBIERNO DE JILOTZINGO ENTREGA INFRAESTRUCTURA EDUCATIVA EN LA PRIMARIA FRANCISCO I. MADERO\"}]},{\"@type\":\"WebSite\",\"@id\":\"https:\\\/\\\/continuamosmx.com\\\/#website\",\"url\":\"https:\\\/\\\/continuamosmx.com\\\/\",\"name\":\"www.continuamosmx.com\",\"description\":\"\",\"publisher\":{\"@id\":\"https:\\\/\\\/continuamosmx.com\\\/#organization\"},\"potentialAction\":[{\"@type\":\"SearchAction\",\"target\":{\"@type\":\"EntryPoint\",\"urlTemplate\":\"https:\\\/\\\/continuamosmx.com\\\/?s={search_term_string}\"},\"query-input\":{\"@type\":\"PropertyValueSpecification\",\"valueRequired\":true,\"valueName\":\"search_term_string\"}}],\"inLanguage\":\"es\"},{\"@type\":\"Organization\",\"@id\":\"https:\\\/\\\/continuamosmx.com\\\/#organization\",\"name\":\"ContinuamosMX\",\"url\":\"https:\\\/\\\/continuamosmx.com\\\/\",\"logo\":{\"@type\":\"ImageObject\",\"inLanguage\":\"es\",\"@id\":\"https:\\\/\\\/continuamosmx.com\\\/#\\\/schema\\\/logo\\\/image\\\/\",\"url\":\"https:\\\/\\\/continuamosmx.com\\\/wp-content\\\/uploads\\\/2023\\\/04\\\/cropped-LOGO-CONTI-NUEVO.png\",\"contentUrl\":\"https:\\\/\\\/continuamosmx.com\\\/wp-content\\\/uploads\\\/2023\\\/04\\\/cropped-LOGO-CONTI-NUEVO.png\",\"width\":1257,\"height\":430,\"caption\":\"ContinuamosMX\"},\"image\":{\"@id\":\"https:\\\/\\\/continuamosmx.com\\\/#\\\/schema\\\/logo\\\/image\\\/\"}},{\"@type\":\"Person\",\"@id\":\"https:\\\/\\\/continuamosmx.com\\\/#\\\/schema\\\/person\\\/5eb5356acb1fad784da407d14f0e8d89\",\"name\":\"Continuamos MX\",\"image\":{\"@type\":\"ImageObject\",\"inLanguage\":\"es\",\"@id\":\"https:\\\/\\\/secure.gravatar.com\\\/avatar\\\/30d4f9723476a15f4da34d35fb3501f08d2357016c76051c6a85c354c7489589?s=96&d=mm&r=g\",\"url\":\"https:\\\/\\\/secure.gravatar.com\\\/avatar\\\/30d4f9723476a15f4da34d35fb3501f08d2357016c76051c6a85c354c7489589?s=96&d=mm&r=g\",\"contentUrl\":\"https:\\\/\\\/secure.gravatar.com\\\/avatar\\\/30d4f9723476a15f4da34d35fb3501f08d2357016c76051c6a85c354c7489589?s=96&d=mm&r=g\",\"caption\":\"Continuamos MX\"},\"sameAs\":[\"http:\\\/\\\/www.continuamos.mx\"],\"url\":\"https:\\\/\\\/continuamosmx.com\\\/index.php\\\/author\\\/continuamos\\\/\"}]}<\/script>\n<!-- \/ Yoast SEO plugin. -->","yoast_head_json":{"title":"GOBIERNO DE JILOTZINGO ENTREGA INFRAESTRUCTURA EDUCATIVA EN LA PRIMARIA FRANCISCO I. MADERO -","robots":{"index":"index","follow":"follow","max-snippet":"max-snippet:-1","max-image-preview":"max-image-preview:large","max-video-preview":"max-video-preview:-1"},"canonical":"https:\/\/continuamosmx.com\/index.php\/2026\/01\/16\/gobierno-de-jilotzingo-entrega-infraestructura-educativa-en-la-primaria-francisco-i-madero\/","og_locale":"es_ES","og_type":"article","og_title":"GOBIERNO DE JILOTZINGO ENTREGA INFRAESTRUCTURA EDUCATIVA EN LA PRIMARIA FRANCISCO I. MADERO -","og_description":"*El alcalde Raziel Chavarr\u00eda Chavarr\u00eda inaugur\u00f3 un arcotecho, escalinatas y rehabilitaci\u00f3n de canchas en la comunidad de Mazatla, cumpliendo con demandas hist\u00f3ricas de la instituci\u00f3n. JILOTZINGO, ESTADO DE M\u00c9XICO. \u2013 En un esfuerzo por dignificar los espacios de aprendizaje para la ni\u00f1ez mexiquense, el Gobierno de Jilotzingo, encabezado por el presidente municipal Raziel Chavarr\u00eda Chavarr\u00eda, [&hellip;]","og_url":"https:\/\/continuamosmx.com\/index.php\/2026\/01\/16\/gobierno-de-jilotzingo-entrega-infraestructura-educativa-en-la-primaria-francisco-i-madero\/","article_published_time":"2026-01-16T16:45:04+00:00","og_image":[{"width":1600,"height":1066,"url":"https:\/\/continuamosmx.com\/wp-content\/uploads\/2026\/01\/jilo-1.jpg","type":"image\/jpeg"}],"author":"Continuamos MX","twitter_card":"summary_large_image","twitter_misc":{"Escrito por":"Continuamos MX","Tiempo de lectura":"1 minuto"},"schema":{"@context":"https:\/\/schema.org","@graph":[{"@type":"Article","@id":"https:\/\/continuamosmx.com\/index.php\/2026\/01\/16\/gobierno-de-jilotzingo-entrega-infraestructura-educativa-en-la-primaria-francisco-i-madero\/#article","isPartOf":{"@id":"https:\/\/continuamosmx.com\/index.php\/2026\/01\/16\/gobierno-de-jilotzingo-entrega-infraestructura-educativa-en-la-primaria-francisco-i-madero\/"},"author":{"name":"Continuamos MX","@id":"https:\/\/continuamosmx.com\/#\/schema\/person\/5eb5356acb1fad784da407d14f0e8d89"},"headline":"GOBIERNO DE JILOTZINGO ENTREGA INFRAESTRUCTURA EDUCATIVA EN LA PRIMARIA FRANCISCO I. MADERO","datePublished":"2026-01-16T16:45:04+00:00","mainEntityOfPage":{"@id":"https:\/\/continuamosmx.com\/index.php\/2026\/01\/16\/gobierno-de-jilotzingo-entrega-infraestructura-educativa-en-la-primaria-francisco-i-madero\/"},"wordCount":246,"publisher":{"@id":"https:\/\/continuamosmx.com\/#organization"},"image":{"@id":"https:\/\/continuamosmx.com\/index.php\/2026\/01\/16\/gobierno-de-jilotzingo-entrega-infraestructura-educativa-en-la-primaria-francisco-i-madero\/#primaryimage"},"thumbnailUrl":"https:\/\/continuamosmx.com\/wp-content\/uploads\/2026\/01\/jilo-1.jpg","articleSection":["JILOTZINGO","LOCALES"],"inLanguage":"es"},{"@type":"WebPage","@id":"https:\/\/continuamosmx.com\/index.php\/2026\/01\/16\/gobierno-de-jilotzingo-entrega-infraestructura-educativa-en-la-primaria-francisco-i-madero\/","url":"https:\/\/continuamosmx.com\/index.php\/2026\/01\/16\/gobierno-de-jilotzingo-entrega-infraestructura-educativa-en-la-primaria-francisco-i-madero\/","name":"GOBIERNO DE JILOTZINGO ENTREGA INFRAESTRUCTURA EDUCATIVA EN LA PRIMARIA FRANCISCO I. MADERO -","isPartOf":{"@id":"https:\/\/continuamosmx.com\/#website"},"primaryImageOfPage":{"@id":"https:\/\/continuamosmx.com\/index.php\/2026\/01\/16\/gobierno-de-jilotzingo-entrega-infraestructura-educativa-en-la-primaria-francisco-i-madero\/#primaryimage"},"image":{"@id":"https:\/\/continuamosmx.com\/index.php\/2026\/01\/16\/gobierno-de-jilotzingo-entrega-infraestructura-educativa-en-la-primaria-francisco-i-madero\/#primaryimage"},"thumbnailUrl":"https:\/\/continuamosmx.com\/wp-content\/uploads\/2026\/01\/jilo-1.jpg","datePublished":"2026-01-16T16:45:04+00:00","breadcrumb":{"@id":"https:\/\/continuamosmx.com\/index.php\/2026\/01\/16\/gobierno-de-jilotzingo-entrega-infraestructura-educativa-en-la-primaria-francisco-i-madero\/#breadcrumb"},"inLanguage":"es","potentialAction":[{"@type":"ReadAction","target":["https:\/\/continuamosmx.com\/index.php\/2026\/01\/16\/gobierno-de-jilotzingo-entrega-infraestructura-educativa-en-la-primaria-francisco-i-madero\/"]}]},{"@type":"ImageObject","inLanguage":"es","@id":"https:\/\/continuamosmx.com\/index.php\/2026\/01\/16\/gobierno-de-jilotzingo-entrega-infraestructura-educativa-en-la-primaria-francisco-i-madero\/#primaryimage","url":"https:\/\/continuamosmx.com\/wp-content\/uploads\/2026\/01\/jilo-1.jpg","contentUrl":"https:\/\/continuamosmx.com\/wp-content\/uploads\/2026\/01\/jilo-1.jpg","width":1600,"height":1066},{"@type":"BreadcrumbList","@id":"https:\/\/continuamosmx.com\/index.php\/2026\/01\/16\/gobierno-de-jilotzingo-entrega-infraestructura-educativa-en-la-primaria-francisco-i-madero\/#breadcrumb","itemListElement":[{"@type":"ListItem","position":1,"name":"Inicio","item":"https:\/\/continuamosmx.com\/"},{"@type":"ListItem","position":2,"name":"GOBIERNO DE JILOTZINGO ENTREGA INFRAESTRUCTURA EDUCATIVA EN LA PRIMARIA FRANCISCO I. MADERO"}]},{"@type":"WebSite","@id":"https:\/\/continuamosmx.com\/#website","url":"https:\/\/continuamosmx.com\/","name":"www.continuamosmx.com","description":"","publisher":{"@id":"https:\/\/continuamosmx.com\/#organization"},"potentialAction":[{"@type":"SearchAction","target":{"@type":"EntryPoint","urlTemplate":"https:\/\/continuamosmx.com\/?s={search_term_string}"},"query-input":{"@type":"PropertyValueSpecification","valueRequired":true,"valueName":"search_term_string"}}],"inLanguage":"es"},{"@type":"Organization","@id":"https:\/\/continuamosmx.com\/#organization","name":"ContinuamosMX","url":"https:\/\/continuamosmx.com\/","logo":{"@type":"ImageObject","inLanguage":"es","@id":"https:\/\/continuamosmx.com\/#\/schema\/logo\/image\/","url":"https:\/\/continuamosmx.com\/wp-content\/uploads\/2023\/04\/cropped-LOGO-CONTI-NUEVO.png","contentUrl":"https:\/\/continuamosmx.com\/wp-content\/uploads\/2023\/04\/cropped-LOGO-CONTI-NUEVO.png","width":1257,"height":430,"caption":"ContinuamosMX"},"image":{"@id":"https:\/\/continuamosmx.com\/#\/schema\/logo\/image\/"}},{"@type":"Person","@id":"https:\/\/continuamosmx.com\/#\/schema\/person\/5eb5356acb1fad784da407d14f0e8d89","name":"Continuamos MX","image":{"@type":"ImageObject","inLanguage":"es","@id":"https:\/\/secure.gravatar.com\/avatar\/30d4f9723476a15f4da34d35fb3501f08d2357016c76051c6a85c354c7489589?s=96&d=mm&r=g","url":"https:\/\/secure.gravatar.com\/avatar\/30d4f9723476a15f4da34d35fb3501f08d2357016c76051c6a85c354c7489589?s=96&d=mm&r=g","contentUrl":"https:\/\/secure.gravatar.com\/avatar\/30d4f9723476a15f4da34d35fb3501f08d2357016c76051c6a85c354c7489589?s=96&d=mm&r=g","caption":"Continuamos MX"},"sameAs":["http:\/\/www.continuamos.mx"],"url":"https:\/\/continuamosmx.com\/index.php\/author\/continuamos\/"}]}},"_links":{"self":[{"href":"https:\/\/continuamosmx.com\/index.php\/wp-json\/wp\/v2\/posts\/52012","targetHints":{"allow":["GET"]}}],"collection":[{"href":"https:\/\/continuamosmx.com\/index.php\/wp-json\/wp\/v2\/posts"}],"about":[{"href":"https:\/\/continuamosmx.com\/index.php\/wp-json\/wp\/v2\/types\/post"}],"author":[{"embeddable":true,"href":"https:\/\/continuamosmx.com\/index.php\/wp-json\/wp\/v2\/users\/6"}],"replies":[{"embeddable":true,"href":"https:\/\/continuamosmx.com\/index.php\/wp-json\/wp\/v2\/comments?post=52012"}],"version-history":[{"count":1,"href":"https:\/\/continuamosmx.com\/index.php\/wp-json\/wp\/v2\/posts\/52012\/revisions"}],"predecessor-version":[{"id":52014,"href":"https:\/\/continuamosmx.com\/index.php\/wp-json\/wp\/v2\/posts\/52012\/revisions\/52014"}],"wp:featuredmedia":[{"embeddable":true,"href":"https:\/\/continuamosmx.com\/index.php\/wp-json\/wp\/v2\/media\/52013"}],"wp:attachment":[{"href":"https:\/\/continuamosmx.com\/index.php\/wp-json\/wp\/v2\/media?parent=52012"}],"wp:term":[{"taxonomy":"category","embeddable":true,"href":"https:\/\/continuamosmx.com\/index.php\/wp-json\/wp\/v2\/categories?post=52012"},{"taxonomy":"post_tag","embeddable":true,"href":"https:\/\/continuamosmx.com\/index.php\/wp-json\/wp\/v2\/tags?post=52012"}],"curies":[{"name":"wp","href":"https:\/\/api.w.org\/{rel}","templated":true}]}}