{"id":51996,"date":"2026-01-15T16:30:40","date_gmt":"2026-01-15T22:30:40","guid":{"rendered":"https:\/\/continuamosmx.com\/?p=51996"},"modified":"2026-01-15T16:30:40","modified_gmt":"2026-01-15T22:30:40","slug":"daniel-serrano-fortalece-atencion-ciudadana-con-el-regreso-del-dia-del-pueblo-en-2026","status":"publish","type":"post","link":"https:\/\/continuamosmx.com\/index.php\/2026\/01\/15\/daniel-serrano-fortalece-atencion-ciudadana-con-el-regreso-del-dia-del-pueblo-en-2026\/","title":{"rendered":"DANIEL SERRANO FORTALECE ATENCI\u00d3N CIUDADANA CON EL REGRESO DEL \u201cD\u00cdA DEL PUEBLO\u201d EN 2026"},"content":{"rendered":"\n<h3 class=\"wp-block-heading\">*<strong>El Gobierno Municipal de Cuautitl\u00e1n Izcalli anuncia la expansi\u00f3n de este programa a la Explanada Municipal para agilizar la resoluci\u00f3n de problem\u00e1ticas locales.<\/strong><\/h3>\n\n\n\n<p><strong>CUAUTITL\u00c1N IZCALLI.<\/strong>\u2013 En el marco del inicio de actividades del a\u00f1o 2026, el Presidente Municipal, Daniel Serrano, encabez\u00f3 una nueva jornada del programa \u201cD\u00eda del Pueblo\u201d en la Unidad Habitacional CTM de Infonavit Norte. Este encuentro reafirma la pol\u00edtica de proximidad social de la actual administraci\u00f3n, permitiendo que los titulares de las diversas dependencias municipales atiendan de manera personal y directa las solicitudes de la poblaci\u00f3n en sus propias comunidades.<\/p>\n\n\n\n<p>Durante el evento, el alcalde subray\u00f3 que el objetivo central es eliminar las barreras burocr\u00e1ticas y ofrecer respuestas inmediatas en materia de servicios p\u00fablicos. Como novedad para este ejercicio fiscal, Serrano inform\u00f3 que se adicionar\u00e1 una fecha peri\u00f3dica de atenci\u00f3n en la Explanada Municipal, ampliando as\u00ed la capacidad de gesti\u00f3n del ayuntamiento.<\/p>\n\n\n\n<p>En su mensaje a los vecinos de Infonavit Norte, el edil destac\u00f3 los resultados obtenidos hasta la fecha en rubros estrat\u00e9gicos como la seguridad p\u00fablica, la ejecuci\u00f3n de obra civil, la recuperaci\u00f3n de pozos de agua y el programa permanente de mantenimiento vial. Con estas acciones, el Gobierno de Cuautitl\u00e1n Izcalli busca consolidar un modelo de gobernanza participativa donde las soluciones se construyan de la mano con la ciudadan\u00eda.<\/p>\n\n\n\n<figure class=\"wp-block-image size-large\"><img loading=\"lazy\" decoding=\"async\" width=\"1024\" height=\"683\" src=\"https:\/\/continuamosmx.com\/wp-content\/uploads\/2026\/01\/s3-1024x683.jpg\" alt=\"\" class=\"wp-image-51998\" srcset=\"https:\/\/continuamosmx.com\/wp-content\/uploads\/2026\/01\/s3-1024x683.jpg 1024w, https:\/\/continuamosmx.com\/wp-content\/uploads\/2026\/01\/s3-300x200.jpg 300w, https:\/\/continuamosmx.com\/wp-content\/uploads\/2026\/01\/s3-768x512.jpg 768w, https:\/\/continuamosmx.com\/wp-content\/uploads\/2026\/01\/s3-1536x1025.jpg 1536w, https:\/\/continuamosmx.com\/wp-content\/uploads\/2026\/01\/s3-200x133.jpg 200w, https:\/\/continuamosmx.com\/wp-content\/uploads\/2026\/01\/s3.jpg 2048w\" sizes=\"auto, (max-width: 1024px) 100vw, 1024px\" \/><\/figure>\n","protected":false},"excerpt":{"rendered":"<p>*El Gobierno Municipal de Cuautitl\u00e1n Izcalli anuncia la expansi\u00f3n de este programa a la Explanada Municipal para agilizar la resoluci\u00f3n de problem\u00e1ticas locales. CUAUTITL\u00c1N IZCALLI.\u2013 En el marco del inicio de actividades del a\u00f1o 2026, el Presidente Municipal, Daniel Serrano, encabez\u00f3 una nueva jornada del programa \u201cD\u00eda del Pueblo\u201d en la Unidad Habitacional CTM de [&hellip;]<\/p>\n","protected":false},"author":6,"featured_media":51997,"comment_status":"closed","ping_status":"closed","sticky":false,"template":"","format":"standard","meta":{"footnotes":""},"categories":[22,4],"tags":[],"class_list":["post-51996","post","type-post","status-publish","format-standard","has-post-thumbnail","hentry","category-c-izcalli","category-locales"],"yoast_head":"<!-- This site is optimized with the Yoast SEO plugin v27.5 - https:\/\/yoast.com\/product\/yoast-seo-wordpress\/ -->\n<title>DANIEL SERRANO FORTALECE ATENCI\u00d3N CIUDADANA CON EL REGRESO DEL \u201cD\u00cdA DEL PUEBLO\u201d EN 2026 -<\/title>\n<meta name=\"robots\" content=\"index, follow, max-snippet:-1, max-image-preview:large, max-video-preview:-1\" \/>\n<link rel=\"canonical\" href=\"https:\/\/continuamosmx.com\/index.php\/2026\/01\/15\/daniel-serrano-fortalece-atencion-ciudadana-con-el-regreso-del-dia-del-pueblo-en-2026\/\" \/>\n<meta property=\"og:locale\" content=\"es_ES\" \/>\n<meta property=\"og:type\" content=\"article\" \/>\n<meta property=\"og:title\" content=\"DANIEL SERRANO FORTALECE ATENCI\u00d3N CIUDADANA CON EL REGRESO DEL \u201cD\u00cdA DEL PUEBLO\u201d EN 2026 -\" \/>\n<meta property=\"og:description\" content=\"*El Gobierno Municipal de Cuautitl\u00e1n Izcalli anuncia la expansi\u00f3n de este programa a la Explanada Municipal para agilizar la resoluci\u00f3n de problem\u00e1ticas locales. CUAUTITL\u00c1N IZCALLI.\u2013 En el marco del inicio de actividades del a\u00f1o 2026, el Presidente Municipal, Daniel Serrano, encabez\u00f3 una nueva jornada del programa \u201cD\u00eda del Pueblo\u201d en la Unidad Habitacional CTM de [&hellip;]\" \/>\n<meta property=\"og:url\" content=\"https:\/\/continuamosmx.com\/index.php\/2026\/01\/15\/daniel-serrano-fortalece-atencion-ciudadana-con-el-regreso-del-dia-del-pueblo-en-2026\/\" \/>\n<meta property=\"article:published_time\" content=\"2026-01-15T22:30:40+00:00\" \/>\n<meta property=\"og:image\" content=\"https:\/\/continuamosmx.com\/wp-content\/uploads\/2026\/01\/s5.jpg\" \/>\n\t<meta property=\"og:image:width\" content=\"2048\" \/>\n\t<meta property=\"og:image:height\" content=\"1366\" \/>\n\t<meta property=\"og:image:type\" content=\"image\/jpeg\" \/>\n<meta name=\"author\" content=\"Continuamos MX\" \/>\n<meta name=\"twitter:card\" content=\"summary_large_image\" \/>\n<meta name=\"twitter:label1\" content=\"Escrito por\" \/>\n\t<meta name=\"twitter:data1\" content=\"Continuamos MX\" \/>\n\t<meta name=\"twitter:label2\" content=\"Tiempo de lectura\" \/>\n\t<meta name=\"twitter:data2\" content=\"1 minuto\" \/>\n<script type=\"application\/ld+json\" class=\"yoast-schema-graph\">{\"@context\":\"https:\\\/\\\/schema.org\",\"@graph\":[{\"@type\":\"Article\",\"@id\":\"https:\\\/\\\/continuamosmx.com\\\/index.php\\\/2026\\\/01\\\/15\\\/daniel-serrano-fortalece-atencion-ciudadana-con-el-regreso-del-dia-del-pueblo-en-2026\\\/#article\",\"isPartOf\":{\"@id\":\"https:\\\/\\\/continuamosmx.com\\\/index.php\\\/2026\\\/01\\\/15\\\/daniel-serrano-fortalece-atencion-ciudadana-con-el-regreso-del-dia-del-pueblo-en-2026\\\/\"},\"author\":{\"name\":\"Continuamos MX\",\"@id\":\"https:\\\/\\\/continuamosmx.com\\\/#\\\/schema\\\/person\\\/5eb5356acb1fad784da407d14f0e8d89\"},\"headline\":\"DANIEL SERRANO FORTALECE ATENCI\u00d3N CIUDADANA CON EL REGRESO DEL \u201cD\u00cdA DEL PUEBLO\u201d EN 2026\",\"datePublished\":\"2026-01-15T22:30:40+00:00\",\"mainEntityOfPage\":{\"@id\":\"https:\\\/\\\/continuamosmx.com\\\/index.php\\\/2026\\\/01\\\/15\\\/daniel-serrano-fortalece-atencion-ciudadana-con-el-regreso-del-dia-del-pueblo-en-2026\\\/\"},\"wordCount\":249,\"publisher\":{\"@id\":\"https:\\\/\\\/continuamosmx.com\\\/#organization\"},\"image\":{\"@id\":\"https:\\\/\\\/continuamosmx.com\\\/index.php\\\/2026\\\/01\\\/15\\\/daniel-serrano-fortalece-atencion-ciudadana-con-el-regreso-del-dia-del-pueblo-en-2026\\\/#primaryimage\"},\"thumbnailUrl\":\"https:\\\/\\\/continuamosmx.com\\\/wp-content\\\/uploads\\\/2026\\\/01\\\/s5.jpg\",\"articleSection\":[\"C. IZCALLI\",\"LOCALES\"],\"inLanguage\":\"es\"},{\"@type\":\"WebPage\",\"@id\":\"https:\\\/\\\/continuamosmx.com\\\/index.php\\\/2026\\\/01\\\/15\\\/daniel-serrano-fortalece-atencion-ciudadana-con-el-regreso-del-dia-del-pueblo-en-2026\\\/\",\"url\":\"https:\\\/\\\/continuamosmx.com\\\/index.php\\\/2026\\\/01\\\/15\\\/daniel-serrano-fortalece-atencion-ciudadana-con-el-regreso-del-dia-del-pueblo-en-2026\\\/\",\"name\":\"DANIEL SERRANO FORTALECE ATENCI\u00d3N CIUDADANA CON EL REGRESO DEL \u201cD\u00cdA DEL PUEBLO\u201d EN 2026 -\",\"isPartOf\":{\"@id\":\"https:\\\/\\\/continuamosmx.com\\\/#website\"},\"primaryImageOfPage\":{\"@id\":\"https:\\\/\\\/continuamosmx.com\\\/index.php\\\/2026\\\/01\\\/15\\\/daniel-serrano-fortalece-atencion-ciudadana-con-el-regreso-del-dia-del-pueblo-en-2026\\\/#primaryimage\"},\"image\":{\"@id\":\"https:\\\/\\\/continuamosmx.com\\\/index.php\\\/2026\\\/01\\\/15\\\/daniel-serrano-fortalece-atencion-ciudadana-con-el-regreso-del-dia-del-pueblo-en-2026\\\/#primaryimage\"},\"thumbnailUrl\":\"https:\\\/\\\/continuamosmx.com\\\/wp-content\\\/uploads\\\/2026\\\/01\\\/s5.jpg\",\"datePublished\":\"2026-01-15T22:30:40+00:00\",\"breadcrumb\":{\"@id\":\"https:\\\/\\\/continuamosmx.com\\\/index.php\\\/2026\\\/01\\\/15\\\/daniel-serrano-fortalece-atencion-ciudadana-con-el-regreso-del-dia-del-pueblo-en-2026\\\/#breadcrumb\"},\"inLanguage\":\"es\",\"potentialAction\":[{\"@type\":\"ReadAction\",\"target\":[\"https:\\\/\\\/continuamosmx.com\\\/index.php\\\/2026\\\/01\\\/15\\\/daniel-serrano-fortalece-atencion-ciudadana-con-el-regreso-del-dia-del-pueblo-en-2026\\\/\"]}]},{\"@type\":\"ImageObject\",\"inLanguage\":\"es\",\"@id\":\"https:\\\/\\\/continuamosmx.com\\\/index.php\\\/2026\\\/01\\\/15\\\/daniel-serrano-fortalece-atencion-ciudadana-con-el-regreso-del-dia-del-pueblo-en-2026\\\/#primaryimage\",\"url\":\"https:\\\/\\\/continuamosmx.com\\\/wp-content\\\/uploads\\\/2026\\\/01\\\/s5.jpg\",\"contentUrl\":\"https:\\\/\\\/continuamosmx.com\\\/wp-content\\\/uploads\\\/2026\\\/01\\\/s5.jpg\",\"width\":2048,\"height\":1366},{\"@type\":\"BreadcrumbList\",\"@id\":\"https:\\\/\\\/continuamosmx.com\\\/index.php\\\/2026\\\/01\\\/15\\\/daniel-serrano-fortalece-atencion-ciudadana-con-el-regreso-del-dia-del-pueblo-en-2026\\\/#breadcrumb\",\"itemListElement\":[{\"@type\":\"ListItem\",\"position\":1,\"name\":\"Inicio\",\"item\":\"https:\\\/\\\/continuamosmx.com\\\/\"},{\"@type\":\"ListItem\",\"position\":2,\"name\":\"DANIEL SERRANO FORTALECE ATENCI\u00d3N CIUDADANA CON EL REGRESO DEL \u201cD\u00cdA DEL PUEBLO\u201d EN 2026\"}]},{\"@type\":\"WebSite\",\"@id\":\"https:\\\/\\\/continuamosmx.com\\\/#website\",\"url\":\"https:\\\/\\\/continuamosmx.com\\\/\",\"name\":\"www.continuamosmx.com\",\"description\":\"\",\"publisher\":{\"@id\":\"https:\\\/\\\/continuamosmx.com\\\/#organization\"},\"potentialAction\":[{\"@type\":\"SearchAction\",\"target\":{\"@type\":\"EntryPoint\",\"urlTemplate\":\"https:\\\/\\\/continuamosmx.com\\\/?s={search_term_string}\"},\"query-input\":{\"@type\":\"PropertyValueSpecification\",\"valueRequired\":true,\"valueName\":\"search_term_string\"}}],\"inLanguage\":\"es\"},{\"@type\":\"Organization\",\"@id\":\"https:\\\/\\\/continuamosmx.com\\\/#organization\",\"name\":\"ContinuamosMX\",\"url\":\"https:\\\/\\\/continuamosmx.com\\\/\",\"logo\":{\"@type\":\"ImageObject\",\"inLanguage\":\"es\",\"@id\":\"https:\\\/\\\/continuamosmx.com\\\/#\\\/schema\\\/logo\\\/image\\\/\",\"url\":\"https:\\\/\\\/continuamosmx.com\\\/wp-content\\\/uploads\\\/2023\\\/04\\\/cropped-LOGO-CONTI-NUEVO.png\",\"contentUrl\":\"https:\\\/\\\/continuamosmx.com\\\/wp-content\\\/uploads\\\/2023\\\/04\\\/cropped-LOGO-CONTI-NUEVO.png\",\"width\":1257,\"height\":430,\"caption\":\"ContinuamosMX\"},\"image\":{\"@id\":\"https:\\\/\\\/continuamosmx.com\\\/#\\\/schema\\\/logo\\\/image\\\/\"}},{\"@type\":\"Person\",\"@id\":\"https:\\\/\\\/continuamosmx.com\\\/#\\\/schema\\\/person\\\/5eb5356acb1fad784da407d14f0e8d89\",\"name\":\"Continuamos MX\",\"image\":{\"@type\":\"ImageObject\",\"inLanguage\":\"es\",\"@id\":\"https:\\\/\\\/secure.gravatar.com\\\/avatar\\\/30d4f9723476a15f4da34d35fb3501f08d2357016c76051c6a85c354c7489589?s=96&d=mm&r=g\",\"url\":\"https:\\\/\\\/secure.gravatar.com\\\/avatar\\\/30d4f9723476a15f4da34d35fb3501f08d2357016c76051c6a85c354c7489589?s=96&d=mm&r=g\",\"contentUrl\":\"https:\\\/\\\/secure.gravatar.com\\\/avatar\\\/30d4f9723476a15f4da34d35fb3501f08d2357016c76051c6a85c354c7489589?s=96&d=mm&r=g\",\"caption\":\"Continuamos MX\"},\"sameAs\":[\"http:\\\/\\\/www.continuamos.mx\"],\"url\":\"https:\\\/\\\/continuamosmx.com\\\/index.php\\\/author\\\/continuamos\\\/\"}]}<\/script>\n<!-- \/ Yoast SEO plugin. -->","yoast_head_json":{"title":"DANIEL SERRANO FORTALECE ATENCI\u00d3N CIUDADANA CON EL REGRESO DEL \u201cD\u00cdA DEL PUEBLO\u201d EN 2026 -","robots":{"index":"index","follow":"follow","max-snippet":"max-snippet:-1","max-image-preview":"max-image-preview:large","max-video-preview":"max-video-preview:-1"},"canonical":"https:\/\/continuamosmx.com\/index.php\/2026\/01\/15\/daniel-serrano-fortalece-atencion-ciudadana-con-el-regreso-del-dia-del-pueblo-en-2026\/","og_locale":"es_ES","og_type":"article","og_title":"DANIEL SERRANO FORTALECE ATENCI\u00d3N CIUDADANA CON EL REGRESO DEL \u201cD\u00cdA DEL PUEBLO\u201d EN 2026 -","og_description":"*El Gobierno Municipal de Cuautitl\u00e1n Izcalli anuncia la expansi\u00f3n de este programa a la Explanada Municipal para agilizar la resoluci\u00f3n de problem\u00e1ticas locales. CUAUTITL\u00c1N IZCALLI.\u2013 En el marco del inicio de actividades del a\u00f1o 2026, el Presidente Municipal, Daniel Serrano, encabez\u00f3 una nueva jornada del programa \u201cD\u00eda del Pueblo\u201d en la Unidad Habitacional CTM de [&hellip;]","og_url":"https:\/\/continuamosmx.com\/index.php\/2026\/01\/15\/daniel-serrano-fortalece-atencion-ciudadana-con-el-regreso-del-dia-del-pueblo-en-2026\/","article_published_time":"2026-01-15T22:30:40+00:00","og_image":[{"width":2048,"height":1366,"url":"https:\/\/continuamosmx.com\/wp-content\/uploads\/2026\/01\/s5.jpg","type":"image\/jpeg"}],"author":"Continuamos MX","twitter_card":"summary_large_image","twitter_misc":{"Escrito por":"Continuamos MX","Tiempo de lectura":"1 minuto"},"schema":{"@context":"https:\/\/schema.org","@graph":[{"@type":"Article","@id":"https:\/\/continuamosmx.com\/index.php\/2026\/01\/15\/daniel-serrano-fortalece-atencion-ciudadana-con-el-regreso-del-dia-del-pueblo-en-2026\/#article","isPartOf":{"@id":"https:\/\/continuamosmx.com\/index.php\/2026\/01\/15\/daniel-serrano-fortalece-atencion-ciudadana-con-el-regreso-del-dia-del-pueblo-en-2026\/"},"author":{"name":"Continuamos MX","@id":"https:\/\/continuamosmx.com\/#\/schema\/person\/5eb5356acb1fad784da407d14f0e8d89"},"headline":"DANIEL SERRANO FORTALECE ATENCI\u00d3N CIUDADANA CON EL REGRESO DEL \u201cD\u00cdA DEL PUEBLO\u201d EN 2026","datePublished":"2026-01-15T22:30:40+00:00","mainEntityOfPage":{"@id":"https:\/\/continuamosmx.com\/index.php\/2026\/01\/15\/daniel-serrano-fortalece-atencion-ciudadana-con-el-regreso-del-dia-del-pueblo-en-2026\/"},"wordCount":249,"publisher":{"@id":"https:\/\/continuamosmx.com\/#organization"},"image":{"@id":"https:\/\/continuamosmx.com\/index.php\/2026\/01\/15\/daniel-serrano-fortalece-atencion-ciudadana-con-el-regreso-del-dia-del-pueblo-en-2026\/#primaryimage"},"thumbnailUrl":"https:\/\/continuamosmx.com\/wp-content\/uploads\/2026\/01\/s5.jpg","articleSection":["C. IZCALLI","LOCALES"],"inLanguage":"es"},{"@type":"WebPage","@id":"https:\/\/continuamosmx.com\/index.php\/2026\/01\/15\/daniel-serrano-fortalece-atencion-ciudadana-con-el-regreso-del-dia-del-pueblo-en-2026\/","url":"https:\/\/continuamosmx.com\/index.php\/2026\/01\/15\/daniel-serrano-fortalece-atencion-ciudadana-con-el-regreso-del-dia-del-pueblo-en-2026\/","name":"DANIEL SERRANO FORTALECE ATENCI\u00d3N CIUDADANA CON EL REGRESO DEL \u201cD\u00cdA DEL PUEBLO\u201d EN 2026 -","isPartOf":{"@id":"https:\/\/continuamosmx.com\/#website"},"primaryImageOfPage":{"@id":"https:\/\/continuamosmx.com\/index.php\/2026\/01\/15\/daniel-serrano-fortalece-atencion-ciudadana-con-el-regreso-del-dia-del-pueblo-en-2026\/#primaryimage"},"image":{"@id":"https:\/\/continuamosmx.com\/index.php\/2026\/01\/15\/daniel-serrano-fortalece-atencion-ciudadana-con-el-regreso-del-dia-del-pueblo-en-2026\/#primaryimage"},"thumbnailUrl":"https:\/\/continuamosmx.com\/wp-content\/uploads\/2026\/01\/s5.jpg","datePublished":"2026-01-15T22:30:40+00:00","breadcrumb":{"@id":"https:\/\/continuamosmx.com\/index.php\/2026\/01\/15\/daniel-serrano-fortalece-atencion-ciudadana-con-el-regreso-del-dia-del-pueblo-en-2026\/#breadcrumb"},"inLanguage":"es","potentialAction":[{"@type":"ReadAction","target":["https:\/\/continuamosmx.com\/index.php\/2026\/01\/15\/daniel-serrano-fortalece-atencion-ciudadana-con-el-regreso-del-dia-del-pueblo-en-2026\/"]}]},{"@type":"ImageObject","inLanguage":"es","@id":"https:\/\/continuamosmx.com\/index.php\/2026\/01\/15\/daniel-serrano-fortalece-atencion-ciudadana-con-el-regreso-del-dia-del-pueblo-en-2026\/#primaryimage","url":"https:\/\/continuamosmx.com\/wp-content\/uploads\/2026\/01\/s5.jpg","contentUrl":"https:\/\/continuamosmx.com\/wp-content\/uploads\/2026\/01\/s5.jpg","width":2048,"height":1366},{"@type":"BreadcrumbList","@id":"https:\/\/continuamosmx.com\/index.php\/2026\/01\/15\/daniel-serrano-fortalece-atencion-ciudadana-con-el-regreso-del-dia-del-pueblo-en-2026\/#breadcrumb","itemListElement":[{"@type":"ListItem","position":1,"name":"Inicio","item":"https:\/\/continuamosmx.com\/"},{"@type":"ListItem","position":2,"name":"DANIEL SERRANO FORTALECE ATENCI\u00d3N CIUDADANA CON EL REGRESO DEL \u201cD\u00cdA DEL PUEBLO\u201d EN 2026"}]},{"@type":"WebSite","@id":"https:\/\/continuamosmx.com\/#website","url":"https:\/\/continuamosmx.com\/","name":"www.continuamosmx.com","description":"","publisher":{"@id":"https:\/\/continuamosmx.com\/#organization"},"potentialAction":[{"@type":"SearchAction","target":{"@type":"EntryPoint","urlTemplate":"https:\/\/continuamosmx.com\/?s={search_term_string}"},"query-input":{"@type":"PropertyValueSpecification","valueRequired":true,"valueName":"search_term_string"}}],"inLanguage":"es"},{"@type":"Organization","@id":"https:\/\/continuamosmx.com\/#organization","name":"ContinuamosMX","url":"https:\/\/continuamosmx.com\/","logo":{"@type":"ImageObject","inLanguage":"es","@id":"https:\/\/continuamosmx.com\/#\/schema\/logo\/image\/","url":"https:\/\/continuamosmx.com\/wp-content\/uploads\/2023\/04\/cropped-LOGO-CONTI-NUEVO.png","contentUrl":"https:\/\/continuamosmx.com\/wp-content\/uploads\/2023\/04\/cropped-LOGO-CONTI-NUEVO.png","width":1257,"height":430,"caption":"ContinuamosMX"},"image":{"@id":"https:\/\/continuamosmx.com\/#\/schema\/logo\/image\/"}},{"@type":"Person","@id":"https:\/\/continuamosmx.com\/#\/schema\/person\/5eb5356acb1fad784da407d14f0e8d89","name":"Continuamos MX","image":{"@type":"ImageObject","inLanguage":"es","@id":"https:\/\/secure.gravatar.com\/avatar\/30d4f9723476a15f4da34d35fb3501f08d2357016c76051c6a85c354c7489589?s=96&d=mm&r=g","url":"https:\/\/secure.gravatar.com\/avatar\/30d4f9723476a15f4da34d35fb3501f08d2357016c76051c6a85c354c7489589?s=96&d=mm&r=g","contentUrl":"https:\/\/secure.gravatar.com\/avatar\/30d4f9723476a15f4da34d35fb3501f08d2357016c76051c6a85c354c7489589?s=96&d=mm&r=g","caption":"Continuamos MX"},"sameAs":["http:\/\/www.continuamos.mx"],"url":"https:\/\/continuamosmx.com\/index.php\/author\/continuamos\/"}]}},"_links":{"self":[{"href":"https:\/\/continuamosmx.com\/index.php\/wp-json\/wp\/v2\/posts\/51996","targetHints":{"allow":["GET"]}}],"collection":[{"href":"https:\/\/continuamosmx.com\/index.php\/wp-json\/wp\/v2\/posts"}],"about":[{"href":"https:\/\/continuamosmx.com\/index.php\/wp-json\/wp\/v2\/types\/post"}],"author":[{"embeddable":true,"href":"https:\/\/continuamosmx.com\/index.php\/wp-json\/wp\/v2\/users\/6"}],"replies":[{"embeddable":true,"href":"https:\/\/continuamosmx.com\/index.php\/wp-json\/wp\/v2\/comments?post=51996"}],"version-history":[{"count":1,"href":"https:\/\/continuamosmx.com\/index.php\/wp-json\/wp\/v2\/posts\/51996\/revisions"}],"predecessor-version":[{"id":51999,"href":"https:\/\/continuamosmx.com\/index.php\/wp-json\/wp\/v2\/posts\/51996\/revisions\/51999"}],"wp:featuredmedia":[{"embeddable":true,"href":"https:\/\/continuamosmx.com\/index.php\/wp-json\/wp\/v2\/media\/51997"}],"wp:attachment":[{"href":"https:\/\/continuamosmx.com\/index.php\/wp-json\/wp\/v2\/media?parent=51996"}],"wp:term":[{"taxonomy":"category","embeddable":true,"href":"https:\/\/continuamosmx.com\/index.php\/wp-json\/wp\/v2\/categories?post=51996"},{"taxonomy":"post_tag","embeddable":true,"href":"https:\/\/continuamosmx.com\/index.php\/wp-json\/wp\/v2\/tags?post=51996"}],"curies":[{"name":"wp","href":"https:\/\/api.w.org\/{rel}","templated":true}]}}