{"id":51991,"date":"2026-01-15T16:10:41","date_gmt":"2026-01-15T22:10:41","guid":{"rendered":"https:\/\/continuamosmx.com\/?p=51991"},"modified":"2026-01-15T16:12:31","modified_gmt":"2026-01-15T22:12:31","slug":"rigoberto-vargas-cervantes-fortalece-el-bienestar-educativo-y-la-convivencia-familiar-en-teoloyucan","status":"publish","type":"post","link":"https:\/\/continuamosmx.com\/index.php\/2026\/01\/15\/rigoberto-vargas-cervantes-fortalece-el-bienestar-educativo-y-la-convivencia-familiar-en-teoloyucan\/","title":{"rendered":"RIGOBERTO VARGAS CERVANTES FORTALECE EL BIENESTAR EDUCATIVO Y LA CONVIVENCIA FAMILIAR EN TEOLOYUCAN"},"content":{"rendered":"\n<h3 class=\"wp-block-heading\">*<strong>El Diputado Local refrend\u00f3 su compromiso con la ni\u00f1ez mexiquense mediante la entrega de apoyos y el mejoramiento de espacios escolares.<\/strong><\/h3>\n\n\n\n<p><strong>TEOLOYUCAN, ESTADO DE M\u00c9XICO.<\/strong> \u2013 En un esfuerzo continuo por priorizar el desarrollo integral de la infancia, el Diputado Local por el Distrito XII, Rigoberto Vargas Cervantes, encabez\u00f3 una jornada de convivencia y apoyo social en la Escuela Primaria \u00abIgnacio Zaragoza\u00bb. El evento, enmarcado en las celebraciones de Reyes Magos, tuvo como objetivo principal estrechar v\u00ednculos con la comunidad educativa y reafirmar la agenda de trabajo en favor de la educaci\u00f3n p\u00fablica.<\/p>\n\n\n\n<p>Durante la visita, el legislador estuvo acompa\u00f1ado por el Dr. Magdaleno Reyes \u00c1ngeles, as\u00ed como por autoridades educativas, quienes atestiguaron la entrega de juguetes y la tradicional partici\u00f3n de la rosca de Reyes. La jornada fue amenizada por un espect\u00e1culo de payasos que brind\u00f3 momentos de recreaci\u00f3n a las alumnas y alumnos del plantel.<\/p>\n\n\n\n<p>M\u00e1s all\u00e1 del festejo, Vargas Cervantes destac\u00f3 que su gesti\u00f3n mantiene un enfoque firme en la dignificaci\u00f3n de la infraestructura escolar. \u00abLa educaci\u00f3n y el bienestar de la ni\u00f1ez mexiquense siempre ser\u00e1n una prioridad\u00bb, se\u00f1al\u00f3 el diputado, subrayando que se continuar\u00e1 trabajando para fortalecer las condiciones de los espacios educativos en el municipio, garantizando que los estudiantes cuenten con instalaciones adecuadas para su aprendizaje.<\/p>\n\n\n\n<p>Con estas acciones, la diputaci\u00f3n del Distrito XII busca no solo preservar las tradiciones culturales, sino tambi\u00e9n asegurar un acompa\u00f1amiento constante a los padres de familia y docentes en la formaci\u00f3n de las futuras generaciones.<\/p>\n\n\n\n<hr class=\"wp-block-separator has-alpha-channel-opacity\"\/>\n\n\n\n<p>#RigobertoVargas #DistritoXII #Teoloyucan #Educaci\u00f3nEdomex #CompromisoCumplido #Ni\u00f1ezMexiquense<\/p>\n\n\n\n<figure class=\"wp-block-image size-large\"><img loading=\"lazy\" decoding=\"async\" width=\"1920\" height=\"1113\" src=\"https:\/\/continuamosmx.com\/wp-content\/uploads\/2026\/01\/4-1024x594.jpg\" alt=\"\" class=\"wp-image-51993\" srcset=\"https:\/\/continuamosmx.com\/wp-content\/uploads\/2026\/01\/4-1024x594.jpg 1024w, https:\/\/continuamosmx.com\/wp-content\/uploads\/2026\/01\/4-300x174.jpg 300w, https:\/\/continuamosmx.com\/wp-content\/uploads\/2026\/01\/4-768x445.jpg 768w, https:\/\/continuamosmx.com\/wp-content\/uploads\/2026\/01\/4-1536x890.jpg 1536w, https:\/\/continuamosmx.com\/wp-content\/uploads\/2026\/01\/4-200x116.jpg 200w, https:\/\/continuamosmx.com\/wp-content\/uploads\/2026\/01\/4.jpg 1920w\" sizes=\"auto, (max-width: 1920px) 100vw, 1920px\" \/><\/figure>\n","protected":false},"excerpt":{"rendered":"<p>*El Diputado Local refrend\u00f3 su compromiso con la ni\u00f1ez mexiquense mediante la entrega de apoyos y el mejoramiento de espacios escolares. TEOLOYUCAN, ESTADO DE M\u00c9XICO. \u2013 En un esfuerzo continuo por priorizar el desarrollo integral de la infancia, el Diputado Local por el Distrito XII, Rigoberto Vargas Cervantes, encabez\u00f3 una jornada de convivencia y apoyo [&hellip;]<\/p>\n","protected":false},"author":6,"featured_media":51992,"comment_status":"closed","ping_status":"closed","sticky":false,"template":"","format":"standard","meta":{"footnotes":""},"categories":[2],"tags":[],"class_list":["post-51991","post","type-post","status-publish","format-standard","has-post-thumbnail","hentry","category-edomex"],"yoast_head":"<!-- This site is optimized with the Yoast SEO plugin v27.5 - https:\/\/yoast.com\/product\/yoast-seo-wordpress\/ -->\n<title>RIGOBERTO VARGAS CERVANTES FORTALECE EL BIENESTAR EDUCATIVO Y LA CONVIVENCIA FAMILIAR EN TEOLOYUCAN -<\/title>\n<meta name=\"robots\" content=\"index, follow, max-snippet:-1, max-image-preview:large, max-video-preview:-1\" \/>\n<link rel=\"canonical\" href=\"https:\/\/continuamosmx.com\/index.php\/2026\/01\/15\/rigoberto-vargas-cervantes-fortalece-el-bienestar-educativo-y-la-convivencia-familiar-en-teoloyucan\/\" \/>\n<meta property=\"og:locale\" content=\"es_ES\" \/>\n<meta property=\"og:type\" content=\"article\" \/>\n<meta property=\"og:title\" content=\"RIGOBERTO VARGAS CERVANTES FORTALECE EL BIENESTAR EDUCATIVO Y LA CONVIVENCIA FAMILIAR EN TEOLOYUCAN -\" \/>\n<meta property=\"og:description\" content=\"*El Diputado Local refrend\u00f3 su compromiso con la ni\u00f1ez mexiquense mediante la entrega de apoyos y el mejoramiento de espacios escolares. TEOLOYUCAN, ESTADO DE M\u00c9XICO. \u2013 En un esfuerzo continuo por priorizar el desarrollo integral de la infancia, el Diputado Local por el Distrito XII, Rigoberto Vargas Cervantes, encabez\u00f3 una jornada de convivencia y apoyo [&hellip;]\" \/>\n<meta property=\"og:url\" content=\"https:\/\/continuamosmx.com\/index.php\/2026\/01\/15\/rigoberto-vargas-cervantes-fortalece-el-bienestar-educativo-y-la-convivencia-familiar-en-teoloyucan\/\" \/>\n<meta property=\"article:published_time\" content=\"2026-01-15T22:10:41+00:00\" \/>\n<meta property=\"article:modified_time\" content=\"2026-01-15T22:12:31+00:00\" \/>\n<meta property=\"og:image\" content=\"https:\/\/continuamosmx.com\/wp-content\/uploads\/2026\/01\/5.jpg\" \/>\n\t<meta property=\"og:image:width\" content=\"1837\" \/>\n\t<meta property=\"og:image:height\" content=\"1131\" \/>\n\t<meta property=\"og:image:type\" content=\"image\/jpeg\" \/>\n<meta name=\"author\" content=\"Continuamos MX\" \/>\n<meta name=\"twitter:card\" content=\"summary_large_image\" \/>\n<meta name=\"twitter:label1\" content=\"Escrito por\" \/>\n\t<meta name=\"twitter:data1\" content=\"Continuamos MX\" \/>\n\t<meta name=\"twitter:label2\" content=\"Tiempo de lectura\" \/>\n\t<meta name=\"twitter:data2\" content=\"1 minuto\" \/>\n<script type=\"application\/ld+json\" class=\"yoast-schema-graph\">{\"@context\":\"https:\\\/\\\/schema.org\",\"@graph\":[{\"@type\":\"Article\",\"@id\":\"https:\\\/\\\/continuamosmx.com\\\/index.php\\\/2026\\\/01\\\/15\\\/rigoberto-vargas-cervantes-fortalece-el-bienestar-educativo-y-la-convivencia-familiar-en-teoloyucan\\\/#article\",\"isPartOf\":{\"@id\":\"https:\\\/\\\/continuamosmx.com\\\/index.php\\\/2026\\\/01\\\/15\\\/rigoberto-vargas-cervantes-fortalece-el-bienestar-educativo-y-la-convivencia-familiar-en-teoloyucan\\\/\"},\"author\":{\"name\":\"Continuamos MX\",\"@id\":\"https:\\\/\\\/continuamosmx.com\\\/#\\\/schema\\\/person\\\/5eb5356acb1fad784da407d14f0e8d89\"},\"headline\":\"RIGOBERTO VARGAS CERVANTES FORTALECE EL BIENESTAR EDUCATIVO Y LA CONVIVENCIA FAMILIAR EN TEOLOYUCAN\",\"datePublished\":\"2026-01-15T22:10:41+00:00\",\"dateModified\":\"2026-01-15T22:12:31+00:00\",\"mainEntityOfPage\":{\"@id\":\"https:\\\/\\\/continuamosmx.com\\\/index.php\\\/2026\\\/01\\\/15\\\/rigoberto-vargas-cervantes-fortalece-el-bienestar-educativo-y-la-convivencia-familiar-en-teoloyucan\\\/\"},\"wordCount\":286,\"publisher\":{\"@id\":\"https:\\\/\\\/continuamosmx.com\\\/#organization\"},\"image\":{\"@id\":\"https:\\\/\\\/continuamosmx.com\\\/index.php\\\/2026\\\/01\\\/15\\\/rigoberto-vargas-cervantes-fortalece-el-bienestar-educativo-y-la-convivencia-familiar-en-teoloyucan\\\/#primaryimage\"},\"thumbnailUrl\":\"https:\\\/\\\/continuamosmx.com\\\/wp-content\\\/uploads\\\/2026\\\/01\\\/5.jpg\",\"articleSection\":[\"EDOMEX\"],\"inLanguage\":\"es\"},{\"@type\":\"WebPage\",\"@id\":\"https:\\\/\\\/continuamosmx.com\\\/index.php\\\/2026\\\/01\\\/15\\\/rigoberto-vargas-cervantes-fortalece-el-bienestar-educativo-y-la-convivencia-familiar-en-teoloyucan\\\/\",\"url\":\"https:\\\/\\\/continuamosmx.com\\\/index.php\\\/2026\\\/01\\\/15\\\/rigoberto-vargas-cervantes-fortalece-el-bienestar-educativo-y-la-convivencia-familiar-en-teoloyucan\\\/\",\"name\":\"RIGOBERTO VARGAS CERVANTES FORTALECE EL BIENESTAR EDUCATIVO Y LA CONVIVENCIA FAMILIAR EN TEOLOYUCAN -\",\"isPartOf\":{\"@id\":\"https:\\\/\\\/continuamosmx.com\\\/#website\"},\"primaryImageOfPage\":{\"@id\":\"https:\\\/\\\/continuamosmx.com\\\/index.php\\\/2026\\\/01\\\/15\\\/rigoberto-vargas-cervantes-fortalece-el-bienestar-educativo-y-la-convivencia-familiar-en-teoloyucan\\\/#primaryimage\"},\"image\":{\"@id\":\"https:\\\/\\\/continuamosmx.com\\\/index.php\\\/2026\\\/01\\\/15\\\/rigoberto-vargas-cervantes-fortalece-el-bienestar-educativo-y-la-convivencia-familiar-en-teoloyucan\\\/#primaryimage\"},\"thumbnailUrl\":\"https:\\\/\\\/continuamosmx.com\\\/wp-content\\\/uploads\\\/2026\\\/01\\\/5.jpg\",\"datePublished\":\"2026-01-15T22:10:41+00:00\",\"dateModified\":\"2026-01-15T22:12:31+00:00\",\"breadcrumb\":{\"@id\":\"https:\\\/\\\/continuamosmx.com\\\/index.php\\\/2026\\\/01\\\/15\\\/rigoberto-vargas-cervantes-fortalece-el-bienestar-educativo-y-la-convivencia-familiar-en-teoloyucan\\\/#breadcrumb\"},\"inLanguage\":\"es\",\"potentialAction\":[{\"@type\":\"ReadAction\",\"target\":[\"https:\\\/\\\/continuamosmx.com\\\/index.php\\\/2026\\\/01\\\/15\\\/rigoberto-vargas-cervantes-fortalece-el-bienestar-educativo-y-la-convivencia-familiar-en-teoloyucan\\\/\"]}]},{\"@type\":\"ImageObject\",\"inLanguage\":\"es\",\"@id\":\"https:\\\/\\\/continuamosmx.com\\\/index.php\\\/2026\\\/01\\\/15\\\/rigoberto-vargas-cervantes-fortalece-el-bienestar-educativo-y-la-convivencia-familiar-en-teoloyucan\\\/#primaryimage\",\"url\":\"https:\\\/\\\/continuamosmx.com\\\/wp-content\\\/uploads\\\/2026\\\/01\\\/5.jpg\",\"contentUrl\":\"https:\\\/\\\/continuamosmx.com\\\/wp-content\\\/uploads\\\/2026\\\/01\\\/5.jpg\",\"width\":1837,\"height\":1131},{\"@type\":\"BreadcrumbList\",\"@id\":\"https:\\\/\\\/continuamosmx.com\\\/index.php\\\/2026\\\/01\\\/15\\\/rigoberto-vargas-cervantes-fortalece-el-bienestar-educativo-y-la-convivencia-familiar-en-teoloyucan\\\/#breadcrumb\",\"itemListElement\":[{\"@type\":\"ListItem\",\"position\":1,\"name\":\"Inicio\",\"item\":\"https:\\\/\\\/continuamosmx.com\\\/\"},{\"@type\":\"ListItem\",\"position\":2,\"name\":\"RIGOBERTO VARGAS CERVANTES FORTALECE EL BIENESTAR EDUCATIVO Y LA CONVIVENCIA FAMILIAR EN TEOLOYUCAN\"}]},{\"@type\":\"WebSite\",\"@id\":\"https:\\\/\\\/continuamosmx.com\\\/#website\",\"url\":\"https:\\\/\\\/continuamosmx.com\\\/\",\"name\":\"www.continuamosmx.com\",\"description\":\"\",\"publisher\":{\"@id\":\"https:\\\/\\\/continuamosmx.com\\\/#organization\"},\"potentialAction\":[{\"@type\":\"SearchAction\",\"target\":{\"@type\":\"EntryPoint\",\"urlTemplate\":\"https:\\\/\\\/continuamosmx.com\\\/?s={search_term_string}\"},\"query-input\":{\"@type\":\"PropertyValueSpecification\",\"valueRequired\":true,\"valueName\":\"search_term_string\"}}],\"inLanguage\":\"es\"},{\"@type\":\"Organization\",\"@id\":\"https:\\\/\\\/continuamosmx.com\\\/#organization\",\"name\":\"ContinuamosMX\",\"url\":\"https:\\\/\\\/continuamosmx.com\\\/\",\"logo\":{\"@type\":\"ImageObject\",\"inLanguage\":\"es\",\"@id\":\"https:\\\/\\\/continuamosmx.com\\\/#\\\/schema\\\/logo\\\/image\\\/\",\"url\":\"https:\\\/\\\/continuamosmx.com\\\/wp-content\\\/uploads\\\/2023\\\/04\\\/cropped-LOGO-CONTI-NUEVO.png\",\"contentUrl\":\"https:\\\/\\\/continuamosmx.com\\\/wp-content\\\/uploads\\\/2023\\\/04\\\/cropped-LOGO-CONTI-NUEVO.png\",\"width\":1257,\"height\":430,\"caption\":\"ContinuamosMX\"},\"image\":{\"@id\":\"https:\\\/\\\/continuamosmx.com\\\/#\\\/schema\\\/logo\\\/image\\\/\"}},{\"@type\":\"Person\",\"@id\":\"https:\\\/\\\/continuamosmx.com\\\/#\\\/schema\\\/person\\\/5eb5356acb1fad784da407d14f0e8d89\",\"name\":\"Continuamos MX\",\"image\":{\"@type\":\"ImageObject\",\"inLanguage\":\"es\",\"@id\":\"https:\\\/\\\/secure.gravatar.com\\\/avatar\\\/30d4f9723476a15f4da34d35fb3501f08d2357016c76051c6a85c354c7489589?s=96&d=mm&r=g\",\"url\":\"https:\\\/\\\/secure.gravatar.com\\\/avatar\\\/30d4f9723476a15f4da34d35fb3501f08d2357016c76051c6a85c354c7489589?s=96&d=mm&r=g\",\"contentUrl\":\"https:\\\/\\\/secure.gravatar.com\\\/avatar\\\/30d4f9723476a15f4da34d35fb3501f08d2357016c76051c6a85c354c7489589?s=96&d=mm&r=g\",\"caption\":\"Continuamos MX\"},\"sameAs\":[\"http:\\\/\\\/www.continuamos.mx\"],\"url\":\"https:\\\/\\\/continuamosmx.com\\\/index.php\\\/author\\\/continuamos\\\/\"}]}<\/script>\n<!-- \/ Yoast SEO plugin. -->","yoast_head_json":{"title":"RIGOBERTO VARGAS CERVANTES FORTALECE EL BIENESTAR EDUCATIVO Y LA CONVIVENCIA FAMILIAR EN TEOLOYUCAN -","robots":{"index":"index","follow":"follow","max-snippet":"max-snippet:-1","max-image-preview":"max-image-preview:large","max-video-preview":"max-video-preview:-1"},"canonical":"https:\/\/continuamosmx.com\/index.php\/2026\/01\/15\/rigoberto-vargas-cervantes-fortalece-el-bienestar-educativo-y-la-convivencia-familiar-en-teoloyucan\/","og_locale":"es_ES","og_type":"article","og_title":"RIGOBERTO VARGAS CERVANTES FORTALECE EL BIENESTAR EDUCATIVO Y LA CONVIVENCIA FAMILIAR EN TEOLOYUCAN -","og_description":"*El Diputado Local refrend\u00f3 su compromiso con la ni\u00f1ez mexiquense mediante la entrega de apoyos y el mejoramiento de espacios escolares. TEOLOYUCAN, ESTADO DE M\u00c9XICO. \u2013 En un esfuerzo continuo por priorizar el desarrollo integral de la infancia, el Diputado Local por el Distrito XII, Rigoberto Vargas Cervantes, encabez\u00f3 una jornada de convivencia y apoyo [&hellip;]","og_url":"https:\/\/continuamosmx.com\/index.php\/2026\/01\/15\/rigoberto-vargas-cervantes-fortalece-el-bienestar-educativo-y-la-convivencia-familiar-en-teoloyucan\/","article_published_time":"2026-01-15T22:10:41+00:00","article_modified_time":"2026-01-15T22:12:31+00:00","og_image":[{"width":1837,"height":1131,"url":"https:\/\/continuamosmx.com\/wp-content\/uploads\/2026\/01\/5.jpg","type":"image\/jpeg"}],"author":"Continuamos MX","twitter_card":"summary_large_image","twitter_misc":{"Escrito por":"Continuamos MX","Tiempo de lectura":"1 minuto"},"schema":{"@context":"https:\/\/schema.org","@graph":[{"@type":"Article","@id":"https:\/\/continuamosmx.com\/index.php\/2026\/01\/15\/rigoberto-vargas-cervantes-fortalece-el-bienestar-educativo-y-la-convivencia-familiar-en-teoloyucan\/#article","isPartOf":{"@id":"https:\/\/continuamosmx.com\/index.php\/2026\/01\/15\/rigoberto-vargas-cervantes-fortalece-el-bienestar-educativo-y-la-convivencia-familiar-en-teoloyucan\/"},"author":{"name":"Continuamos MX","@id":"https:\/\/continuamosmx.com\/#\/schema\/person\/5eb5356acb1fad784da407d14f0e8d89"},"headline":"RIGOBERTO VARGAS CERVANTES FORTALECE EL BIENESTAR EDUCATIVO Y LA CONVIVENCIA FAMILIAR EN TEOLOYUCAN","datePublished":"2026-01-15T22:10:41+00:00","dateModified":"2026-01-15T22:12:31+00:00","mainEntityOfPage":{"@id":"https:\/\/continuamosmx.com\/index.php\/2026\/01\/15\/rigoberto-vargas-cervantes-fortalece-el-bienestar-educativo-y-la-convivencia-familiar-en-teoloyucan\/"},"wordCount":286,"publisher":{"@id":"https:\/\/continuamosmx.com\/#organization"},"image":{"@id":"https:\/\/continuamosmx.com\/index.php\/2026\/01\/15\/rigoberto-vargas-cervantes-fortalece-el-bienestar-educativo-y-la-convivencia-familiar-en-teoloyucan\/#primaryimage"},"thumbnailUrl":"https:\/\/continuamosmx.com\/wp-content\/uploads\/2026\/01\/5.jpg","articleSection":["EDOMEX"],"inLanguage":"es"},{"@type":"WebPage","@id":"https:\/\/continuamosmx.com\/index.php\/2026\/01\/15\/rigoberto-vargas-cervantes-fortalece-el-bienestar-educativo-y-la-convivencia-familiar-en-teoloyucan\/","url":"https:\/\/continuamosmx.com\/index.php\/2026\/01\/15\/rigoberto-vargas-cervantes-fortalece-el-bienestar-educativo-y-la-convivencia-familiar-en-teoloyucan\/","name":"RIGOBERTO VARGAS CERVANTES FORTALECE EL BIENESTAR EDUCATIVO Y LA CONVIVENCIA FAMILIAR EN TEOLOYUCAN -","isPartOf":{"@id":"https:\/\/continuamosmx.com\/#website"},"primaryImageOfPage":{"@id":"https:\/\/continuamosmx.com\/index.php\/2026\/01\/15\/rigoberto-vargas-cervantes-fortalece-el-bienestar-educativo-y-la-convivencia-familiar-en-teoloyucan\/#primaryimage"},"image":{"@id":"https:\/\/continuamosmx.com\/index.php\/2026\/01\/15\/rigoberto-vargas-cervantes-fortalece-el-bienestar-educativo-y-la-convivencia-familiar-en-teoloyucan\/#primaryimage"},"thumbnailUrl":"https:\/\/continuamosmx.com\/wp-content\/uploads\/2026\/01\/5.jpg","datePublished":"2026-01-15T22:10:41+00:00","dateModified":"2026-01-15T22:12:31+00:00","breadcrumb":{"@id":"https:\/\/continuamosmx.com\/index.php\/2026\/01\/15\/rigoberto-vargas-cervantes-fortalece-el-bienestar-educativo-y-la-convivencia-familiar-en-teoloyucan\/#breadcrumb"},"inLanguage":"es","potentialAction":[{"@type":"ReadAction","target":["https:\/\/continuamosmx.com\/index.php\/2026\/01\/15\/rigoberto-vargas-cervantes-fortalece-el-bienestar-educativo-y-la-convivencia-familiar-en-teoloyucan\/"]}]},{"@type":"ImageObject","inLanguage":"es","@id":"https:\/\/continuamosmx.com\/index.php\/2026\/01\/15\/rigoberto-vargas-cervantes-fortalece-el-bienestar-educativo-y-la-convivencia-familiar-en-teoloyucan\/#primaryimage","url":"https:\/\/continuamosmx.com\/wp-content\/uploads\/2026\/01\/5.jpg","contentUrl":"https:\/\/continuamosmx.com\/wp-content\/uploads\/2026\/01\/5.jpg","width":1837,"height":1131},{"@type":"BreadcrumbList","@id":"https:\/\/continuamosmx.com\/index.php\/2026\/01\/15\/rigoberto-vargas-cervantes-fortalece-el-bienestar-educativo-y-la-convivencia-familiar-en-teoloyucan\/#breadcrumb","itemListElement":[{"@type":"ListItem","position":1,"name":"Inicio","item":"https:\/\/continuamosmx.com\/"},{"@type":"ListItem","position":2,"name":"RIGOBERTO VARGAS CERVANTES FORTALECE EL BIENESTAR EDUCATIVO Y LA CONVIVENCIA FAMILIAR EN TEOLOYUCAN"}]},{"@type":"WebSite","@id":"https:\/\/continuamosmx.com\/#website","url":"https:\/\/continuamosmx.com\/","name":"www.continuamosmx.com","description":"","publisher":{"@id":"https:\/\/continuamosmx.com\/#organization"},"potentialAction":[{"@type":"SearchAction","target":{"@type":"EntryPoint","urlTemplate":"https:\/\/continuamosmx.com\/?s={search_term_string}"},"query-input":{"@type":"PropertyValueSpecification","valueRequired":true,"valueName":"search_term_string"}}],"inLanguage":"es"},{"@type":"Organization","@id":"https:\/\/continuamosmx.com\/#organization","name":"ContinuamosMX","url":"https:\/\/continuamosmx.com\/","logo":{"@type":"ImageObject","inLanguage":"es","@id":"https:\/\/continuamosmx.com\/#\/schema\/logo\/image\/","url":"https:\/\/continuamosmx.com\/wp-content\/uploads\/2023\/04\/cropped-LOGO-CONTI-NUEVO.png","contentUrl":"https:\/\/continuamosmx.com\/wp-content\/uploads\/2023\/04\/cropped-LOGO-CONTI-NUEVO.png","width":1257,"height":430,"caption":"ContinuamosMX"},"image":{"@id":"https:\/\/continuamosmx.com\/#\/schema\/logo\/image\/"}},{"@type":"Person","@id":"https:\/\/continuamosmx.com\/#\/schema\/person\/5eb5356acb1fad784da407d14f0e8d89","name":"Continuamos MX","image":{"@type":"ImageObject","inLanguage":"es","@id":"https:\/\/secure.gravatar.com\/avatar\/30d4f9723476a15f4da34d35fb3501f08d2357016c76051c6a85c354c7489589?s=96&d=mm&r=g","url":"https:\/\/secure.gravatar.com\/avatar\/30d4f9723476a15f4da34d35fb3501f08d2357016c76051c6a85c354c7489589?s=96&d=mm&r=g","contentUrl":"https:\/\/secure.gravatar.com\/avatar\/30d4f9723476a15f4da34d35fb3501f08d2357016c76051c6a85c354c7489589?s=96&d=mm&r=g","caption":"Continuamos MX"},"sameAs":["http:\/\/www.continuamos.mx"],"url":"https:\/\/continuamosmx.com\/index.php\/author\/continuamos\/"}]}},"_links":{"self":[{"href":"https:\/\/continuamosmx.com\/index.php\/wp-json\/wp\/v2\/posts\/51991","targetHints":{"allow":["GET"]}}],"collection":[{"href":"https:\/\/continuamosmx.com\/index.php\/wp-json\/wp\/v2\/posts"}],"about":[{"href":"https:\/\/continuamosmx.com\/index.php\/wp-json\/wp\/v2\/types\/post"}],"author":[{"embeddable":true,"href":"https:\/\/continuamosmx.com\/index.php\/wp-json\/wp\/v2\/users\/6"}],"replies":[{"embeddable":true,"href":"https:\/\/continuamosmx.com\/index.php\/wp-json\/wp\/v2\/comments?post=51991"}],"version-history":[{"count":2,"href":"https:\/\/continuamosmx.com\/index.php\/wp-json\/wp\/v2\/posts\/51991\/revisions"}],"predecessor-version":[{"id":51995,"href":"https:\/\/continuamosmx.com\/index.php\/wp-json\/wp\/v2\/posts\/51991\/revisions\/51995"}],"wp:featuredmedia":[{"embeddable":true,"href":"https:\/\/continuamosmx.com\/index.php\/wp-json\/wp\/v2\/media\/51992"}],"wp:attachment":[{"href":"https:\/\/continuamosmx.com\/index.php\/wp-json\/wp\/v2\/media?parent=51991"}],"wp:term":[{"taxonomy":"category","embeddable":true,"href":"https:\/\/continuamosmx.com\/index.php\/wp-json\/wp\/v2\/categories?post=51991"},{"taxonomy":"post_tag","embeddable":true,"href":"https:\/\/continuamosmx.com\/index.php\/wp-json\/wp\/v2\/tags?post=51991"}],"curies":[{"name":"wp","href":"https:\/\/api.w.org\/{rel}","templated":true}]}}