{"id":51983,"date":"2026-01-15T11:52:45","date_gmt":"2026-01-15T17:52:45","guid":{"rendered":"https:\/\/continuamosmx.com\/?p=51983"},"modified":"2026-01-15T11:52:46","modified_gmt":"2026-01-15T17:52:46","slug":"la-gobernadora-delfina-gomez-convoca-a-la-unidad-estrategica-para-el-ejercicio-2026","status":"publish","type":"post","link":"https:\/\/continuamosmx.com\/index.php\/2026\/01\/15\/la-gobernadora-delfina-gomez-convoca-a-la-unidad-estrategica-para-el-ejercicio-2026\/","title":{"rendered":"LA GOBERNADORA DELFINA G\u00d3MEZ CONVOCA A LA UNIDAD ESTRAT\u00c9GICA PARA EL EJERCICIO 2026"},"content":{"rendered":"\n<h3 class=\"wp-block-heading\">*<strong>En una reuni\u00f3n in\u00e9dita con alcaldes y legisladores locales y federales, la mandataria estatal aline\u00f3 la agenda de seguridad, infraestructura y salud bajo un esquema de gobernabilidad hist\u00f3rica.<\/strong><\/h3>\n\n\n\n<hr class=\"wp-block-separator has-alpha-channel-opacity\"\/>\n\n\n\n<p><strong>TOLUCA, ESTADO DE M\u00c9XICO<\/strong> \u2013 En un esfuerzo por consolidar la coordinaci\u00f3n institucional en la entidad, la Gobernadora del Estado de M\u00e9xico, <strong>Delfina G\u00f3mez \u00c1lvarez<\/strong>, encabez\u00f3 una serie de encuentros en el Palacio de Gobierno con presidentes municipales e integrantes de los Congresos local y federal. El objetivo central fue definir la ruta de trabajo para el a\u00f1o 2026, priorizando el bienestar de los m\u00e1s de 17 millones de mexiquenses<sup><\/sup>.<\/p>\n\n\n\n<p>Durante estas sesiones, la mandataria resalt\u00f3 la <strong>gobernabilidad hist\u00f3rica<\/strong> que prevalece en el estado, lograda mediante el di\u00e1logo con todas las fuerzas pol\u00edticas. Este consenso ha permitido avanzar en proyectos clave relacionados con infraestructura, gesti\u00f3n del agua, estrategias de seguridad p\u00fablica y el fortalecimiento de los sistemas de salud.<\/p>\n\n\n\n<h3 class=\"wp-block-heading\">Respaldo legislativo y proyectos de transformaci\u00f3n<\/h3>\n\n\n\n<p>La Gobernadora agradeci\u00f3 formalmente al Congreso local por la aprobaci\u00f3n de 93 iniciativas enviadas por el Ejecutivo, lo que representa un respaldo fundamental para la ejecuci\u00f3n de proyectos ciudadanos. Francisco V\u00e1zquez, presidente de la Junta de Coordinaci\u00f3n Pol\u00edtica, coincidi\u00f3 en que esta relaci\u00f3n se basa en el respeto mutuo y una convivencia \u00abfraterna y frontal\u00bb entre los poderes<sup><\/sup>.<\/p>\n\n\n\n<p>Asimismo, en su reuni\u00f3n con la LXVI Legislatura federal, Delfina G\u00f3mez enfatiz\u00f3 que la transformaci\u00f3n del estado es un proceso corresponsable. \u201cEl di\u00e1logo constructivo nos permite seguir trabajando para transformar positivamente al Estado de M\u00e9xico\u201d, afirm\u00f3, subrayando que la participaci\u00f3n de los tres poderes es el motor del cambio actual.<\/p>\n\n\n\n<figure class=\"wp-block-image size-large\"><img loading=\"lazy\" decoding=\"async\" width=\"1024\" height=\"282\" src=\"https:\/\/continuamosmx.com\/wp-content\/uploads\/2026\/01\/unnamed-22-1024x282.jpg\" alt=\"\" class=\"wp-image-51985\" srcset=\"https:\/\/continuamosmx.com\/wp-content\/uploads\/2026\/01\/unnamed-22-1024x282.jpg 1024w, https:\/\/continuamosmx.com\/wp-content\/uploads\/2026\/01\/unnamed-22-300x83.jpg 300w, https:\/\/continuamosmx.com\/wp-content\/uploads\/2026\/01\/unnamed-22-768x211.jpg 768w, https:\/\/continuamosmx.com\/wp-content\/uploads\/2026\/01\/unnamed-22-200x55.jpg 200w, https:\/\/continuamosmx.com\/wp-content\/uploads\/2026\/01\/unnamed-22.jpg 1280w\" sizes=\"auto, (max-width: 1024px) 100vw, 1024px\" \/><\/figure>\n","protected":false},"excerpt":{"rendered":"<p>*En una reuni\u00f3n in\u00e9dita con alcaldes y legisladores locales y federales, la mandataria estatal aline\u00f3 la agenda de seguridad, infraestructura y salud bajo un esquema de gobernabilidad hist\u00f3rica. TOLUCA, ESTADO DE M\u00c9XICO \u2013 En un esfuerzo por consolidar la coordinaci\u00f3n institucional en la entidad, la Gobernadora del Estado de M\u00e9xico, Delfina G\u00f3mez \u00c1lvarez, encabez\u00f3 una [&hellip;]<\/p>\n","protected":false},"author":6,"featured_media":51984,"comment_status":"closed","ping_status":"closed","sticky":false,"template":"","format":"standard","meta":{"footnotes":""},"categories":[2],"tags":[],"class_list":["post-51983","post","type-post","status-publish","format-standard","has-post-thumbnail","hentry","category-edomex"],"yoast_head":"<!-- This site is optimized with the Yoast SEO plugin v27.5 - https:\/\/yoast.com\/product\/yoast-seo-wordpress\/ -->\n<title>LA GOBERNADORA DELFINA G\u00d3MEZ CONVOCA A LA UNIDAD ESTRAT\u00c9GICA PARA EL EJERCICIO 2026 -<\/title>\n<meta name=\"robots\" content=\"index, follow, max-snippet:-1, max-image-preview:large, max-video-preview:-1\" \/>\n<link rel=\"canonical\" href=\"https:\/\/continuamosmx.com\/index.php\/2026\/01\/15\/la-gobernadora-delfina-gomez-convoca-a-la-unidad-estrategica-para-el-ejercicio-2026\/\" \/>\n<meta property=\"og:locale\" content=\"es_ES\" \/>\n<meta property=\"og:type\" content=\"article\" \/>\n<meta property=\"og:title\" content=\"LA GOBERNADORA DELFINA G\u00d3MEZ CONVOCA A LA UNIDAD ESTRAT\u00c9GICA PARA EL EJERCICIO 2026 -\" \/>\n<meta property=\"og:description\" content=\"*En una reuni\u00f3n in\u00e9dita con alcaldes y legisladores locales y federales, la mandataria estatal aline\u00f3 la agenda de seguridad, infraestructura y salud bajo un esquema de gobernabilidad hist\u00f3rica. TOLUCA, ESTADO DE M\u00c9XICO \u2013 En un esfuerzo por consolidar la coordinaci\u00f3n institucional en la entidad, la Gobernadora del Estado de M\u00e9xico, Delfina G\u00f3mez \u00c1lvarez, encabez\u00f3 una [&hellip;]\" \/>\n<meta property=\"og:url\" content=\"https:\/\/continuamosmx.com\/index.php\/2026\/01\/15\/la-gobernadora-delfina-gomez-convoca-a-la-unidad-estrategica-para-el-ejercicio-2026\/\" \/>\n<meta property=\"article:published_time\" content=\"2026-01-15T17:52:45+00:00\" \/>\n<meta property=\"article:modified_time\" content=\"2026-01-15T17:52:46+00:00\" \/>\n<meta property=\"og:image\" content=\"https:\/\/continuamosmx.com\/wp-content\/uploads\/2026\/01\/unnamed-23.jpg\" \/>\n\t<meta property=\"og:image:width\" content=\"1280\" \/>\n\t<meta property=\"og:image:height\" content=\"680\" \/>\n\t<meta property=\"og:image:type\" content=\"image\/jpeg\" \/>\n<meta name=\"author\" content=\"Continuamos MX\" \/>\n<meta name=\"twitter:card\" content=\"summary_large_image\" \/>\n<meta name=\"twitter:label1\" content=\"Escrito por\" \/>\n\t<meta name=\"twitter:data1\" content=\"Continuamos MX\" \/>\n\t<meta name=\"twitter:label2\" content=\"Tiempo de lectura\" \/>\n\t<meta name=\"twitter:data2\" content=\"1 minuto\" \/>\n<script type=\"application\/ld+json\" class=\"yoast-schema-graph\">{\"@context\":\"https:\\\/\\\/schema.org\",\"@graph\":[{\"@type\":\"Article\",\"@id\":\"https:\\\/\\\/continuamosmx.com\\\/index.php\\\/2026\\\/01\\\/15\\\/la-gobernadora-delfina-gomez-convoca-a-la-unidad-estrategica-para-el-ejercicio-2026\\\/#article\",\"isPartOf\":{\"@id\":\"https:\\\/\\\/continuamosmx.com\\\/index.php\\\/2026\\\/01\\\/15\\\/la-gobernadora-delfina-gomez-convoca-a-la-unidad-estrategica-para-el-ejercicio-2026\\\/\"},\"author\":{\"name\":\"Continuamos MX\",\"@id\":\"https:\\\/\\\/continuamosmx.com\\\/#\\\/schema\\\/person\\\/5eb5356acb1fad784da407d14f0e8d89\"},\"headline\":\"LA GOBERNADORA DELFINA G\u00d3MEZ CONVOCA A LA UNIDAD ESTRAT\u00c9GICA PARA EL EJERCICIO 2026\",\"datePublished\":\"2026-01-15T17:52:45+00:00\",\"dateModified\":\"2026-01-15T17:52:46+00:00\",\"mainEntityOfPage\":{\"@id\":\"https:\\\/\\\/continuamosmx.com\\\/index.php\\\/2026\\\/01\\\/15\\\/la-gobernadora-delfina-gomez-convoca-a-la-unidad-estrategica-para-el-ejercicio-2026\\\/\"},\"wordCount\":298,\"publisher\":{\"@id\":\"https:\\\/\\\/continuamosmx.com\\\/#organization\"},\"image\":{\"@id\":\"https:\\\/\\\/continuamosmx.com\\\/index.php\\\/2026\\\/01\\\/15\\\/la-gobernadora-delfina-gomez-convoca-a-la-unidad-estrategica-para-el-ejercicio-2026\\\/#primaryimage\"},\"thumbnailUrl\":\"https:\\\/\\\/continuamosmx.com\\\/wp-content\\\/uploads\\\/2026\\\/01\\\/unnamed-23.jpg\",\"articleSection\":[\"EDOMEX\"],\"inLanguage\":\"es\"},{\"@type\":\"WebPage\",\"@id\":\"https:\\\/\\\/continuamosmx.com\\\/index.php\\\/2026\\\/01\\\/15\\\/la-gobernadora-delfina-gomez-convoca-a-la-unidad-estrategica-para-el-ejercicio-2026\\\/\",\"url\":\"https:\\\/\\\/continuamosmx.com\\\/index.php\\\/2026\\\/01\\\/15\\\/la-gobernadora-delfina-gomez-convoca-a-la-unidad-estrategica-para-el-ejercicio-2026\\\/\",\"name\":\"LA GOBERNADORA DELFINA G\u00d3MEZ CONVOCA A LA UNIDAD ESTRAT\u00c9GICA PARA EL EJERCICIO 2026 -\",\"isPartOf\":{\"@id\":\"https:\\\/\\\/continuamosmx.com\\\/#website\"},\"primaryImageOfPage\":{\"@id\":\"https:\\\/\\\/continuamosmx.com\\\/index.php\\\/2026\\\/01\\\/15\\\/la-gobernadora-delfina-gomez-convoca-a-la-unidad-estrategica-para-el-ejercicio-2026\\\/#primaryimage\"},\"image\":{\"@id\":\"https:\\\/\\\/continuamosmx.com\\\/index.php\\\/2026\\\/01\\\/15\\\/la-gobernadora-delfina-gomez-convoca-a-la-unidad-estrategica-para-el-ejercicio-2026\\\/#primaryimage\"},\"thumbnailUrl\":\"https:\\\/\\\/continuamosmx.com\\\/wp-content\\\/uploads\\\/2026\\\/01\\\/unnamed-23.jpg\",\"datePublished\":\"2026-01-15T17:52:45+00:00\",\"dateModified\":\"2026-01-15T17:52:46+00:00\",\"breadcrumb\":{\"@id\":\"https:\\\/\\\/continuamosmx.com\\\/index.php\\\/2026\\\/01\\\/15\\\/la-gobernadora-delfina-gomez-convoca-a-la-unidad-estrategica-para-el-ejercicio-2026\\\/#breadcrumb\"},\"inLanguage\":\"es\",\"potentialAction\":[{\"@type\":\"ReadAction\",\"target\":[\"https:\\\/\\\/continuamosmx.com\\\/index.php\\\/2026\\\/01\\\/15\\\/la-gobernadora-delfina-gomez-convoca-a-la-unidad-estrategica-para-el-ejercicio-2026\\\/\"]}]},{\"@type\":\"ImageObject\",\"inLanguage\":\"es\",\"@id\":\"https:\\\/\\\/continuamosmx.com\\\/index.php\\\/2026\\\/01\\\/15\\\/la-gobernadora-delfina-gomez-convoca-a-la-unidad-estrategica-para-el-ejercicio-2026\\\/#primaryimage\",\"url\":\"https:\\\/\\\/continuamosmx.com\\\/wp-content\\\/uploads\\\/2026\\\/01\\\/unnamed-23.jpg\",\"contentUrl\":\"https:\\\/\\\/continuamosmx.com\\\/wp-content\\\/uploads\\\/2026\\\/01\\\/unnamed-23.jpg\",\"width\":1280,\"height\":680},{\"@type\":\"BreadcrumbList\",\"@id\":\"https:\\\/\\\/continuamosmx.com\\\/index.php\\\/2026\\\/01\\\/15\\\/la-gobernadora-delfina-gomez-convoca-a-la-unidad-estrategica-para-el-ejercicio-2026\\\/#breadcrumb\",\"itemListElement\":[{\"@type\":\"ListItem\",\"position\":1,\"name\":\"Inicio\",\"item\":\"https:\\\/\\\/continuamosmx.com\\\/\"},{\"@type\":\"ListItem\",\"position\":2,\"name\":\"LA GOBERNADORA DELFINA G\u00d3MEZ CONVOCA A LA UNIDAD ESTRAT\u00c9GICA PARA EL EJERCICIO 2026\"}]},{\"@type\":\"WebSite\",\"@id\":\"https:\\\/\\\/continuamosmx.com\\\/#website\",\"url\":\"https:\\\/\\\/continuamosmx.com\\\/\",\"name\":\"www.continuamosmx.com\",\"description\":\"\",\"publisher\":{\"@id\":\"https:\\\/\\\/continuamosmx.com\\\/#organization\"},\"potentialAction\":[{\"@type\":\"SearchAction\",\"target\":{\"@type\":\"EntryPoint\",\"urlTemplate\":\"https:\\\/\\\/continuamosmx.com\\\/?s={search_term_string}\"},\"query-input\":{\"@type\":\"PropertyValueSpecification\",\"valueRequired\":true,\"valueName\":\"search_term_string\"}}],\"inLanguage\":\"es\"},{\"@type\":\"Organization\",\"@id\":\"https:\\\/\\\/continuamosmx.com\\\/#organization\",\"name\":\"ContinuamosMX\",\"url\":\"https:\\\/\\\/continuamosmx.com\\\/\",\"logo\":{\"@type\":\"ImageObject\",\"inLanguage\":\"es\",\"@id\":\"https:\\\/\\\/continuamosmx.com\\\/#\\\/schema\\\/logo\\\/image\\\/\",\"url\":\"https:\\\/\\\/continuamosmx.com\\\/wp-content\\\/uploads\\\/2023\\\/04\\\/cropped-LOGO-CONTI-NUEVO.png\",\"contentUrl\":\"https:\\\/\\\/continuamosmx.com\\\/wp-content\\\/uploads\\\/2023\\\/04\\\/cropped-LOGO-CONTI-NUEVO.png\",\"width\":1257,\"height\":430,\"caption\":\"ContinuamosMX\"},\"image\":{\"@id\":\"https:\\\/\\\/continuamosmx.com\\\/#\\\/schema\\\/logo\\\/image\\\/\"}},{\"@type\":\"Person\",\"@id\":\"https:\\\/\\\/continuamosmx.com\\\/#\\\/schema\\\/person\\\/5eb5356acb1fad784da407d14f0e8d89\",\"name\":\"Continuamos MX\",\"image\":{\"@type\":\"ImageObject\",\"inLanguage\":\"es\",\"@id\":\"https:\\\/\\\/secure.gravatar.com\\\/avatar\\\/30d4f9723476a15f4da34d35fb3501f08d2357016c76051c6a85c354c7489589?s=96&d=mm&r=g\",\"url\":\"https:\\\/\\\/secure.gravatar.com\\\/avatar\\\/30d4f9723476a15f4da34d35fb3501f08d2357016c76051c6a85c354c7489589?s=96&d=mm&r=g\",\"contentUrl\":\"https:\\\/\\\/secure.gravatar.com\\\/avatar\\\/30d4f9723476a15f4da34d35fb3501f08d2357016c76051c6a85c354c7489589?s=96&d=mm&r=g\",\"caption\":\"Continuamos MX\"},\"sameAs\":[\"http:\\\/\\\/www.continuamos.mx\"],\"url\":\"https:\\\/\\\/continuamosmx.com\\\/index.php\\\/author\\\/continuamos\\\/\"}]}<\/script>\n<!-- \/ Yoast SEO plugin. -->","yoast_head_json":{"title":"LA GOBERNADORA DELFINA G\u00d3MEZ CONVOCA A LA UNIDAD ESTRAT\u00c9GICA PARA EL EJERCICIO 2026 -","robots":{"index":"index","follow":"follow","max-snippet":"max-snippet:-1","max-image-preview":"max-image-preview:large","max-video-preview":"max-video-preview:-1"},"canonical":"https:\/\/continuamosmx.com\/index.php\/2026\/01\/15\/la-gobernadora-delfina-gomez-convoca-a-la-unidad-estrategica-para-el-ejercicio-2026\/","og_locale":"es_ES","og_type":"article","og_title":"LA GOBERNADORA DELFINA G\u00d3MEZ CONVOCA A LA UNIDAD ESTRAT\u00c9GICA PARA EL EJERCICIO 2026 -","og_description":"*En una reuni\u00f3n in\u00e9dita con alcaldes y legisladores locales y federales, la mandataria estatal aline\u00f3 la agenda de seguridad, infraestructura y salud bajo un esquema de gobernabilidad hist\u00f3rica. TOLUCA, ESTADO DE M\u00c9XICO \u2013 En un esfuerzo por consolidar la coordinaci\u00f3n institucional en la entidad, la Gobernadora del Estado de M\u00e9xico, Delfina G\u00f3mez \u00c1lvarez, encabez\u00f3 una [&hellip;]","og_url":"https:\/\/continuamosmx.com\/index.php\/2026\/01\/15\/la-gobernadora-delfina-gomez-convoca-a-la-unidad-estrategica-para-el-ejercicio-2026\/","article_published_time":"2026-01-15T17:52:45+00:00","article_modified_time":"2026-01-15T17:52:46+00:00","og_image":[{"width":1280,"height":680,"url":"https:\/\/continuamosmx.com\/wp-content\/uploads\/2026\/01\/unnamed-23.jpg","type":"image\/jpeg"}],"author":"Continuamos MX","twitter_card":"summary_large_image","twitter_misc":{"Escrito por":"Continuamos MX","Tiempo de lectura":"1 minuto"},"schema":{"@context":"https:\/\/schema.org","@graph":[{"@type":"Article","@id":"https:\/\/continuamosmx.com\/index.php\/2026\/01\/15\/la-gobernadora-delfina-gomez-convoca-a-la-unidad-estrategica-para-el-ejercicio-2026\/#article","isPartOf":{"@id":"https:\/\/continuamosmx.com\/index.php\/2026\/01\/15\/la-gobernadora-delfina-gomez-convoca-a-la-unidad-estrategica-para-el-ejercicio-2026\/"},"author":{"name":"Continuamos MX","@id":"https:\/\/continuamosmx.com\/#\/schema\/person\/5eb5356acb1fad784da407d14f0e8d89"},"headline":"LA GOBERNADORA DELFINA G\u00d3MEZ CONVOCA A LA UNIDAD ESTRAT\u00c9GICA PARA EL EJERCICIO 2026","datePublished":"2026-01-15T17:52:45+00:00","dateModified":"2026-01-15T17:52:46+00:00","mainEntityOfPage":{"@id":"https:\/\/continuamosmx.com\/index.php\/2026\/01\/15\/la-gobernadora-delfina-gomez-convoca-a-la-unidad-estrategica-para-el-ejercicio-2026\/"},"wordCount":298,"publisher":{"@id":"https:\/\/continuamosmx.com\/#organization"},"image":{"@id":"https:\/\/continuamosmx.com\/index.php\/2026\/01\/15\/la-gobernadora-delfina-gomez-convoca-a-la-unidad-estrategica-para-el-ejercicio-2026\/#primaryimage"},"thumbnailUrl":"https:\/\/continuamosmx.com\/wp-content\/uploads\/2026\/01\/unnamed-23.jpg","articleSection":["EDOMEX"],"inLanguage":"es"},{"@type":"WebPage","@id":"https:\/\/continuamosmx.com\/index.php\/2026\/01\/15\/la-gobernadora-delfina-gomez-convoca-a-la-unidad-estrategica-para-el-ejercicio-2026\/","url":"https:\/\/continuamosmx.com\/index.php\/2026\/01\/15\/la-gobernadora-delfina-gomez-convoca-a-la-unidad-estrategica-para-el-ejercicio-2026\/","name":"LA GOBERNADORA DELFINA G\u00d3MEZ CONVOCA A LA UNIDAD ESTRAT\u00c9GICA PARA EL EJERCICIO 2026 -","isPartOf":{"@id":"https:\/\/continuamosmx.com\/#website"},"primaryImageOfPage":{"@id":"https:\/\/continuamosmx.com\/index.php\/2026\/01\/15\/la-gobernadora-delfina-gomez-convoca-a-la-unidad-estrategica-para-el-ejercicio-2026\/#primaryimage"},"image":{"@id":"https:\/\/continuamosmx.com\/index.php\/2026\/01\/15\/la-gobernadora-delfina-gomez-convoca-a-la-unidad-estrategica-para-el-ejercicio-2026\/#primaryimage"},"thumbnailUrl":"https:\/\/continuamosmx.com\/wp-content\/uploads\/2026\/01\/unnamed-23.jpg","datePublished":"2026-01-15T17:52:45+00:00","dateModified":"2026-01-15T17:52:46+00:00","breadcrumb":{"@id":"https:\/\/continuamosmx.com\/index.php\/2026\/01\/15\/la-gobernadora-delfina-gomez-convoca-a-la-unidad-estrategica-para-el-ejercicio-2026\/#breadcrumb"},"inLanguage":"es","potentialAction":[{"@type":"ReadAction","target":["https:\/\/continuamosmx.com\/index.php\/2026\/01\/15\/la-gobernadora-delfina-gomez-convoca-a-la-unidad-estrategica-para-el-ejercicio-2026\/"]}]},{"@type":"ImageObject","inLanguage":"es","@id":"https:\/\/continuamosmx.com\/index.php\/2026\/01\/15\/la-gobernadora-delfina-gomez-convoca-a-la-unidad-estrategica-para-el-ejercicio-2026\/#primaryimage","url":"https:\/\/continuamosmx.com\/wp-content\/uploads\/2026\/01\/unnamed-23.jpg","contentUrl":"https:\/\/continuamosmx.com\/wp-content\/uploads\/2026\/01\/unnamed-23.jpg","width":1280,"height":680},{"@type":"BreadcrumbList","@id":"https:\/\/continuamosmx.com\/index.php\/2026\/01\/15\/la-gobernadora-delfina-gomez-convoca-a-la-unidad-estrategica-para-el-ejercicio-2026\/#breadcrumb","itemListElement":[{"@type":"ListItem","position":1,"name":"Inicio","item":"https:\/\/continuamosmx.com\/"},{"@type":"ListItem","position":2,"name":"LA GOBERNADORA DELFINA G\u00d3MEZ CONVOCA A LA UNIDAD ESTRAT\u00c9GICA PARA EL EJERCICIO 2026"}]},{"@type":"WebSite","@id":"https:\/\/continuamosmx.com\/#website","url":"https:\/\/continuamosmx.com\/","name":"www.continuamosmx.com","description":"","publisher":{"@id":"https:\/\/continuamosmx.com\/#organization"},"potentialAction":[{"@type":"SearchAction","target":{"@type":"EntryPoint","urlTemplate":"https:\/\/continuamosmx.com\/?s={search_term_string}"},"query-input":{"@type":"PropertyValueSpecification","valueRequired":true,"valueName":"search_term_string"}}],"inLanguage":"es"},{"@type":"Organization","@id":"https:\/\/continuamosmx.com\/#organization","name":"ContinuamosMX","url":"https:\/\/continuamosmx.com\/","logo":{"@type":"ImageObject","inLanguage":"es","@id":"https:\/\/continuamosmx.com\/#\/schema\/logo\/image\/","url":"https:\/\/continuamosmx.com\/wp-content\/uploads\/2023\/04\/cropped-LOGO-CONTI-NUEVO.png","contentUrl":"https:\/\/continuamosmx.com\/wp-content\/uploads\/2023\/04\/cropped-LOGO-CONTI-NUEVO.png","width":1257,"height":430,"caption":"ContinuamosMX"},"image":{"@id":"https:\/\/continuamosmx.com\/#\/schema\/logo\/image\/"}},{"@type":"Person","@id":"https:\/\/continuamosmx.com\/#\/schema\/person\/5eb5356acb1fad784da407d14f0e8d89","name":"Continuamos MX","image":{"@type":"ImageObject","inLanguage":"es","@id":"https:\/\/secure.gravatar.com\/avatar\/30d4f9723476a15f4da34d35fb3501f08d2357016c76051c6a85c354c7489589?s=96&d=mm&r=g","url":"https:\/\/secure.gravatar.com\/avatar\/30d4f9723476a15f4da34d35fb3501f08d2357016c76051c6a85c354c7489589?s=96&d=mm&r=g","contentUrl":"https:\/\/secure.gravatar.com\/avatar\/30d4f9723476a15f4da34d35fb3501f08d2357016c76051c6a85c354c7489589?s=96&d=mm&r=g","caption":"Continuamos MX"},"sameAs":["http:\/\/www.continuamos.mx"],"url":"https:\/\/continuamosmx.com\/index.php\/author\/continuamos\/"}]}},"_links":{"self":[{"href":"https:\/\/continuamosmx.com\/index.php\/wp-json\/wp\/v2\/posts\/51983","targetHints":{"allow":["GET"]}}],"collection":[{"href":"https:\/\/continuamosmx.com\/index.php\/wp-json\/wp\/v2\/posts"}],"about":[{"href":"https:\/\/continuamosmx.com\/index.php\/wp-json\/wp\/v2\/types\/post"}],"author":[{"embeddable":true,"href":"https:\/\/continuamosmx.com\/index.php\/wp-json\/wp\/v2\/users\/6"}],"replies":[{"embeddable":true,"href":"https:\/\/continuamosmx.com\/index.php\/wp-json\/wp\/v2\/comments?post=51983"}],"version-history":[{"count":1,"href":"https:\/\/continuamosmx.com\/index.php\/wp-json\/wp\/v2\/posts\/51983\/revisions"}],"predecessor-version":[{"id":51987,"href":"https:\/\/continuamosmx.com\/index.php\/wp-json\/wp\/v2\/posts\/51983\/revisions\/51987"}],"wp:featuredmedia":[{"embeddable":true,"href":"https:\/\/continuamosmx.com\/index.php\/wp-json\/wp\/v2\/media\/51984"}],"wp:attachment":[{"href":"https:\/\/continuamosmx.com\/index.php\/wp-json\/wp\/v2\/media?parent=51983"}],"wp:term":[{"taxonomy":"category","embeddable":true,"href":"https:\/\/continuamosmx.com\/index.php\/wp-json\/wp\/v2\/categories?post=51983"},{"taxonomy":"post_tag","embeddable":true,"href":"https:\/\/continuamosmx.com\/index.php\/wp-json\/wp\/v2\/tags?post=51983"}],"curies":[{"name":"wp","href":"https:\/\/api.w.org\/{rel}","templated":true}]}}