{"id":51976,"date":"2026-01-15T10:05:29","date_gmt":"2026-01-15T16:05:29","guid":{"rendered":"https:\/\/continuamosmx.com\/?p=51976"},"modified":"2026-01-15T10:05:30","modified_gmt":"2026-01-15T16:05:30","slug":"destaca-francisco-vazquez-coordinacion-entre-poderes-legislativo-y-ejecutivo-en-el-estado-de-mexico","status":"publish","type":"post","link":"https:\/\/continuamosmx.com\/index.php\/2026\/01\/15\/destaca-francisco-vazquez-coordinacion-entre-poderes-legislativo-y-ejecutivo-en-el-estado-de-mexico\/","title":{"rendered":"DESTACA FRANCISCO V\u00c1ZQUEZ COORDINACI\u00d3N ENTRE PODERES LEGISLATIVO Y EJECUTIVO EN EL ESTADO DE M\u00c9XICO"},"content":{"rendered":"\n<p>*<strong>Tras una reuni\u00f3n entre los coordinadores de todas las bancadas y la gobernadora Delfina G\u00f3mez, se acord\u00f3 fortalecer la relaci\u00f3n institucional y priorizar la eficiencia de los servicios p\u00fablicos.<\/strong> <\/p>\n\n\n\n<hr class=\"wp-block-separator has-alpha-channel-opacity\"\/>\n\n\n\n<p><strong>TOLUCA DE LERDO, M\u00c9XICO<\/strong> \u2013 El diputado Francisco V\u00e1zquez Rodr\u00edguez, presidente de la Junta de Coordinaci\u00f3n Pol\u00edtica (Jucopo), resalt\u00f3 el clima de respeto, di\u00e1logo y comunicaci\u00f3n institucional que prevalece entre la LXII Legislatura y el Gobierno del Estado de M\u00e9xico, encabezado por la gobernadora Delfina G\u00f3mez \u00c1lvarez. <sup><\/sup><sup><\/sup><sup><\/sup>Este pronunciamiento se da en el marco de los preparativos para el inicio del pr\u00f3ximo periodo ordinario de sesiones. <sup><\/sup><\/p>\n\n\n\n<p>Tras un encuentro en el Sal\u00f3n del Pueblo donde participaron representantes de todas las fuerzas pol\u00edticas (morena, PVEM, PT, PRI, PAN, MC y PRD), el legislador inform\u00f3 que la mandataria estatal solicit\u00f3 estrechar la colaboraci\u00f3n con los ayuntamientos. <sup><\/sup><sup><\/sup>El objetivo primordial es mejorar la calidad de los servicios p\u00fablicos y de salud, adem\u00e1s de garantizar que el presupuesto se concentre en programas sociales, evitando la duplicidad de funciones para maximizar el n\u00famero de beneficiarios. <sup><\/sup><sup><\/sup><sup><\/sup><sup><\/sup><\/p>\n\n\n\n<h3 class=\"wp-block-heading\">Agenda Legislativa y Retos para 2026<\/h3>\n\n\n\n<p>De cara al Segundo Periodo Ordinario de Sesiones, que se desarrollar\u00e1 del 31 de enero al 15 de mayo, el Congreso local prev\u00e9 una intensa actividad jur\u00eddica: <sup><\/sup><\/p>\n\n\n\n<ul class=\"wp-block-list\">\n<li><strong>Rescate de iniciativas:<\/strong> Se contempla retomar hasta 120 propuestas de diversas bancadas que se encuentran pendientes. <\/li>\n\n\n\n<li><strong>Agenda de morena:<\/strong> El grupo parlamentario mayoritario presentar\u00e1 cerca de 80 nuevas iniciativas enfocadas en salud, seguridad, protecci\u00f3n al medio ambiente, bienestar animal y leyes secundarias. <\/li>\n\n\n\n<li><strong>Sesi\u00f3n Extraordinaria:<\/strong> Este 15 de enero se llevar\u00e1 a cabo el quinto periodo extraordinario para discutir temas urgentes como la b\u00fasqueda de personas desaparecidas, el combate a la extorsi\u00f3n y el fortalecimiento de las mesas de paz. <\/li>\n<\/ul>\n\n\n\n<h3 class=\"wp-block-heading\">Consenso entre las Fuerzas Pol\u00edticas<\/h3>\n\n\n\n<p>Los coordinadores parlamentarios de los distintos partidos coincidieron en la importancia de mantener este nivel de interlocuci\u00f3n. <sup><\/sup>Representantes del PRI y el PAN destacaron que el di\u00e1logo con el Congreso mexiquense ha sido ejemplar a nivel nacional, fundamentado en el respeto y el consenso. <sup><\/sup>Por su parte, el PRD manifest\u00f3 su disposici\u00f3n para respaldar las iniciativas del Ejecutivo, subrayando la necesidad de no descuidar temas como la justicia h\u00eddrica y la seguridad. <sup><\/sup><\/p>\n\n\n\n<p>Con esta coordinaci\u00f3n, las autoridades buscan asegurar un trabajo conjunto que beneficie de manera directa a los m\u00e1s de 17 millones de habitantes del Estado de M\u00e9xico durante el ejercicio 2026. <sup><\/sup><\/p>\n","protected":false},"excerpt":{"rendered":"<p>*Tras una reuni\u00f3n entre los coordinadores de todas las bancadas y la gobernadora Delfina G\u00f3mez, se acord\u00f3 fortalecer la relaci\u00f3n institucional y priorizar la eficiencia de los servicios p\u00fablicos. TOLUCA DE LERDO, M\u00c9XICO \u2013 El diputado Francisco V\u00e1zquez Rodr\u00edguez, presidente de la Junta de Coordinaci\u00f3n Pol\u00edtica (Jucopo), resalt\u00f3 el clima de respeto, di\u00e1logo y comunicaci\u00f3n [&hellip;]<\/p>\n","protected":false},"author":6,"featured_media":51977,"comment_status":"closed","ping_status":"closed","sticky":false,"template":"","format":"standard","meta":{"footnotes":""},"categories":[229,2],"tags":[],"class_list":["post-51976","post","type-post","status-publish","format-standard","has-post-thumbnail","hentry","category-congreso-edomex","category-edomex"],"yoast_head":"<!-- This site is optimized with the Yoast SEO plugin v27.5 - https:\/\/yoast.com\/product\/yoast-seo-wordpress\/ -->\n<title>DESTACA FRANCISCO V\u00c1ZQUEZ COORDINACI\u00d3N ENTRE PODERES LEGISLATIVO Y EJECUTIVO EN EL ESTADO DE M\u00c9XICO -<\/title>\n<meta name=\"robots\" content=\"index, follow, max-snippet:-1, max-image-preview:large, max-video-preview:-1\" \/>\n<link rel=\"canonical\" href=\"https:\/\/continuamosmx.com\/index.php\/2026\/01\/15\/destaca-francisco-vazquez-coordinacion-entre-poderes-legislativo-y-ejecutivo-en-el-estado-de-mexico\/\" \/>\n<meta property=\"og:locale\" content=\"es_ES\" \/>\n<meta property=\"og:type\" content=\"article\" \/>\n<meta property=\"og:title\" content=\"DESTACA FRANCISCO V\u00c1ZQUEZ COORDINACI\u00d3N ENTRE PODERES LEGISLATIVO Y EJECUTIVO EN EL ESTADO DE M\u00c9XICO -\" \/>\n<meta property=\"og:description\" content=\"*Tras una reuni\u00f3n entre los coordinadores de todas las bancadas y la gobernadora Delfina G\u00f3mez, se acord\u00f3 fortalecer la relaci\u00f3n institucional y priorizar la eficiencia de los servicios p\u00fablicos. TOLUCA DE LERDO, M\u00c9XICO \u2013 El diputado Francisco V\u00e1zquez Rodr\u00edguez, presidente de la Junta de Coordinaci\u00f3n Pol\u00edtica (Jucopo), resalt\u00f3 el clima de respeto, di\u00e1logo y comunicaci\u00f3n [&hellip;]\" \/>\n<meta property=\"og:url\" content=\"https:\/\/continuamosmx.com\/index.php\/2026\/01\/15\/destaca-francisco-vazquez-coordinacion-entre-poderes-legislativo-y-ejecutivo-en-el-estado-de-mexico\/\" \/>\n<meta property=\"article:published_time\" content=\"2026-01-15T16:05:29+00:00\" \/>\n<meta property=\"article:modified_time\" content=\"2026-01-15T16:05:30+00:00\" \/>\n<meta property=\"og:image\" content=\"https:\/\/continuamosmx.com\/wp-content\/uploads\/2026\/01\/3-1.jpg\" \/>\n\t<meta property=\"og:image:width\" content=\"2048\" \/>\n\t<meta property=\"og:image:height\" content=\"1366\" \/>\n\t<meta property=\"og:image:type\" content=\"image\/jpeg\" \/>\n<meta name=\"author\" content=\"Continuamos MX\" \/>\n<meta name=\"twitter:card\" content=\"summary_large_image\" \/>\n<meta name=\"twitter:label1\" content=\"Escrito por\" \/>\n\t<meta name=\"twitter:data1\" content=\"Continuamos MX\" \/>\n\t<meta name=\"twitter:label2\" content=\"Tiempo de lectura\" \/>\n\t<meta name=\"twitter:data2\" content=\"2 minutos\" \/>\n<script type=\"application\/ld+json\" class=\"yoast-schema-graph\">{\"@context\":\"https:\\\/\\\/schema.org\",\"@graph\":[{\"@type\":\"Article\",\"@id\":\"https:\\\/\\\/continuamosmx.com\\\/index.php\\\/2026\\\/01\\\/15\\\/destaca-francisco-vazquez-coordinacion-entre-poderes-legislativo-y-ejecutivo-en-el-estado-de-mexico\\\/#article\",\"isPartOf\":{\"@id\":\"https:\\\/\\\/continuamosmx.com\\\/index.php\\\/2026\\\/01\\\/15\\\/destaca-francisco-vazquez-coordinacion-entre-poderes-legislativo-y-ejecutivo-en-el-estado-de-mexico\\\/\"},\"author\":{\"name\":\"Continuamos MX\",\"@id\":\"https:\\\/\\\/continuamosmx.com\\\/#\\\/schema\\\/person\\\/5eb5356acb1fad784da407d14f0e8d89\"},\"headline\":\"DESTACA FRANCISCO V\u00c1ZQUEZ COORDINACI\u00d3N ENTRE PODERES LEGISLATIVO Y EJECUTIVO EN EL ESTADO DE M\u00c9XICO\",\"datePublished\":\"2026-01-15T16:05:29+00:00\",\"dateModified\":\"2026-01-15T16:05:30+00:00\",\"mainEntityOfPage\":{\"@id\":\"https:\\\/\\\/continuamosmx.com\\\/index.php\\\/2026\\\/01\\\/15\\\/destaca-francisco-vazquez-coordinacion-entre-poderes-legislativo-y-ejecutivo-en-el-estado-de-mexico\\\/\"},\"wordCount\":430,\"publisher\":{\"@id\":\"https:\\\/\\\/continuamosmx.com\\\/#organization\"},\"image\":{\"@id\":\"https:\\\/\\\/continuamosmx.com\\\/index.php\\\/2026\\\/01\\\/15\\\/destaca-francisco-vazquez-coordinacion-entre-poderes-legislativo-y-ejecutivo-en-el-estado-de-mexico\\\/#primaryimage\"},\"thumbnailUrl\":\"https:\\\/\\\/continuamosmx.com\\\/wp-content\\\/uploads\\\/2026\\\/01\\\/3-1.jpg\",\"articleSection\":[\"CONGRESO EDOM\u00c9X\",\"EDOMEX\"],\"inLanguage\":\"es\"},{\"@type\":\"WebPage\",\"@id\":\"https:\\\/\\\/continuamosmx.com\\\/index.php\\\/2026\\\/01\\\/15\\\/destaca-francisco-vazquez-coordinacion-entre-poderes-legislativo-y-ejecutivo-en-el-estado-de-mexico\\\/\",\"url\":\"https:\\\/\\\/continuamosmx.com\\\/index.php\\\/2026\\\/01\\\/15\\\/destaca-francisco-vazquez-coordinacion-entre-poderes-legislativo-y-ejecutivo-en-el-estado-de-mexico\\\/\",\"name\":\"DESTACA FRANCISCO V\u00c1ZQUEZ COORDINACI\u00d3N ENTRE PODERES LEGISLATIVO Y EJECUTIVO EN EL ESTADO DE M\u00c9XICO -\",\"isPartOf\":{\"@id\":\"https:\\\/\\\/continuamosmx.com\\\/#website\"},\"primaryImageOfPage\":{\"@id\":\"https:\\\/\\\/continuamosmx.com\\\/index.php\\\/2026\\\/01\\\/15\\\/destaca-francisco-vazquez-coordinacion-entre-poderes-legislativo-y-ejecutivo-en-el-estado-de-mexico\\\/#primaryimage\"},\"image\":{\"@id\":\"https:\\\/\\\/continuamosmx.com\\\/index.php\\\/2026\\\/01\\\/15\\\/destaca-francisco-vazquez-coordinacion-entre-poderes-legislativo-y-ejecutivo-en-el-estado-de-mexico\\\/#primaryimage\"},\"thumbnailUrl\":\"https:\\\/\\\/continuamosmx.com\\\/wp-content\\\/uploads\\\/2026\\\/01\\\/3-1.jpg\",\"datePublished\":\"2026-01-15T16:05:29+00:00\",\"dateModified\":\"2026-01-15T16:05:30+00:00\",\"breadcrumb\":{\"@id\":\"https:\\\/\\\/continuamosmx.com\\\/index.php\\\/2026\\\/01\\\/15\\\/destaca-francisco-vazquez-coordinacion-entre-poderes-legislativo-y-ejecutivo-en-el-estado-de-mexico\\\/#breadcrumb\"},\"inLanguage\":\"es\",\"potentialAction\":[{\"@type\":\"ReadAction\",\"target\":[\"https:\\\/\\\/continuamosmx.com\\\/index.php\\\/2026\\\/01\\\/15\\\/destaca-francisco-vazquez-coordinacion-entre-poderes-legislativo-y-ejecutivo-en-el-estado-de-mexico\\\/\"]}]},{\"@type\":\"ImageObject\",\"inLanguage\":\"es\",\"@id\":\"https:\\\/\\\/continuamosmx.com\\\/index.php\\\/2026\\\/01\\\/15\\\/destaca-francisco-vazquez-coordinacion-entre-poderes-legislativo-y-ejecutivo-en-el-estado-de-mexico\\\/#primaryimage\",\"url\":\"https:\\\/\\\/continuamosmx.com\\\/wp-content\\\/uploads\\\/2026\\\/01\\\/3-1.jpg\",\"contentUrl\":\"https:\\\/\\\/continuamosmx.com\\\/wp-content\\\/uploads\\\/2026\\\/01\\\/3-1.jpg\",\"width\":2048,\"height\":1366},{\"@type\":\"BreadcrumbList\",\"@id\":\"https:\\\/\\\/continuamosmx.com\\\/index.php\\\/2026\\\/01\\\/15\\\/destaca-francisco-vazquez-coordinacion-entre-poderes-legislativo-y-ejecutivo-en-el-estado-de-mexico\\\/#breadcrumb\",\"itemListElement\":[{\"@type\":\"ListItem\",\"position\":1,\"name\":\"Inicio\",\"item\":\"https:\\\/\\\/continuamosmx.com\\\/\"},{\"@type\":\"ListItem\",\"position\":2,\"name\":\"DESTACA FRANCISCO V\u00c1ZQUEZ COORDINACI\u00d3N ENTRE PODERES LEGISLATIVO Y EJECUTIVO EN EL ESTADO DE M\u00c9XICO\"}]},{\"@type\":\"WebSite\",\"@id\":\"https:\\\/\\\/continuamosmx.com\\\/#website\",\"url\":\"https:\\\/\\\/continuamosmx.com\\\/\",\"name\":\"www.continuamosmx.com\",\"description\":\"\",\"publisher\":{\"@id\":\"https:\\\/\\\/continuamosmx.com\\\/#organization\"},\"potentialAction\":[{\"@type\":\"SearchAction\",\"target\":{\"@type\":\"EntryPoint\",\"urlTemplate\":\"https:\\\/\\\/continuamosmx.com\\\/?s={search_term_string}\"},\"query-input\":{\"@type\":\"PropertyValueSpecification\",\"valueRequired\":true,\"valueName\":\"search_term_string\"}}],\"inLanguage\":\"es\"},{\"@type\":\"Organization\",\"@id\":\"https:\\\/\\\/continuamosmx.com\\\/#organization\",\"name\":\"ContinuamosMX\",\"url\":\"https:\\\/\\\/continuamosmx.com\\\/\",\"logo\":{\"@type\":\"ImageObject\",\"inLanguage\":\"es\",\"@id\":\"https:\\\/\\\/continuamosmx.com\\\/#\\\/schema\\\/logo\\\/image\\\/\",\"url\":\"https:\\\/\\\/continuamosmx.com\\\/wp-content\\\/uploads\\\/2023\\\/04\\\/cropped-LOGO-CONTI-NUEVO.png\",\"contentUrl\":\"https:\\\/\\\/continuamosmx.com\\\/wp-content\\\/uploads\\\/2023\\\/04\\\/cropped-LOGO-CONTI-NUEVO.png\",\"width\":1257,\"height\":430,\"caption\":\"ContinuamosMX\"},\"image\":{\"@id\":\"https:\\\/\\\/continuamosmx.com\\\/#\\\/schema\\\/logo\\\/image\\\/\"}},{\"@type\":\"Person\",\"@id\":\"https:\\\/\\\/continuamosmx.com\\\/#\\\/schema\\\/person\\\/5eb5356acb1fad784da407d14f0e8d89\",\"name\":\"Continuamos MX\",\"image\":{\"@type\":\"ImageObject\",\"inLanguage\":\"es\",\"@id\":\"https:\\\/\\\/secure.gravatar.com\\\/avatar\\\/30d4f9723476a15f4da34d35fb3501f08d2357016c76051c6a85c354c7489589?s=96&d=mm&r=g\",\"url\":\"https:\\\/\\\/secure.gravatar.com\\\/avatar\\\/30d4f9723476a15f4da34d35fb3501f08d2357016c76051c6a85c354c7489589?s=96&d=mm&r=g\",\"contentUrl\":\"https:\\\/\\\/secure.gravatar.com\\\/avatar\\\/30d4f9723476a15f4da34d35fb3501f08d2357016c76051c6a85c354c7489589?s=96&d=mm&r=g\",\"caption\":\"Continuamos MX\"},\"sameAs\":[\"http:\\\/\\\/www.continuamos.mx\"],\"url\":\"https:\\\/\\\/continuamosmx.com\\\/index.php\\\/author\\\/continuamos\\\/\"}]}<\/script>\n<!-- \/ Yoast SEO plugin. -->","yoast_head_json":{"title":"DESTACA FRANCISCO V\u00c1ZQUEZ COORDINACI\u00d3N ENTRE PODERES LEGISLATIVO Y EJECUTIVO EN EL ESTADO DE M\u00c9XICO -","robots":{"index":"index","follow":"follow","max-snippet":"max-snippet:-1","max-image-preview":"max-image-preview:large","max-video-preview":"max-video-preview:-1"},"canonical":"https:\/\/continuamosmx.com\/index.php\/2026\/01\/15\/destaca-francisco-vazquez-coordinacion-entre-poderes-legislativo-y-ejecutivo-en-el-estado-de-mexico\/","og_locale":"es_ES","og_type":"article","og_title":"DESTACA FRANCISCO V\u00c1ZQUEZ COORDINACI\u00d3N ENTRE PODERES LEGISLATIVO Y EJECUTIVO EN EL ESTADO DE M\u00c9XICO -","og_description":"*Tras una reuni\u00f3n entre los coordinadores de todas las bancadas y la gobernadora Delfina G\u00f3mez, se acord\u00f3 fortalecer la relaci\u00f3n institucional y priorizar la eficiencia de los servicios p\u00fablicos. TOLUCA DE LERDO, M\u00c9XICO \u2013 El diputado Francisco V\u00e1zquez Rodr\u00edguez, presidente de la Junta de Coordinaci\u00f3n Pol\u00edtica (Jucopo), resalt\u00f3 el clima de respeto, di\u00e1logo y comunicaci\u00f3n [&hellip;]","og_url":"https:\/\/continuamosmx.com\/index.php\/2026\/01\/15\/destaca-francisco-vazquez-coordinacion-entre-poderes-legislativo-y-ejecutivo-en-el-estado-de-mexico\/","article_published_time":"2026-01-15T16:05:29+00:00","article_modified_time":"2026-01-15T16:05:30+00:00","og_image":[{"width":2048,"height":1366,"url":"https:\/\/continuamosmx.com\/wp-content\/uploads\/2026\/01\/3-1.jpg","type":"image\/jpeg"}],"author":"Continuamos MX","twitter_card":"summary_large_image","twitter_misc":{"Escrito por":"Continuamos MX","Tiempo de lectura":"2 minutos"},"schema":{"@context":"https:\/\/schema.org","@graph":[{"@type":"Article","@id":"https:\/\/continuamosmx.com\/index.php\/2026\/01\/15\/destaca-francisco-vazquez-coordinacion-entre-poderes-legislativo-y-ejecutivo-en-el-estado-de-mexico\/#article","isPartOf":{"@id":"https:\/\/continuamosmx.com\/index.php\/2026\/01\/15\/destaca-francisco-vazquez-coordinacion-entre-poderes-legislativo-y-ejecutivo-en-el-estado-de-mexico\/"},"author":{"name":"Continuamos MX","@id":"https:\/\/continuamosmx.com\/#\/schema\/person\/5eb5356acb1fad784da407d14f0e8d89"},"headline":"DESTACA FRANCISCO V\u00c1ZQUEZ COORDINACI\u00d3N ENTRE PODERES LEGISLATIVO Y EJECUTIVO EN EL ESTADO DE M\u00c9XICO","datePublished":"2026-01-15T16:05:29+00:00","dateModified":"2026-01-15T16:05:30+00:00","mainEntityOfPage":{"@id":"https:\/\/continuamosmx.com\/index.php\/2026\/01\/15\/destaca-francisco-vazquez-coordinacion-entre-poderes-legislativo-y-ejecutivo-en-el-estado-de-mexico\/"},"wordCount":430,"publisher":{"@id":"https:\/\/continuamosmx.com\/#organization"},"image":{"@id":"https:\/\/continuamosmx.com\/index.php\/2026\/01\/15\/destaca-francisco-vazquez-coordinacion-entre-poderes-legislativo-y-ejecutivo-en-el-estado-de-mexico\/#primaryimage"},"thumbnailUrl":"https:\/\/continuamosmx.com\/wp-content\/uploads\/2026\/01\/3-1.jpg","articleSection":["CONGRESO EDOM\u00c9X","EDOMEX"],"inLanguage":"es"},{"@type":"WebPage","@id":"https:\/\/continuamosmx.com\/index.php\/2026\/01\/15\/destaca-francisco-vazquez-coordinacion-entre-poderes-legislativo-y-ejecutivo-en-el-estado-de-mexico\/","url":"https:\/\/continuamosmx.com\/index.php\/2026\/01\/15\/destaca-francisco-vazquez-coordinacion-entre-poderes-legislativo-y-ejecutivo-en-el-estado-de-mexico\/","name":"DESTACA FRANCISCO V\u00c1ZQUEZ COORDINACI\u00d3N ENTRE PODERES LEGISLATIVO Y EJECUTIVO EN EL ESTADO DE M\u00c9XICO -","isPartOf":{"@id":"https:\/\/continuamosmx.com\/#website"},"primaryImageOfPage":{"@id":"https:\/\/continuamosmx.com\/index.php\/2026\/01\/15\/destaca-francisco-vazquez-coordinacion-entre-poderes-legislativo-y-ejecutivo-en-el-estado-de-mexico\/#primaryimage"},"image":{"@id":"https:\/\/continuamosmx.com\/index.php\/2026\/01\/15\/destaca-francisco-vazquez-coordinacion-entre-poderes-legislativo-y-ejecutivo-en-el-estado-de-mexico\/#primaryimage"},"thumbnailUrl":"https:\/\/continuamosmx.com\/wp-content\/uploads\/2026\/01\/3-1.jpg","datePublished":"2026-01-15T16:05:29+00:00","dateModified":"2026-01-15T16:05:30+00:00","breadcrumb":{"@id":"https:\/\/continuamosmx.com\/index.php\/2026\/01\/15\/destaca-francisco-vazquez-coordinacion-entre-poderes-legislativo-y-ejecutivo-en-el-estado-de-mexico\/#breadcrumb"},"inLanguage":"es","potentialAction":[{"@type":"ReadAction","target":["https:\/\/continuamosmx.com\/index.php\/2026\/01\/15\/destaca-francisco-vazquez-coordinacion-entre-poderes-legislativo-y-ejecutivo-en-el-estado-de-mexico\/"]}]},{"@type":"ImageObject","inLanguage":"es","@id":"https:\/\/continuamosmx.com\/index.php\/2026\/01\/15\/destaca-francisco-vazquez-coordinacion-entre-poderes-legislativo-y-ejecutivo-en-el-estado-de-mexico\/#primaryimage","url":"https:\/\/continuamosmx.com\/wp-content\/uploads\/2026\/01\/3-1.jpg","contentUrl":"https:\/\/continuamosmx.com\/wp-content\/uploads\/2026\/01\/3-1.jpg","width":2048,"height":1366},{"@type":"BreadcrumbList","@id":"https:\/\/continuamosmx.com\/index.php\/2026\/01\/15\/destaca-francisco-vazquez-coordinacion-entre-poderes-legislativo-y-ejecutivo-en-el-estado-de-mexico\/#breadcrumb","itemListElement":[{"@type":"ListItem","position":1,"name":"Inicio","item":"https:\/\/continuamosmx.com\/"},{"@type":"ListItem","position":2,"name":"DESTACA FRANCISCO V\u00c1ZQUEZ COORDINACI\u00d3N ENTRE PODERES LEGISLATIVO Y EJECUTIVO EN EL ESTADO DE M\u00c9XICO"}]},{"@type":"WebSite","@id":"https:\/\/continuamosmx.com\/#website","url":"https:\/\/continuamosmx.com\/","name":"www.continuamosmx.com","description":"","publisher":{"@id":"https:\/\/continuamosmx.com\/#organization"},"potentialAction":[{"@type":"SearchAction","target":{"@type":"EntryPoint","urlTemplate":"https:\/\/continuamosmx.com\/?s={search_term_string}"},"query-input":{"@type":"PropertyValueSpecification","valueRequired":true,"valueName":"search_term_string"}}],"inLanguage":"es"},{"@type":"Organization","@id":"https:\/\/continuamosmx.com\/#organization","name":"ContinuamosMX","url":"https:\/\/continuamosmx.com\/","logo":{"@type":"ImageObject","inLanguage":"es","@id":"https:\/\/continuamosmx.com\/#\/schema\/logo\/image\/","url":"https:\/\/continuamosmx.com\/wp-content\/uploads\/2023\/04\/cropped-LOGO-CONTI-NUEVO.png","contentUrl":"https:\/\/continuamosmx.com\/wp-content\/uploads\/2023\/04\/cropped-LOGO-CONTI-NUEVO.png","width":1257,"height":430,"caption":"ContinuamosMX"},"image":{"@id":"https:\/\/continuamosmx.com\/#\/schema\/logo\/image\/"}},{"@type":"Person","@id":"https:\/\/continuamosmx.com\/#\/schema\/person\/5eb5356acb1fad784da407d14f0e8d89","name":"Continuamos MX","image":{"@type":"ImageObject","inLanguage":"es","@id":"https:\/\/secure.gravatar.com\/avatar\/30d4f9723476a15f4da34d35fb3501f08d2357016c76051c6a85c354c7489589?s=96&d=mm&r=g","url":"https:\/\/secure.gravatar.com\/avatar\/30d4f9723476a15f4da34d35fb3501f08d2357016c76051c6a85c354c7489589?s=96&d=mm&r=g","contentUrl":"https:\/\/secure.gravatar.com\/avatar\/30d4f9723476a15f4da34d35fb3501f08d2357016c76051c6a85c354c7489589?s=96&d=mm&r=g","caption":"Continuamos MX"},"sameAs":["http:\/\/www.continuamos.mx"],"url":"https:\/\/continuamosmx.com\/index.php\/author\/continuamos\/"}]}},"_links":{"self":[{"href":"https:\/\/continuamosmx.com\/index.php\/wp-json\/wp\/v2\/posts\/51976","targetHints":{"allow":["GET"]}}],"collection":[{"href":"https:\/\/continuamosmx.com\/index.php\/wp-json\/wp\/v2\/posts"}],"about":[{"href":"https:\/\/continuamosmx.com\/index.php\/wp-json\/wp\/v2\/types\/post"}],"author":[{"embeddable":true,"href":"https:\/\/continuamosmx.com\/index.php\/wp-json\/wp\/v2\/users\/6"}],"replies":[{"embeddable":true,"href":"https:\/\/continuamosmx.com\/index.php\/wp-json\/wp\/v2\/comments?post=51976"}],"version-history":[{"count":1,"href":"https:\/\/continuamosmx.com\/index.php\/wp-json\/wp\/v2\/posts\/51976\/revisions"}],"predecessor-version":[{"id":51978,"href":"https:\/\/continuamosmx.com\/index.php\/wp-json\/wp\/v2\/posts\/51976\/revisions\/51978"}],"wp:featuredmedia":[{"embeddable":true,"href":"https:\/\/continuamosmx.com\/index.php\/wp-json\/wp\/v2\/media\/51977"}],"wp:attachment":[{"href":"https:\/\/continuamosmx.com\/index.php\/wp-json\/wp\/v2\/media?parent=51976"}],"wp:term":[{"taxonomy":"category","embeddable":true,"href":"https:\/\/continuamosmx.com\/index.php\/wp-json\/wp\/v2\/categories?post=51976"},{"taxonomy":"post_tag","embeddable":true,"href":"https:\/\/continuamosmx.com\/index.php\/wp-json\/wp\/v2\/tags?post=51976"}],"curies":[{"name":"wp","href":"https:\/\/api.w.org\/{rel}","templated":true}]}}