{"id":51725,"date":"2025-12-13T00:25:41","date_gmt":"2025-12-13T06:25:41","guid":{"rendered":"https:\/\/continuamosmx.com\/?p=51725"},"modified":"2025-12-15T00:32:16","modified_gmt":"2025-12-15T06:32:16","slug":"apaxco-el-municipio-mas-seguro-de-la-region-logra-record-historico-en-obra-publica-y-salud","status":"publish","type":"post","link":"https:\/\/continuamosmx.com\/index.php\/2025\/12\/13\/apaxco-el-municipio-mas-seguro-de-la-region-logra-record-historico-en-obra-publica-y-salud\/","title":{"rendered":"\u00a1APAXCO: EL MUNICIPIO M\u00c1S SEGURO DE LA REGI\u00d3N LOGRA R\u00c9CORD HIST\u00d3RICO EN OBRA P\u00daBLICA Y SALUD!"},"content":{"rendered":"\n<p>El 1er Informe de Gobierno del Presidente Municipal de Apaxco, <strong>Alejandro Ru\u00edz Mart\u00ednez<\/strong> (gesti\u00f3n 2025-2027), presentado el 5 de diciembre de 2025 en sesi\u00f3n solemne de cabildo, destac\u00f3 los siguientes logros y avances en su primer a\u00f1o de gesti\u00f3n:<\/p>\n\n\n\n<h3 class=\"wp-block-heading\">Puntos clave del informe:<\/h3>\n\n\n\n<ul class=\"wp-block-list\">\n<li><strong>Seguridad P\u00fablica:<\/strong>\n<ul class=\"wp-block-list\">\n<li>Se presumi\u00f3 una <strong>reducci\u00f3n mensual de entre 25% a 45% en homicidios dolosos<\/strong> de enero a noviembre de 2025, posicionando al municipio como el m\u00e1s seguro de la regi\u00f3n.<\/li>\n\n\n\n<li>Est\u00e1 en construcci\u00f3n el <strong>Centro de Comando, Control, Comunicaci\u00f3n y C\u00f3mputo (C4)<\/strong> en La Cruz, con una inversi\u00f3n aproximada de 15 millones de pesos, con conclusi\u00f3n esperada para abril de 2026.<\/li>\n\n\n\n<li>Se adquirieron <strong>2,400 l\u00e1mparas tipo LED<\/strong> (9 millones de pesos), lo que representa casi el 90% de las luminarias instaladas en los \u00faltimos 20 a\u00f1os.<\/li>\n<\/ul>\n<\/li>\n\n\n\n<li><strong>Salud y Bienestar:<\/strong>\n<ul class=\"wp-block-list\">\n<li>La cl\u00ednica del DIF est\u00e1 en proceso de convertirse en un <strong>hospital de segundo nivel<\/strong>, que contar\u00e1 con quir\u00f3fano y sala de expulsi\u00f3n.<\/li>\n\n\n\n<li>Se reabri\u00f3 la cl\u00ednica de <strong>P\u00e9rez de Galeana<\/strong>, brindando m\u00e1s de mil consultas en el a\u00f1o.<\/li>\n\n\n\n<li>Se realizaron <strong>19,352 diagn\u00f3sticos<\/strong> y se ofrecieron especialidades m\u00e9dicas como endocrinolog\u00eda, alergolog\u00eda, neumolog\u00eda y angiolog\u00eda, beneficiando a 2,086 personas.<\/li>\n<\/ul>\n<\/li>\n\n\n\n<li><strong>Educaci\u00f3n e Infraestructura:<\/strong>\n<ul class=\"wp-block-list\">\n<li>Se logr\u00f3 la apertura de <strong>dos nuevos grupos de preparatoria y bachillerato<\/strong>, con la construcci\u00f3n de seis aulas, lo que se consider\u00f3 un r\u00e9cord hist\u00f3rico para el municipio (beneficiando a 160 j\u00f3venes).<\/li>\n\n\n\n<li>En Obras P\u00fablicas, se entregaron <strong>18 proyectos<\/strong> que beneficiaron a 31,898 apaxquenses, incluyendo rehabilitaci\u00f3n de drenajes y reencarpetamiento de vialidades.<\/li>\n<\/ul>\n<\/li>\n\n\n\n<li><strong>Atenci\u00f3n Ciudadana y Finanzas:<\/strong>\n<ul class=\"wp-block-list\">\n<li>El programa <strong>\u00abD\u00eda Ciudadano\u00bb<\/strong> permiti\u00f3 visitar las 13 colonias, atender a m\u00e1s de 2,500 personas y resolver 2,300 solicitudes.<\/li>\n\n\n\n<li>El alcalde asegur\u00f3 que el municipio cuenta con <strong>buena salud financiera y no est\u00e1 endeudado<\/strong>, lo que ha permitido realizar proyectos sin necesidad de cr\u00e9ditos.<\/li>\n<\/ul>\n<\/li>\n\n\n\n<li><strong>Apoyo Estatal:<\/strong>\n<ul class=\"wp-block-list\">\n<li>Se destac\u00f3 la inversi\u00f3n de <strong>34.8 millones de pesos<\/strong> del gobierno estatal en obras para Apaxco, como equipo para escuelas y la remodelaci\u00f3n del Campo Tolteca, adem\u00e1s de apoyos a 10,343 pobladores a trav\u00e9s de programas sociales.<\/li>\n<\/ul>\n<\/li>\n<\/ul>\n\n\n\n<p>El informe concluy\u00f3 con la ratificaci\u00f3n del compromiso del alcalde: \u00abEstoy agradecido con todos, saben que siempre voy a estar aqu\u00ed, es el comienzo, sabemos qu\u00e9 podemos hacer m\u00e1s y queremos lograrlo para nuestro municipio de Apaxco\u00bb.<\/p>\n","protected":false},"excerpt":{"rendered":"<p>El 1er Informe de Gobierno del Presidente Municipal de Apaxco, Alejandro Ru\u00edz Mart\u00ednez (gesti\u00f3n 2025-2027), presentado el 5 de diciembre de 2025 en sesi\u00f3n solemne de cabildo, destac\u00f3 los siguientes logros y avances en su primer a\u00f1o de gesti\u00f3n: Puntos clave del informe: El informe concluy\u00f3 con la ratificaci\u00f3n del compromiso del alcalde: \u00abEstoy agradecido [&hellip;]<\/p>\n","protected":false},"author":6,"featured_media":51726,"comment_status":"closed","ping_status":"closed","sticky":false,"template":"","format":"standard","meta":{"footnotes":""},"categories":[4],"tags":[],"class_list":["post-51725","post","type-post","status-publish","format-standard","has-post-thumbnail","hentry","category-locales"],"yoast_head":"<!-- This site is optimized with the Yoast SEO plugin v27.5 - https:\/\/yoast.com\/product\/yoast-seo-wordpress\/ -->\n<title>\u00a1APAXCO: EL MUNICIPIO M\u00c1S SEGURO DE LA REGI\u00d3N LOGRA R\u00c9CORD HIST\u00d3RICO EN OBRA P\u00daBLICA Y SALUD! -<\/title>\n<meta name=\"robots\" content=\"index, follow, max-snippet:-1, max-image-preview:large, max-video-preview:-1\" \/>\n<link rel=\"canonical\" href=\"https:\/\/continuamosmx.com\/index.php\/2025\/12\/13\/apaxco-el-municipio-mas-seguro-de-la-region-logra-record-historico-en-obra-publica-y-salud\/\" \/>\n<meta property=\"og:locale\" content=\"es_ES\" \/>\n<meta property=\"og:type\" content=\"article\" \/>\n<meta property=\"og:title\" content=\"\u00a1APAXCO: EL MUNICIPIO M\u00c1S SEGURO DE LA REGI\u00d3N LOGRA R\u00c9CORD HIST\u00d3RICO EN OBRA P\u00daBLICA Y SALUD! -\" \/>\n<meta property=\"og:description\" content=\"El 1er Informe de Gobierno del Presidente Municipal de Apaxco, Alejandro Ru\u00edz Mart\u00ednez (gesti\u00f3n 2025-2027), presentado el 5 de diciembre de 2025 en sesi\u00f3n solemne de cabildo, destac\u00f3 los siguientes logros y avances en su primer a\u00f1o de gesti\u00f3n: Puntos clave del informe: El informe concluy\u00f3 con la ratificaci\u00f3n del compromiso del alcalde: \u00abEstoy agradecido [&hellip;]\" \/>\n<meta property=\"og:url\" content=\"https:\/\/continuamosmx.com\/index.php\/2025\/12\/13\/apaxco-el-municipio-mas-seguro-de-la-region-logra-record-historico-en-obra-publica-y-salud\/\" \/>\n<meta property=\"article:published_time\" content=\"2025-12-13T06:25:41+00:00\" \/>\n<meta property=\"article:modified_time\" content=\"2025-12-15T06:32:16+00:00\" \/>\n<meta property=\"og:image\" content=\"https:\/\/continuamosmx.com\/wp-content\/uploads\/2025\/12\/APAX.jpg\" \/>\n\t<meta property=\"og:image:width\" content=\"2048\" \/>\n\t<meta property=\"og:image:height\" content=\"1365\" \/>\n\t<meta property=\"og:image:type\" content=\"image\/jpeg\" \/>\n<meta name=\"author\" content=\"Continuamos MX\" \/>\n<meta name=\"twitter:card\" content=\"summary_large_image\" \/>\n<meta name=\"twitter:label1\" content=\"Escrito por\" \/>\n\t<meta name=\"twitter:data1\" content=\"Continuamos MX\" \/>\n\t<meta name=\"twitter:label2\" content=\"Tiempo de lectura\" \/>\n\t<meta name=\"twitter:data2\" content=\"2 minutos\" \/>\n<script type=\"application\/ld+json\" class=\"yoast-schema-graph\">{\"@context\":\"https:\\\/\\\/schema.org\",\"@graph\":[{\"@type\":\"Article\",\"@id\":\"https:\\\/\\\/continuamosmx.com\\\/index.php\\\/2025\\\/12\\\/13\\\/apaxco-el-municipio-mas-seguro-de-la-region-logra-record-historico-en-obra-publica-y-salud\\\/#article\",\"isPartOf\":{\"@id\":\"https:\\\/\\\/continuamosmx.com\\\/index.php\\\/2025\\\/12\\\/13\\\/apaxco-el-municipio-mas-seguro-de-la-region-logra-record-historico-en-obra-publica-y-salud\\\/\"},\"author\":{\"name\":\"Continuamos MX\",\"@id\":\"https:\\\/\\\/continuamosmx.com\\\/#\\\/schema\\\/person\\\/5eb5356acb1fad784da407d14f0e8d89\"},\"headline\":\"\u00a1APAXCO: EL MUNICIPIO M\u00c1S SEGURO DE LA REGI\u00d3N LOGRA R\u00c9CORD HIST\u00d3RICO EN OBRA P\u00daBLICA Y SALUD!\",\"datePublished\":\"2025-12-13T06:25:41+00:00\",\"dateModified\":\"2025-12-15T06:32:16+00:00\",\"mainEntityOfPage\":{\"@id\":\"https:\\\/\\\/continuamosmx.com\\\/index.php\\\/2025\\\/12\\\/13\\\/apaxco-el-municipio-mas-seguro-de-la-region-logra-record-historico-en-obra-publica-y-salud\\\/\"},\"wordCount\":417,\"publisher\":{\"@id\":\"https:\\\/\\\/continuamosmx.com\\\/#organization\"},\"image\":{\"@id\":\"https:\\\/\\\/continuamosmx.com\\\/index.php\\\/2025\\\/12\\\/13\\\/apaxco-el-municipio-mas-seguro-de-la-region-logra-record-historico-en-obra-publica-y-salud\\\/#primaryimage\"},\"thumbnailUrl\":\"https:\\\/\\\/continuamosmx.com\\\/wp-content\\\/uploads\\\/2025\\\/12\\\/APAX.jpg\",\"articleSection\":[\"LOCALES\"],\"inLanguage\":\"es\"},{\"@type\":\"WebPage\",\"@id\":\"https:\\\/\\\/continuamosmx.com\\\/index.php\\\/2025\\\/12\\\/13\\\/apaxco-el-municipio-mas-seguro-de-la-region-logra-record-historico-en-obra-publica-y-salud\\\/\",\"url\":\"https:\\\/\\\/continuamosmx.com\\\/index.php\\\/2025\\\/12\\\/13\\\/apaxco-el-municipio-mas-seguro-de-la-region-logra-record-historico-en-obra-publica-y-salud\\\/\",\"name\":\"\u00a1APAXCO: EL MUNICIPIO M\u00c1S SEGURO DE LA REGI\u00d3N LOGRA R\u00c9CORD HIST\u00d3RICO EN OBRA P\u00daBLICA Y SALUD! -\",\"isPartOf\":{\"@id\":\"https:\\\/\\\/continuamosmx.com\\\/#website\"},\"primaryImageOfPage\":{\"@id\":\"https:\\\/\\\/continuamosmx.com\\\/index.php\\\/2025\\\/12\\\/13\\\/apaxco-el-municipio-mas-seguro-de-la-region-logra-record-historico-en-obra-publica-y-salud\\\/#primaryimage\"},\"image\":{\"@id\":\"https:\\\/\\\/continuamosmx.com\\\/index.php\\\/2025\\\/12\\\/13\\\/apaxco-el-municipio-mas-seguro-de-la-region-logra-record-historico-en-obra-publica-y-salud\\\/#primaryimage\"},\"thumbnailUrl\":\"https:\\\/\\\/continuamosmx.com\\\/wp-content\\\/uploads\\\/2025\\\/12\\\/APAX.jpg\",\"datePublished\":\"2025-12-13T06:25:41+00:00\",\"dateModified\":\"2025-12-15T06:32:16+00:00\",\"breadcrumb\":{\"@id\":\"https:\\\/\\\/continuamosmx.com\\\/index.php\\\/2025\\\/12\\\/13\\\/apaxco-el-municipio-mas-seguro-de-la-region-logra-record-historico-en-obra-publica-y-salud\\\/#breadcrumb\"},\"inLanguage\":\"es\",\"potentialAction\":[{\"@type\":\"ReadAction\",\"target\":[\"https:\\\/\\\/continuamosmx.com\\\/index.php\\\/2025\\\/12\\\/13\\\/apaxco-el-municipio-mas-seguro-de-la-region-logra-record-historico-en-obra-publica-y-salud\\\/\"]}]},{\"@type\":\"ImageObject\",\"inLanguage\":\"es\",\"@id\":\"https:\\\/\\\/continuamosmx.com\\\/index.php\\\/2025\\\/12\\\/13\\\/apaxco-el-municipio-mas-seguro-de-la-region-logra-record-historico-en-obra-publica-y-salud\\\/#primaryimage\",\"url\":\"https:\\\/\\\/continuamosmx.com\\\/wp-content\\\/uploads\\\/2025\\\/12\\\/APAX.jpg\",\"contentUrl\":\"https:\\\/\\\/continuamosmx.com\\\/wp-content\\\/uploads\\\/2025\\\/12\\\/APAX.jpg\",\"width\":2048,\"height\":1365},{\"@type\":\"BreadcrumbList\",\"@id\":\"https:\\\/\\\/continuamosmx.com\\\/index.php\\\/2025\\\/12\\\/13\\\/apaxco-el-municipio-mas-seguro-de-la-region-logra-record-historico-en-obra-publica-y-salud\\\/#breadcrumb\",\"itemListElement\":[{\"@type\":\"ListItem\",\"position\":1,\"name\":\"Inicio\",\"item\":\"https:\\\/\\\/continuamosmx.com\\\/\"},{\"@type\":\"ListItem\",\"position\":2,\"name\":\"\u00a1APAXCO: EL MUNICIPIO M\u00c1S SEGURO DE LA REGI\u00d3N LOGRA R\u00c9CORD HIST\u00d3RICO EN OBRA P\u00daBLICA Y SALUD!\"}]},{\"@type\":\"WebSite\",\"@id\":\"https:\\\/\\\/continuamosmx.com\\\/#website\",\"url\":\"https:\\\/\\\/continuamosmx.com\\\/\",\"name\":\"www.continuamosmx.com\",\"description\":\"\",\"publisher\":{\"@id\":\"https:\\\/\\\/continuamosmx.com\\\/#organization\"},\"potentialAction\":[{\"@type\":\"SearchAction\",\"target\":{\"@type\":\"EntryPoint\",\"urlTemplate\":\"https:\\\/\\\/continuamosmx.com\\\/?s={search_term_string}\"},\"query-input\":{\"@type\":\"PropertyValueSpecification\",\"valueRequired\":true,\"valueName\":\"search_term_string\"}}],\"inLanguage\":\"es\"},{\"@type\":\"Organization\",\"@id\":\"https:\\\/\\\/continuamosmx.com\\\/#organization\",\"name\":\"ContinuamosMX\",\"url\":\"https:\\\/\\\/continuamosmx.com\\\/\",\"logo\":{\"@type\":\"ImageObject\",\"inLanguage\":\"es\",\"@id\":\"https:\\\/\\\/continuamosmx.com\\\/#\\\/schema\\\/logo\\\/image\\\/\",\"url\":\"https:\\\/\\\/continuamosmx.com\\\/wp-content\\\/uploads\\\/2023\\\/04\\\/cropped-LOGO-CONTI-NUEVO.png\",\"contentUrl\":\"https:\\\/\\\/continuamosmx.com\\\/wp-content\\\/uploads\\\/2023\\\/04\\\/cropped-LOGO-CONTI-NUEVO.png\",\"width\":1257,\"height\":430,\"caption\":\"ContinuamosMX\"},\"image\":{\"@id\":\"https:\\\/\\\/continuamosmx.com\\\/#\\\/schema\\\/logo\\\/image\\\/\"}},{\"@type\":\"Person\",\"@id\":\"https:\\\/\\\/continuamosmx.com\\\/#\\\/schema\\\/person\\\/5eb5356acb1fad784da407d14f0e8d89\",\"name\":\"Continuamos MX\",\"image\":{\"@type\":\"ImageObject\",\"inLanguage\":\"es\",\"@id\":\"https:\\\/\\\/secure.gravatar.com\\\/avatar\\\/30d4f9723476a15f4da34d35fb3501f08d2357016c76051c6a85c354c7489589?s=96&d=mm&r=g\",\"url\":\"https:\\\/\\\/secure.gravatar.com\\\/avatar\\\/30d4f9723476a15f4da34d35fb3501f08d2357016c76051c6a85c354c7489589?s=96&d=mm&r=g\",\"contentUrl\":\"https:\\\/\\\/secure.gravatar.com\\\/avatar\\\/30d4f9723476a15f4da34d35fb3501f08d2357016c76051c6a85c354c7489589?s=96&d=mm&r=g\",\"caption\":\"Continuamos MX\"},\"sameAs\":[\"http:\\\/\\\/www.continuamos.mx\"],\"url\":\"https:\\\/\\\/continuamosmx.com\\\/index.php\\\/author\\\/continuamos\\\/\"}]}<\/script>\n<!-- \/ Yoast SEO plugin. -->","yoast_head_json":{"title":"\u00a1APAXCO: EL MUNICIPIO M\u00c1S SEGURO DE LA REGI\u00d3N LOGRA R\u00c9CORD HIST\u00d3RICO EN OBRA P\u00daBLICA Y SALUD! -","robots":{"index":"index","follow":"follow","max-snippet":"max-snippet:-1","max-image-preview":"max-image-preview:large","max-video-preview":"max-video-preview:-1"},"canonical":"https:\/\/continuamosmx.com\/index.php\/2025\/12\/13\/apaxco-el-municipio-mas-seguro-de-la-region-logra-record-historico-en-obra-publica-y-salud\/","og_locale":"es_ES","og_type":"article","og_title":"\u00a1APAXCO: EL MUNICIPIO M\u00c1S SEGURO DE LA REGI\u00d3N LOGRA R\u00c9CORD HIST\u00d3RICO EN OBRA P\u00daBLICA Y SALUD! -","og_description":"El 1er Informe de Gobierno del Presidente Municipal de Apaxco, Alejandro Ru\u00edz Mart\u00ednez (gesti\u00f3n 2025-2027), presentado el 5 de diciembre de 2025 en sesi\u00f3n solemne de cabildo, destac\u00f3 los siguientes logros y avances en su primer a\u00f1o de gesti\u00f3n: Puntos clave del informe: El informe concluy\u00f3 con la ratificaci\u00f3n del compromiso del alcalde: \u00abEstoy agradecido [&hellip;]","og_url":"https:\/\/continuamosmx.com\/index.php\/2025\/12\/13\/apaxco-el-municipio-mas-seguro-de-la-region-logra-record-historico-en-obra-publica-y-salud\/","article_published_time":"2025-12-13T06:25:41+00:00","article_modified_time":"2025-12-15T06:32:16+00:00","og_image":[{"width":2048,"height":1365,"url":"https:\/\/continuamosmx.com\/wp-content\/uploads\/2025\/12\/APAX.jpg","type":"image\/jpeg"}],"author":"Continuamos MX","twitter_card":"summary_large_image","twitter_misc":{"Escrito por":"Continuamos MX","Tiempo de lectura":"2 minutos"},"schema":{"@context":"https:\/\/schema.org","@graph":[{"@type":"Article","@id":"https:\/\/continuamosmx.com\/index.php\/2025\/12\/13\/apaxco-el-municipio-mas-seguro-de-la-region-logra-record-historico-en-obra-publica-y-salud\/#article","isPartOf":{"@id":"https:\/\/continuamosmx.com\/index.php\/2025\/12\/13\/apaxco-el-municipio-mas-seguro-de-la-region-logra-record-historico-en-obra-publica-y-salud\/"},"author":{"name":"Continuamos MX","@id":"https:\/\/continuamosmx.com\/#\/schema\/person\/5eb5356acb1fad784da407d14f0e8d89"},"headline":"\u00a1APAXCO: EL MUNICIPIO M\u00c1S SEGURO DE LA REGI\u00d3N LOGRA R\u00c9CORD HIST\u00d3RICO EN OBRA P\u00daBLICA Y SALUD!","datePublished":"2025-12-13T06:25:41+00:00","dateModified":"2025-12-15T06:32:16+00:00","mainEntityOfPage":{"@id":"https:\/\/continuamosmx.com\/index.php\/2025\/12\/13\/apaxco-el-municipio-mas-seguro-de-la-region-logra-record-historico-en-obra-publica-y-salud\/"},"wordCount":417,"publisher":{"@id":"https:\/\/continuamosmx.com\/#organization"},"image":{"@id":"https:\/\/continuamosmx.com\/index.php\/2025\/12\/13\/apaxco-el-municipio-mas-seguro-de-la-region-logra-record-historico-en-obra-publica-y-salud\/#primaryimage"},"thumbnailUrl":"https:\/\/continuamosmx.com\/wp-content\/uploads\/2025\/12\/APAX.jpg","articleSection":["LOCALES"],"inLanguage":"es"},{"@type":"WebPage","@id":"https:\/\/continuamosmx.com\/index.php\/2025\/12\/13\/apaxco-el-municipio-mas-seguro-de-la-region-logra-record-historico-en-obra-publica-y-salud\/","url":"https:\/\/continuamosmx.com\/index.php\/2025\/12\/13\/apaxco-el-municipio-mas-seguro-de-la-region-logra-record-historico-en-obra-publica-y-salud\/","name":"\u00a1APAXCO: EL MUNICIPIO M\u00c1S SEGURO DE LA REGI\u00d3N LOGRA R\u00c9CORD HIST\u00d3RICO EN OBRA P\u00daBLICA Y SALUD! -","isPartOf":{"@id":"https:\/\/continuamosmx.com\/#website"},"primaryImageOfPage":{"@id":"https:\/\/continuamosmx.com\/index.php\/2025\/12\/13\/apaxco-el-municipio-mas-seguro-de-la-region-logra-record-historico-en-obra-publica-y-salud\/#primaryimage"},"image":{"@id":"https:\/\/continuamosmx.com\/index.php\/2025\/12\/13\/apaxco-el-municipio-mas-seguro-de-la-region-logra-record-historico-en-obra-publica-y-salud\/#primaryimage"},"thumbnailUrl":"https:\/\/continuamosmx.com\/wp-content\/uploads\/2025\/12\/APAX.jpg","datePublished":"2025-12-13T06:25:41+00:00","dateModified":"2025-12-15T06:32:16+00:00","breadcrumb":{"@id":"https:\/\/continuamosmx.com\/index.php\/2025\/12\/13\/apaxco-el-municipio-mas-seguro-de-la-region-logra-record-historico-en-obra-publica-y-salud\/#breadcrumb"},"inLanguage":"es","potentialAction":[{"@type":"ReadAction","target":["https:\/\/continuamosmx.com\/index.php\/2025\/12\/13\/apaxco-el-municipio-mas-seguro-de-la-region-logra-record-historico-en-obra-publica-y-salud\/"]}]},{"@type":"ImageObject","inLanguage":"es","@id":"https:\/\/continuamosmx.com\/index.php\/2025\/12\/13\/apaxco-el-municipio-mas-seguro-de-la-region-logra-record-historico-en-obra-publica-y-salud\/#primaryimage","url":"https:\/\/continuamosmx.com\/wp-content\/uploads\/2025\/12\/APAX.jpg","contentUrl":"https:\/\/continuamosmx.com\/wp-content\/uploads\/2025\/12\/APAX.jpg","width":2048,"height":1365},{"@type":"BreadcrumbList","@id":"https:\/\/continuamosmx.com\/index.php\/2025\/12\/13\/apaxco-el-municipio-mas-seguro-de-la-region-logra-record-historico-en-obra-publica-y-salud\/#breadcrumb","itemListElement":[{"@type":"ListItem","position":1,"name":"Inicio","item":"https:\/\/continuamosmx.com\/"},{"@type":"ListItem","position":2,"name":"\u00a1APAXCO: EL MUNICIPIO M\u00c1S SEGURO DE LA REGI\u00d3N LOGRA R\u00c9CORD HIST\u00d3RICO EN OBRA P\u00daBLICA Y SALUD!"}]},{"@type":"WebSite","@id":"https:\/\/continuamosmx.com\/#website","url":"https:\/\/continuamosmx.com\/","name":"www.continuamosmx.com","description":"","publisher":{"@id":"https:\/\/continuamosmx.com\/#organization"},"potentialAction":[{"@type":"SearchAction","target":{"@type":"EntryPoint","urlTemplate":"https:\/\/continuamosmx.com\/?s={search_term_string}"},"query-input":{"@type":"PropertyValueSpecification","valueRequired":true,"valueName":"search_term_string"}}],"inLanguage":"es"},{"@type":"Organization","@id":"https:\/\/continuamosmx.com\/#organization","name":"ContinuamosMX","url":"https:\/\/continuamosmx.com\/","logo":{"@type":"ImageObject","inLanguage":"es","@id":"https:\/\/continuamosmx.com\/#\/schema\/logo\/image\/","url":"https:\/\/continuamosmx.com\/wp-content\/uploads\/2023\/04\/cropped-LOGO-CONTI-NUEVO.png","contentUrl":"https:\/\/continuamosmx.com\/wp-content\/uploads\/2023\/04\/cropped-LOGO-CONTI-NUEVO.png","width":1257,"height":430,"caption":"ContinuamosMX"},"image":{"@id":"https:\/\/continuamosmx.com\/#\/schema\/logo\/image\/"}},{"@type":"Person","@id":"https:\/\/continuamosmx.com\/#\/schema\/person\/5eb5356acb1fad784da407d14f0e8d89","name":"Continuamos MX","image":{"@type":"ImageObject","inLanguage":"es","@id":"https:\/\/secure.gravatar.com\/avatar\/30d4f9723476a15f4da34d35fb3501f08d2357016c76051c6a85c354c7489589?s=96&d=mm&r=g","url":"https:\/\/secure.gravatar.com\/avatar\/30d4f9723476a15f4da34d35fb3501f08d2357016c76051c6a85c354c7489589?s=96&d=mm&r=g","contentUrl":"https:\/\/secure.gravatar.com\/avatar\/30d4f9723476a15f4da34d35fb3501f08d2357016c76051c6a85c354c7489589?s=96&d=mm&r=g","caption":"Continuamos MX"},"sameAs":["http:\/\/www.continuamos.mx"],"url":"https:\/\/continuamosmx.com\/index.php\/author\/continuamos\/"}]}},"_links":{"self":[{"href":"https:\/\/continuamosmx.com\/index.php\/wp-json\/wp\/v2\/posts\/51725","targetHints":{"allow":["GET"]}}],"collection":[{"href":"https:\/\/continuamosmx.com\/index.php\/wp-json\/wp\/v2\/posts"}],"about":[{"href":"https:\/\/continuamosmx.com\/index.php\/wp-json\/wp\/v2\/types\/post"}],"author":[{"embeddable":true,"href":"https:\/\/continuamosmx.com\/index.php\/wp-json\/wp\/v2\/users\/6"}],"replies":[{"embeddable":true,"href":"https:\/\/continuamosmx.com\/index.php\/wp-json\/wp\/v2\/comments?post=51725"}],"version-history":[{"count":1,"href":"https:\/\/continuamosmx.com\/index.php\/wp-json\/wp\/v2\/posts\/51725\/revisions"}],"predecessor-version":[{"id":51727,"href":"https:\/\/continuamosmx.com\/index.php\/wp-json\/wp\/v2\/posts\/51725\/revisions\/51727"}],"wp:featuredmedia":[{"embeddable":true,"href":"https:\/\/continuamosmx.com\/index.php\/wp-json\/wp\/v2\/media\/51726"}],"wp:attachment":[{"href":"https:\/\/continuamosmx.com\/index.php\/wp-json\/wp\/v2\/media?parent=51725"}],"wp:term":[{"taxonomy":"category","embeddable":true,"href":"https:\/\/continuamosmx.com\/index.php\/wp-json\/wp\/v2\/categories?post=51725"},{"taxonomy":"post_tag","embeddable":true,"href":"https:\/\/continuamosmx.com\/index.php\/wp-json\/wp\/v2\/tags?post=51725"}],"curies":[{"name":"wp","href":"https:\/\/api.w.org\/{rel}","templated":true}]}}