{"id":51598,"date":"2025-12-02T16:34:20","date_gmt":"2025-12-02T22:34:20","guid":{"rendered":"https:\/\/continuamosmx.com\/?p=51598"},"modified":"2025-12-02T16:34:21","modified_gmt":"2025-12-02T22:34:21","slug":"agricultores-de-america-latina-y-el-caribe-exigen-a-sus-gobiernos-excluir-a-los-granos-basicos-de-los-acuerdos-comerciales-con-eua-y-ue","status":"publish","type":"post","link":"https:\/\/continuamosmx.com\/index.php\/2025\/12\/02\/agricultores-de-america-latina-y-el-caribe-exigen-a-sus-gobiernos-excluir-a-los-granos-basicos-de-los-acuerdos-comerciales-con-eua-y-ue\/","title":{"rendered":"AGRICULTORES DE AM\u00c9RICA LATINA Y EL CARIBE EXIGEN A SUS GOBIERNOS EXCLUIR A LOS GRANOS B\u00c1SICOS DE LOS ACUERDOS COMERCIALES CON EUA Y UE"},"content":{"rendered":"\n<h3 class=\"wp-block-heading\">*<strong>Organizaciones campesinas reunidas en M\u00e9xico se\u00f1alan que los alimentos no deben ser herramienta de guerra ni tema comercial en la OMC.<\/strong><\/h3>\n\n\n\n<p>M\u00e1s de cien organizaciones campesinas, integrantes de la <strong>Coordinadora Latinoamericana de Organizaciones del Campo (CLOC &#8211; V\u00eda Campesina)<\/strong>, se han pronunciado en\u00e9rgicamente por la exclusi\u00f3n de los <strong>granos b\u00e1sicos<\/strong> de todos los acuerdos comerciales que existen entre los pa\u00edses de Am\u00e9rica Latina y el Caribe con naciones europeas y Estados Unidos.<\/p>\n\n\n\n<p>El reclamo se emiti\u00f3 en el marco del <strong>VIII Congreso Internacional<\/strong> de la CLOC- V\u00eda Campesina, que se celebra en M\u00e9xico desde este martes y hasta el 10 de diciembre, con la participaci\u00f3n de 100 organizaciones provenientes de 21 pa\u00edses.<\/p>\n\n\n\n<h3 class=\"wp-block-heading\">Agricultura desigual y soberan\u00eda alimentaria<\/h3>\n\n\n\n<p>Los l\u00edderes campesinos enfatizaron la urgencia de garantizar en la regi\u00f3n la <strong>soberan\u00eda alimentaria<\/strong>, la seguridad en el medio rural y el respeto a la tierra y al derecho humano al agua.<\/p>\n\n\n\n<p><strong>Jos\u00e9 Mar\u00eda Oviedo<\/strong>, integrante de la Comisi\u00f3n Pol\u00edtica de la CLOC- V\u00eda Campesina, declar\u00f3 que Am\u00e9rica Latina tiene el potencial de ser el granero de la regi\u00f3n, pero necesita que la agricultura sea excluida de los tratados de libre comercio.<\/p>\n\n\n\n<p>\u00abNecesitamos que la agricultura no est\u00e9 incluida en los tratados de libre comercio ya que a los productores se les pone a producir de manera desigual ante los <strong>subsidios y ventajas<\/strong> que s\u00ed tienen sus similares en EUA y Europa\u201d, sostuvo Oviedo.<\/p>\n\n\n\n<p>El l\u00edder fue enf\u00e1tico al asegurar que \u201clos alimentos no deben estar en la <strong>OMC<\/strong> (Organizaci\u00f3n Mundial del Comercio) porque no son un tema comercial y no deben utilizarse como elementos fundamentales de guerra\u201d. Por lo tanto, las organizaciones de la regi\u00f3n trabajar\u00e1n jur\u00eddicamente para garantizar la soberan\u00eda alimentaria.<\/p>\n\n\n\n<h3 class=\"wp-block-heading\">El caso del ma\u00edz en M\u00e9xico<\/h3>\n\n\n\n<p>En el contexto mexicano, <strong>Jos\u00e9 Narr\u00f3 C\u00e9spedes<\/strong>, Diputado Federal y l\u00edder de la CNPA, calific\u00f3 de injusto el precio que se otorga al ma\u00edz: al productor se le paga 5 pesos, mientras que la harina cuesta 24 pesos y la tortilla alcanza los 30 pesos por kilogramo.<\/p>\n\n\n\n<p>\u201cNo es justo cargar el precio sobre las espaldas del sector campesino, de tal suerte que es urgente seguir la lucha y <strong>proteger a los agricultores para sacar los granos b\u00e1sicos del acuerdo comercial con Estados Unidos en 2026<\/strong>\u201d, sostuvo Narr\u00f3.<\/p>\n\n\n\n<p>Por su parte, <strong>Francisco Chew Plascencia<\/strong>, l\u00edder del Movimiento Social por la Tierra, coincidi\u00f3 en que el <strong>TMEC<\/strong> (Tratado entre M\u00e9xico, Estados Unidos y Canad\u00e1), sustentado en el modelo neoliberal, ha provocado especulaci\u00f3n de precios en los granos b\u00e1sicos, por lo que la salida del ma\u00edz de este acuerdo en 2026 es indispensable.<\/p>\n\n\n\n<h3 class=\"wp-block-heading\">Lucha de resistencia continua<\/h3>\n\n\n\n<p><strong>Juana Ferrer Paredes<\/strong>, tambi\u00e9n de la Comisi\u00f3n Pol\u00edtica de la CLOC- V\u00eda Campesina, inform\u00f3 que el Congreso abordar\u00e1 temas de mujeres, j\u00f3venes y diversidad, destacando que el encuentro representa una <strong>lucha de resistencia continua<\/strong> ante desaf\u00edos como el conservadurismo religioso, la criminalizaci\u00f3n y la exclusi\u00f3n de la mujer a la tierra y al trabajo decente.<\/p>\n\n\n\n<p>Finalmente, <strong>Jos\u00e9 Dolores L\u00f3pez<\/strong>, dirigente de la CIOAC, y <strong>Sa\u00fal Vicente V\u00e1zquez<\/strong>, l\u00edder de la UFIC, coincidieron en que la declaraci\u00f3n final del Congreso se centrar\u00e1 en la defensa de los derechos humanos de campesinos e ind\u00edgenas, la soberan\u00eda alimentaria y la producci\u00f3n de alimentos sanos, recalcando la defensa del ma\u00edz como cuna y sustento cultural de la naci\u00f3n.<\/p>\n","protected":false},"excerpt":{"rendered":"<p>*Organizaciones campesinas reunidas en M\u00e9xico se\u00f1alan que los alimentos no deben ser herramienta de guerra ni tema comercial en la OMC. M\u00e1s de cien organizaciones campesinas, integrantes de la Coordinadora Latinoamericana de Organizaciones del Campo (CLOC &#8211; V\u00eda Campesina), se han pronunciado en\u00e9rgicamente por la exclusi\u00f3n de los granos b\u00e1sicos de todos los acuerdos comerciales [&hellip;]<\/p>\n","protected":false},"author":6,"featured_media":51599,"comment_status":"closed","ping_status":"closed","sticky":false,"template":"","format":"standard","meta":{"footnotes":""},"categories":[47],"tags":[],"class_list":["post-51598","post","type-post","status-publish","format-standard","has-post-thumbnail","hentry","category-nacional"],"yoast_head":"<!-- This site is optimized with the Yoast SEO plugin v27.5 - https:\/\/yoast.com\/product\/yoast-seo-wordpress\/ -->\n<title>AGRICULTORES DE AM\u00c9RICA LATINA Y EL CARIBE EXIGEN A SUS GOBIERNOS EXCLUIR A LOS GRANOS B\u00c1SICOS DE LOS ACUERDOS COMERCIALES CON EUA Y UE -<\/title>\n<meta name=\"robots\" content=\"index, follow, max-snippet:-1, max-image-preview:large, max-video-preview:-1\" \/>\n<link rel=\"canonical\" href=\"https:\/\/continuamosmx.com\/index.php\/2025\/12\/02\/agricultores-de-america-latina-y-el-caribe-exigen-a-sus-gobiernos-excluir-a-los-granos-basicos-de-los-acuerdos-comerciales-con-eua-y-ue\/\" \/>\n<meta property=\"og:locale\" content=\"es_ES\" \/>\n<meta property=\"og:type\" content=\"article\" \/>\n<meta property=\"og:title\" content=\"AGRICULTORES DE AM\u00c9RICA LATINA Y EL CARIBE EXIGEN A SUS GOBIERNOS EXCLUIR A LOS GRANOS B\u00c1SICOS DE LOS ACUERDOS COMERCIALES CON EUA Y UE -\" \/>\n<meta property=\"og:description\" content=\"*Organizaciones campesinas reunidas en M\u00e9xico se\u00f1alan que los alimentos no deben ser herramienta de guerra ni tema comercial en la OMC. M\u00e1s de cien organizaciones campesinas, integrantes de la Coordinadora Latinoamericana de Organizaciones del Campo (CLOC &#8211; V\u00eda Campesina), se han pronunciado en\u00e9rgicamente por la exclusi\u00f3n de los granos b\u00e1sicos de todos los acuerdos comerciales [&hellip;]\" \/>\n<meta property=\"og:url\" content=\"https:\/\/continuamosmx.com\/index.php\/2025\/12\/02\/agricultores-de-america-latina-y-el-caribe-exigen-a-sus-gobiernos-excluir-a-los-granos-basicos-de-los-acuerdos-comerciales-con-eua-y-ue\/\" \/>\n<meta property=\"article:published_time\" content=\"2025-12-02T22:34:20+00:00\" \/>\n<meta property=\"article:modified_time\" content=\"2025-12-02T22:34:21+00:00\" \/>\n<meta property=\"og:image\" content=\"https:\/\/continuamosmx.com\/wp-content\/uploads\/2025\/12\/afasf.png\" \/>\n\t<meta property=\"og:image:width\" content=\"783\" \/>\n\t<meta property=\"og:image:height\" content=\"518\" \/>\n\t<meta property=\"og:image:type\" content=\"image\/png\" \/>\n<meta name=\"author\" content=\"Continuamos MX\" \/>\n<meta name=\"twitter:card\" content=\"summary_large_image\" \/>\n<meta name=\"twitter:label1\" content=\"Escrito por\" \/>\n\t<meta name=\"twitter:data1\" content=\"Continuamos MX\" \/>\n\t<meta name=\"twitter:label2\" content=\"Tiempo de lectura\" \/>\n\t<meta name=\"twitter:data2\" content=\"3 minutos\" \/>\n<script type=\"application\/ld+json\" class=\"yoast-schema-graph\">{\"@context\":\"https:\\\/\\\/schema.org\",\"@graph\":[{\"@type\":\"Article\",\"@id\":\"https:\\\/\\\/continuamosmx.com\\\/index.php\\\/2025\\\/12\\\/02\\\/agricultores-de-america-latina-y-el-caribe-exigen-a-sus-gobiernos-excluir-a-los-granos-basicos-de-los-acuerdos-comerciales-con-eua-y-ue\\\/#article\",\"isPartOf\":{\"@id\":\"https:\\\/\\\/continuamosmx.com\\\/index.php\\\/2025\\\/12\\\/02\\\/agricultores-de-america-latina-y-el-caribe-exigen-a-sus-gobiernos-excluir-a-los-granos-basicos-de-los-acuerdos-comerciales-con-eua-y-ue\\\/\"},\"author\":{\"name\":\"Continuamos MX\",\"@id\":\"https:\\\/\\\/continuamosmx.com\\\/#\\\/schema\\\/person\\\/5eb5356acb1fad784da407d14f0e8d89\"},\"headline\":\"AGRICULTORES DE AM\u00c9RICA LATINA Y EL CARIBE EXIGEN A SUS GOBIERNOS EXCLUIR A LOS GRANOS B\u00c1SICOS DE LOS ACUERDOS COMERCIALES CON EUA Y UE\",\"datePublished\":\"2025-12-02T22:34:20+00:00\",\"dateModified\":\"2025-12-02T22:34:21+00:00\",\"mainEntityOfPage\":{\"@id\":\"https:\\\/\\\/continuamosmx.com\\\/index.php\\\/2025\\\/12\\\/02\\\/agricultores-de-america-latina-y-el-caribe-exigen-a-sus-gobiernos-excluir-a-los-granos-basicos-de-los-acuerdos-comerciales-con-eua-y-ue\\\/\"},\"wordCount\":622,\"publisher\":{\"@id\":\"https:\\\/\\\/continuamosmx.com\\\/#organization\"},\"image\":{\"@id\":\"https:\\\/\\\/continuamosmx.com\\\/index.php\\\/2025\\\/12\\\/02\\\/agricultores-de-america-latina-y-el-caribe-exigen-a-sus-gobiernos-excluir-a-los-granos-basicos-de-los-acuerdos-comerciales-con-eua-y-ue\\\/#primaryimage\"},\"thumbnailUrl\":\"https:\\\/\\\/continuamosmx.com\\\/wp-content\\\/uploads\\\/2025\\\/12\\\/afasf.png\",\"articleSection\":[\"NACIONAL\"],\"inLanguage\":\"es\"},{\"@type\":\"WebPage\",\"@id\":\"https:\\\/\\\/continuamosmx.com\\\/index.php\\\/2025\\\/12\\\/02\\\/agricultores-de-america-latina-y-el-caribe-exigen-a-sus-gobiernos-excluir-a-los-granos-basicos-de-los-acuerdos-comerciales-con-eua-y-ue\\\/\",\"url\":\"https:\\\/\\\/continuamosmx.com\\\/index.php\\\/2025\\\/12\\\/02\\\/agricultores-de-america-latina-y-el-caribe-exigen-a-sus-gobiernos-excluir-a-los-granos-basicos-de-los-acuerdos-comerciales-con-eua-y-ue\\\/\",\"name\":\"AGRICULTORES DE AM\u00c9RICA LATINA Y EL CARIBE EXIGEN A SUS GOBIERNOS EXCLUIR A LOS GRANOS B\u00c1SICOS DE LOS ACUERDOS COMERCIALES CON EUA Y UE -\",\"isPartOf\":{\"@id\":\"https:\\\/\\\/continuamosmx.com\\\/#website\"},\"primaryImageOfPage\":{\"@id\":\"https:\\\/\\\/continuamosmx.com\\\/index.php\\\/2025\\\/12\\\/02\\\/agricultores-de-america-latina-y-el-caribe-exigen-a-sus-gobiernos-excluir-a-los-granos-basicos-de-los-acuerdos-comerciales-con-eua-y-ue\\\/#primaryimage\"},\"image\":{\"@id\":\"https:\\\/\\\/continuamosmx.com\\\/index.php\\\/2025\\\/12\\\/02\\\/agricultores-de-america-latina-y-el-caribe-exigen-a-sus-gobiernos-excluir-a-los-granos-basicos-de-los-acuerdos-comerciales-con-eua-y-ue\\\/#primaryimage\"},\"thumbnailUrl\":\"https:\\\/\\\/continuamosmx.com\\\/wp-content\\\/uploads\\\/2025\\\/12\\\/afasf.png\",\"datePublished\":\"2025-12-02T22:34:20+00:00\",\"dateModified\":\"2025-12-02T22:34:21+00:00\",\"breadcrumb\":{\"@id\":\"https:\\\/\\\/continuamosmx.com\\\/index.php\\\/2025\\\/12\\\/02\\\/agricultores-de-america-latina-y-el-caribe-exigen-a-sus-gobiernos-excluir-a-los-granos-basicos-de-los-acuerdos-comerciales-con-eua-y-ue\\\/#breadcrumb\"},\"inLanguage\":\"es\",\"potentialAction\":[{\"@type\":\"ReadAction\",\"target\":[\"https:\\\/\\\/continuamosmx.com\\\/index.php\\\/2025\\\/12\\\/02\\\/agricultores-de-america-latina-y-el-caribe-exigen-a-sus-gobiernos-excluir-a-los-granos-basicos-de-los-acuerdos-comerciales-con-eua-y-ue\\\/\"]}]},{\"@type\":\"ImageObject\",\"inLanguage\":\"es\",\"@id\":\"https:\\\/\\\/continuamosmx.com\\\/index.php\\\/2025\\\/12\\\/02\\\/agricultores-de-america-latina-y-el-caribe-exigen-a-sus-gobiernos-excluir-a-los-granos-basicos-de-los-acuerdos-comerciales-con-eua-y-ue\\\/#primaryimage\",\"url\":\"https:\\\/\\\/continuamosmx.com\\\/wp-content\\\/uploads\\\/2025\\\/12\\\/afasf.png\",\"contentUrl\":\"https:\\\/\\\/continuamosmx.com\\\/wp-content\\\/uploads\\\/2025\\\/12\\\/afasf.png\",\"width\":783,\"height\":518},{\"@type\":\"BreadcrumbList\",\"@id\":\"https:\\\/\\\/continuamosmx.com\\\/index.php\\\/2025\\\/12\\\/02\\\/agricultores-de-america-latina-y-el-caribe-exigen-a-sus-gobiernos-excluir-a-los-granos-basicos-de-los-acuerdos-comerciales-con-eua-y-ue\\\/#breadcrumb\",\"itemListElement\":[{\"@type\":\"ListItem\",\"position\":1,\"name\":\"Inicio\",\"item\":\"https:\\\/\\\/continuamosmx.com\\\/\"},{\"@type\":\"ListItem\",\"position\":2,\"name\":\"AGRICULTORES DE AM\u00c9RICA LATINA Y EL CARIBE EXIGEN A SUS GOBIERNOS EXCLUIR A LOS GRANOS B\u00c1SICOS DE LOS ACUERDOS COMERCIALES CON EUA Y UE\"}]},{\"@type\":\"WebSite\",\"@id\":\"https:\\\/\\\/continuamosmx.com\\\/#website\",\"url\":\"https:\\\/\\\/continuamosmx.com\\\/\",\"name\":\"www.continuamosmx.com\",\"description\":\"\",\"publisher\":{\"@id\":\"https:\\\/\\\/continuamosmx.com\\\/#organization\"},\"potentialAction\":[{\"@type\":\"SearchAction\",\"target\":{\"@type\":\"EntryPoint\",\"urlTemplate\":\"https:\\\/\\\/continuamosmx.com\\\/?s={search_term_string}\"},\"query-input\":{\"@type\":\"PropertyValueSpecification\",\"valueRequired\":true,\"valueName\":\"search_term_string\"}}],\"inLanguage\":\"es\"},{\"@type\":\"Organization\",\"@id\":\"https:\\\/\\\/continuamosmx.com\\\/#organization\",\"name\":\"ContinuamosMX\",\"url\":\"https:\\\/\\\/continuamosmx.com\\\/\",\"logo\":{\"@type\":\"ImageObject\",\"inLanguage\":\"es\",\"@id\":\"https:\\\/\\\/continuamosmx.com\\\/#\\\/schema\\\/logo\\\/image\\\/\",\"url\":\"https:\\\/\\\/continuamosmx.com\\\/wp-content\\\/uploads\\\/2023\\\/04\\\/cropped-LOGO-CONTI-NUEVO.png\",\"contentUrl\":\"https:\\\/\\\/continuamosmx.com\\\/wp-content\\\/uploads\\\/2023\\\/04\\\/cropped-LOGO-CONTI-NUEVO.png\",\"width\":1257,\"height\":430,\"caption\":\"ContinuamosMX\"},\"image\":{\"@id\":\"https:\\\/\\\/continuamosmx.com\\\/#\\\/schema\\\/logo\\\/image\\\/\"}},{\"@type\":\"Person\",\"@id\":\"https:\\\/\\\/continuamosmx.com\\\/#\\\/schema\\\/person\\\/5eb5356acb1fad784da407d14f0e8d89\",\"name\":\"Continuamos MX\",\"image\":{\"@type\":\"ImageObject\",\"inLanguage\":\"es\",\"@id\":\"https:\\\/\\\/secure.gravatar.com\\\/avatar\\\/30d4f9723476a15f4da34d35fb3501f08d2357016c76051c6a85c354c7489589?s=96&d=mm&r=g\",\"url\":\"https:\\\/\\\/secure.gravatar.com\\\/avatar\\\/30d4f9723476a15f4da34d35fb3501f08d2357016c76051c6a85c354c7489589?s=96&d=mm&r=g\",\"contentUrl\":\"https:\\\/\\\/secure.gravatar.com\\\/avatar\\\/30d4f9723476a15f4da34d35fb3501f08d2357016c76051c6a85c354c7489589?s=96&d=mm&r=g\",\"caption\":\"Continuamos MX\"},\"sameAs\":[\"http:\\\/\\\/www.continuamos.mx\"],\"url\":\"https:\\\/\\\/continuamosmx.com\\\/index.php\\\/author\\\/continuamos\\\/\"}]}<\/script>\n<!-- \/ Yoast SEO plugin. -->","yoast_head_json":{"title":"AGRICULTORES DE AM\u00c9RICA LATINA Y EL CARIBE EXIGEN A SUS GOBIERNOS EXCLUIR A LOS GRANOS B\u00c1SICOS DE LOS ACUERDOS COMERCIALES CON EUA Y UE -","robots":{"index":"index","follow":"follow","max-snippet":"max-snippet:-1","max-image-preview":"max-image-preview:large","max-video-preview":"max-video-preview:-1"},"canonical":"https:\/\/continuamosmx.com\/index.php\/2025\/12\/02\/agricultores-de-america-latina-y-el-caribe-exigen-a-sus-gobiernos-excluir-a-los-granos-basicos-de-los-acuerdos-comerciales-con-eua-y-ue\/","og_locale":"es_ES","og_type":"article","og_title":"AGRICULTORES DE AM\u00c9RICA LATINA Y EL CARIBE EXIGEN A SUS GOBIERNOS EXCLUIR A LOS GRANOS B\u00c1SICOS DE LOS ACUERDOS COMERCIALES CON EUA Y UE -","og_description":"*Organizaciones campesinas reunidas en M\u00e9xico se\u00f1alan que los alimentos no deben ser herramienta de guerra ni tema comercial en la OMC. M\u00e1s de cien organizaciones campesinas, integrantes de la Coordinadora Latinoamericana de Organizaciones del Campo (CLOC &#8211; V\u00eda Campesina), se han pronunciado en\u00e9rgicamente por la exclusi\u00f3n de los granos b\u00e1sicos de todos los acuerdos comerciales [&hellip;]","og_url":"https:\/\/continuamosmx.com\/index.php\/2025\/12\/02\/agricultores-de-america-latina-y-el-caribe-exigen-a-sus-gobiernos-excluir-a-los-granos-basicos-de-los-acuerdos-comerciales-con-eua-y-ue\/","article_published_time":"2025-12-02T22:34:20+00:00","article_modified_time":"2025-12-02T22:34:21+00:00","og_image":[{"width":783,"height":518,"url":"https:\/\/continuamosmx.com\/wp-content\/uploads\/2025\/12\/afasf.png","type":"image\/png"}],"author":"Continuamos MX","twitter_card":"summary_large_image","twitter_misc":{"Escrito por":"Continuamos MX","Tiempo de lectura":"3 minutos"},"schema":{"@context":"https:\/\/schema.org","@graph":[{"@type":"Article","@id":"https:\/\/continuamosmx.com\/index.php\/2025\/12\/02\/agricultores-de-america-latina-y-el-caribe-exigen-a-sus-gobiernos-excluir-a-los-granos-basicos-de-los-acuerdos-comerciales-con-eua-y-ue\/#article","isPartOf":{"@id":"https:\/\/continuamosmx.com\/index.php\/2025\/12\/02\/agricultores-de-america-latina-y-el-caribe-exigen-a-sus-gobiernos-excluir-a-los-granos-basicos-de-los-acuerdos-comerciales-con-eua-y-ue\/"},"author":{"name":"Continuamos MX","@id":"https:\/\/continuamosmx.com\/#\/schema\/person\/5eb5356acb1fad784da407d14f0e8d89"},"headline":"AGRICULTORES DE AM\u00c9RICA LATINA Y EL CARIBE EXIGEN A SUS GOBIERNOS EXCLUIR A LOS GRANOS B\u00c1SICOS DE LOS ACUERDOS COMERCIALES CON EUA Y UE","datePublished":"2025-12-02T22:34:20+00:00","dateModified":"2025-12-02T22:34:21+00:00","mainEntityOfPage":{"@id":"https:\/\/continuamosmx.com\/index.php\/2025\/12\/02\/agricultores-de-america-latina-y-el-caribe-exigen-a-sus-gobiernos-excluir-a-los-granos-basicos-de-los-acuerdos-comerciales-con-eua-y-ue\/"},"wordCount":622,"publisher":{"@id":"https:\/\/continuamosmx.com\/#organization"},"image":{"@id":"https:\/\/continuamosmx.com\/index.php\/2025\/12\/02\/agricultores-de-america-latina-y-el-caribe-exigen-a-sus-gobiernos-excluir-a-los-granos-basicos-de-los-acuerdos-comerciales-con-eua-y-ue\/#primaryimage"},"thumbnailUrl":"https:\/\/continuamosmx.com\/wp-content\/uploads\/2025\/12\/afasf.png","articleSection":["NACIONAL"],"inLanguage":"es"},{"@type":"WebPage","@id":"https:\/\/continuamosmx.com\/index.php\/2025\/12\/02\/agricultores-de-america-latina-y-el-caribe-exigen-a-sus-gobiernos-excluir-a-los-granos-basicos-de-los-acuerdos-comerciales-con-eua-y-ue\/","url":"https:\/\/continuamosmx.com\/index.php\/2025\/12\/02\/agricultores-de-america-latina-y-el-caribe-exigen-a-sus-gobiernos-excluir-a-los-granos-basicos-de-los-acuerdos-comerciales-con-eua-y-ue\/","name":"AGRICULTORES DE AM\u00c9RICA LATINA Y EL CARIBE EXIGEN A SUS GOBIERNOS EXCLUIR A LOS GRANOS B\u00c1SICOS DE LOS ACUERDOS COMERCIALES CON EUA Y UE -","isPartOf":{"@id":"https:\/\/continuamosmx.com\/#website"},"primaryImageOfPage":{"@id":"https:\/\/continuamosmx.com\/index.php\/2025\/12\/02\/agricultores-de-america-latina-y-el-caribe-exigen-a-sus-gobiernos-excluir-a-los-granos-basicos-de-los-acuerdos-comerciales-con-eua-y-ue\/#primaryimage"},"image":{"@id":"https:\/\/continuamosmx.com\/index.php\/2025\/12\/02\/agricultores-de-america-latina-y-el-caribe-exigen-a-sus-gobiernos-excluir-a-los-granos-basicos-de-los-acuerdos-comerciales-con-eua-y-ue\/#primaryimage"},"thumbnailUrl":"https:\/\/continuamosmx.com\/wp-content\/uploads\/2025\/12\/afasf.png","datePublished":"2025-12-02T22:34:20+00:00","dateModified":"2025-12-02T22:34:21+00:00","breadcrumb":{"@id":"https:\/\/continuamosmx.com\/index.php\/2025\/12\/02\/agricultores-de-america-latina-y-el-caribe-exigen-a-sus-gobiernos-excluir-a-los-granos-basicos-de-los-acuerdos-comerciales-con-eua-y-ue\/#breadcrumb"},"inLanguage":"es","potentialAction":[{"@type":"ReadAction","target":["https:\/\/continuamosmx.com\/index.php\/2025\/12\/02\/agricultores-de-america-latina-y-el-caribe-exigen-a-sus-gobiernos-excluir-a-los-granos-basicos-de-los-acuerdos-comerciales-con-eua-y-ue\/"]}]},{"@type":"ImageObject","inLanguage":"es","@id":"https:\/\/continuamosmx.com\/index.php\/2025\/12\/02\/agricultores-de-america-latina-y-el-caribe-exigen-a-sus-gobiernos-excluir-a-los-granos-basicos-de-los-acuerdos-comerciales-con-eua-y-ue\/#primaryimage","url":"https:\/\/continuamosmx.com\/wp-content\/uploads\/2025\/12\/afasf.png","contentUrl":"https:\/\/continuamosmx.com\/wp-content\/uploads\/2025\/12\/afasf.png","width":783,"height":518},{"@type":"BreadcrumbList","@id":"https:\/\/continuamosmx.com\/index.php\/2025\/12\/02\/agricultores-de-america-latina-y-el-caribe-exigen-a-sus-gobiernos-excluir-a-los-granos-basicos-de-los-acuerdos-comerciales-con-eua-y-ue\/#breadcrumb","itemListElement":[{"@type":"ListItem","position":1,"name":"Inicio","item":"https:\/\/continuamosmx.com\/"},{"@type":"ListItem","position":2,"name":"AGRICULTORES DE AM\u00c9RICA LATINA Y EL CARIBE EXIGEN A SUS GOBIERNOS EXCLUIR A LOS GRANOS B\u00c1SICOS DE LOS ACUERDOS COMERCIALES CON EUA Y UE"}]},{"@type":"WebSite","@id":"https:\/\/continuamosmx.com\/#website","url":"https:\/\/continuamosmx.com\/","name":"www.continuamosmx.com","description":"","publisher":{"@id":"https:\/\/continuamosmx.com\/#organization"},"potentialAction":[{"@type":"SearchAction","target":{"@type":"EntryPoint","urlTemplate":"https:\/\/continuamosmx.com\/?s={search_term_string}"},"query-input":{"@type":"PropertyValueSpecification","valueRequired":true,"valueName":"search_term_string"}}],"inLanguage":"es"},{"@type":"Organization","@id":"https:\/\/continuamosmx.com\/#organization","name":"ContinuamosMX","url":"https:\/\/continuamosmx.com\/","logo":{"@type":"ImageObject","inLanguage":"es","@id":"https:\/\/continuamosmx.com\/#\/schema\/logo\/image\/","url":"https:\/\/continuamosmx.com\/wp-content\/uploads\/2023\/04\/cropped-LOGO-CONTI-NUEVO.png","contentUrl":"https:\/\/continuamosmx.com\/wp-content\/uploads\/2023\/04\/cropped-LOGO-CONTI-NUEVO.png","width":1257,"height":430,"caption":"ContinuamosMX"},"image":{"@id":"https:\/\/continuamosmx.com\/#\/schema\/logo\/image\/"}},{"@type":"Person","@id":"https:\/\/continuamosmx.com\/#\/schema\/person\/5eb5356acb1fad784da407d14f0e8d89","name":"Continuamos MX","image":{"@type":"ImageObject","inLanguage":"es","@id":"https:\/\/secure.gravatar.com\/avatar\/30d4f9723476a15f4da34d35fb3501f08d2357016c76051c6a85c354c7489589?s=96&d=mm&r=g","url":"https:\/\/secure.gravatar.com\/avatar\/30d4f9723476a15f4da34d35fb3501f08d2357016c76051c6a85c354c7489589?s=96&d=mm&r=g","contentUrl":"https:\/\/secure.gravatar.com\/avatar\/30d4f9723476a15f4da34d35fb3501f08d2357016c76051c6a85c354c7489589?s=96&d=mm&r=g","caption":"Continuamos MX"},"sameAs":["http:\/\/www.continuamos.mx"],"url":"https:\/\/continuamosmx.com\/index.php\/author\/continuamos\/"}]}},"_links":{"self":[{"href":"https:\/\/continuamosmx.com\/index.php\/wp-json\/wp\/v2\/posts\/51598","targetHints":{"allow":["GET"]}}],"collection":[{"href":"https:\/\/continuamosmx.com\/index.php\/wp-json\/wp\/v2\/posts"}],"about":[{"href":"https:\/\/continuamosmx.com\/index.php\/wp-json\/wp\/v2\/types\/post"}],"author":[{"embeddable":true,"href":"https:\/\/continuamosmx.com\/index.php\/wp-json\/wp\/v2\/users\/6"}],"replies":[{"embeddable":true,"href":"https:\/\/continuamosmx.com\/index.php\/wp-json\/wp\/v2\/comments?post=51598"}],"version-history":[{"count":1,"href":"https:\/\/continuamosmx.com\/index.php\/wp-json\/wp\/v2\/posts\/51598\/revisions"}],"predecessor-version":[{"id":51600,"href":"https:\/\/continuamosmx.com\/index.php\/wp-json\/wp\/v2\/posts\/51598\/revisions\/51600"}],"wp:featuredmedia":[{"embeddable":true,"href":"https:\/\/continuamosmx.com\/index.php\/wp-json\/wp\/v2\/media\/51599"}],"wp:attachment":[{"href":"https:\/\/continuamosmx.com\/index.php\/wp-json\/wp\/v2\/media?parent=51598"}],"wp:term":[{"taxonomy":"category","embeddable":true,"href":"https:\/\/continuamosmx.com\/index.php\/wp-json\/wp\/v2\/categories?post=51598"},{"taxonomy":"post_tag","embeddable":true,"href":"https:\/\/continuamosmx.com\/index.php\/wp-json\/wp\/v2\/tags?post=51598"}],"curies":[{"name":"wp","href":"https:\/\/api.w.org\/{rel}","templated":true}]}}