{"id":50875,"date":"2025-09-22T17:42:15","date_gmt":"2025-09-22T17:42:15","guid":{"rendered":"https:\/\/continuamosmx.com\/?p=50875"},"modified":"2025-09-22T17:42:16","modified_gmt":"2025-09-22T17:42:16","slug":"colectivos-acusan-al-alcalde-de-texcoco-de-permitir-desaparicion-de-ruinas-arqueologicas","status":"publish","type":"post","link":"https:\/\/continuamosmx.com\/index.php\/2025\/09\/22\/colectivos-acusan-al-alcalde-de-texcoco-de-permitir-desaparicion-de-ruinas-arqueologicas\/","title":{"rendered":"COLECTIVOS ACUSAN AL ALCALDE DE TEXCOCO DE PERMITIR DESAPARICI\u00d3N DE RUINAS ARQUEOL\u00d3GICAS"},"content":{"rendered":"\n<p>*<strong>Ciudadanos promueven un amparo contra el abandono oficial, la complicidad del INAH y la negligencia judicial en la protecci\u00f3n del sitio \u201cAhuehuetes Tetzcoco\u201d.<\/strong><\/p>\n\n\n\n<p>Redacci\u00f3n<\/p>\n\n\n\n<p>TEXCOCO, M\u00e9x.- Mientras el alcalde morenista de Texcoco, Nazario Guti\u00e9rrez Mart\u00ednez, pregona p\u00fablicamente su \u201camor y cari\u00f1o\u201d al municipio y presume proyectos como la remodelaci\u00f3n del Jard\u00edn Municipal o la pinta de fachadas para obtener el nombramiento de \u201cpueblo con encanto\u201d, colectivos ciudadanos denunciaron que en los hechos se permite el deterioro y la desaparici\u00f3n de vestigios arqueol\u00f3gicos de gran valor hist\u00f3rico.<\/p>\n\n\n\n<p>En conferencia de prensa, integrantes de la Red Ciudadana Nodo 56 y otros grupos en defensa del patrimonio anunciaron que interpusieron un amparo para frenar la destrucci\u00f3n del sitio arqueol\u00f3gico \u201cAhuehuetes Tetzcoco\u201d, ubicado en el Barrio de San Juanito, junto al Barrio de la Conchita, donde aseguran que se han instalado canchas de p\u00e1del, comercios y cercos que impiden el acceso a la poblaci\u00f3n.<\/p>\n\n\n\n<p>El recurso legal es encabezado por el abogado Jos\u00e9 Manuel Hermosillo, representante de ciudadanos inconformes con lo que consideran un triple abandono: el del gobierno municipal, la indiferencia del Instituto Nacional de Antropolog\u00eda e Historia (INAH) y la falta de acci\u00f3n por parte de los jueces de Distrito.<\/p>\n\n\n\n<figure class=\"wp-block-gallery has-nested-images columns-default is-cropped wp-block-gallery-1 is-layout-flex wp-block-gallery-is-layout-flex\">\n<figure class=\"wp-block-image size-large\"><img loading=\"lazy\" decoding=\"async\" width=\"450\" height=\"511\" data-id=\"50877\" src=\"https:\/\/continuamosmx.com\/wp-content\/uploads\/2025\/09\/tex2.png\" alt=\"\" class=\"wp-image-50877\" srcset=\"https:\/\/continuamosmx.com\/wp-content\/uploads\/2025\/09\/tex2.png 450w, https:\/\/continuamosmx.com\/wp-content\/uploads\/2025\/09\/tex2-264x300.png 264w\" sizes=\"auto, (max-width: 450px) 100vw, 450px\" \/><\/figure>\n\n\n\n<figure class=\"wp-block-image size-large\"><img loading=\"lazy\" decoding=\"async\" width=\"749\" height=\"390\" data-id=\"50879\" src=\"https:\/\/continuamosmx.com\/wp-content\/uploads\/2025\/09\/tex3-1.png\" alt=\"\" class=\"wp-image-50879\" srcset=\"https:\/\/continuamosmx.com\/wp-content\/uploads\/2025\/09\/tex3-1.png 749w, https:\/\/continuamosmx.com\/wp-content\/uploads\/2025\/09\/tex3-1-300x156.png 300w\" sizes=\"auto, (max-width: 749px) 100vw, 749px\" \/><\/figure>\n\n\n\n<figure class=\"wp-block-image size-large\"><img loading=\"lazy\" decoding=\"async\" width=\"376\" height=\"499\" data-id=\"50878\" src=\"https:\/\/continuamosmx.com\/wp-content\/uploads\/2025\/09\/tex4.png\" alt=\"\" class=\"wp-image-50878\" srcset=\"https:\/\/continuamosmx.com\/wp-content\/uploads\/2025\/09\/tex4.png 376w, https:\/\/continuamosmx.com\/wp-content\/uploads\/2025\/09\/tex4-226x300.png 226w\" sizes=\"auto, (max-width: 376px) 100vw, 376px\" \/><\/figure>\n<\/figure>\n","protected":false},"excerpt":{"rendered":"<p>*Ciudadanos promueven un amparo contra el abandono oficial, la complicidad del INAH y la negligencia judicial en la protecci\u00f3n del sitio \u201cAhuehuetes Tetzcoco\u201d. Redacci\u00f3n TEXCOCO, M\u00e9x.- Mientras el alcalde morenista de Texcoco, Nazario Guti\u00e9rrez Mart\u00ednez, pregona p\u00fablicamente su \u201camor y cari\u00f1o\u201d al municipio y presume proyectos como la remodelaci\u00f3n del Jard\u00edn Municipal o la pinta [&hellip;]<\/p>\n","protected":false},"author":6,"featured_media":50876,"comment_status":"open","ping_status":"open","sticky":false,"template":"","format":"standard","meta":{"footnotes":""},"categories":[4,6],"tags":[],"class_list":["post-50875","post","type-post","status-publish","format-standard","has-post-thumbnail","hentry","category-locales","category-texcoco"],"yoast_head":"<!-- This site is optimized with the Yoast SEO plugin v27.5 - https:\/\/yoast.com\/product\/yoast-seo-wordpress\/ -->\n<title>COLECTIVOS ACUSAN AL ALCALDE DE TEXCOCO DE PERMITIR DESAPARICI\u00d3N DE RUINAS ARQUEOL\u00d3GICAS -<\/title>\n<meta name=\"robots\" content=\"index, follow, max-snippet:-1, max-image-preview:large, max-video-preview:-1\" \/>\n<link rel=\"canonical\" href=\"https:\/\/continuamosmx.com\/index.php\/2025\/09\/22\/colectivos-acusan-al-alcalde-de-texcoco-de-permitir-desaparicion-de-ruinas-arqueologicas\/\" \/>\n<meta property=\"og:locale\" content=\"es_ES\" \/>\n<meta property=\"og:type\" content=\"article\" \/>\n<meta property=\"og:title\" content=\"COLECTIVOS ACUSAN AL ALCALDE DE TEXCOCO DE PERMITIR DESAPARICI\u00d3N DE RUINAS ARQUEOL\u00d3GICAS -\" \/>\n<meta property=\"og:description\" content=\"*Ciudadanos promueven un amparo contra el abandono oficial, la complicidad del INAH y la negligencia judicial en la protecci\u00f3n del sitio \u201cAhuehuetes Tetzcoco\u201d. Redacci\u00f3n TEXCOCO, M\u00e9x.- Mientras el alcalde morenista de Texcoco, Nazario Guti\u00e9rrez Mart\u00ednez, pregona p\u00fablicamente su \u201camor y cari\u00f1o\u201d al municipio y presume proyectos como la remodelaci\u00f3n del Jard\u00edn Municipal o la pinta [&hellip;]\" \/>\n<meta property=\"og:url\" content=\"https:\/\/continuamosmx.com\/index.php\/2025\/09\/22\/colectivos-acusan-al-alcalde-de-texcoco-de-permitir-desaparicion-de-ruinas-arqueologicas\/\" \/>\n<meta property=\"article:published_time\" content=\"2025-09-22T17:42:15+00:00\" \/>\n<meta property=\"article:modified_time\" content=\"2025-09-22T17:42:16+00:00\" \/>\n<meta property=\"og:image\" content=\"https:\/\/continuamosmx.com\/wp-content\/uploads\/2025\/09\/tex3.png\" \/>\n\t<meta property=\"og:image:width\" content=\"749\" \/>\n\t<meta property=\"og:image:height\" content=\"390\" \/>\n\t<meta property=\"og:image:type\" content=\"image\/png\" \/>\n<meta name=\"author\" content=\"Continuamos MX\" \/>\n<meta name=\"twitter:card\" content=\"summary_large_image\" \/>\n<meta name=\"twitter:label1\" content=\"Escrito por\" \/>\n\t<meta name=\"twitter:data1\" content=\"Continuamos MX\" \/>\n\t<meta name=\"twitter:label2\" content=\"Tiempo de lectura\" \/>\n\t<meta name=\"twitter:data2\" content=\"1 minuto\" \/>\n<script type=\"application\/ld+json\" class=\"yoast-schema-graph\">{\"@context\":\"https:\\\/\\\/schema.org\",\"@graph\":[{\"@type\":\"Article\",\"@id\":\"https:\\\/\\\/continuamosmx.com\\\/index.php\\\/2025\\\/09\\\/22\\\/colectivos-acusan-al-alcalde-de-texcoco-de-permitir-desaparicion-de-ruinas-arqueologicas\\\/#article\",\"isPartOf\":{\"@id\":\"https:\\\/\\\/continuamosmx.com\\\/index.php\\\/2025\\\/09\\\/22\\\/colectivos-acusan-al-alcalde-de-texcoco-de-permitir-desaparicion-de-ruinas-arqueologicas\\\/\"},\"author\":{\"name\":\"Continuamos MX\",\"@id\":\"https:\\\/\\\/continuamosmx.com\\\/#\\\/schema\\\/person\\\/5eb5356acb1fad784da407d14f0e8d89\"},\"headline\":\"COLECTIVOS ACUSAN AL ALCALDE DE TEXCOCO DE PERMITIR DESAPARICI\u00d3N DE RUINAS ARQUEOL\u00d3GICAS\",\"datePublished\":\"2025-09-22T17:42:15+00:00\",\"dateModified\":\"2025-09-22T17:42:16+00:00\",\"mainEntityOfPage\":{\"@id\":\"https:\\\/\\\/continuamosmx.com\\\/index.php\\\/2025\\\/09\\\/22\\\/colectivos-acusan-al-alcalde-de-texcoco-de-permitir-desaparicion-de-ruinas-arqueologicas\\\/\"},\"wordCount\":230,\"commentCount\":0,\"publisher\":{\"@id\":\"https:\\\/\\\/continuamosmx.com\\\/#organization\"},\"image\":{\"@id\":\"https:\\\/\\\/continuamosmx.com\\\/index.php\\\/2025\\\/09\\\/22\\\/colectivos-acusan-al-alcalde-de-texcoco-de-permitir-desaparicion-de-ruinas-arqueologicas\\\/#primaryimage\"},\"thumbnailUrl\":\"https:\\\/\\\/continuamosmx.com\\\/wp-content\\\/uploads\\\/2025\\\/09\\\/tex3.png\",\"articleSection\":[\"LOCALES\",\"TEXCOCO\"],\"inLanguage\":\"es\"},{\"@type\":\"WebPage\",\"@id\":\"https:\\\/\\\/continuamosmx.com\\\/index.php\\\/2025\\\/09\\\/22\\\/colectivos-acusan-al-alcalde-de-texcoco-de-permitir-desaparicion-de-ruinas-arqueologicas\\\/\",\"url\":\"https:\\\/\\\/continuamosmx.com\\\/index.php\\\/2025\\\/09\\\/22\\\/colectivos-acusan-al-alcalde-de-texcoco-de-permitir-desaparicion-de-ruinas-arqueologicas\\\/\",\"name\":\"COLECTIVOS ACUSAN AL ALCALDE DE TEXCOCO DE PERMITIR DESAPARICI\u00d3N DE RUINAS ARQUEOL\u00d3GICAS -\",\"isPartOf\":{\"@id\":\"https:\\\/\\\/continuamosmx.com\\\/#website\"},\"primaryImageOfPage\":{\"@id\":\"https:\\\/\\\/continuamosmx.com\\\/index.php\\\/2025\\\/09\\\/22\\\/colectivos-acusan-al-alcalde-de-texcoco-de-permitir-desaparicion-de-ruinas-arqueologicas\\\/#primaryimage\"},\"image\":{\"@id\":\"https:\\\/\\\/continuamosmx.com\\\/index.php\\\/2025\\\/09\\\/22\\\/colectivos-acusan-al-alcalde-de-texcoco-de-permitir-desaparicion-de-ruinas-arqueologicas\\\/#primaryimage\"},\"thumbnailUrl\":\"https:\\\/\\\/continuamosmx.com\\\/wp-content\\\/uploads\\\/2025\\\/09\\\/tex3.png\",\"datePublished\":\"2025-09-22T17:42:15+00:00\",\"dateModified\":\"2025-09-22T17:42:16+00:00\",\"breadcrumb\":{\"@id\":\"https:\\\/\\\/continuamosmx.com\\\/index.php\\\/2025\\\/09\\\/22\\\/colectivos-acusan-al-alcalde-de-texcoco-de-permitir-desaparicion-de-ruinas-arqueologicas\\\/#breadcrumb\"},\"inLanguage\":\"es\",\"potentialAction\":[{\"@type\":\"ReadAction\",\"target\":[\"https:\\\/\\\/continuamosmx.com\\\/index.php\\\/2025\\\/09\\\/22\\\/colectivos-acusan-al-alcalde-de-texcoco-de-permitir-desaparicion-de-ruinas-arqueologicas\\\/\"]}]},{\"@type\":\"ImageObject\",\"inLanguage\":\"es\",\"@id\":\"https:\\\/\\\/continuamosmx.com\\\/index.php\\\/2025\\\/09\\\/22\\\/colectivos-acusan-al-alcalde-de-texcoco-de-permitir-desaparicion-de-ruinas-arqueologicas\\\/#primaryimage\",\"url\":\"https:\\\/\\\/continuamosmx.com\\\/wp-content\\\/uploads\\\/2025\\\/09\\\/tex3.png\",\"contentUrl\":\"https:\\\/\\\/continuamosmx.com\\\/wp-content\\\/uploads\\\/2025\\\/09\\\/tex3.png\",\"width\":749,\"height\":390},{\"@type\":\"BreadcrumbList\",\"@id\":\"https:\\\/\\\/continuamosmx.com\\\/index.php\\\/2025\\\/09\\\/22\\\/colectivos-acusan-al-alcalde-de-texcoco-de-permitir-desaparicion-de-ruinas-arqueologicas\\\/#breadcrumb\",\"itemListElement\":[{\"@type\":\"ListItem\",\"position\":1,\"name\":\"Inicio\",\"item\":\"https:\\\/\\\/continuamosmx.com\\\/\"},{\"@type\":\"ListItem\",\"position\":2,\"name\":\"COLECTIVOS ACUSAN AL ALCALDE DE TEXCOCO DE PERMITIR DESAPARICI\u00d3N DE RUINAS ARQUEOL\u00d3GICAS\"}]},{\"@type\":\"WebSite\",\"@id\":\"https:\\\/\\\/continuamosmx.com\\\/#website\",\"url\":\"https:\\\/\\\/continuamosmx.com\\\/\",\"name\":\"www.continuamosmx.com\",\"description\":\"\",\"publisher\":{\"@id\":\"https:\\\/\\\/continuamosmx.com\\\/#organization\"},\"potentialAction\":[{\"@type\":\"SearchAction\",\"target\":{\"@type\":\"EntryPoint\",\"urlTemplate\":\"https:\\\/\\\/continuamosmx.com\\\/?s={search_term_string}\"},\"query-input\":{\"@type\":\"PropertyValueSpecification\",\"valueRequired\":true,\"valueName\":\"search_term_string\"}}],\"inLanguage\":\"es\"},{\"@type\":\"Organization\",\"@id\":\"https:\\\/\\\/continuamosmx.com\\\/#organization\",\"name\":\"ContinuamosMX\",\"url\":\"https:\\\/\\\/continuamosmx.com\\\/\",\"logo\":{\"@type\":\"ImageObject\",\"inLanguage\":\"es\",\"@id\":\"https:\\\/\\\/continuamosmx.com\\\/#\\\/schema\\\/logo\\\/image\\\/\",\"url\":\"https:\\\/\\\/continuamosmx.com\\\/wp-content\\\/uploads\\\/2023\\\/04\\\/cropped-LOGO-CONTI-NUEVO.png\",\"contentUrl\":\"https:\\\/\\\/continuamosmx.com\\\/wp-content\\\/uploads\\\/2023\\\/04\\\/cropped-LOGO-CONTI-NUEVO.png\",\"width\":1257,\"height\":430,\"caption\":\"ContinuamosMX\"},\"image\":{\"@id\":\"https:\\\/\\\/continuamosmx.com\\\/#\\\/schema\\\/logo\\\/image\\\/\"}},{\"@type\":\"Person\",\"@id\":\"https:\\\/\\\/continuamosmx.com\\\/#\\\/schema\\\/person\\\/5eb5356acb1fad784da407d14f0e8d89\",\"name\":\"Continuamos MX\",\"image\":{\"@type\":\"ImageObject\",\"inLanguage\":\"es\",\"@id\":\"https:\\\/\\\/secure.gravatar.com\\\/avatar\\\/30d4f9723476a15f4da34d35fb3501f08d2357016c76051c6a85c354c7489589?s=96&d=mm&r=g\",\"url\":\"https:\\\/\\\/secure.gravatar.com\\\/avatar\\\/30d4f9723476a15f4da34d35fb3501f08d2357016c76051c6a85c354c7489589?s=96&d=mm&r=g\",\"contentUrl\":\"https:\\\/\\\/secure.gravatar.com\\\/avatar\\\/30d4f9723476a15f4da34d35fb3501f08d2357016c76051c6a85c354c7489589?s=96&d=mm&r=g\",\"caption\":\"Continuamos MX\"},\"sameAs\":[\"http:\\\/\\\/www.continuamos.mx\"],\"url\":\"https:\\\/\\\/continuamosmx.com\\\/index.php\\\/author\\\/continuamos\\\/\"}]}<\/script>\n<!-- \/ Yoast SEO plugin. -->","yoast_head_json":{"title":"COLECTIVOS ACUSAN AL ALCALDE DE TEXCOCO DE PERMITIR DESAPARICI\u00d3N DE RUINAS ARQUEOL\u00d3GICAS -","robots":{"index":"index","follow":"follow","max-snippet":"max-snippet:-1","max-image-preview":"max-image-preview:large","max-video-preview":"max-video-preview:-1"},"canonical":"https:\/\/continuamosmx.com\/index.php\/2025\/09\/22\/colectivos-acusan-al-alcalde-de-texcoco-de-permitir-desaparicion-de-ruinas-arqueologicas\/","og_locale":"es_ES","og_type":"article","og_title":"COLECTIVOS ACUSAN AL ALCALDE DE TEXCOCO DE PERMITIR DESAPARICI\u00d3N DE RUINAS ARQUEOL\u00d3GICAS -","og_description":"*Ciudadanos promueven un amparo contra el abandono oficial, la complicidad del INAH y la negligencia judicial en la protecci\u00f3n del sitio \u201cAhuehuetes Tetzcoco\u201d. Redacci\u00f3n TEXCOCO, M\u00e9x.- Mientras el alcalde morenista de Texcoco, Nazario Guti\u00e9rrez Mart\u00ednez, pregona p\u00fablicamente su \u201camor y cari\u00f1o\u201d al municipio y presume proyectos como la remodelaci\u00f3n del Jard\u00edn Municipal o la pinta [&hellip;]","og_url":"https:\/\/continuamosmx.com\/index.php\/2025\/09\/22\/colectivos-acusan-al-alcalde-de-texcoco-de-permitir-desaparicion-de-ruinas-arqueologicas\/","article_published_time":"2025-09-22T17:42:15+00:00","article_modified_time":"2025-09-22T17:42:16+00:00","og_image":[{"width":749,"height":390,"url":"https:\/\/continuamosmx.com\/wp-content\/uploads\/2025\/09\/tex3.png","type":"image\/png"}],"author":"Continuamos MX","twitter_card":"summary_large_image","twitter_misc":{"Escrito por":"Continuamos MX","Tiempo de lectura":"1 minuto"},"schema":{"@context":"https:\/\/schema.org","@graph":[{"@type":"Article","@id":"https:\/\/continuamosmx.com\/index.php\/2025\/09\/22\/colectivos-acusan-al-alcalde-de-texcoco-de-permitir-desaparicion-de-ruinas-arqueologicas\/#article","isPartOf":{"@id":"https:\/\/continuamosmx.com\/index.php\/2025\/09\/22\/colectivos-acusan-al-alcalde-de-texcoco-de-permitir-desaparicion-de-ruinas-arqueologicas\/"},"author":{"name":"Continuamos MX","@id":"https:\/\/continuamosmx.com\/#\/schema\/person\/5eb5356acb1fad784da407d14f0e8d89"},"headline":"COLECTIVOS ACUSAN AL ALCALDE DE TEXCOCO DE PERMITIR DESAPARICI\u00d3N DE RUINAS ARQUEOL\u00d3GICAS","datePublished":"2025-09-22T17:42:15+00:00","dateModified":"2025-09-22T17:42:16+00:00","mainEntityOfPage":{"@id":"https:\/\/continuamosmx.com\/index.php\/2025\/09\/22\/colectivos-acusan-al-alcalde-de-texcoco-de-permitir-desaparicion-de-ruinas-arqueologicas\/"},"wordCount":230,"commentCount":0,"publisher":{"@id":"https:\/\/continuamosmx.com\/#organization"},"image":{"@id":"https:\/\/continuamosmx.com\/index.php\/2025\/09\/22\/colectivos-acusan-al-alcalde-de-texcoco-de-permitir-desaparicion-de-ruinas-arqueologicas\/#primaryimage"},"thumbnailUrl":"https:\/\/continuamosmx.com\/wp-content\/uploads\/2025\/09\/tex3.png","articleSection":["LOCALES","TEXCOCO"],"inLanguage":"es"},{"@type":"WebPage","@id":"https:\/\/continuamosmx.com\/index.php\/2025\/09\/22\/colectivos-acusan-al-alcalde-de-texcoco-de-permitir-desaparicion-de-ruinas-arqueologicas\/","url":"https:\/\/continuamosmx.com\/index.php\/2025\/09\/22\/colectivos-acusan-al-alcalde-de-texcoco-de-permitir-desaparicion-de-ruinas-arqueologicas\/","name":"COLECTIVOS ACUSAN AL ALCALDE DE TEXCOCO DE PERMITIR DESAPARICI\u00d3N DE RUINAS ARQUEOL\u00d3GICAS -","isPartOf":{"@id":"https:\/\/continuamosmx.com\/#website"},"primaryImageOfPage":{"@id":"https:\/\/continuamosmx.com\/index.php\/2025\/09\/22\/colectivos-acusan-al-alcalde-de-texcoco-de-permitir-desaparicion-de-ruinas-arqueologicas\/#primaryimage"},"image":{"@id":"https:\/\/continuamosmx.com\/index.php\/2025\/09\/22\/colectivos-acusan-al-alcalde-de-texcoco-de-permitir-desaparicion-de-ruinas-arqueologicas\/#primaryimage"},"thumbnailUrl":"https:\/\/continuamosmx.com\/wp-content\/uploads\/2025\/09\/tex3.png","datePublished":"2025-09-22T17:42:15+00:00","dateModified":"2025-09-22T17:42:16+00:00","breadcrumb":{"@id":"https:\/\/continuamosmx.com\/index.php\/2025\/09\/22\/colectivos-acusan-al-alcalde-de-texcoco-de-permitir-desaparicion-de-ruinas-arqueologicas\/#breadcrumb"},"inLanguage":"es","potentialAction":[{"@type":"ReadAction","target":["https:\/\/continuamosmx.com\/index.php\/2025\/09\/22\/colectivos-acusan-al-alcalde-de-texcoco-de-permitir-desaparicion-de-ruinas-arqueologicas\/"]}]},{"@type":"ImageObject","inLanguage":"es","@id":"https:\/\/continuamosmx.com\/index.php\/2025\/09\/22\/colectivos-acusan-al-alcalde-de-texcoco-de-permitir-desaparicion-de-ruinas-arqueologicas\/#primaryimage","url":"https:\/\/continuamosmx.com\/wp-content\/uploads\/2025\/09\/tex3.png","contentUrl":"https:\/\/continuamosmx.com\/wp-content\/uploads\/2025\/09\/tex3.png","width":749,"height":390},{"@type":"BreadcrumbList","@id":"https:\/\/continuamosmx.com\/index.php\/2025\/09\/22\/colectivos-acusan-al-alcalde-de-texcoco-de-permitir-desaparicion-de-ruinas-arqueologicas\/#breadcrumb","itemListElement":[{"@type":"ListItem","position":1,"name":"Inicio","item":"https:\/\/continuamosmx.com\/"},{"@type":"ListItem","position":2,"name":"COLECTIVOS ACUSAN AL ALCALDE DE TEXCOCO DE PERMITIR DESAPARICI\u00d3N DE RUINAS ARQUEOL\u00d3GICAS"}]},{"@type":"WebSite","@id":"https:\/\/continuamosmx.com\/#website","url":"https:\/\/continuamosmx.com\/","name":"www.continuamosmx.com","description":"","publisher":{"@id":"https:\/\/continuamosmx.com\/#organization"},"potentialAction":[{"@type":"SearchAction","target":{"@type":"EntryPoint","urlTemplate":"https:\/\/continuamosmx.com\/?s={search_term_string}"},"query-input":{"@type":"PropertyValueSpecification","valueRequired":true,"valueName":"search_term_string"}}],"inLanguage":"es"},{"@type":"Organization","@id":"https:\/\/continuamosmx.com\/#organization","name":"ContinuamosMX","url":"https:\/\/continuamosmx.com\/","logo":{"@type":"ImageObject","inLanguage":"es","@id":"https:\/\/continuamosmx.com\/#\/schema\/logo\/image\/","url":"https:\/\/continuamosmx.com\/wp-content\/uploads\/2023\/04\/cropped-LOGO-CONTI-NUEVO.png","contentUrl":"https:\/\/continuamosmx.com\/wp-content\/uploads\/2023\/04\/cropped-LOGO-CONTI-NUEVO.png","width":1257,"height":430,"caption":"ContinuamosMX"},"image":{"@id":"https:\/\/continuamosmx.com\/#\/schema\/logo\/image\/"}},{"@type":"Person","@id":"https:\/\/continuamosmx.com\/#\/schema\/person\/5eb5356acb1fad784da407d14f0e8d89","name":"Continuamos MX","image":{"@type":"ImageObject","inLanguage":"es","@id":"https:\/\/secure.gravatar.com\/avatar\/30d4f9723476a15f4da34d35fb3501f08d2357016c76051c6a85c354c7489589?s=96&d=mm&r=g","url":"https:\/\/secure.gravatar.com\/avatar\/30d4f9723476a15f4da34d35fb3501f08d2357016c76051c6a85c354c7489589?s=96&d=mm&r=g","contentUrl":"https:\/\/secure.gravatar.com\/avatar\/30d4f9723476a15f4da34d35fb3501f08d2357016c76051c6a85c354c7489589?s=96&d=mm&r=g","caption":"Continuamos MX"},"sameAs":["http:\/\/www.continuamos.mx"],"url":"https:\/\/continuamosmx.com\/index.php\/author\/continuamos\/"}]}},"_links":{"self":[{"href":"https:\/\/continuamosmx.com\/index.php\/wp-json\/wp\/v2\/posts\/50875","targetHints":{"allow":["GET"]}}],"collection":[{"href":"https:\/\/continuamosmx.com\/index.php\/wp-json\/wp\/v2\/posts"}],"about":[{"href":"https:\/\/continuamosmx.com\/index.php\/wp-json\/wp\/v2\/types\/post"}],"author":[{"embeddable":true,"href":"https:\/\/continuamosmx.com\/index.php\/wp-json\/wp\/v2\/users\/6"}],"replies":[{"embeddable":true,"href":"https:\/\/continuamosmx.com\/index.php\/wp-json\/wp\/v2\/comments?post=50875"}],"version-history":[{"count":1,"href":"https:\/\/continuamosmx.com\/index.php\/wp-json\/wp\/v2\/posts\/50875\/revisions"}],"predecessor-version":[{"id":50880,"href":"https:\/\/continuamosmx.com\/index.php\/wp-json\/wp\/v2\/posts\/50875\/revisions\/50880"}],"wp:featuredmedia":[{"embeddable":true,"href":"https:\/\/continuamosmx.com\/index.php\/wp-json\/wp\/v2\/media\/50876"}],"wp:attachment":[{"href":"https:\/\/continuamosmx.com\/index.php\/wp-json\/wp\/v2\/media?parent=50875"}],"wp:term":[{"taxonomy":"category","embeddable":true,"href":"https:\/\/continuamosmx.com\/index.php\/wp-json\/wp\/v2\/categories?post=50875"},{"taxonomy":"post_tag","embeddable":true,"href":"https:\/\/continuamosmx.com\/index.php\/wp-json\/wp\/v2\/tags?post=50875"}],"curies":[{"name":"wp","href":"https:\/\/api.w.org\/{rel}","templated":true}]}}