{"id":50314,"date":"2025-06-26T05:09:49","date_gmt":"2025-06-26T05:09:49","guid":{"rendered":"https:\/\/continuamosmx.com\/?p=50314"},"modified":"2025-06-27T05:18:41","modified_gmt":"2025-06-27T05:18:41","slug":"aseguran-dos-cocodrilos-en-cuautitlan-izcalli-entregados-a-profepa-para-su-resguardo","status":"publish","type":"post","link":"https:\/\/continuamosmx.com\/index.php\/2025\/06\/26\/aseguran-dos-cocodrilos-en-cuautitlan-izcalli-entregados-a-profepa-para-su-resguardo\/","title":{"rendered":"ASEGURAN DOS COCODRILOS EN CUAUTITL\u00c1N IZCALLI; ENTREGADOS A PROFEPA PARA SU RESGUARDO"},"content":{"rendered":"\n<p>Redacci\u00f3n<\/p>\n\n\n\n<p><strong>Cuautitl\u00e1n Izcalli, Estado de M\u00e9xico.<\/strong>&#8211; La Coordinaci\u00f3n General de Protecci\u00f3n Civil y Bomberos de Cuautitl\u00e1n Izcalli llev\u00f3 a cabo el aseguramiento de dos cocodrilos que fueron localizados deambulando en calles del municipio. Los reptiles, tras ser resguardados temporalmente, fueron entregados en \u00f3ptimas condiciones a la Procuradur\u00eda Federal de Protecci\u00f3n al Ambiente (Profepa) para su atenci\u00f3n y cuidado.<\/p>\n\n\n\n<p>El alcalde Daniel Serrano Palacios inform\u00f3 sobre las capturas, que ocurrieron en incidentes separados, y confirm\u00f3 que no hubo ninguna afectaci\u00f3n a la poblaci\u00f3n derivada de estos hechos inusuales.<\/p>\n\n\n\n<p>El primer ejemplar, un reptil de aproximadamente 60 cent\u00edmetros, fue encontrado en la Unidad Habitacional Ferrocarrilera. Posteriormente, un segundo cocodrilo de unos 120 cent\u00edmetros fue asegurado en la zona de Ampliaci\u00f3n Santa Rosa. Ambas acciones tuvieron como objetivo principal resguardar a los animales y evitar cualquier posible incidente con los ciudadanos.<\/p>\n\n\n\n<p>Ambos cocodrilos pertenecen a la especie <strong>Crocodylus moreletii<\/strong>, tambi\u00e9n conocida como cocodrilo de pantano, una especie considerada en riesgo y sujeta a protecci\u00f3n especial seg\u00fan la Norma Oficial Mexicana NOM-059-SEMARNAT-2010. Es importante destacar que esta especie no se distribuye de manera natural en la regi\u00f3n de Cuautitl\u00e1n Izcalli.<\/p>\n\n\n\n<p>La Coordinaci\u00f3n Municipal de Protecci\u00f3n Civil, en conjunto con la Direcci\u00f3n de Sustentabilidad y Medio Ambiente, mantuvo a los dos ejemplares en la Unidad de Control y Bienestar Animal (UCBA) del municipio hasta la llegada del personal de la Profepa, quienes se hicieron cargo de los reptiles para brindarles la atenci\u00f3n especializada que requieren.<\/p>\n","protected":false},"excerpt":{"rendered":"<p>Redacci\u00f3n Cuautitl\u00e1n Izcalli, Estado de M\u00e9xico.&#8211; La Coordinaci\u00f3n General de Protecci\u00f3n Civil y Bomberos de Cuautitl\u00e1n Izcalli llev\u00f3 a cabo el aseguramiento de dos cocodrilos que fueron localizados deambulando en calles del municipio. Los reptiles, tras ser resguardados temporalmente, fueron entregados en \u00f3ptimas condiciones a la Procuradur\u00eda Federal de Protecci\u00f3n al Ambiente (Profepa) para su [&hellip;]<\/p>\n","protected":false},"author":6,"featured_media":50315,"comment_status":"open","ping_status":"open","sticky":false,"template":"","format":"standard","meta":{"footnotes":""},"categories":[22,4],"tags":[],"class_list":["post-50314","post","type-post","status-publish","format-standard","has-post-thumbnail","hentry","category-c-izcalli","category-locales"],"yoast_head":"<!-- This site is optimized with the Yoast SEO plugin v27.5 - https:\/\/yoast.com\/product\/yoast-seo-wordpress\/ -->\n<title>ASEGURAN DOS COCODRILOS EN CUAUTITL\u00c1N IZCALLI; ENTREGADOS A PROFEPA PARA SU RESGUARDO -<\/title>\n<meta name=\"robots\" content=\"index, follow, max-snippet:-1, max-image-preview:large, max-video-preview:-1\" \/>\n<link rel=\"canonical\" href=\"https:\/\/continuamosmx.com\/index.php\/2025\/06\/26\/aseguran-dos-cocodrilos-en-cuautitlan-izcalli-entregados-a-profepa-para-su-resguardo\/\" \/>\n<meta property=\"og:locale\" content=\"es_ES\" \/>\n<meta property=\"og:type\" content=\"article\" \/>\n<meta property=\"og:title\" content=\"ASEGURAN DOS COCODRILOS EN CUAUTITL\u00c1N IZCALLI; ENTREGADOS A PROFEPA PARA SU RESGUARDO -\" \/>\n<meta property=\"og:description\" content=\"Redacci\u00f3n Cuautitl\u00e1n Izcalli, Estado de M\u00e9xico.&#8211; La Coordinaci\u00f3n General de Protecci\u00f3n Civil y Bomberos de Cuautitl\u00e1n Izcalli llev\u00f3 a cabo el aseguramiento de dos cocodrilos que fueron localizados deambulando en calles del municipio. Los reptiles, tras ser resguardados temporalmente, fueron entregados en \u00f3ptimas condiciones a la Procuradur\u00eda Federal de Protecci\u00f3n al Ambiente (Profepa) para su [&hellip;]\" \/>\n<meta property=\"og:url\" content=\"https:\/\/continuamosmx.com\/index.php\/2025\/06\/26\/aseguran-dos-cocodrilos-en-cuautitlan-izcalli-entregados-a-profepa-para-su-resguardo\/\" \/>\n<meta property=\"article:published_time\" content=\"2025-06-26T05:09:49+00:00\" \/>\n<meta property=\"article:modified_time\" content=\"2025-06-27T05:18:41+00:00\" \/>\n<meta property=\"og:image\" content=\"https:\/\/continuamosmx.com\/wp-content\/uploads\/2025\/06\/cocos2.jpg\" \/>\n\t<meta property=\"og:image:width\" content=\"600\" \/>\n\t<meta property=\"og:image:height\" content=\"450\" \/>\n\t<meta property=\"og:image:type\" content=\"image\/jpeg\" \/>\n<meta name=\"author\" content=\"Continuamos MX\" \/>\n<meta name=\"twitter:card\" content=\"summary_large_image\" \/>\n<meta name=\"twitter:label1\" content=\"Escrito por\" \/>\n\t<meta name=\"twitter:data1\" content=\"Continuamos MX\" \/>\n\t<meta name=\"twitter:label2\" content=\"Tiempo de lectura\" \/>\n\t<meta name=\"twitter:data2\" content=\"1 minuto\" \/>\n<script type=\"application\/ld+json\" class=\"yoast-schema-graph\">{\"@context\":\"https:\\\/\\\/schema.org\",\"@graph\":[{\"@type\":\"Article\",\"@id\":\"https:\\\/\\\/continuamosmx.com\\\/index.php\\\/2025\\\/06\\\/26\\\/aseguran-dos-cocodrilos-en-cuautitlan-izcalli-entregados-a-profepa-para-su-resguardo\\\/#article\",\"isPartOf\":{\"@id\":\"https:\\\/\\\/continuamosmx.com\\\/index.php\\\/2025\\\/06\\\/26\\\/aseguran-dos-cocodrilos-en-cuautitlan-izcalli-entregados-a-profepa-para-su-resguardo\\\/\"},\"author\":{\"name\":\"Continuamos MX\",\"@id\":\"https:\\\/\\\/continuamosmx.com\\\/#\\\/schema\\\/person\\\/5eb5356acb1fad784da407d14f0e8d89\"},\"headline\":\"ASEGURAN DOS COCODRILOS EN CUAUTITL\u00c1N IZCALLI; ENTREGADOS A PROFEPA PARA SU RESGUARDO\",\"datePublished\":\"2025-06-26T05:09:49+00:00\",\"dateModified\":\"2025-06-27T05:18:41+00:00\",\"mainEntityOfPage\":{\"@id\":\"https:\\\/\\\/continuamosmx.com\\\/index.php\\\/2025\\\/06\\\/26\\\/aseguran-dos-cocodrilos-en-cuautitlan-izcalli-entregados-a-profepa-para-su-resguardo\\\/\"},\"wordCount\":276,\"commentCount\":0,\"publisher\":{\"@id\":\"https:\\\/\\\/continuamosmx.com\\\/#organization\"},\"image\":{\"@id\":\"https:\\\/\\\/continuamosmx.com\\\/index.php\\\/2025\\\/06\\\/26\\\/aseguran-dos-cocodrilos-en-cuautitlan-izcalli-entregados-a-profepa-para-su-resguardo\\\/#primaryimage\"},\"thumbnailUrl\":\"https:\\\/\\\/continuamosmx.com\\\/wp-content\\\/uploads\\\/2025\\\/06\\\/cocos2.jpg\",\"articleSection\":[\"C. IZCALLI\",\"LOCALES\"],\"inLanguage\":\"es\"},{\"@type\":\"WebPage\",\"@id\":\"https:\\\/\\\/continuamosmx.com\\\/index.php\\\/2025\\\/06\\\/26\\\/aseguran-dos-cocodrilos-en-cuautitlan-izcalli-entregados-a-profepa-para-su-resguardo\\\/\",\"url\":\"https:\\\/\\\/continuamosmx.com\\\/index.php\\\/2025\\\/06\\\/26\\\/aseguran-dos-cocodrilos-en-cuautitlan-izcalli-entregados-a-profepa-para-su-resguardo\\\/\",\"name\":\"ASEGURAN DOS COCODRILOS EN CUAUTITL\u00c1N IZCALLI; ENTREGADOS A PROFEPA PARA SU RESGUARDO -\",\"isPartOf\":{\"@id\":\"https:\\\/\\\/continuamosmx.com\\\/#website\"},\"primaryImageOfPage\":{\"@id\":\"https:\\\/\\\/continuamosmx.com\\\/index.php\\\/2025\\\/06\\\/26\\\/aseguran-dos-cocodrilos-en-cuautitlan-izcalli-entregados-a-profepa-para-su-resguardo\\\/#primaryimage\"},\"image\":{\"@id\":\"https:\\\/\\\/continuamosmx.com\\\/index.php\\\/2025\\\/06\\\/26\\\/aseguran-dos-cocodrilos-en-cuautitlan-izcalli-entregados-a-profepa-para-su-resguardo\\\/#primaryimage\"},\"thumbnailUrl\":\"https:\\\/\\\/continuamosmx.com\\\/wp-content\\\/uploads\\\/2025\\\/06\\\/cocos2.jpg\",\"datePublished\":\"2025-06-26T05:09:49+00:00\",\"dateModified\":\"2025-06-27T05:18:41+00:00\",\"breadcrumb\":{\"@id\":\"https:\\\/\\\/continuamosmx.com\\\/index.php\\\/2025\\\/06\\\/26\\\/aseguran-dos-cocodrilos-en-cuautitlan-izcalli-entregados-a-profepa-para-su-resguardo\\\/#breadcrumb\"},\"inLanguage\":\"es\",\"potentialAction\":[{\"@type\":\"ReadAction\",\"target\":[\"https:\\\/\\\/continuamosmx.com\\\/index.php\\\/2025\\\/06\\\/26\\\/aseguran-dos-cocodrilos-en-cuautitlan-izcalli-entregados-a-profepa-para-su-resguardo\\\/\"]}]},{\"@type\":\"ImageObject\",\"inLanguage\":\"es\",\"@id\":\"https:\\\/\\\/continuamosmx.com\\\/index.php\\\/2025\\\/06\\\/26\\\/aseguran-dos-cocodrilos-en-cuautitlan-izcalli-entregados-a-profepa-para-su-resguardo\\\/#primaryimage\",\"url\":\"https:\\\/\\\/continuamosmx.com\\\/wp-content\\\/uploads\\\/2025\\\/06\\\/cocos2.jpg\",\"contentUrl\":\"https:\\\/\\\/continuamosmx.com\\\/wp-content\\\/uploads\\\/2025\\\/06\\\/cocos2.jpg\",\"width\":600,\"height\":450},{\"@type\":\"BreadcrumbList\",\"@id\":\"https:\\\/\\\/continuamosmx.com\\\/index.php\\\/2025\\\/06\\\/26\\\/aseguran-dos-cocodrilos-en-cuautitlan-izcalli-entregados-a-profepa-para-su-resguardo\\\/#breadcrumb\",\"itemListElement\":[{\"@type\":\"ListItem\",\"position\":1,\"name\":\"Inicio\",\"item\":\"https:\\\/\\\/continuamosmx.com\\\/\"},{\"@type\":\"ListItem\",\"position\":2,\"name\":\"ASEGURAN DOS COCODRILOS EN CUAUTITL\u00c1N IZCALLI; ENTREGADOS A PROFEPA PARA SU RESGUARDO\"}]},{\"@type\":\"WebSite\",\"@id\":\"https:\\\/\\\/continuamosmx.com\\\/#website\",\"url\":\"https:\\\/\\\/continuamosmx.com\\\/\",\"name\":\"www.continuamosmx.com\",\"description\":\"\",\"publisher\":{\"@id\":\"https:\\\/\\\/continuamosmx.com\\\/#organization\"},\"potentialAction\":[{\"@type\":\"SearchAction\",\"target\":{\"@type\":\"EntryPoint\",\"urlTemplate\":\"https:\\\/\\\/continuamosmx.com\\\/?s={search_term_string}\"},\"query-input\":{\"@type\":\"PropertyValueSpecification\",\"valueRequired\":true,\"valueName\":\"search_term_string\"}}],\"inLanguage\":\"es\"},{\"@type\":\"Organization\",\"@id\":\"https:\\\/\\\/continuamosmx.com\\\/#organization\",\"name\":\"ContinuamosMX\",\"url\":\"https:\\\/\\\/continuamosmx.com\\\/\",\"logo\":{\"@type\":\"ImageObject\",\"inLanguage\":\"es\",\"@id\":\"https:\\\/\\\/continuamosmx.com\\\/#\\\/schema\\\/logo\\\/image\\\/\",\"url\":\"https:\\\/\\\/continuamosmx.com\\\/wp-content\\\/uploads\\\/2023\\\/04\\\/cropped-LOGO-CONTI-NUEVO.png\",\"contentUrl\":\"https:\\\/\\\/continuamosmx.com\\\/wp-content\\\/uploads\\\/2023\\\/04\\\/cropped-LOGO-CONTI-NUEVO.png\",\"width\":1257,\"height\":430,\"caption\":\"ContinuamosMX\"},\"image\":{\"@id\":\"https:\\\/\\\/continuamosmx.com\\\/#\\\/schema\\\/logo\\\/image\\\/\"}},{\"@type\":\"Person\",\"@id\":\"https:\\\/\\\/continuamosmx.com\\\/#\\\/schema\\\/person\\\/5eb5356acb1fad784da407d14f0e8d89\",\"name\":\"Continuamos MX\",\"image\":{\"@type\":\"ImageObject\",\"inLanguage\":\"es\",\"@id\":\"https:\\\/\\\/secure.gravatar.com\\\/avatar\\\/30d4f9723476a15f4da34d35fb3501f08d2357016c76051c6a85c354c7489589?s=96&d=mm&r=g\",\"url\":\"https:\\\/\\\/secure.gravatar.com\\\/avatar\\\/30d4f9723476a15f4da34d35fb3501f08d2357016c76051c6a85c354c7489589?s=96&d=mm&r=g\",\"contentUrl\":\"https:\\\/\\\/secure.gravatar.com\\\/avatar\\\/30d4f9723476a15f4da34d35fb3501f08d2357016c76051c6a85c354c7489589?s=96&d=mm&r=g\",\"caption\":\"Continuamos MX\"},\"sameAs\":[\"http:\\\/\\\/www.continuamos.mx\"],\"url\":\"https:\\\/\\\/continuamosmx.com\\\/index.php\\\/author\\\/continuamos\\\/\"}]}<\/script>\n<!-- \/ Yoast SEO plugin. -->","yoast_head_json":{"title":"ASEGURAN DOS COCODRILOS EN CUAUTITL\u00c1N IZCALLI; ENTREGADOS A PROFEPA PARA SU RESGUARDO -","robots":{"index":"index","follow":"follow","max-snippet":"max-snippet:-1","max-image-preview":"max-image-preview:large","max-video-preview":"max-video-preview:-1"},"canonical":"https:\/\/continuamosmx.com\/index.php\/2025\/06\/26\/aseguran-dos-cocodrilos-en-cuautitlan-izcalli-entregados-a-profepa-para-su-resguardo\/","og_locale":"es_ES","og_type":"article","og_title":"ASEGURAN DOS COCODRILOS EN CUAUTITL\u00c1N IZCALLI; ENTREGADOS A PROFEPA PARA SU RESGUARDO -","og_description":"Redacci\u00f3n Cuautitl\u00e1n Izcalli, Estado de M\u00e9xico.&#8211; La Coordinaci\u00f3n General de Protecci\u00f3n Civil y Bomberos de Cuautitl\u00e1n Izcalli llev\u00f3 a cabo el aseguramiento de dos cocodrilos que fueron localizados deambulando en calles del municipio. Los reptiles, tras ser resguardados temporalmente, fueron entregados en \u00f3ptimas condiciones a la Procuradur\u00eda Federal de Protecci\u00f3n al Ambiente (Profepa) para su [&hellip;]","og_url":"https:\/\/continuamosmx.com\/index.php\/2025\/06\/26\/aseguran-dos-cocodrilos-en-cuautitlan-izcalli-entregados-a-profepa-para-su-resguardo\/","article_published_time":"2025-06-26T05:09:49+00:00","article_modified_time":"2025-06-27T05:18:41+00:00","og_image":[{"width":600,"height":450,"url":"https:\/\/continuamosmx.com\/wp-content\/uploads\/2025\/06\/cocos2.jpg","type":"image\/jpeg"}],"author":"Continuamos MX","twitter_card":"summary_large_image","twitter_misc":{"Escrito por":"Continuamos MX","Tiempo de lectura":"1 minuto"},"schema":{"@context":"https:\/\/schema.org","@graph":[{"@type":"Article","@id":"https:\/\/continuamosmx.com\/index.php\/2025\/06\/26\/aseguran-dos-cocodrilos-en-cuautitlan-izcalli-entregados-a-profepa-para-su-resguardo\/#article","isPartOf":{"@id":"https:\/\/continuamosmx.com\/index.php\/2025\/06\/26\/aseguran-dos-cocodrilos-en-cuautitlan-izcalli-entregados-a-profepa-para-su-resguardo\/"},"author":{"name":"Continuamos MX","@id":"https:\/\/continuamosmx.com\/#\/schema\/person\/5eb5356acb1fad784da407d14f0e8d89"},"headline":"ASEGURAN DOS COCODRILOS EN CUAUTITL\u00c1N IZCALLI; ENTREGADOS A PROFEPA PARA SU RESGUARDO","datePublished":"2025-06-26T05:09:49+00:00","dateModified":"2025-06-27T05:18:41+00:00","mainEntityOfPage":{"@id":"https:\/\/continuamosmx.com\/index.php\/2025\/06\/26\/aseguran-dos-cocodrilos-en-cuautitlan-izcalli-entregados-a-profepa-para-su-resguardo\/"},"wordCount":276,"commentCount":0,"publisher":{"@id":"https:\/\/continuamosmx.com\/#organization"},"image":{"@id":"https:\/\/continuamosmx.com\/index.php\/2025\/06\/26\/aseguran-dos-cocodrilos-en-cuautitlan-izcalli-entregados-a-profepa-para-su-resguardo\/#primaryimage"},"thumbnailUrl":"https:\/\/continuamosmx.com\/wp-content\/uploads\/2025\/06\/cocos2.jpg","articleSection":["C. IZCALLI","LOCALES"],"inLanguage":"es"},{"@type":"WebPage","@id":"https:\/\/continuamosmx.com\/index.php\/2025\/06\/26\/aseguran-dos-cocodrilos-en-cuautitlan-izcalli-entregados-a-profepa-para-su-resguardo\/","url":"https:\/\/continuamosmx.com\/index.php\/2025\/06\/26\/aseguran-dos-cocodrilos-en-cuautitlan-izcalli-entregados-a-profepa-para-su-resguardo\/","name":"ASEGURAN DOS COCODRILOS EN CUAUTITL\u00c1N IZCALLI; ENTREGADOS A PROFEPA PARA SU RESGUARDO -","isPartOf":{"@id":"https:\/\/continuamosmx.com\/#website"},"primaryImageOfPage":{"@id":"https:\/\/continuamosmx.com\/index.php\/2025\/06\/26\/aseguran-dos-cocodrilos-en-cuautitlan-izcalli-entregados-a-profepa-para-su-resguardo\/#primaryimage"},"image":{"@id":"https:\/\/continuamosmx.com\/index.php\/2025\/06\/26\/aseguran-dos-cocodrilos-en-cuautitlan-izcalli-entregados-a-profepa-para-su-resguardo\/#primaryimage"},"thumbnailUrl":"https:\/\/continuamosmx.com\/wp-content\/uploads\/2025\/06\/cocos2.jpg","datePublished":"2025-06-26T05:09:49+00:00","dateModified":"2025-06-27T05:18:41+00:00","breadcrumb":{"@id":"https:\/\/continuamosmx.com\/index.php\/2025\/06\/26\/aseguran-dos-cocodrilos-en-cuautitlan-izcalli-entregados-a-profepa-para-su-resguardo\/#breadcrumb"},"inLanguage":"es","potentialAction":[{"@type":"ReadAction","target":["https:\/\/continuamosmx.com\/index.php\/2025\/06\/26\/aseguran-dos-cocodrilos-en-cuautitlan-izcalli-entregados-a-profepa-para-su-resguardo\/"]}]},{"@type":"ImageObject","inLanguage":"es","@id":"https:\/\/continuamosmx.com\/index.php\/2025\/06\/26\/aseguran-dos-cocodrilos-en-cuautitlan-izcalli-entregados-a-profepa-para-su-resguardo\/#primaryimage","url":"https:\/\/continuamosmx.com\/wp-content\/uploads\/2025\/06\/cocos2.jpg","contentUrl":"https:\/\/continuamosmx.com\/wp-content\/uploads\/2025\/06\/cocos2.jpg","width":600,"height":450},{"@type":"BreadcrumbList","@id":"https:\/\/continuamosmx.com\/index.php\/2025\/06\/26\/aseguran-dos-cocodrilos-en-cuautitlan-izcalli-entregados-a-profepa-para-su-resguardo\/#breadcrumb","itemListElement":[{"@type":"ListItem","position":1,"name":"Inicio","item":"https:\/\/continuamosmx.com\/"},{"@type":"ListItem","position":2,"name":"ASEGURAN DOS COCODRILOS EN CUAUTITL\u00c1N IZCALLI; ENTREGADOS A PROFEPA PARA SU RESGUARDO"}]},{"@type":"WebSite","@id":"https:\/\/continuamosmx.com\/#website","url":"https:\/\/continuamosmx.com\/","name":"www.continuamosmx.com","description":"","publisher":{"@id":"https:\/\/continuamosmx.com\/#organization"},"potentialAction":[{"@type":"SearchAction","target":{"@type":"EntryPoint","urlTemplate":"https:\/\/continuamosmx.com\/?s={search_term_string}"},"query-input":{"@type":"PropertyValueSpecification","valueRequired":true,"valueName":"search_term_string"}}],"inLanguage":"es"},{"@type":"Organization","@id":"https:\/\/continuamosmx.com\/#organization","name":"ContinuamosMX","url":"https:\/\/continuamosmx.com\/","logo":{"@type":"ImageObject","inLanguage":"es","@id":"https:\/\/continuamosmx.com\/#\/schema\/logo\/image\/","url":"https:\/\/continuamosmx.com\/wp-content\/uploads\/2023\/04\/cropped-LOGO-CONTI-NUEVO.png","contentUrl":"https:\/\/continuamosmx.com\/wp-content\/uploads\/2023\/04\/cropped-LOGO-CONTI-NUEVO.png","width":1257,"height":430,"caption":"ContinuamosMX"},"image":{"@id":"https:\/\/continuamosmx.com\/#\/schema\/logo\/image\/"}},{"@type":"Person","@id":"https:\/\/continuamosmx.com\/#\/schema\/person\/5eb5356acb1fad784da407d14f0e8d89","name":"Continuamos MX","image":{"@type":"ImageObject","inLanguage":"es","@id":"https:\/\/secure.gravatar.com\/avatar\/30d4f9723476a15f4da34d35fb3501f08d2357016c76051c6a85c354c7489589?s=96&d=mm&r=g","url":"https:\/\/secure.gravatar.com\/avatar\/30d4f9723476a15f4da34d35fb3501f08d2357016c76051c6a85c354c7489589?s=96&d=mm&r=g","contentUrl":"https:\/\/secure.gravatar.com\/avatar\/30d4f9723476a15f4da34d35fb3501f08d2357016c76051c6a85c354c7489589?s=96&d=mm&r=g","caption":"Continuamos MX"},"sameAs":["http:\/\/www.continuamos.mx"],"url":"https:\/\/continuamosmx.com\/index.php\/author\/continuamos\/"}]}},"_links":{"self":[{"href":"https:\/\/continuamosmx.com\/index.php\/wp-json\/wp\/v2\/posts\/50314","targetHints":{"allow":["GET"]}}],"collection":[{"href":"https:\/\/continuamosmx.com\/index.php\/wp-json\/wp\/v2\/posts"}],"about":[{"href":"https:\/\/continuamosmx.com\/index.php\/wp-json\/wp\/v2\/types\/post"}],"author":[{"embeddable":true,"href":"https:\/\/continuamosmx.com\/index.php\/wp-json\/wp\/v2\/users\/6"}],"replies":[{"embeddable":true,"href":"https:\/\/continuamosmx.com\/index.php\/wp-json\/wp\/v2\/comments?post=50314"}],"version-history":[{"count":1,"href":"https:\/\/continuamosmx.com\/index.php\/wp-json\/wp\/v2\/posts\/50314\/revisions"}],"predecessor-version":[{"id":50316,"href":"https:\/\/continuamosmx.com\/index.php\/wp-json\/wp\/v2\/posts\/50314\/revisions\/50316"}],"wp:featuredmedia":[{"embeddable":true,"href":"https:\/\/continuamosmx.com\/index.php\/wp-json\/wp\/v2\/media\/50315"}],"wp:attachment":[{"href":"https:\/\/continuamosmx.com\/index.php\/wp-json\/wp\/v2\/media?parent=50314"}],"wp:term":[{"taxonomy":"category","embeddable":true,"href":"https:\/\/continuamosmx.com\/index.php\/wp-json\/wp\/v2\/categories?post=50314"},{"taxonomy":"post_tag","embeddable":true,"href":"https:\/\/continuamosmx.com\/index.php\/wp-json\/wp\/v2\/tags?post=50314"}],"curies":[{"name":"wp","href":"https:\/\/api.w.org\/{rel}","templated":true}]}}