{"id":50271,"date":"2025-06-25T06:34:52","date_gmt":"2025-06-25T06:34:52","guid":{"rendered":"https:\/\/continuamosmx.com\/?p=50271"},"modified":"2025-06-25T06:34:53","modified_gmt":"2025-06-25T06:34:53","slug":"gobierno-de-naucalpan-adquirira-nuevas-ambulancias-para-contar-con-una-mayor-cobertura","status":"publish","type":"post","link":"https:\/\/continuamosmx.com\/index.php\/2025\/06\/25\/gobierno-de-naucalpan-adquirira-nuevas-ambulancias-para-contar-con-una-mayor-cobertura\/","title":{"rendered":"GOBIERNO DE NAUCALPAN ADQUIRIR\u00c1 NUEVAS AMBULANCIAS PARA CONTAR CON UNA MAYOR COBERTURA"},"content":{"rendered":"\n<p>\u2022 Reconoce Alcalde Isaac Montoya a las y los elementos de Protecci\u00f3n Civil en el marco del D\u00eda Internacional de la Param\u00e9dica y el Param\u00e9dico.<\/p>\n\n\n\n<p>\u2022 Se mejorar\u00e1n las instalaciones de Protecci\u00f3n Civil y las condiciones laborales del personal.<\/p>\n\n\n\n<p>Naucalpan de Ju\u00e1rez, M\u00e9x.- Al reconocer la labor de las y los param\u00e9dicos, as\u00ed como de todos los elementos de Protecci\u00f3n Civil y Bomberos por estar siempre al servicio de las y los naucalpenses y atender las emergencias, el Presidente Municipal, Isaac Montoya M\u00e1rquez destac\u00f3 que, pronto se contar\u00e1 con la adquisici\u00f3n de nuevas ambulancias para contar con una mayor cobertura en Ciudad Naucalpan.<\/p>\n\n\n\n<p>En el marco del D\u00eda Internacional de la Param\u00e9dica y el Param\u00e9dico, el Alcalde agradeci\u00f3 la labor del personal de Protecci\u00f3n Civil y Bomberos, porque su labor muchas veces no se reconoce, sin embargo, en las emergencias es trascendente y vital para salvaguardar la vida de los dem\u00e1s en cualquier ciudad.<\/p>\n\n\n\n<p>En las instalaciones de la Coordinaci\u00f3n Municipal de Protecci\u00f3n Civil y Bomberos, Montoya M\u00e1rquez refiri\u00f3 que, se proyecta mejorar tanto las instalaciones, como las condiciones laborales de todas y de todos, porque sabe que en aquellas \u00e1reas m\u00e1s sensibles, es donde se debe estar atento y apoyar de mejor forma.<\/p>\n\n\n\n<p>El Alcalde de Naucalpan, Isaac Montoya, festej\u00f3 esta conmemoraci\u00f3n con elementos de la Coordinaci\u00f3n Municipal de Protecci\u00f3n Civil y Bomberos, a quienes comparti\u00f3 que, tambi\u00e9n est\u00e1 proyectado crear el nuevo Centro Integral de Seguridad de Emergencias y Justicia.<\/p>\n\n\n\n<p>Este Centro, agreg\u00f3, contar\u00e1 con un nuevo C4, juez c\u00edvico, param\u00e9dicos y bomberos, as\u00ed como elementos de seguridad para atender de manera m\u00e1s pronta y efectiva las emergencias de la poblaci\u00f3n.<\/p>\n\n\n\n<p>Puntualiz\u00f3 que, sabe de la m\u00edstica de servicio y dedicaci\u00f3n que se tiene en la Coordinaci\u00f3n Municipal de Protecci\u00f3n Civil y Bomberos. Por ello, como parte del festejo, se rifaron 6 pantallas para los elementos de salvaguarda naucalpenses.<\/p>\n","protected":false},"excerpt":{"rendered":"<p>\u2022 Reconoce Alcalde Isaac Montoya a las y los elementos de Protecci\u00f3n Civil en el marco del D\u00eda Internacional de la Param\u00e9dica y el Param\u00e9dico. \u2022 Se mejorar\u00e1n las instalaciones de Protecci\u00f3n Civil y las condiciones laborales del personal. Naucalpan de Ju\u00e1rez, M\u00e9x.- Al reconocer la labor de las y los param\u00e9dicos, as\u00ed como de [&hellip;]<\/p>\n","protected":false},"author":6,"featured_media":50272,"comment_status":"open","ping_status":"open","sticky":false,"template":"","format":"standard","meta":{"footnotes":""},"categories":[4,64],"tags":[],"class_list":["post-50271","post","type-post","status-publish","format-standard","has-post-thumbnail","hentry","category-locales","category-naucalpan"],"yoast_head":"<!-- This site is optimized with the Yoast SEO plugin v27.5 - https:\/\/yoast.com\/product\/yoast-seo-wordpress\/ -->\n<title>GOBIERNO DE NAUCALPAN ADQUIRIR\u00c1 NUEVAS AMBULANCIAS PARA CONTAR CON UNA MAYOR COBERTURA -<\/title>\n<meta name=\"robots\" content=\"index, follow, max-snippet:-1, max-image-preview:large, max-video-preview:-1\" \/>\n<link rel=\"canonical\" href=\"https:\/\/continuamosmx.com\/index.php\/2025\/06\/25\/gobierno-de-naucalpan-adquirira-nuevas-ambulancias-para-contar-con-una-mayor-cobertura\/\" \/>\n<meta property=\"og:locale\" content=\"es_ES\" \/>\n<meta property=\"og:type\" content=\"article\" \/>\n<meta property=\"og:title\" content=\"GOBIERNO DE NAUCALPAN ADQUIRIR\u00c1 NUEVAS AMBULANCIAS PARA CONTAR CON UNA MAYOR COBERTURA -\" \/>\n<meta property=\"og:description\" content=\"\u2022 Reconoce Alcalde Isaac Montoya a las y los elementos de Protecci\u00f3n Civil en el marco del D\u00eda Internacional de la Param\u00e9dica y el Param\u00e9dico. \u2022 Se mejorar\u00e1n las instalaciones de Protecci\u00f3n Civil y las condiciones laborales del personal. Naucalpan de Ju\u00e1rez, M\u00e9x.- Al reconocer la labor de las y los param\u00e9dicos, as\u00ed como de [&hellip;]\" \/>\n<meta property=\"og:url\" content=\"https:\/\/continuamosmx.com\/index.php\/2025\/06\/25\/gobierno-de-naucalpan-adquirira-nuevas-ambulancias-para-contar-con-una-mayor-cobertura\/\" \/>\n<meta property=\"article:published_time\" content=\"2025-06-25T06:34:52+00:00\" \/>\n<meta property=\"article:modified_time\" content=\"2025-06-25T06:34:53+00:00\" \/>\n<meta property=\"og:image\" content=\"https:\/\/continuamosmx.com\/wp-content\/uploads\/2025\/06\/naucalpan-issac.png\" \/>\n\t<meta property=\"og:image:width\" content=\"899\" \/>\n\t<meta property=\"og:image:height\" content=\"525\" \/>\n\t<meta property=\"og:image:type\" content=\"image\/png\" \/>\n<meta name=\"author\" content=\"Continuamos MX\" \/>\n<meta name=\"twitter:card\" content=\"summary_large_image\" \/>\n<meta name=\"twitter:label1\" content=\"Escrito por\" \/>\n\t<meta name=\"twitter:data1\" content=\"Continuamos MX\" \/>\n\t<meta name=\"twitter:label2\" content=\"Tiempo de lectura\" \/>\n\t<meta name=\"twitter:data2\" content=\"2 minutos\" \/>\n<script type=\"application\/ld+json\" class=\"yoast-schema-graph\">{\"@context\":\"https:\\\/\\\/schema.org\",\"@graph\":[{\"@type\":\"Article\",\"@id\":\"https:\\\/\\\/continuamosmx.com\\\/index.php\\\/2025\\\/06\\\/25\\\/gobierno-de-naucalpan-adquirira-nuevas-ambulancias-para-contar-con-una-mayor-cobertura\\\/#article\",\"isPartOf\":{\"@id\":\"https:\\\/\\\/continuamosmx.com\\\/index.php\\\/2025\\\/06\\\/25\\\/gobierno-de-naucalpan-adquirira-nuevas-ambulancias-para-contar-con-una-mayor-cobertura\\\/\"},\"author\":{\"name\":\"Continuamos MX\",\"@id\":\"https:\\\/\\\/continuamosmx.com\\\/#\\\/schema\\\/person\\\/5eb5356acb1fad784da407d14f0e8d89\"},\"headline\":\"GOBIERNO DE NAUCALPAN ADQUIRIR\u00c1 NUEVAS AMBULANCIAS PARA CONTAR CON UNA MAYOR COBERTURA\",\"datePublished\":\"2025-06-25T06:34:52+00:00\",\"dateModified\":\"2025-06-25T06:34:53+00:00\",\"mainEntityOfPage\":{\"@id\":\"https:\\\/\\\/continuamosmx.com\\\/index.php\\\/2025\\\/06\\\/25\\\/gobierno-de-naucalpan-adquirira-nuevas-ambulancias-para-contar-con-una-mayor-cobertura\\\/\"},\"wordCount\":354,\"commentCount\":0,\"publisher\":{\"@id\":\"https:\\\/\\\/continuamosmx.com\\\/#organization\"},\"image\":{\"@id\":\"https:\\\/\\\/continuamosmx.com\\\/index.php\\\/2025\\\/06\\\/25\\\/gobierno-de-naucalpan-adquirira-nuevas-ambulancias-para-contar-con-una-mayor-cobertura\\\/#primaryimage\"},\"thumbnailUrl\":\"https:\\\/\\\/continuamosmx.com\\\/wp-content\\\/uploads\\\/2025\\\/06\\\/naucalpan-issac.png\",\"articleSection\":[\"LOCALES\",\"NAUCALPAN\"],\"inLanguage\":\"es\"},{\"@type\":\"WebPage\",\"@id\":\"https:\\\/\\\/continuamosmx.com\\\/index.php\\\/2025\\\/06\\\/25\\\/gobierno-de-naucalpan-adquirira-nuevas-ambulancias-para-contar-con-una-mayor-cobertura\\\/\",\"url\":\"https:\\\/\\\/continuamosmx.com\\\/index.php\\\/2025\\\/06\\\/25\\\/gobierno-de-naucalpan-adquirira-nuevas-ambulancias-para-contar-con-una-mayor-cobertura\\\/\",\"name\":\"GOBIERNO DE NAUCALPAN ADQUIRIR\u00c1 NUEVAS AMBULANCIAS PARA CONTAR CON UNA MAYOR COBERTURA -\",\"isPartOf\":{\"@id\":\"https:\\\/\\\/continuamosmx.com\\\/#website\"},\"primaryImageOfPage\":{\"@id\":\"https:\\\/\\\/continuamosmx.com\\\/index.php\\\/2025\\\/06\\\/25\\\/gobierno-de-naucalpan-adquirira-nuevas-ambulancias-para-contar-con-una-mayor-cobertura\\\/#primaryimage\"},\"image\":{\"@id\":\"https:\\\/\\\/continuamosmx.com\\\/index.php\\\/2025\\\/06\\\/25\\\/gobierno-de-naucalpan-adquirira-nuevas-ambulancias-para-contar-con-una-mayor-cobertura\\\/#primaryimage\"},\"thumbnailUrl\":\"https:\\\/\\\/continuamosmx.com\\\/wp-content\\\/uploads\\\/2025\\\/06\\\/naucalpan-issac.png\",\"datePublished\":\"2025-06-25T06:34:52+00:00\",\"dateModified\":\"2025-06-25T06:34:53+00:00\",\"breadcrumb\":{\"@id\":\"https:\\\/\\\/continuamosmx.com\\\/index.php\\\/2025\\\/06\\\/25\\\/gobierno-de-naucalpan-adquirira-nuevas-ambulancias-para-contar-con-una-mayor-cobertura\\\/#breadcrumb\"},\"inLanguage\":\"es\",\"potentialAction\":[{\"@type\":\"ReadAction\",\"target\":[\"https:\\\/\\\/continuamosmx.com\\\/index.php\\\/2025\\\/06\\\/25\\\/gobierno-de-naucalpan-adquirira-nuevas-ambulancias-para-contar-con-una-mayor-cobertura\\\/\"]}]},{\"@type\":\"ImageObject\",\"inLanguage\":\"es\",\"@id\":\"https:\\\/\\\/continuamosmx.com\\\/index.php\\\/2025\\\/06\\\/25\\\/gobierno-de-naucalpan-adquirira-nuevas-ambulancias-para-contar-con-una-mayor-cobertura\\\/#primaryimage\",\"url\":\"https:\\\/\\\/continuamosmx.com\\\/wp-content\\\/uploads\\\/2025\\\/06\\\/naucalpan-issac.png\",\"contentUrl\":\"https:\\\/\\\/continuamosmx.com\\\/wp-content\\\/uploads\\\/2025\\\/06\\\/naucalpan-issac.png\",\"width\":899,\"height\":525},{\"@type\":\"BreadcrumbList\",\"@id\":\"https:\\\/\\\/continuamosmx.com\\\/index.php\\\/2025\\\/06\\\/25\\\/gobierno-de-naucalpan-adquirira-nuevas-ambulancias-para-contar-con-una-mayor-cobertura\\\/#breadcrumb\",\"itemListElement\":[{\"@type\":\"ListItem\",\"position\":1,\"name\":\"Inicio\",\"item\":\"https:\\\/\\\/continuamosmx.com\\\/\"},{\"@type\":\"ListItem\",\"position\":2,\"name\":\"GOBIERNO DE NAUCALPAN ADQUIRIR\u00c1 NUEVAS AMBULANCIAS PARA CONTAR CON UNA MAYOR COBERTURA\"}]},{\"@type\":\"WebSite\",\"@id\":\"https:\\\/\\\/continuamosmx.com\\\/#website\",\"url\":\"https:\\\/\\\/continuamosmx.com\\\/\",\"name\":\"www.continuamosmx.com\",\"description\":\"\",\"publisher\":{\"@id\":\"https:\\\/\\\/continuamosmx.com\\\/#organization\"},\"potentialAction\":[{\"@type\":\"SearchAction\",\"target\":{\"@type\":\"EntryPoint\",\"urlTemplate\":\"https:\\\/\\\/continuamosmx.com\\\/?s={search_term_string}\"},\"query-input\":{\"@type\":\"PropertyValueSpecification\",\"valueRequired\":true,\"valueName\":\"search_term_string\"}}],\"inLanguage\":\"es\"},{\"@type\":\"Organization\",\"@id\":\"https:\\\/\\\/continuamosmx.com\\\/#organization\",\"name\":\"ContinuamosMX\",\"url\":\"https:\\\/\\\/continuamosmx.com\\\/\",\"logo\":{\"@type\":\"ImageObject\",\"inLanguage\":\"es\",\"@id\":\"https:\\\/\\\/continuamosmx.com\\\/#\\\/schema\\\/logo\\\/image\\\/\",\"url\":\"https:\\\/\\\/continuamosmx.com\\\/wp-content\\\/uploads\\\/2023\\\/04\\\/cropped-LOGO-CONTI-NUEVO.png\",\"contentUrl\":\"https:\\\/\\\/continuamosmx.com\\\/wp-content\\\/uploads\\\/2023\\\/04\\\/cropped-LOGO-CONTI-NUEVO.png\",\"width\":1257,\"height\":430,\"caption\":\"ContinuamosMX\"},\"image\":{\"@id\":\"https:\\\/\\\/continuamosmx.com\\\/#\\\/schema\\\/logo\\\/image\\\/\"}},{\"@type\":\"Person\",\"@id\":\"https:\\\/\\\/continuamosmx.com\\\/#\\\/schema\\\/person\\\/5eb5356acb1fad784da407d14f0e8d89\",\"name\":\"Continuamos MX\",\"image\":{\"@type\":\"ImageObject\",\"inLanguage\":\"es\",\"@id\":\"https:\\\/\\\/secure.gravatar.com\\\/avatar\\\/30d4f9723476a15f4da34d35fb3501f08d2357016c76051c6a85c354c7489589?s=96&d=mm&r=g\",\"url\":\"https:\\\/\\\/secure.gravatar.com\\\/avatar\\\/30d4f9723476a15f4da34d35fb3501f08d2357016c76051c6a85c354c7489589?s=96&d=mm&r=g\",\"contentUrl\":\"https:\\\/\\\/secure.gravatar.com\\\/avatar\\\/30d4f9723476a15f4da34d35fb3501f08d2357016c76051c6a85c354c7489589?s=96&d=mm&r=g\",\"caption\":\"Continuamos MX\"},\"sameAs\":[\"http:\\\/\\\/www.continuamos.mx\"],\"url\":\"https:\\\/\\\/continuamosmx.com\\\/index.php\\\/author\\\/continuamos\\\/\"}]}<\/script>\n<!-- \/ Yoast SEO plugin. -->","yoast_head_json":{"title":"GOBIERNO DE NAUCALPAN ADQUIRIR\u00c1 NUEVAS AMBULANCIAS PARA CONTAR CON UNA MAYOR COBERTURA -","robots":{"index":"index","follow":"follow","max-snippet":"max-snippet:-1","max-image-preview":"max-image-preview:large","max-video-preview":"max-video-preview:-1"},"canonical":"https:\/\/continuamosmx.com\/index.php\/2025\/06\/25\/gobierno-de-naucalpan-adquirira-nuevas-ambulancias-para-contar-con-una-mayor-cobertura\/","og_locale":"es_ES","og_type":"article","og_title":"GOBIERNO DE NAUCALPAN ADQUIRIR\u00c1 NUEVAS AMBULANCIAS PARA CONTAR CON UNA MAYOR COBERTURA -","og_description":"\u2022 Reconoce Alcalde Isaac Montoya a las y los elementos de Protecci\u00f3n Civil en el marco del D\u00eda Internacional de la Param\u00e9dica y el Param\u00e9dico. \u2022 Se mejorar\u00e1n las instalaciones de Protecci\u00f3n Civil y las condiciones laborales del personal. Naucalpan de Ju\u00e1rez, M\u00e9x.- Al reconocer la labor de las y los param\u00e9dicos, as\u00ed como de [&hellip;]","og_url":"https:\/\/continuamosmx.com\/index.php\/2025\/06\/25\/gobierno-de-naucalpan-adquirira-nuevas-ambulancias-para-contar-con-una-mayor-cobertura\/","article_published_time":"2025-06-25T06:34:52+00:00","article_modified_time":"2025-06-25T06:34:53+00:00","og_image":[{"width":899,"height":525,"url":"https:\/\/continuamosmx.com\/wp-content\/uploads\/2025\/06\/naucalpan-issac.png","type":"image\/png"}],"author":"Continuamos MX","twitter_card":"summary_large_image","twitter_misc":{"Escrito por":"Continuamos MX","Tiempo de lectura":"2 minutos"},"schema":{"@context":"https:\/\/schema.org","@graph":[{"@type":"Article","@id":"https:\/\/continuamosmx.com\/index.php\/2025\/06\/25\/gobierno-de-naucalpan-adquirira-nuevas-ambulancias-para-contar-con-una-mayor-cobertura\/#article","isPartOf":{"@id":"https:\/\/continuamosmx.com\/index.php\/2025\/06\/25\/gobierno-de-naucalpan-adquirira-nuevas-ambulancias-para-contar-con-una-mayor-cobertura\/"},"author":{"name":"Continuamos MX","@id":"https:\/\/continuamosmx.com\/#\/schema\/person\/5eb5356acb1fad784da407d14f0e8d89"},"headline":"GOBIERNO DE NAUCALPAN ADQUIRIR\u00c1 NUEVAS AMBULANCIAS PARA CONTAR CON UNA MAYOR COBERTURA","datePublished":"2025-06-25T06:34:52+00:00","dateModified":"2025-06-25T06:34:53+00:00","mainEntityOfPage":{"@id":"https:\/\/continuamosmx.com\/index.php\/2025\/06\/25\/gobierno-de-naucalpan-adquirira-nuevas-ambulancias-para-contar-con-una-mayor-cobertura\/"},"wordCount":354,"commentCount":0,"publisher":{"@id":"https:\/\/continuamosmx.com\/#organization"},"image":{"@id":"https:\/\/continuamosmx.com\/index.php\/2025\/06\/25\/gobierno-de-naucalpan-adquirira-nuevas-ambulancias-para-contar-con-una-mayor-cobertura\/#primaryimage"},"thumbnailUrl":"https:\/\/continuamosmx.com\/wp-content\/uploads\/2025\/06\/naucalpan-issac.png","articleSection":["LOCALES","NAUCALPAN"],"inLanguage":"es"},{"@type":"WebPage","@id":"https:\/\/continuamosmx.com\/index.php\/2025\/06\/25\/gobierno-de-naucalpan-adquirira-nuevas-ambulancias-para-contar-con-una-mayor-cobertura\/","url":"https:\/\/continuamosmx.com\/index.php\/2025\/06\/25\/gobierno-de-naucalpan-adquirira-nuevas-ambulancias-para-contar-con-una-mayor-cobertura\/","name":"GOBIERNO DE NAUCALPAN ADQUIRIR\u00c1 NUEVAS AMBULANCIAS PARA CONTAR CON UNA MAYOR COBERTURA -","isPartOf":{"@id":"https:\/\/continuamosmx.com\/#website"},"primaryImageOfPage":{"@id":"https:\/\/continuamosmx.com\/index.php\/2025\/06\/25\/gobierno-de-naucalpan-adquirira-nuevas-ambulancias-para-contar-con-una-mayor-cobertura\/#primaryimage"},"image":{"@id":"https:\/\/continuamosmx.com\/index.php\/2025\/06\/25\/gobierno-de-naucalpan-adquirira-nuevas-ambulancias-para-contar-con-una-mayor-cobertura\/#primaryimage"},"thumbnailUrl":"https:\/\/continuamosmx.com\/wp-content\/uploads\/2025\/06\/naucalpan-issac.png","datePublished":"2025-06-25T06:34:52+00:00","dateModified":"2025-06-25T06:34:53+00:00","breadcrumb":{"@id":"https:\/\/continuamosmx.com\/index.php\/2025\/06\/25\/gobierno-de-naucalpan-adquirira-nuevas-ambulancias-para-contar-con-una-mayor-cobertura\/#breadcrumb"},"inLanguage":"es","potentialAction":[{"@type":"ReadAction","target":["https:\/\/continuamosmx.com\/index.php\/2025\/06\/25\/gobierno-de-naucalpan-adquirira-nuevas-ambulancias-para-contar-con-una-mayor-cobertura\/"]}]},{"@type":"ImageObject","inLanguage":"es","@id":"https:\/\/continuamosmx.com\/index.php\/2025\/06\/25\/gobierno-de-naucalpan-adquirira-nuevas-ambulancias-para-contar-con-una-mayor-cobertura\/#primaryimage","url":"https:\/\/continuamosmx.com\/wp-content\/uploads\/2025\/06\/naucalpan-issac.png","contentUrl":"https:\/\/continuamosmx.com\/wp-content\/uploads\/2025\/06\/naucalpan-issac.png","width":899,"height":525},{"@type":"BreadcrumbList","@id":"https:\/\/continuamosmx.com\/index.php\/2025\/06\/25\/gobierno-de-naucalpan-adquirira-nuevas-ambulancias-para-contar-con-una-mayor-cobertura\/#breadcrumb","itemListElement":[{"@type":"ListItem","position":1,"name":"Inicio","item":"https:\/\/continuamosmx.com\/"},{"@type":"ListItem","position":2,"name":"GOBIERNO DE NAUCALPAN ADQUIRIR\u00c1 NUEVAS AMBULANCIAS PARA CONTAR CON UNA MAYOR COBERTURA"}]},{"@type":"WebSite","@id":"https:\/\/continuamosmx.com\/#website","url":"https:\/\/continuamosmx.com\/","name":"www.continuamosmx.com","description":"","publisher":{"@id":"https:\/\/continuamosmx.com\/#organization"},"potentialAction":[{"@type":"SearchAction","target":{"@type":"EntryPoint","urlTemplate":"https:\/\/continuamosmx.com\/?s={search_term_string}"},"query-input":{"@type":"PropertyValueSpecification","valueRequired":true,"valueName":"search_term_string"}}],"inLanguage":"es"},{"@type":"Organization","@id":"https:\/\/continuamosmx.com\/#organization","name":"ContinuamosMX","url":"https:\/\/continuamosmx.com\/","logo":{"@type":"ImageObject","inLanguage":"es","@id":"https:\/\/continuamosmx.com\/#\/schema\/logo\/image\/","url":"https:\/\/continuamosmx.com\/wp-content\/uploads\/2023\/04\/cropped-LOGO-CONTI-NUEVO.png","contentUrl":"https:\/\/continuamosmx.com\/wp-content\/uploads\/2023\/04\/cropped-LOGO-CONTI-NUEVO.png","width":1257,"height":430,"caption":"ContinuamosMX"},"image":{"@id":"https:\/\/continuamosmx.com\/#\/schema\/logo\/image\/"}},{"@type":"Person","@id":"https:\/\/continuamosmx.com\/#\/schema\/person\/5eb5356acb1fad784da407d14f0e8d89","name":"Continuamos MX","image":{"@type":"ImageObject","inLanguage":"es","@id":"https:\/\/secure.gravatar.com\/avatar\/30d4f9723476a15f4da34d35fb3501f08d2357016c76051c6a85c354c7489589?s=96&d=mm&r=g","url":"https:\/\/secure.gravatar.com\/avatar\/30d4f9723476a15f4da34d35fb3501f08d2357016c76051c6a85c354c7489589?s=96&d=mm&r=g","contentUrl":"https:\/\/secure.gravatar.com\/avatar\/30d4f9723476a15f4da34d35fb3501f08d2357016c76051c6a85c354c7489589?s=96&d=mm&r=g","caption":"Continuamos MX"},"sameAs":["http:\/\/www.continuamos.mx"],"url":"https:\/\/continuamosmx.com\/index.php\/author\/continuamos\/"}]}},"_links":{"self":[{"href":"https:\/\/continuamosmx.com\/index.php\/wp-json\/wp\/v2\/posts\/50271","targetHints":{"allow":["GET"]}}],"collection":[{"href":"https:\/\/continuamosmx.com\/index.php\/wp-json\/wp\/v2\/posts"}],"about":[{"href":"https:\/\/continuamosmx.com\/index.php\/wp-json\/wp\/v2\/types\/post"}],"author":[{"embeddable":true,"href":"https:\/\/continuamosmx.com\/index.php\/wp-json\/wp\/v2\/users\/6"}],"replies":[{"embeddable":true,"href":"https:\/\/continuamosmx.com\/index.php\/wp-json\/wp\/v2\/comments?post=50271"}],"version-history":[{"count":1,"href":"https:\/\/continuamosmx.com\/index.php\/wp-json\/wp\/v2\/posts\/50271\/revisions"}],"predecessor-version":[{"id":50273,"href":"https:\/\/continuamosmx.com\/index.php\/wp-json\/wp\/v2\/posts\/50271\/revisions\/50273"}],"wp:featuredmedia":[{"embeddable":true,"href":"https:\/\/continuamosmx.com\/index.php\/wp-json\/wp\/v2\/media\/50272"}],"wp:attachment":[{"href":"https:\/\/continuamosmx.com\/index.php\/wp-json\/wp\/v2\/media?parent=50271"}],"wp:term":[{"taxonomy":"category","embeddable":true,"href":"https:\/\/continuamosmx.com\/index.php\/wp-json\/wp\/v2\/categories?post=50271"},{"taxonomy":"post_tag","embeddable":true,"href":"https:\/\/continuamosmx.com\/index.php\/wp-json\/wp\/v2\/tags?post=50271"}],"curies":[{"name":"wp","href":"https:\/\/api.w.org\/{rel}","templated":true}]}}