{"id":49389,"date":"2025-02-06T08:09:15","date_gmt":"2025-02-06T08:09:15","guid":{"rendered":"https:\/\/continuamosmx.com\/?p=49389"},"modified":"2025-02-06T08:09:15","modified_gmt":"2025-02-06T08:09:15","slug":"arranca-el-bacheton-en-cuautitlan-izcalli","status":"publish","type":"post","link":"https:\/\/continuamosmx.com\/index.php\/2025\/02\/06\/arranca-el-bacheton-en-cuautitlan-izcalli\/","title":{"rendered":"ARRANCA EL \u201cBACHET\u00d3N\u201d EN CUAUTITL\u00c1N IZCALLI"},"content":{"rendered":"\n<p><strong>*Gobierno estatal y municipal suman esfuerzos para mejorar la movilidad local<\/strong><\/p>\n\n\n\n<p>CUAUTITL\u00c1N IZCALLI, M\u00c9X.- El alcalde Daniel Serrano Palacio dio el banderazo de inicio del programa \u201cBachet\u00f3n\u201d, una iniciativa en la que el gobierno estatal y municipal trabajar\u00e1n en conjunto para rehabilitar diversas vialidades, priorizando aquellas con mayor deterioro y que han sido olvidadas durante a\u00f1os.<\/p>\n\n\n\n<p>Al firmar el convenio de colaboraci\u00f3n con la Junta de Caminos del Estado de M\u00e9xico, encabezada por Ariel Ju\u00e1rez Rodr\u00edguez, el Alcalde detall\u00f3 que el gobierno estatal aportar\u00e1 la mezcla asf\u00e1ltica, mientras que el municipio proporcionar\u00e1 la maquinaria y la mano de obra para ejecutar los trabajos.<\/p>\n\n\n\n<p>\u201cVamos a iniciar un largo trayecto para recuperar condiciones adecuadas para la movilidad en nuestro municipio, que ha sido abandonado durante d\u00e9cadas. Queremos ser muy transparentes con todas y todos ustedes\u201d, enfatiz\u00f3 Serrano.<\/p>\n\n\n\n<p>El arranque del programa se llev\u00f3 a cabo en Circuito de Bolognia, en Bosques del Lago, donde se aplicar\u00e1n 50 toneladas de asfalto para una rehabilitaci\u00f3n m\u00e1s completa debido al grave deterioro de la zona.<\/p>\n\n\n\n<p>Por su parte, Ariel Ju\u00e1rez Rodr\u00edguez, titular de la Junta de Caminos, reconoci\u00f3 la coordinaci\u00f3n del Alcalde con las dependencias estatales para impulsar acciones que mejoren la calidad de vida de los izcallenses. Subray\u00f3 que el objetivo es garantizar un tr\u00e1nsito m\u00e1s fluido mediante un trabajo conjunto entre los gobiernos estatal y municipal.<\/p>\n\n\n\n<p>Finalmente, la Directora de Desarrollo Urbano e Infraestructura, Ver\u00f3nica Italia Montero, inform\u00f3 que en las vialidades intervenidas se realizar\u00e1n trabajos integrales para asegurar obras de calidad y duraderas.<\/p>\n\n\n\n<p>Este programa se desplegar\u00e1 en distintas comunidades de Cuautitl\u00e1n Izcalli, sin distinci\u00f3n alguna, con el prop\u00f3sito de mejorar la movilidad y la seguridad vial de los habitantes.<\/p>\n","protected":false},"excerpt":{"rendered":"<p>*Gobierno estatal y municipal suman esfuerzos para mejorar la movilidad local CUAUTITL\u00c1N IZCALLI, M\u00c9X.- El alcalde Daniel Serrano Palacio dio el banderazo de inicio del programa \u201cBachet\u00f3n\u201d, una iniciativa en la que el gobierno estatal y municipal trabajar\u00e1n en conjunto para rehabilitar diversas vialidades, priorizando aquellas con mayor deterioro y que han sido olvidadas durante [&hellip;]<\/p>\n","protected":false},"author":6,"featured_media":49390,"comment_status":"open","ping_status":"open","sticky":false,"template":"","format":"standard","meta":{"footnotes":""},"categories":[22,4],"tags":[],"class_list":["post-49389","post","type-post","status-publish","format-standard","has-post-thumbnail","hentry","category-c-izcalli","category-locales"],"yoast_head":"<!-- This site is optimized with the Yoast SEO plugin v27.5 - https:\/\/yoast.com\/product\/yoast-seo-wordpress\/ -->\n<title>ARRANCA EL \u201cBACHET\u00d3N\u201d EN CUAUTITL\u00c1N IZCALLI -<\/title>\n<meta name=\"robots\" content=\"index, follow, max-snippet:-1, max-image-preview:large, max-video-preview:-1\" \/>\n<link rel=\"canonical\" href=\"https:\/\/continuamosmx.com\/index.php\/2025\/02\/06\/arranca-el-bacheton-en-cuautitlan-izcalli\/\" \/>\n<meta property=\"og:locale\" content=\"es_ES\" \/>\n<meta property=\"og:type\" content=\"article\" \/>\n<meta property=\"og:title\" content=\"ARRANCA EL \u201cBACHET\u00d3N\u201d EN CUAUTITL\u00c1N IZCALLI -\" \/>\n<meta property=\"og:description\" content=\"*Gobierno estatal y municipal suman esfuerzos para mejorar la movilidad local CUAUTITL\u00c1N IZCALLI, M\u00c9X.- El alcalde Daniel Serrano Palacio dio el banderazo de inicio del programa \u201cBachet\u00f3n\u201d, una iniciativa en la que el gobierno estatal y municipal trabajar\u00e1n en conjunto para rehabilitar diversas vialidades, priorizando aquellas con mayor deterioro y que han sido olvidadas durante [&hellip;]\" \/>\n<meta property=\"og:url\" content=\"https:\/\/continuamosmx.com\/index.php\/2025\/02\/06\/arranca-el-bacheton-en-cuautitlan-izcalli\/\" \/>\n<meta property=\"article:published_time\" content=\"2025-02-06T08:09:15+00:00\" \/>\n<meta property=\"og:image\" content=\"https:\/\/continuamosmx.com\/wp-content\/uploads\/2025\/02\/bache.jpg\" \/>\n\t<meta property=\"og:image:width\" content=\"1280\" \/>\n\t<meta property=\"og:image:height\" content=\"852\" \/>\n\t<meta property=\"og:image:type\" content=\"image\/jpeg\" \/>\n<meta name=\"author\" content=\"Continuamos MX\" \/>\n<meta name=\"twitter:card\" content=\"summary_large_image\" \/>\n<meta name=\"twitter:label1\" content=\"Escrito por\" \/>\n\t<meta name=\"twitter:data1\" content=\"Continuamos MX\" \/>\n\t<meta name=\"twitter:label2\" content=\"Tiempo de lectura\" \/>\n\t<meta name=\"twitter:data2\" content=\"2 minutos\" \/>\n<script type=\"application\/ld+json\" class=\"yoast-schema-graph\">{\"@context\":\"https:\\\/\\\/schema.org\",\"@graph\":[{\"@type\":\"Article\",\"@id\":\"https:\\\/\\\/continuamosmx.com\\\/index.php\\\/2025\\\/02\\\/06\\\/arranca-el-bacheton-en-cuautitlan-izcalli\\\/#article\",\"isPartOf\":{\"@id\":\"https:\\\/\\\/continuamosmx.com\\\/index.php\\\/2025\\\/02\\\/06\\\/arranca-el-bacheton-en-cuautitlan-izcalli\\\/\"},\"author\":{\"name\":\"Continuamos MX\",\"@id\":\"https:\\\/\\\/continuamosmx.com\\\/#\\\/schema\\\/person\\\/5eb5356acb1fad784da407d14f0e8d89\"},\"headline\":\"ARRANCA EL \u201cBACHET\u00d3N\u201d EN CUAUTITL\u00c1N IZCALLI\",\"datePublished\":\"2025-02-06T08:09:15+00:00\",\"mainEntityOfPage\":{\"@id\":\"https:\\\/\\\/continuamosmx.com\\\/index.php\\\/2025\\\/02\\\/06\\\/arranca-el-bacheton-en-cuautitlan-izcalli\\\/\"},\"wordCount\":311,\"commentCount\":0,\"publisher\":{\"@id\":\"https:\\\/\\\/continuamosmx.com\\\/#organization\"},\"image\":{\"@id\":\"https:\\\/\\\/continuamosmx.com\\\/index.php\\\/2025\\\/02\\\/06\\\/arranca-el-bacheton-en-cuautitlan-izcalli\\\/#primaryimage\"},\"thumbnailUrl\":\"https:\\\/\\\/continuamosmx.com\\\/wp-content\\\/uploads\\\/2025\\\/02\\\/bache.jpg\",\"articleSection\":[\"C. IZCALLI\",\"LOCALES\"],\"inLanguage\":\"es\"},{\"@type\":\"WebPage\",\"@id\":\"https:\\\/\\\/continuamosmx.com\\\/index.php\\\/2025\\\/02\\\/06\\\/arranca-el-bacheton-en-cuautitlan-izcalli\\\/\",\"url\":\"https:\\\/\\\/continuamosmx.com\\\/index.php\\\/2025\\\/02\\\/06\\\/arranca-el-bacheton-en-cuautitlan-izcalli\\\/\",\"name\":\"ARRANCA EL \u201cBACHET\u00d3N\u201d EN CUAUTITL\u00c1N IZCALLI -\",\"isPartOf\":{\"@id\":\"https:\\\/\\\/continuamosmx.com\\\/#website\"},\"primaryImageOfPage\":{\"@id\":\"https:\\\/\\\/continuamosmx.com\\\/index.php\\\/2025\\\/02\\\/06\\\/arranca-el-bacheton-en-cuautitlan-izcalli\\\/#primaryimage\"},\"image\":{\"@id\":\"https:\\\/\\\/continuamosmx.com\\\/index.php\\\/2025\\\/02\\\/06\\\/arranca-el-bacheton-en-cuautitlan-izcalli\\\/#primaryimage\"},\"thumbnailUrl\":\"https:\\\/\\\/continuamosmx.com\\\/wp-content\\\/uploads\\\/2025\\\/02\\\/bache.jpg\",\"datePublished\":\"2025-02-06T08:09:15+00:00\",\"breadcrumb\":{\"@id\":\"https:\\\/\\\/continuamosmx.com\\\/index.php\\\/2025\\\/02\\\/06\\\/arranca-el-bacheton-en-cuautitlan-izcalli\\\/#breadcrumb\"},\"inLanguage\":\"es\",\"potentialAction\":[{\"@type\":\"ReadAction\",\"target\":[\"https:\\\/\\\/continuamosmx.com\\\/index.php\\\/2025\\\/02\\\/06\\\/arranca-el-bacheton-en-cuautitlan-izcalli\\\/\"]}]},{\"@type\":\"ImageObject\",\"inLanguage\":\"es\",\"@id\":\"https:\\\/\\\/continuamosmx.com\\\/index.php\\\/2025\\\/02\\\/06\\\/arranca-el-bacheton-en-cuautitlan-izcalli\\\/#primaryimage\",\"url\":\"https:\\\/\\\/continuamosmx.com\\\/wp-content\\\/uploads\\\/2025\\\/02\\\/bache.jpg\",\"contentUrl\":\"https:\\\/\\\/continuamosmx.com\\\/wp-content\\\/uploads\\\/2025\\\/02\\\/bache.jpg\",\"width\":1280,\"height\":852},{\"@type\":\"BreadcrumbList\",\"@id\":\"https:\\\/\\\/continuamosmx.com\\\/index.php\\\/2025\\\/02\\\/06\\\/arranca-el-bacheton-en-cuautitlan-izcalli\\\/#breadcrumb\",\"itemListElement\":[{\"@type\":\"ListItem\",\"position\":1,\"name\":\"Inicio\",\"item\":\"https:\\\/\\\/continuamosmx.com\\\/\"},{\"@type\":\"ListItem\",\"position\":2,\"name\":\"ARRANCA EL \u201cBACHET\u00d3N\u201d EN CUAUTITL\u00c1N IZCALLI\"}]},{\"@type\":\"WebSite\",\"@id\":\"https:\\\/\\\/continuamosmx.com\\\/#website\",\"url\":\"https:\\\/\\\/continuamosmx.com\\\/\",\"name\":\"www.continuamosmx.com\",\"description\":\"\",\"publisher\":{\"@id\":\"https:\\\/\\\/continuamosmx.com\\\/#organization\"},\"potentialAction\":[{\"@type\":\"SearchAction\",\"target\":{\"@type\":\"EntryPoint\",\"urlTemplate\":\"https:\\\/\\\/continuamosmx.com\\\/?s={search_term_string}\"},\"query-input\":{\"@type\":\"PropertyValueSpecification\",\"valueRequired\":true,\"valueName\":\"search_term_string\"}}],\"inLanguage\":\"es\"},{\"@type\":\"Organization\",\"@id\":\"https:\\\/\\\/continuamosmx.com\\\/#organization\",\"name\":\"ContinuamosMX\",\"url\":\"https:\\\/\\\/continuamosmx.com\\\/\",\"logo\":{\"@type\":\"ImageObject\",\"inLanguage\":\"es\",\"@id\":\"https:\\\/\\\/continuamosmx.com\\\/#\\\/schema\\\/logo\\\/image\\\/\",\"url\":\"https:\\\/\\\/continuamosmx.com\\\/wp-content\\\/uploads\\\/2023\\\/04\\\/cropped-LOGO-CONTI-NUEVO.png\",\"contentUrl\":\"https:\\\/\\\/continuamosmx.com\\\/wp-content\\\/uploads\\\/2023\\\/04\\\/cropped-LOGO-CONTI-NUEVO.png\",\"width\":1257,\"height\":430,\"caption\":\"ContinuamosMX\"},\"image\":{\"@id\":\"https:\\\/\\\/continuamosmx.com\\\/#\\\/schema\\\/logo\\\/image\\\/\"}},{\"@type\":\"Person\",\"@id\":\"https:\\\/\\\/continuamosmx.com\\\/#\\\/schema\\\/person\\\/5eb5356acb1fad784da407d14f0e8d89\",\"name\":\"Continuamos MX\",\"image\":{\"@type\":\"ImageObject\",\"inLanguage\":\"es\",\"@id\":\"https:\\\/\\\/secure.gravatar.com\\\/avatar\\\/30d4f9723476a15f4da34d35fb3501f08d2357016c76051c6a85c354c7489589?s=96&d=mm&r=g\",\"url\":\"https:\\\/\\\/secure.gravatar.com\\\/avatar\\\/30d4f9723476a15f4da34d35fb3501f08d2357016c76051c6a85c354c7489589?s=96&d=mm&r=g\",\"contentUrl\":\"https:\\\/\\\/secure.gravatar.com\\\/avatar\\\/30d4f9723476a15f4da34d35fb3501f08d2357016c76051c6a85c354c7489589?s=96&d=mm&r=g\",\"caption\":\"Continuamos MX\"},\"sameAs\":[\"http:\\\/\\\/www.continuamos.mx\"],\"url\":\"https:\\\/\\\/continuamosmx.com\\\/index.php\\\/author\\\/continuamos\\\/\"}]}<\/script>\n<!-- \/ Yoast SEO plugin. -->","yoast_head_json":{"title":"ARRANCA EL \u201cBACHET\u00d3N\u201d EN CUAUTITL\u00c1N IZCALLI -","robots":{"index":"index","follow":"follow","max-snippet":"max-snippet:-1","max-image-preview":"max-image-preview:large","max-video-preview":"max-video-preview:-1"},"canonical":"https:\/\/continuamosmx.com\/index.php\/2025\/02\/06\/arranca-el-bacheton-en-cuautitlan-izcalli\/","og_locale":"es_ES","og_type":"article","og_title":"ARRANCA EL \u201cBACHET\u00d3N\u201d EN CUAUTITL\u00c1N IZCALLI -","og_description":"*Gobierno estatal y municipal suman esfuerzos para mejorar la movilidad local CUAUTITL\u00c1N IZCALLI, M\u00c9X.- El alcalde Daniel Serrano Palacio dio el banderazo de inicio del programa \u201cBachet\u00f3n\u201d, una iniciativa en la que el gobierno estatal y municipal trabajar\u00e1n en conjunto para rehabilitar diversas vialidades, priorizando aquellas con mayor deterioro y que han sido olvidadas durante [&hellip;]","og_url":"https:\/\/continuamosmx.com\/index.php\/2025\/02\/06\/arranca-el-bacheton-en-cuautitlan-izcalli\/","article_published_time":"2025-02-06T08:09:15+00:00","og_image":[{"width":1280,"height":852,"url":"https:\/\/continuamosmx.com\/wp-content\/uploads\/2025\/02\/bache.jpg","type":"image\/jpeg"}],"author":"Continuamos MX","twitter_card":"summary_large_image","twitter_misc":{"Escrito por":"Continuamos MX","Tiempo de lectura":"2 minutos"},"schema":{"@context":"https:\/\/schema.org","@graph":[{"@type":"Article","@id":"https:\/\/continuamosmx.com\/index.php\/2025\/02\/06\/arranca-el-bacheton-en-cuautitlan-izcalli\/#article","isPartOf":{"@id":"https:\/\/continuamosmx.com\/index.php\/2025\/02\/06\/arranca-el-bacheton-en-cuautitlan-izcalli\/"},"author":{"name":"Continuamos MX","@id":"https:\/\/continuamosmx.com\/#\/schema\/person\/5eb5356acb1fad784da407d14f0e8d89"},"headline":"ARRANCA EL \u201cBACHET\u00d3N\u201d EN CUAUTITL\u00c1N IZCALLI","datePublished":"2025-02-06T08:09:15+00:00","mainEntityOfPage":{"@id":"https:\/\/continuamosmx.com\/index.php\/2025\/02\/06\/arranca-el-bacheton-en-cuautitlan-izcalli\/"},"wordCount":311,"commentCount":0,"publisher":{"@id":"https:\/\/continuamosmx.com\/#organization"},"image":{"@id":"https:\/\/continuamosmx.com\/index.php\/2025\/02\/06\/arranca-el-bacheton-en-cuautitlan-izcalli\/#primaryimage"},"thumbnailUrl":"https:\/\/continuamosmx.com\/wp-content\/uploads\/2025\/02\/bache.jpg","articleSection":["C. IZCALLI","LOCALES"],"inLanguage":"es"},{"@type":"WebPage","@id":"https:\/\/continuamosmx.com\/index.php\/2025\/02\/06\/arranca-el-bacheton-en-cuautitlan-izcalli\/","url":"https:\/\/continuamosmx.com\/index.php\/2025\/02\/06\/arranca-el-bacheton-en-cuautitlan-izcalli\/","name":"ARRANCA EL \u201cBACHET\u00d3N\u201d EN CUAUTITL\u00c1N IZCALLI -","isPartOf":{"@id":"https:\/\/continuamosmx.com\/#website"},"primaryImageOfPage":{"@id":"https:\/\/continuamosmx.com\/index.php\/2025\/02\/06\/arranca-el-bacheton-en-cuautitlan-izcalli\/#primaryimage"},"image":{"@id":"https:\/\/continuamosmx.com\/index.php\/2025\/02\/06\/arranca-el-bacheton-en-cuautitlan-izcalli\/#primaryimage"},"thumbnailUrl":"https:\/\/continuamosmx.com\/wp-content\/uploads\/2025\/02\/bache.jpg","datePublished":"2025-02-06T08:09:15+00:00","breadcrumb":{"@id":"https:\/\/continuamosmx.com\/index.php\/2025\/02\/06\/arranca-el-bacheton-en-cuautitlan-izcalli\/#breadcrumb"},"inLanguage":"es","potentialAction":[{"@type":"ReadAction","target":["https:\/\/continuamosmx.com\/index.php\/2025\/02\/06\/arranca-el-bacheton-en-cuautitlan-izcalli\/"]}]},{"@type":"ImageObject","inLanguage":"es","@id":"https:\/\/continuamosmx.com\/index.php\/2025\/02\/06\/arranca-el-bacheton-en-cuautitlan-izcalli\/#primaryimage","url":"https:\/\/continuamosmx.com\/wp-content\/uploads\/2025\/02\/bache.jpg","contentUrl":"https:\/\/continuamosmx.com\/wp-content\/uploads\/2025\/02\/bache.jpg","width":1280,"height":852},{"@type":"BreadcrumbList","@id":"https:\/\/continuamosmx.com\/index.php\/2025\/02\/06\/arranca-el-bacheton-en-cuautitlan-izcalli\/#breadcrumb","itemListElement":[{"@type":"ListItem","position":1,"name":"Inicio","item":"https:\/\/continuamosmx.com\/"},{"@type":"ListItem","position":2,"name":"ARRANCA EL \u201cBACHET\u00d3N\u201d EN CUAUTITL\u00c1N IZCALLI"}]},{"@type":"WebSite","@id":"https:\/\/continuamosmx.com\/#website","url":"https:\/\/continuamosmx.com\/","name":"www.continuamosmx.com","description":"","publisher":{"@id":"https:\/\/continuamosmx.com\/#organization"},"potentialAction":[{"@type":"SearchAction","target":{"@type":"EntryPoint","urlTemplate":"https:\/\/continuamosmx.com\/?s={search_term_string}"},"query-input":{"@type":"PropertyValueSpecification","valueRequired":true,"valueName":"search_term_string"}}],"inLanguage":"es"},{"@type":"Organization","@id":"https:\/\/continuamosmx.com\/#organization","name":"ContinuamosMX","url":"https:\/\/continuamosmx.com\/","logo":{"@type":"ImageObject","inLanguage":"es","@id":"https:\/\/continuamosmx.com\/#\/schema\/logo\/image\/","url":"https:\/\/continuamosmx.com\/wp-content\/uploads\/2023\/04\/cropped-LOGO-CONTI-NUEVO.png","contentUrl":"https:\/\/continuamosmx.com\/wp-content\/uploads\/2023\/04\/cropped-LOGO-CONTI-NUEVO.png","width":1257,"height":430,"caption":"ContinuamosMX"},"image":{"@id":"https:\/\/continuamosmx.com\/#\/schema\/logo\/image\/"}},{"@type":"Person","@id":"https:\/\/continuamosmx.com\/#\/schema\/person\/5eb5356acb1fad784da407d14f0e8d89","name":"Continuamos MX","image":{"@type":"ImageObject","inLanguage":"es","@id":"https:\/\/secure.gravatar.com\/avatar\/30d4f9723476a15f4da34d35fb3501f08d2357016c76051c6a85c354c7489589?s=96&d=mm&r=g","url":"https:\/\/secure.gravatar.com\/avatar\/30d4f9723476a15f4da34d35fb3501f08d2357016c76051c6a85c354c7489589?s=96&d=mm&r=g","contentUrl":"https:\/\/secure.gravatar.com\/avatar\/30d4f9723476a15f4da34d35fb3501f08d2357016c76051c6a85c354c7489589?s=96&d=mm&r=g","caption":"Continuamos MX"},"sameAs":["http:\/\/www.continuamos.mx"],"url":"https:\/\/continuamosmx.com\/index.php\/author\/continuamos\/"}]}},"_links":{"self":[{"href":"https:\/\/continuamosmx.com\/index.php\/wp-json\/wp\/v2\/posts\/49389","targetHints":{"allow":["GET"]}}],"collection":[{"href":"https:\/\/continuamosmx.com\/index.php\/wp-json\/wp\/v2\/posts"}],"about":[{"href":"https:\/\/continuamosmx.com\/index.php\/wp-json\/wp\/v2\/types\/post"}],"author":[{"embeddable":true,"href":"https:\/\/continuamosmx.com\/index.php\/wp-json\/wp\/v2\/users\/6"}],"replies":[{"embeddable":true,"href":"https:\/\/continuamosmx.com\/index.php\/wp-json\/wp\/v2\/comments?post=49389"}],"version-history":[{"count":1,"href":"https:\/\/continuamosmx.com\/index.php\/wp-json\/wp\/v2\/posts\/49389\/revisions"}],"predecessor-version":[{"id":49391,"href":"https:\/\/continuamosmx.com\/index.php\/wp-json\/wp\/v2\/posts\/49389\/revisions\/49391"}],"wp:featuredmedia":[{"embeddable":true,"href":"https:\/\/continuamosmx.com\/index.php\/wp-json\/wp\/v2\/media\/49390"}],"wp:attachment":[{"href":"https:\/\/continuamosmx.com\/index.php\/wp-json\/wp\/v2\/media?parent=49389"}],"wp:term":[{"taxonomy":"category","embeddable":true,"href":"https:\/\/continuamosmx.com\/index.php\/wp-json\/wp\/v2\/categories?post=49389"},{"taxonomy":"post_tag","embeddable":true,"href":"https:\/\/continuamosmx.com\/index.php\/wp-json\/wp\/v2\/tags?post=49389"}],"curies":[{"name":"wp","href":"https:\/\/api.w.org\/{rel}","templated":true}]}}