{"id":49156,"date":"2025-01-11T17:53:40","date_gmt":"2025-01-11T17:53:40","guid":{"rendered":"https:\/\/continuamosmx.com\/?p=49156"},"modified":"2025-01-11T17:53:41","modified_gmt":"2025-01-11T17:53:41","slug":"reafirma-juanita-carrillo-su-compromiso-con-la-legalidad-y-el-bienestar-del-pueblo","status":"publish","type":"post","link":"https:\/\/continuamosmx.com\/index.php\/2025\/01\/11\/reafirma-juanita-carrillo-su-compromiso-con-la-legalidad-y-el-bienestar-del-pueblo\/","title":{"rendered":"REAFIRMA JUANITA CARRILLO SU COMPROMISO CON LA LEGALIDAD Y EL BIENESTAR DEL PUEBLO"},"content":{"rendered":"\n<p><strong>* Nuestro estatus siempre ser\u00e1 el dialogo la conciliaci\u00f3n y el respeto a la gente<\/strong><\/p>\n\n\n\n<p>Cuautitl\u00e1n, Edom\u00e9x.- Durante una conferencia de prensa, la presidenta municipal de Cuautitl\u00e1n, Juanita Carrillo Luna, hizo un llamado&nbsp; al di\u00e1logo y al respeto a la legalidad, tras los incidentes registrados en la colonia Venecia, donde la clausura de la obra de construcci\u00f3n de un cedis gener\u00f3 tensiones sociales.<\/p>\n\n\n\n<p>La presidenta subray\u00f3 que, seg\u00fan el Plan de Desarrollo Urbano y la licencia del Instituto de Informaci\u00f3n e Investigaci\u00f3n Geogr\u00e1fica, Estad\u00edstica y Catastral del Estado de M\u00e9xico (IGECEM), el terreno en cuesti\u00f3n est\u00e1 dentro de Cuautitl\u00e1n. \u201cSi Teoloyucan tiene un reclamo, debe llevarlo a las instancias correspondientes. No podemos actuar basados en sentimientos, sino en la ley\u201d, afirm\u00f3.<\/p>\n\n\n\n<p>Juanita Carrillo, lament\u00f3 los actos de violencia ocurridos durante la intervenci\u00f3n, incluida la volcadura de una patrulla de Cuautitl\u00e1n, y se\u00f1al\u00f3 que estos fueron provocados por actores pol\u00edticos que buscan generar desorden. \u201cPresentaremos las denuncias correspondientes. No permitiremos que se utilice a la poblaci\u00f3n ni que se act\u00fae en detrimento del bienestar colectivo\u201d, agreg\u00f3.<\/p>\n\n\n\n<p>\u201cSiempre estaremos abiertos al di\u00e1logo y la conciliaci\u00f3n. Exhortamos al gobierno de Teoloyucan a sentarse en una mesa de di\u00e1logo para resolver este asunto de manera pac\u00edfica y legal. No podemos dar espect\u00e1culos que afecten a la ciudadan\u00eda\u201d, expres\u00f3.<\/p>\n\n\n\n<p>La presidenta municipal reiter\u00f3 que su administraci\u00f3n no permitir\u00e1 construcciones que vulneren el bienestar de la poblaci\u00f3n o se realicen al margen de la ley. Asimismo, adelant\u00f3 que trabajar\u00e1n en proyectos que mejoren la movilidad en Cuautitl\u00e1n, un problema que impacta severamente a los habitantes.<\/p>\n\n\n\n<p>\u201cCuidar el patrimonio de los cuautitlenses y salvaguardar su integridad son nuestras prioridades. No somos un gobierno de ocurrencias. Nuestro actuar siempre ser\u00e1 en beneficio colectivo, respetando la ley y buscando soluciones que favorezcan a la ciudadan\u00eda\u201d<\/p>\n\n\n\n<p>El descaro no se detiene ah\u00ed: en 2024, la c\u00fapula sindical ignor\u00f3 el l\u00edmite de 10 basificaciones anuales estipulado en el contrato colectivo y otorg\u00f3 37, disparando los costos laborales y drenando los recursos que deber\u00edan destinarse a obras y servicios p\u00fablicos.<\/p>\n\n\n\n<p>Estos abusos, avalados por a\u00f1os de complicidad entre l\u00edderes sindicales y administraciones municipales, han llevado al gobierno de Juanita Carrillo a tomar medidas dr\u00e1sticas. \u201cNo podemos permitir que los chantajes de unos cuantos sigan hipotecando el futuro de Cuautitl\u00e1n. Este es un gobierno para el pueblo, no para privilegiar a una \u00e9lite sindical\u201d, declar\u00f3 la alcaldesa con firmeza.<\/p>\n\n\n\n<p>Adem\u00e1s de los privilegios econ\u00f3micos, algunos trabajadores los sindicalizados allegados a la c\u00fapula&nbsp; han utilizado su conocimiento interno del funcionamiento del ayuntamiento para amedrentar a las autoridades, impedir despidos y sabotear las operaciones de las \u00e1reas municipales. Este comportamiento no solo afecta la eficiencia del gobierno, sino que tambi\u00e9n ha generado un clima de impunidad que Carrillo est\u00e1 decidida a erradicar.<\/p>\n\n\n\n<p>El despido del l\u00edder sindical es solo el primer paso en lo que promete ser una batalla decisiva por la recuperaci\u00f3n de Cuautitl\u00e1n.<\/p>\n\n\n\n<p>Juanita Carrillo ha dejado claro que no se detendr\u00e1 hasta devolverle al municipio los recursos que pertenecen al pueblo.<\/p>\n\n\n\n<p>Al tiempo que reconoci\u00f3 qu\u00e9 el contrato colectivo esta a salvo y se realizar\u00e1n mesas de trabajo en tiempo y forma y siempre en favor de todos los trabajadores qu\u00e9 contribuyen a tener un mejor municipio, y quienes por d\u00e9cadas han sido utilizados para saciar inter\u00e9s particulares de l\u00edderes caciquiles<\/p>\n","protected":false},"excerpt":{"rendered":"<p>* Nuestro estatus siempre ser\u00e1 el dialogo la conciliaci\u00f3n y el respeto a la gente Cuautitl\u00e1n, Edom\u00e9x.- Durante una conferencia de prensa, la presidenta municipal de Cuautitl\u00e1n, Juanita Carrillo Luna, hizo un llamado&nbsp; al di\u00e1logo y al respeto a la legalidad, tras los incidentes registrados en la colonia Venecia, donde la clausura de la obra [&hellip;]<\/p>\n","protected":false},"author":6,"featured_media":49157,"comment_status":"open","ping_status":"open","sticky":false,"template":"","format":"standard","meta":{"footnotes":""},"categories":[29,4],"tags":[],"class_list":["post-49156","post","type-post","status-publish","format-standard","has-post-thumbnail","hentry","category-cuautitlan","category-locales"],"yoast_head":"<!-- This site is optimized with the Yoast SEO plugin v27.5 - https:\/\/yoast.com\/product\/yoast-seo-wordpress\/ -->\n<title>REAFIRMA JUANITA CARRILLO SU COMPROMISO CON LA LEGALIDAD Y EL BIENESTAR DEL PUEBLO -<\/title>\n<meta name=\"robots\" content=\"index, follow, max-snippet:-1, max-image-preview:large, max-video-preview:-1\" \/>\n<link rel=\"canonical\" href=\"https:\/\/continuamosmx.com\/index.php\/2025\/01\/11\/reafirma-juanita-carrillo-su-compromiso-con-la-legalidad-y-el-bienestar-del-pueblo\/\" \/>\n<meta property=\"og:locale\" content=\"es_ES\" \/>\n<meta property=\"og:type\" content=\"article\" \/>\n<meta property=\"og:title\" content=\"REAFIRMA JUANITA CARRILLO SU COMPROMISO CON LA LEGALIDAD Y EL BIENESTAR DEL PUEBLO -\" \/>\n<meta property=\"og:description\" content=\"* Nuestro estatus siempre ser\u00e1 el dialogo la conciliaci\u00f3n y el respeto a la gente Cuautitl\u00e1n, Edom\u00e9x.- Durante una conferencia de prensa, la presidenta municipal de Cuautitl\u00e1n, Juanita Carrillo Luna, hizo un llamado&nbsp; al di\u00e1logo y al respeto a la legalidad, tras los incidentes registrados en la colonia Venecia, donde la clausura de la obra [&hellip;]\" \/>\n<meta property=\"og:url\" content=\"https:\/\/continuamosmx.com\/index.php\/2025\/01\/11\/reafirma-juanita-carrillo-su-compromiso-con-la-legalidad-y-el-bienestar-del-pueblo\/\" \/>\n<meta property=\"article:published_time\" content=\"2025-01-11T17:53:40+00:00\" \/>\n<meta property=\"article:modified_time\" content=\"2025-01-11T17:53:41+00:00\" \/>\n<meta property=\"og:image\" content=\"https:\/\/continuamosmx.com\/wp-content\/uploads\/2025\/01\/confe.jpg\" \/>\n\t<meta property=\"og:image:width\" content=\"1600\" \/>\n\t<meta property=\"og:image:height\" content=\"1066\" \/>\n\t<meta property=\"og:image:type\" content=\"image\/jpeg\" \/>\n<meta name=\"author\" content=\"Continuamos MX\" \/>\n<meta name=\"twitter:card\" content=\"summary_large_image\" \/>\n<meta name=\"twitter:label1\" content=\"Escrito por\" \/>\n\t<meta name=\"twitter:data1\" content=\"Continuamos MX\" \/>\n\t<meta name=\"twitter:label2\" content=\"Tiempo de lectura\" \/>\n\t<meta name=\"twitter:data2\" content=\"3 minutos\" \/>\n<script type=\"application\/ld+json\" class=\"yoast-schema-graph\">{\"@context\":\"https:\\\/\\\/schema.org\",\"@graph\":[{\"@type\":\"Article\",\"@id\":\"https:\\\/\\\/continuamosmx.com\\\/index.php\\\/2025\\\/01\\\/11\\\/reafirma-juanita-carrillo-su-compromiso-con-la-legalidad-y-el-bienestar-del-pueblo\\\/#article\",\"isPartOf\":{\"@id\":\"https:\\\/\\\/continuamosmx.com\\\/index.php\\\/2025\\\/01\\\/11\\\/reafirma-juanita-carrillo-su-compromiso-con-la-legalidad-y-el-bienestar-del-pueblo\\\/\"},\"author\":{\"name\":\"Continuamos MX\",\"@id\":\"https:\\\/\\\/continuamosmx.com\\\/#\\\/schema\\\/person\\\/5eb5356acb1fad784da407d14f0e8d89\"},\"headline\":\"REAFIRMA JUANITA CARRILLO SU COMPROMISO CON LA LEGALIDAD Y EL BIENESTAR DEL PUEBLO\",\"datePublished\":\"2025-01-11T17:53:40+00:00\",\"dateModified\":\"2025-01-11T17:53:41+00:00\",\"mainEntityOfPage\":{\"@id\":\"https:\\\/\\\/continuamosmx.com\\\/index.php\\\/2025\\\/01\\\/11\\\/reafirma-juanita-carrillo-su-compromiso-con-la-legalidad-y-el-bienestar-del-pueblo\\\/\"},\"wordCount\":611,\"commentCount\":0,\"publisher\":{\"@id\":\"https:\\\/\\\/continuamosmx.com\\\/#organization\"},\"image\":{\"@id\":\"https:\\\/\\\/continuamosmx.com\\\/index.php\\\/2025\\\/01\\\/11\\\/reafirma-juanita-carrillo-su-compromiso-con-la-legalidad-y-el-bienestar-del-pueblo\\\/#primaryimage\"},\"thumbnailUrl\":\"https:\\\/\\\/continuamosmx.com\\\/wp-content\\\/uploads\\\/2025\\\/01\\\/confe.jpg\",\"articleSection\":[\"CUAUTITL\u00c1N\",\"LOCALES\"],\"inLanguage\":\"es\"},{\"@type\":\"WebPage\",\"@id\":\"https:\\\/\\\/continuamosmx.com\\\/index.php\\\/2025\\\/01\\\/11\\\/reafirma-juanita-carrillo-su-compromiso-con-la-legalidad-y-el-bienestar-del-pueblo\\\/\",\"url\":\"https:\\\/\\\/continuamosmx.com\\\/index.php\\\/2025\\\/01\\\/11\\\/reafirma-juanita-carrillo-su-compromiso-con-la-legalidad-y-el-bienestar-del-pueblo\\\/\",\"name\":\"REAFIRMA JUANITA CARRILLO SU COMPROMISO CON LA LEGALIDAD Y EL BIENESTAR DEL PUEBLO -\",\"isPartOf\":{\"@id\":\"https:\\\/\\\/continuamosmx.com\\\/#website\"},\"primaryImageOfPage\":{\"@id\":\"https:\\\/\\\/continuamosmx.com\\\/index.php\\\/2025\\\/01\\\/11\\\/reafirma-juanita-carrillo-su-compromiso-con-la-legalidad-y-el-bienestar-del-pueblo\\\/#primaryimage\"},\"image\":{\"@id\":\"https:\\\/\\\/continuamosmx.com\\\/index.php\\\/2025\\\/01\\\/11\\\/reafirma-juanita-carrillo-su-compromiso-con-la-legalidad-y-el-bienestar-del-pueblo\\\/#primaryimage\"},\"thumbnailUrl\":\"https:\\\/\\\/continuamosmx.com\\\/wp-content\\\/uploads\\\/2025\\\/01\\\/confe.jpg\",\"datePublished\":\"2025-01-11T17:53:40+00:00\",\"dateModified\":\"2025-01-11T17:53:41+00:00\",\"breadcrumb\":{\"@id\":\"https:\\\/\\\/continuamosmx.com\\\/index.php\\\/2025\\\/01\\\/11\\\/reafirma-juanita-carrillo-su-compromiso-con-la-legalidad-y-el-bienestar-del-pueblo\\\/#breadcrumb\"},\"inLanguage\":\"es\",\"potentialAction\":[{\"@type\":\"ReadAction\",\"target\":[\"https:\\\/\\\/continuamosmx.com\\\/index.php\\\/2025\\\/01\\\/11\\\/reafirma-juanita-carrillo-su-compromiso-con-la-legalidad-y-el-bienestar-del-pueblo\\\/\"]}]},{\"@type\":\"ImageObject\",\"inLanguage\":\"es\",\"@id\":\"https:\\\/\\\/continuamosmx.com\\\/index.php\\\/2025\\\/01\\\/11\\\/reafirma-juanita-carrillo-su-compromiso-con-la-legalidad-y-el-bienestar-del-pueblo\\\/#primaryimage\",\"url\":\"https:\\\/\\\/continuamosmx.com\\\/wp-content\\\/uploads\\\/2025\\\/01\\\/confe.jpg\",\"contentUrl\":\"https:\\\/\\\/continuamosmx.com\\\/wp-content\\\/uploads\\\/2025\\\/01\\\/confe.jpg\",\"width\":1600,\"height\":1066},{\"@type\":\"BreadcrumbList\",\"@id\":\"https:\\\/\\\/continuamosmx.com\\\/index.php\\\/2025\\\/01\\\/11\\\/reafirma-juanita-carrillo-su-compromiso-con-la-legalidad-y-el-bienestar-del-pueblo\\\/#breadcrumb\",\"itemListElement\":[{\"@type\":\"ListItem\",\"position\":1,\"name\":\"Inicio\",\"item\":\"https:\\\/\\\/continuamosmx.com\\\/\"},{\"@type\":\"ListItem\",\"position\":2,\"name\":\"REAFIRMA JUANITA CARRILLO SU COMPROMISO CON LA LEGALIDAD Y EL BIENESTAR DEL PUEBLO\"}]},{\"@type\":\"WebSite\",\"@id\":\"https:\\\/\\\/continuamosmx.com\\\/#website\",\"url\":\"https:\\\/\\\/continuamosmx.com\\\/\",\"name\":\"www.continuamosmx.com\",\"description\":\"\",\"publisher\":{\"@id\":\"https:\\\/\\\/continuamosmx.com\\\/#organization\"},\"potentialAction\":[{\"@type\":\"SearchAction\",\"target\":{\"@type\":\"EntryPoint\",\"urlTemplate\":\"https:\\\/\\\/continuamosmx.com\\\/?s={search_term_string}\"},\"query-input\":{\"@type\":\"PropertyValueSpecification\",\"valueRequired\":true,\"valueName\":\"search_term_string\"}}],\"inLanguage\":\"es\"},{\"@type\":\"Organization\",\"@id\":\"https:\\\/\\\/continuamosmx.com\\\/#organization\",\"name\":\"ContinuamosMX\",\"url\":\"https:\\\/\\\/continuamosmx.com\\\/\",\"logo\":{\"@type\":\"ImageObject\",\"inLanguage\":\"es\",\"@id\":\"https:\\\/\\\/continuamosmx.com\\\/#\\\/schema\\\/logo\\\/image\\\/\",\"url\":\"https:\\\/\\\/continuamosmx.com\\\/wp-content\\\/uploads\\\/2023\\\/04\\\/cropped-LOGO-CONTI-NUEVO.png\",\"contentUrl\":\"https:\\\/\\\/continuamosmx.com\\\/wp-content\\\/uploads\\\/2023\\\/04\\\/cropped-LOGO-CONTI-NUEVO.png\",\"width\":1257,\"height\":430,\"caption\":\"ContinuamosMX\"},\"image\":{\"@id\":\"https:\\\/\\\/continuamosmx.com\\\/#\\\/schema\\\/logo\\\/image\\\/\"}},{\"@type\":\"Person\",\"@id\":\"https:\\\/\\\/continuamosmx.com\\\/#\\\/schema\\\/person\\\/5eb5356acb1fad784da407d14f0e8d89\",\"name\":\"Continuamos MX\",\"image\":{\"@type\":\"ImageObject\",\"inLanguage\":\"es\",\"@id\":\"https:\\\/\\\/secure.gravatar.com\\\/avatar\\\/30d4f9723476a15f4da34d35fb3501f08d2357016c76051c6a85c354c7489589?s=96&d=mm&r=g\",\"url\":\"https:\\\/\\\/secure.gravatar.com\\\/avatar\\\/30d4f9723476a15f4da34d35fb3501f08d2357016c76051c6a85c354c7489589?s=96&d=mm&r=g\",\"contentUrl\":\"https:\\\/\\\/secure.gravatar.com\\\/avatar\\\/30d4f9723476a15f4da34d35fb3501f08d2357016c76051c6a85c354c7489589?s=96&d=mm&r=g\",\"caption\":\"Continuamos MX\"},\"sameAs\":[\"http:\\\/\\\/www.continuamos.mx\"],\"url\":\"https:\\\/\\\/continuamosmx.com\\\/index.php\\\/author\\\/continuamos\\\/\"}]}<\/script>\n<!-- \/ Yoast SEO plugin. -->","yoast_head_json":{"title":"REAFIRMA JUANITA CARRILLO SU COMPROMISO CON LA LEGALIDAD Y EL BIENESTAR DEL PUEBLO -","robots":{"index":"index","follow":"follow","max-snippet":"max-snippet:-1","max-image-preview":"max-image-preview:large","max-video-preview":"max-video-preview:-1"},"canonical":"https:\/\/continuamosmx.com\/index.php\/2025\/01\/11\/reafirma-juanita-carrillo-su-compromiso-con-la-legalidad-y-el-bienestar-del-pueblo\/","og_locale":"es_ES","og_type":"article","og_title":"REAFIRMA JUANITA CARRILLO SU COMPROMISO CON LA LEGALIDAD Y EL BIENESTAR DEL PUEBLO -","og_description":"* Nuestro estatus siempre ser\u00e1 el dialogo la conciliaci\u00f3n y el respeto a la gente Cuautitl\u00e1n, Edom\u00e9x.- Durante una conferencia de prensa, la presidenta municipal de Cuautitl\u00e1n, Juanita Carrillo Luna, hizo un llamado&nbsp; al di\u00e1logo y al respeto a la legalidad, tras los incidentes registrados en la colonia Venecia, donde la clausura de la obra [&hellip;]","og_url":"https:\/\/continuamosmx.com\/index.php\/2025\/01\/11\/reafirma-juanita-carrillo-su-compromiso-con-la-legalidad-y-el-bienestar-del-pueblo\/","article_published_time":"2025-01-11T17:53:40+00:00","article_modified_time":"2025-01-11T17:53:41+00:00","og_image":[{"width":1600,"height":1066,"url":"https:\/\/continuamosmx.com\/wp-content\/uploads\/2025\/01\/confe.jpg","type":"image\/jpeg"}],"author":"Continuamos MX","twitter_card":"summary_large_image","twitter_misc":{"Escrito por":"Continuamos MX","Tiempo de lectura":"3 minutos"},"schema":{"@context":"https:\/\/schema.org","@graph":[{"@type":"Article","@id":"https:\/\/continuamosmx.com\/index.php\/2025\/01\/11\/reafirma-juanita-carrillo-su-compromiso-con-la-legalidad-y-el-bienestar-del-pueblo\/#article","isPartOf":{"@id":"https:\/\/continuamosmx.com\/index.php\/2025\/01\/11\/reafirma-juanita-carrillo-su-compromiso-con-la-legalidad-y-el-bienestar-del-pueblo\/"},"author":{"name":"Continuamos MX","@id":"https:\/\/continuamosmx.com\/#\/schema\/person\/5eb5356acb1fad784da407d14f0e8d89"},"headline":"REAFIRMA JUANITA CARRILLO SU COMPROMISO CON LA LEGALIDAD Y EL BIENESTAR DEL PUEBLO","datePublished":"2025-01-11T17:53:40+00:00","dateModified":"2025-01-11T17:53:41+00:00","mainEntityOfPage":{"@id":"https:\/\/continuamosmx.com\/index.php\/2025\/01\/11\/reafirma-juanita-carrillo-su-compromiso-con-la-legalidad-y-el-bienestar-del-pueblo\/"},"wordCount":611,"commentCount":0,"publisher":{"@id":"https:\/\/continuamosmx.com\/#organization"},"image":{"@id":"https:\/\/continuamosmx.com\/index.php\/2025\/01\/11\/reafirma-juanita-carrillo-su-compromiso-con-la-legalidad-y-el-bienestar-del-pueblo\/#primaryimage"},"thumbnailUrl":"https:\/\/continuamosmx.com\/wp-content\/uploads\/2025\/01\/confe.jpg","articleSection":["CUAUTITL\u00c1N","LOCALES"],"inLanguage":"es"},{"@type":"WebPage","@id":"https:\/\/continuamosmx.com\/index.php\/2025\/01\/11\/reafirma-juanita-carrillo-su-compromiso-con-la-legalidad-y-el-bienestar-del-pueblo\/","url":"https:\/\/continuamosmx.com\/index.php\/2025\/01\/11\/reafirma-juanita-carrillo-su-compromiso-con-la-legalidad-y-el-bienestar-del-pueblo\/","name":"REAFIRMA JUANITA CARRILLO SU COMPROMISO CON LA LEGALIDAD Y EL BIENESTAR DEL PUEBLO -","isPartOf":{"@id":"https:\/\/continuamosmx.com\/#website"},"primaryImageOfPage":{"@id":"https:\/\/continuamosmx.com\/index.php\/2025\/01\/11\/reafirma-juanita-carrillo-su-compromiso-con-la-legalidad-y-el-bienestar-del-pueblo\/#primaryimage"},"image":{"@id":"https:\/\/continuamosmx.com\/index.php\/2025\/01\/11\/reafirma-juanita-carrillo-su-compromiso-con-la-legalidad-y-el-bienestar-del-pueblo\/#primaryimage"},"thumbnailUrl":"https:\/\/continuamosmx.com\/wp-content\/uploads\/2025\/01\/confe.jpg","datePublished":"2025-01-11T17:53:40+00:00","dateModified":"2025-01-11T17:53:41+00:00","breadcrumb":{"@id":"https:\/\/continuamosmx.com\/index.php\/2025\/01\/11\/reafirma-juanita-carrillo-su-compromiso-con-la-legalidad-y-el-bienestar-del-pueblo\/#breadcrumb"},"inLanguage":"es","potentialAction":[{"@type":"ReadAction","target":["https:\/\/continuamosmx.com\/index.php\/2025\/01\/11\/reafirma-juanita-carrillo-su-compromiso-con-la-legalidad-y-el-bienestar-del-pueblo\/"]}]},{"@type":"ImageObject","inLanguage":"es","@id":"https:\/\/continuamosmx.com\/index.php\/2025\/01\/11\/reafirma-juanita-carrillo-su-compromiso-con-la-legalidad-y-el-bienestar-del-pueblo\/#primaryimage","url":"https:\/\/continuamosmx.com\/wp-content\/uploads\/2025\/01\/confe.jpg","contentUrl":"https:\/\/continuamosmx.com\/wp-content\/uploads\/2025\/01\/confe.jpg","width":1600,"height":1066},{"@type":"BreadcrumbList","@id":"https:\/\/continuamosmx.com\/index.php\/2025\/01\/11\/reafirma-juanita-carrillo-su-compromiso-con-la-legalidad-y-el-bienestar-del-pueblo\/#breadcrumb","itemListElement":[{"@type":"ListItem","position":1,"name":"Inicio","item":"https:\/\/continuamosmx.com\/"},{"@type":"ListItem","position":2,"name":"REAFIRMA JUANITA CARRILLO SU COMPROMISO CON LA LEGALIDAD Y EL BIENESTAR DEL PUEBLO"}]},{"@type":"WebSite","@id":"https:\/\/continuamosmx.com\/#website","url":"https:\/\/continuamosmx.com\/","name":"www.continuamosmx.com","description":"","publisher":{"@id":"https:\/\/continuamosmx.com\/#organization"},"potentialAction":[{"@type":"SearchAction","target":{"@type":"EntryPoint","urlTemplate":"https:\/\/continuamosmx.com\/?s={search_term_string}"},"query-input":{"@type":"PropertyValueSpecification","valueRequired":true,"valueName":"search_term_string"}}],"inLanguage":"es"},{"@type":"Organization","@id":"https:\/\/continuamosmx.com\/#organization","name":"ContinuamosMX","url":"https:\/\/continuamosmx.com\/","logo":{"@type":"ImageObject","inLanguage":"es","@id":"https:\/\/continuamosmx.com\/#\/schema\/logo\/image\/","url":"https:\/\/continuamosmx.com\/wp-content\/uploads\/2023\/04\/cropped-LOGO-CONTI-NUEVO.png","contentUrl":"https:\/\/continuamosmx.com\/wp-content\/uploads\/2023\/04\/cropped-LOGO-CONTI-NUEVO.png","width":1257,"height":430,"caption":"ContinuamosMX"},"image":{"@id":"https:\/\/continuamosmx.com\/#\/schema\/logo\/image\/"}},{"@type":"Person","@id":"https:\/\/continuamosmx.com\/#\/schema\/person\/5eb5356acb1fad784da407d14f0e8d89","name":"Continuamos MX","image":{"@type":"ImageObject","inLanguage":"es","@id":"https:\/\/secure.gravatar.com\/avatar\/30d4f9723476a15f4da34d35fb3501f08d2357016c76051c6a85c354c7489589?s=96&d=mm&r=g","url":"https:\/\/secure.gravatar.com\/avatar\/30d4f9723476a15f4da34d35fb3501f08d2357016c76051c6a85c354c7489589?s=96&d=mm&r=g","contentUrl":"https:\/\/secure.gravatar.com\/avatar\/30d4f9723476a15f4da34d35fb3501f08d2357016c76051c6a85c354c7489589?s=96&d=mm&r=g","caption":"Continuamos MX"},"sameAs":["http:\/\/www.continuamos.mx"],"url":"https:\/\/continuamosmx.com\/index.php\/author\/continuamos\/"}]}},"_links":{"self":[{"href":"https:\/\/continuamosmx.com\/index.php\/wp-json\/wp\/v2\/posts\/49156","targetHints":{"allow":["GET"]}}],"collection":[{"href":"https:\/\/continuamosmx.com\/index.php\/wp-json\/wp\/v2\/posts"}],"about":[{"href":"https:\/\/continuamosmx.com\/index.php\/wp-json\/wp\/v2\/types\/post"}],"author":[{"embeddable":true,"href":"https:\/\/continuamosmx.com\/index.php\/wp-json\/wp\/v2\/users\/6"}],"replies":[{"embeddable":true,"href":"https:\/\/continuamosmx.com\/index.php\/wp-json\/wp\/v2\/comments?post=49156"}],"version-history":[{"count":1,"href":"https:\/\/continuamosmx.com\/index.php\/wp-json\/wp\/v2\/posts\/49156\/revisions"}],"predecessor-version":[{"id":49158,"href":"https:\/\/continuamosmx.com\/index.php\/wp-json\/wp\/v2\/posts\/49156\/revisions\/49158"}],"wp:featuredmedia":[{"embeddable":true,"href":"https:\/\/continuamosmx.com\/index.php\/wp-json\/wp\/v2\/media\/49157"}],"wp:attachment":[{"href":"https:\/\/continuamosmx.com\/index.php\/wp-json\/wp\/v2\/media?parent=49156"}],"wp:term":[{"taxonomy":"category","embeddable":true,"href":"https:\/\/continuamosmx.com\/index.php\/wp-json\/wp\/v2\/categories?post=49156"},{"taxonomy":"post_tag","embeddable":true,"href":"https:\/\/continuamosmx.com\/index.php\/wp-json\/wp\/v2\/tags?post=49156"}],"curies":[{"name":"wp","href":"https:\/\/api.w.org\/{rel}","templated":true}]}}