{"id":49070,"date":"2025-01-03T06:27:59","date_gmt":"2025-01-03T06:27:59","guid":{"rendered":"https:\/\/continuamosmx.com\/?p=49070"},"modified":"2025-01-03T06:28:00","modified_gmt":"2025-01-03T06:28:00","slug":"la-erradicacion-de-la-violencia-y-la-doble-alerta-de-genero-son-prioridades-para-la-nueva-administracion-de-c-izcalli","status":"publish","type":"post","link":"https:\/\/continuamosmx.com\/index.php\/2025\/01\/03\/la-erradicacion-de-la-violencia-y-la-doble-alerta-de-genero-son-prioridades-para-la-nueva-administracion-de-c-izcalli\/","title":{"rendered":"LA ERRADICACI\u00d3N DE LA VIOLENCIA Y LA DOBLE ALERTA DE G\u00c9NERO SON PRIORIDADES PARA LA NUEVA ADMINISTRACI\u00d3N DE C. IZCALLI"},"content":{"rendered":"\n<p><strong>*Se instala la primera Mesa de Coordinaci\u00f3n Territorial para la Paz y Seguridad en la Ciudad 121<\/strong><\/p>\n\n\n\n<p>CUAUTITL\u00c1N IZCALLI, M\u00e9x. El presidente municipal de Cuautitl\u00e1n Izcalli, Daniel Serrano, encabez\u00f3 la instalaci\u00f3n de la primera Mesa de Coordinaci\u00f3n Territorial para la Construcci\u00f3n de Paz y Seguridad, en atenci\u00f3n al llamado de la presidenta de M\u00e9xico, Claudia Sheinbaum.<\/p>\n\n\n\n<p>La mandataria federal ha destacado la importancia de la cooperaci\u00f3n interinstitucional para garantizar entornos m\u00e1s seguros en todo el pa\u00eds.<\/p>\n\n\n\n<p>Durante la reuni\u00f3n, Serrano reafirm\u00f3 el compromiso de su administraci\u00f3n con la atenci\u00f3n a las causas que generan la violencia y la importancia de trabajar de manera conjunta entre los tres niveles de gobierno y \u00e1reas especializadas.<\/p>\n\n\n\n<p>\u00abAgradezco la disposici\u00f3n y participaci\u00f3n en esta importante reuni\u00f3n; externo mi inter\u00e9s por que se incorpore a este gabinete de trabajo al titular del \u00e1rea de atenci\u00f3n a feminicidios de Cuautitl\u00e1n Izcalli, toda vez que la erradicaci\u00f3n de la doble Alerta de G\u00e9nero que prevalece en el municipio es una de nuestras tareas principales. La seguridad es un compromiso de todos los d\u00edas\u00bb, puntualiz\u00f3.<\/p>\n\n\n\n<p>La Mesa cont\u00f3 con la presencia de representantes de la Fiscal\u00eda General de la Rep\u00fablica (FGR), el Centro Nacional de Inteligencia (CNI), el Gobierno del Estado de M\u00e9xico, la Secretar\u00eda de Seguridad del Estado de M\u00e9xico, la Secretar\u00eda de Bienestar, la Comisar\u00eda General de Seguridad Ciudadana municipal y el Ayuntamiento.<\/p>\n\n\n\n<p>Con estas acciones, el gobierno municipal busca reforzar las estrategias de seguridad, con especial \u00e9nfasis en la erradicaci\u00f3n de la violencia de g\u00e9nero y la construcci\u00f3n de un entorno m\u00e1s seguro para los habitantes de Cuautitl\u00e1n Izcalli.<\/p>\n","protected":false},"excerpt":{"rendered":"<p>*Se instala la primera Mesa de Coordinaci\u00f3n Territorial para la Paz y Seguridad en la Ciudad 121 CUAUTITL\u00c1N IZCALLI, M\u00e9x. El presidente municipal de Cuautitl\u00e1n Izcalli, Daniel Serrano, encabez\u00f3 la instalaci\u00f3n de la primera Mesa de Coordinaci\u00f3n Territorial para la Construcci\u00f3n de Paz y Seguridad, en atenci\u00f3n al llamado de la presidenta de M\u00e9xico, Claudia [&hellip;]<\/p>\n","protected":false},"author":6,"featured_media":49071,"comment_status":"open","ping_status":"open","sticky":false,"template":"","format":"standard","meta":{"footnotes":""},"categories":[22,4],"tags":[],"class_list":["post-49070","post","type-post","status-publish","format-standard","has-post-thumbnail","hentry","category-c-izcalli","category-locales"],"yoast_head":"<!-- This site is optimized with the Yoast SEO plugin v27.5 - https:\/\/yoast.com\/product\/yoast-seo-wordpress\/ -->\n<title>LA ERRADICACI\u00d3N DE LA VIOLENCIA Y LA DOBLE ALERTA DE G\u00c9NERO SON PRIORIDADES PARA LA NUEVA ADMINISTRACI\u00d3N DE C. IZCALLI -<\/title>\n<meta name=\"robots\" content=\"index, follow, max-snippet:-1, max-image-preview:large, max-video-preview:-1\" \/>\n<link rel=\"canonical\" href=\"https:\/\/continuamosmx.com\/index.php\/2025\/01\/03\/la-erradicacion-de-la-violencia-y-la-doble-alerta-de-genero-son-prioridades-para-la-nueva-administracion-de-c-izcalli\/\" \/>\n<meta property=\"og:locale\" content=\"es_ES\" \/>\n<meta property=\"og:type\" content=\"article\" \/>\n<meta property=\"og:title\" content=\"LA ERRADICACI\u00d3N DE LA VIOLENCIA Y LA DOBLE ALERTA DE G\u00c9NERO SON PRIORIDADES PARA LA NUEVA ADMINISTRACI\u00d3N DE C. IZCALLI -\" \/>\n<meta property=\"og:description\" content=\"*Se instala la primera Mesa de Coordinaci\u00f3n Territorial para la Paz y Seguridad en la Ciudad 121 CUAUTITL\u00c1N IZCALLI, M\u00e9x. El presidente municipal de Cuautitl\u00e1n Izcalli, Daniel Serrano, encabez\u00f3 la instalaci\u00f3n de la primera Mesa de Coordinaci\u00f3n Territorial para la Construcci\u00f3n de Paz y Seguridad, en atenci\u00f3n al llamado de la presidenta de M\u00e9xico, Claudia [&hellip;]\" \/>\n<meta property=\"og:url\" content=\"https:\/\/continuamosmx.com\/index.php\/2025\/01\/03\/la-erradicacion-de-la-violencia-y-la-doble-alerta-de-genero-son-prioridades-para-la-nueva-administracion-de-c-izcalli\/\" \/>\n<meta property=\"article:published_time\" content=\"2025-01-03T06:27:59+00:00\" \/>\n<meta property=\"article:modified_time\" content=\"2025-01-03T06:28:00+00:00\" \/>\n<meta property=\"og:image\" content=\"https:\/\/continuamosmx.com\/wp-content\/uploads\/2025\/01\/paz.jpg\" \/>\n\t<meta property=\"og:image:width\" content=\"1600\" \/>\n\t<meta property=\"og:image:height\" content=\"1066\" \/>\n\t<meta property=\"og:image:type\" content=\"image\/jpeg\" \/>\n<meta name=\"author\" content=\"Continuamos MX\" \/>\n<meta name=\"twitter:card\" content=\"summary_large_image\" \/>\n<meta name=\"twitter:label1\" content=\"Escrito por\" \/>\n\t<meta name=\"twitter:data1\" content=\"Continuamos MX\" \/>\n\t<meta name=\"twitter:label2\" content=\"Tiempo de lectura\" \/>\n\t<meta name=\"twitter:data2\" content=\"2 minutos\" \/>\n<script type=\"application\/ld+json\" class=\"yoast-schema-graph\">{\"@context\":\"https:\\\/\\\/schema.org\",\"@graph\":[{\"@type\":\"Article\",\"@id\":\"https:\\\/\\\/continuamosmx.com\\\/index.php\\\/2025\\\/01\\\/03\\\/la-erradicacion-de-la-violencia-y-la-doble-alerta-de-genero-son-prioridades-para-la-nueva-administracion-de-c-izcalli\\\/#article\",\"isPartOf\":{\"@id\":\"https:\\\/\\\/continuamosmx.com\\\/index.php\\\/2025\\\/01\\\/03\\\/la-erradicacion-de-la-violencia-y-la-doble-alerta-de-genero-son-prioridades-para-la-nueva-administracion-de-c-izcalli\\\/\"},\"author\":{\"name\":\"Continuamos MX\",\"@id\":\"https:\\\/\\\/continuamosmx.com\\\/#\\\/schema\\\/person\\\/5eb5356acb1fad784da407d14f0e8d89\"},\"headline\":\"LA ERRADICACI\u00d3N DE LA VIOLENCIA Y LA DOBLE ALERTA DE G\u00c9NERO SON PRIORIDADES PARA LA NUEVA ADMINISTRACI\u00d3N DE C. IZCALLI\",\"datePublished\":\"2025-01-03T06:27:59+00:00\",\"dateModified\":\"2025-01-03T06:28:00+00:00\",\"mainEntityOfPage\":{\"@id\":\"https:\\\/\\\/continuamosmx.com\\\/index.php\\\/2025\\\/01\\\/03\\\/la-erradicacion-de-la-violencia-y-la-doble-alerta-de-genero-son-prioridades-para-la-nueva-administracion-de-c-izcalli\\\/\"},\"wordCount\":322,\"commentCount\":0,\"publisher\":{\"@id\":\"https:\\\/\\\/continuamosmx.com\\\/#organization\"},\"image\":{\"@id\":\"https:\\\/\\\/continuamosmx.com\\\/index.php\\\/2025\\\/01\\\/03\\\/la-erradicacion-de-la-violencia-y-la-doble-alerta-de-genero-son-prioridades-para-la-nueva-administracion-de-c-izcalli\\\/#primaryimage\"},\"thumbnailUrl\":\"https:\\\/\\\/continuamosmx.com\\\/wp-content\\\/uploads\\\/2025\\\/01\\\/paz.jpg\",\"articleSection\":[\"C. IZCALLI\",\"LOCALES\"],\"inLanguage\":\"es\"},{\"@type\":\"WebPage\",\"@id\":\"https:\\\/\\\/continuamosmx.com\\\/index.php\\\/2025\\\/01\\\/03\\\/la-erradicacion-de-la-violencia-y-la-doble-alerta-de-genero-son-prioridades-para-la-nueva-administracion-de-c-izcalli\\\/\",\"url\":\"https:\\\/\\\/continuamosmx.com\\\/index.php\\\/2025\\\/01\\\/03\\\/la-erradicacion-de-la-violencia-y-la-doble-alerta-de-genero-son-prioridades-para-la-nueva-administracion-de-c-izcalli\\\/\",\"name\":\"LA ERRADICACI\u00d3N DE LA VIOLENCIA Y LA DOBLE ALERTA DE G\u00c9NERO SON PRIORIDADES PARA LA NUEVA ADMINISTRACI\u00d3N DE C. IZCALLI -\",\"isPartOf\":{\"@id\":\"https:\\\/\\\/continuamosmx.com\\\/#website\"},\"primaryImageOfPage\":{\"@id\":\"https:\\\/\\\/continuamosmx.com\\\/index.php\\\/2025\\\/01\\\/03\\\/la-erradicacion-de-la-violencia-y-la-doble-alerta-de-genero-son-prioridades-para-la-nueva-administracion-de-c-izcalli\\\/#primaryimage\"},\"image\":{\"@id\":\"https:\\\/\\\/continuamosmx.com\\\/index.php\\\/2025\\\/01\\\/03\\\/la-erradicacion-de-la-violencia-y-la-doble-alerta-de-genero-son-prioridades-para-la-nueva-administracion-de-c-izcalli\\\/#primaryimage\"},\"thumbnailUrl\":\"https:\\\/\\\/continuamosmx.com\\\/wp-content\\\/uploads\\\/2025\\\/01\\\/paz.jpg\",\"datePublished\":\"2025-01-03T06:27:59+00:00\",\"dateModified\":\"2025-01-03T06:28:00+00:00\",\"breadcrumb\":{\"@id\":\"https:\\\/\\\/continuamosmx.com\\\/index.php\\\/2025\\\/01\\\/03\\\/la-erradicacion-de-la-violencia-y-la-doble-alerta-de-genero-son-prioridades-para-la-nueva-administracion-de-c-izcalli\\\/#breadcrumb\"},\"inLanguage\":\"es\",\"potentialAction\":[{\"@type\":\"ReadAction\",\"target\":[\"https:\\\/\\\/continuamosmx.com\\\/index.php\\\/2025\\\/01\\\/03\\\/la-erradicacion-de-la-violencia-y-la-doble-alerta-de-genero-son-prioridades-para-la-nueva-administracion-de-c-izcalli\\\/\"]}]},{\"@type\":\"ImageObject\",\"inLanguage\":\"es\",\"@id\":\"https:\\\/\\\/continuamosmx.com\\\/index.php\\\/2025\\\/01\\\/03\\\/la-erradicacion-de-la-violencia-y-la-doble-alerta-de-genero-son-prioridades-para-la-nueva-administracion-de-c-izcalli\\\/#primaryimage\",\"url\":\"https:\\\/\\\/continuamosmx.com\\\/wp-content\\\/uploads\\\/2025\\\/01\\\/paz.jpg\",\"contentUrl\":\"https:\\\/\\\/continuamosmx.com\\\/wp-content\\\/uploads\\\/2025\\\/01\\\/paz.jpg\",\"width\":1600,\"height\":1066},{\"@type\":\"BreadcrumbList\",\"@id\":\"https:\\\/\\\/continuamosmx.com\\\/index.php\\\/2025\\\/01\\\/03\\\/la-erradicacion-de-la-violencia-y-la-doble-alerta-de-genero-son-prioridades-para-la-nueva-administracion-de-c-izcalli\\\/#breadcrumb\",\"itemListElement\":[{\"@type\":\"ListItem\",\"position\":1,\"name\":\"Inicio\",\"item\":\"https:\\\/\\\/continuamosmx.com\\\/\"},{\"@type\":\"ListItem\",\"position\":2,\"name\":\"LA ERRADICACI\u00d3N DE LA VIOLENCIA Y LA DOBLE ALERTA DE G\u00c9NERO SON PRIORIDADES PARA LA NUEVA ADMINISTRACI\u00d3N DE C. IZCALLI\"}]},{\"@type\":\"WebSite\",\"@id\":\"https:\\\/\\\/continuamosmx.com\\\/#website\",\"url\":\"https:\\\/\\\/continuamosmx.com\\\/\",\"name\":\"www.continuamosmx.com\",\"description\":\"\",\"publisher\":{\"@id\":\"https:\\\/\\\/continuamosmx.com\\\/#organization\"},\"potentialAction\":[{\"@type\":\"SearchAction\",\"target\":{\"@type\":\"EntryPoint\",\"urlTemplate\":\"https:\\\/\\\/continuamosmx.com\\\/?s={search_term_string}\"},\"query-input\":{\"@type\":\"PropertyValueSpecification\",\"valueRequired\":true,\"valueName\":\"search_term_string\"}}],\"inLanguage\":\"es\"},{\"@type\":\"Organization\",\"@id\":\"https:\\\/\\\/continuamosmx.com\\\/#organization\",\"name\":\"ContinuamosMX\",\"url\":\"https:\\\/\\\/continuamosmx.com\\\/\",\"logo\":{\"@type\":\"ImageObject\",\"inLanguage\":\"es\",\"@id\":\"https:\\\/\\\/continuamosmx.com\\\/#\\\/schema\\\/logo\\\/image\\\/\",\"url\":\"https:\\\/\\\/continuamosmx.com\\\/wp-content\\\/uploads\\\/2023\\\/04\\\/cropped-LOGO-CONTI-NUEVO.png\",\"contentUrl\":\"https:\\\/\\\/continuamosmx.com\\\/wp-content\\\/uploads\\\/2023\\\/04\\\/cropped-LOGO-CONTI-NUEVO.png\",\"width\":1257,\"height\":430,\"caption\":\"ContinuamosMX\"},\"image\":{\"@id\":\"https:\\\/\\\/continuamosmx.com\\\/#\\\/schema\\\/logo\\\/image\\\/\"}},{\"@type\":\"Person\",\"@id\":\"https:\\\/\\\/continuamosmx.com\\\/#\\\/schema\\\/person\\\/5eb5356acb1fad784da407d14f0e8d89\",\"name\":\"Continuamos MX\",\"image\":{\"@type\":\"ImageObject\",\"inLanguage\":\"es\",\"@id\":\"https:\\\/\\\/secure.gravatar.com\\\/avatar\\\/30d4f9723476a15f4da34d35fb3501f08d2357016c76051c6a85c354c7489589?s=96&d=mm&r=g\",\"url\":\"https:\\\/\\\/secure.gravatar.com\\\/avatar\\\/30d4f9723476a15f4da34d35fb3501f08d2357016c76051c6a85c354c7489589?s=96&d=mm&r=g\",\"contentUrl\":\"https:\\\/\\\/secure.gravatar.com\\\/avatar\\\/30d4f9723476a15f4da34d35fb3501f08d2357016c76051c6a85c354c7489589?s=96&d=mm&r=g\",\"caption\":\"Continuamos MX\"},\"sameAs\":[\"http:\\\/\\\/www.continuamos.mx\"],\"url\":\"https:\\\/\\\/continuamosmx.com\\\/index.php\\\/author\\\/continuamos\\\/\"}]}<\/script>\n<!-- \/ Yoast SEO plugin. -->","yoast_head_json":{"title":"LA ERRADICACI\u00d3N DE LA VIOLENCIA Y LA DOBLE ALERTA DE G\u00c9NERO SON PRIORIDADES PARA LA NUEVA ADMINISTRACI\u00d3N DE C. IZCALLI -","robots":{"index":"index","follow":"follow","max-snippet":"max-snippet:-1","max-image-preview":"max-image-preview:large","max-video-preview":"max-video-preview:-1"},"canonical":"https:\/\/continuamosmx.com\/index.php\/2025\/01\/03\/la-erradicacion-de-la-violencia-y-la-doble-alerta-de-genero-son-prioridades-para-la-nueva-administracion-de-c-izcalli\/","og_locale":"es_ES","og_type":"article","og_title":"LA ERRADICACI\u00d3N DE LA VIOLENCIA Y LA DOBLE ALERTA DE G\u00c9NERO SON PRIORIDADES PARA LA NUEVA ADMINISTRACI\u00d3N DE C. IZCALLI -","og_description":"*Se instala la primera Mesa de Coordinaci\u00f3n Territorial para la Paz y Seguridad en la Ciudad 121 CUAUTITL\u00c1N IZCALLI, M\u00e9x. El presidente municipal de Cuautitl\u00e1n Izcalli, Daniel Serrano, encabez\u00f3 la instalaci\u00f3n de la primera Mesa de Coordinaci\u00f3n Territorial para la Construcci\u00f3n de Paz y Seguridad, en atenci\u00f3n al llamado de la presidenta de M\u00e9xico, Claudia [&hellip;]","og_url":"https:\/\/continuamosmx.com\/index.php\/2025\/01\/03\/la-erradicacion-de-la-violencia-y-la-doble-alerta-de-genero-son-prioridades-para-la-nueva-administracion-de-c-izcalli\/","article_published_time":"2025-01-03T06:27:59+00:00","article_modified_time":"2025-01-03T06:28:00+00:00","og_image":[{"width":1600,"height":1066,"url":"https:\/\/continuamosmx.com\/wp-content\/uploads\/2025\/01\/paz.jpg","type":"image\/jpeg"}],"author":"Continuamos MX","twitter_card":"summary_large_image","twitter_misc":{"Escrito por":"Continuamos MX","Tiempo de lectura":"2 minutos"},"schema":{"@context":"https:\/\/schema.org","@graph":[{"@type":"Article","@id":"https:\/\/continuamosmx.com\/index.php\/2025\/01\/03\/la-erradicacion-de-la-violencia-y-la-doble-alerta-de-genero-son-prioridades-para-la-nueva-administracion-de-c-izcalli\/#article","isPartOf":{"@id":"https:\/\/continuamosmx.com\/index.php\/2025\/01\/03\/la-erradicacion-de-la-violencia-y-la-doble-alerta-de-genero-son-prioridades-para-la-nueva-administracion-de-c-izcalli\/"},"author":{"name":"Continuamos MX","@id":"https:\/\/continuamosmx.com\/#\/schema\/person\/5eb5356acb1fad784da407d14f0e8d89"},"headline":"LA ERRADICACI\u00d3N DE LA VIOLENCIA Y LA DOBLE ALERTA DE G\u00c9NERO SON PRIORIDADES PARA LA NUEVA ADMINISTRACI\u00d3N DE C. IZCALLI","datePublished":"2025-01-03T06:27:59+00:00","dateModified":"2025-01-03T06:28:00+00:00","mainEntityOfPage":{"@id":"https:\/\/continuamosmx.com\/index.php\/2025\/01\/03\/la-erradicacion-de-la-violencia-y-la-doble-alerta-de-genero-son-prioridades-para-la-nueva-administracion-de-c-izcalli\/"},"wordCount":322,"commentCount":0,"publisher":{"@id":"https:\/\/continuamosmx.com\/#organization"},"image":{"@id":"https:\/\/continuamosmx.com\/index.php\/2025\/01\/03\/la-erradicacion-de-la-violencia-y-la-doble-alerta-de-genero-son-prioridades-para-la-nueva-administracion-de-c-izcalli\/#primaryimage"},"thumbnailUrl":"https:\/\/continuamosmx.com\/wp-content\/uploads\/2025\/01\/paz.jpg","articleSection":["C. IZCALLI","LOCALES"],"inLanguage":"es"},{"@type":"WebPage","@id":"https:\/\/continuamosmx.com\/index.php\/2025\/01\/03\/la-erradicacion-de-la-violencia-y-la-doble-alerta-de-genero-son-prioridades-para-la-nueva-administracion-de-c-izcalli\/","url":"https:\/\/continuamosmx.com\/index.php\/2025\/01\/03\/la-erradicacion-de-la-violencia-y-la-doble-alerta-de-genero-son-prioridades-para-la-nueva-administracion-de-c-izcalli\/","name":"LA ERRADICACI\u00d3N DE LA VIOLENCIA Y LA DOBLE ALERTA DE G\u00c9NERO SON PRIORIDADES PARA LA NUEVA ADMINISTRACI\u00d3N DE C. IZCALLI -","isPartOf":{"@id":"https:\/\/continuamosmx.com\/#website"},"primaryImageOfPage":{"@id":"https:\/\/continuamosmx.com\/index.php\/2025\/01\/03\/la-erradicacion-de-la-violencia-y-la-doble-alerta-de-genero-son-prioridades-para-la-nueva-administracion-de-c-izcalli\/#primaryimage"},"image":{"@id":"https:\/\/continuamosmx.com\/index.php\/2025\/01\/03\/la-erradicacion-de-la-violencia-y-la-doble-alerta-de-genero-son-prioridades-para-la-nueva-administracion-de-c-izcalli\/#primaryimage"},"thumbnailUrl":"https:\/\/continuamosmx.com\/wp-content\/uploads\/2025\/01\/paz.jpg","datePublished":"2025-01-03T06:27:59+00:00","dateModified":"2025-01-03T06:28:00+00:00","breadcrumb":{"@id":"https:\/\/continuamosmx.com\/index.php\/2025\/01\/03\/la-erradicacion-de-la-violencia-y-la-doble-alerta-de-genero-son-prioridades-para-la-nueva-administracion-de-c-izcalli\/#breadcrumb"},"inLanguage":"es","potentialAction":[{"@type":"ReadAction","target":["https:\/\/continuamosmx.com\/index.php\/2025\/01\/03\/la-erradicacion-de-la-violencia-y-la-doble-alerta-de-genero-son-prioridades-para-la-nueva-administracion-de-c-izcalli\/"]}]},{"@type":"ImageObject","inLanguage":"es","@id":"https:\/\/continuamosmx.com\/index.php\/2025\/01\/03\/la-erradicacion-de-la-violencia-y-la-doble-alerta-de-genero-son-prioridades-para-la-nueva-administracion-de-c-izcalli\/#primaryimage","url":"https:\/\/continuamosmx.com\/wp-content\/uploads\/2025\/01\/paz.jpg","contentUrl":"https:\/\/continuamosmx.com\/wp-content\/uploads\/2025\/01\/paz.jpg","width":1600,"height":1066},{"@type":"BreadcrumbList","@id":"https:\/\/continuamosmx.com\/index.php\/2025\/01\/03\/la-erradicacion-de-la-violencia-y-la-doble-alerta-de-genero-son-prioridades-para-la-nueva-administracion-de-c-izcalli\/#breadcrumb","itemListElement":[{"@type":"ListItem","position":1,"name":"Inicio","item":"https:\/\/continuamosmx.com\/"},{"@type":"ListItem","position":2,"name":"LA ERRADICACI\u00d3N DE LA VIOLENCIA Y LA DOBLE ALERTA DE G\u00c9NERO SON PRIORIDADES PARA LA NUEVA ADMINISTRACI\u00d3N DE C. IZCALLI"}]},{"@type":"WebSite","@id":"https:\/\/continuamosmx.com\/#website","url":"https:\/\/continuamosmx.com\/","name":"www.continuamosmx.com","description":"","publisher":{"@id":"https:\/\/continuamosmx.com\/#organization"},"potentialAction":[{"@type":"SearchAction","target":{"@type":"EntryPoint","urlTemplate":"https:\/\/continuamosmx.com\/?s={search_term_string}"},"query-input":{"@type":"PropertyValueSpecification","valueRequired":true,"valueName":"search_term_string"}}],"inLanguage":"es"},{"@type":"Organization","@id":"https:\/\/continuamosmx.com\/#organization","name":"ContinuamosMX","url":"https:\/\/continuamosmx.com\/","logo":{"@type":"ImageObject","inLanguage":"es","@id":"https:\/\/continuamosmx.com\/#\/schema\/logo\/image\/","url":"https:\/\/continuamosmx.com\/wp-content\/uploads\/2023\/04\/cropped-LOGO-CONTI-NUEVO.png","contentUrl":"https:\/\/continuamosmx.com\/wp-content\/uploads\/2023\/04\/cropped-LOGO-CONTI-NUEVO.png","width":1257,"height":430,"caption":"ContinuamosMX"},"image":{"@id":"https:\/\/continuamosmx.com\/#\/schema\/logo\/image\/"}},{"@type":"Person","@id":"https:\/\/continuamosmx.com\/#\/schema\/person\/5eb5356acb1fad784da407d14f0e8d89","name":"Continuamos MX","image":{"@type":"ImageObject","inLanguage":"es","@id":"https:\/\/secure.gravatar.com\/avatar\/30d4f9723476a15f4da34d35fb3501f08d2357016c76051c6a85c354c7489589?s=96&d=mm&r=g","url":"https:\/\/secure.gravatar.com\/avatar\/30d4f9723476a15f4da34d35fb3501f08d2357016c76051c6a85c354c7489589?s=96&d=mm&r=g","contentUrl":"https:\/\/secure.gravatar.com\/avatar\/30d4f9723476a15f4da34d35fb3501f08d2357016c76051c6a85c354c7489589?s=96&d=mm&r=g","caption":"Continuamos MX"},"sameAs":["http:\/\/www.continuamos.mx"],"url":"https:\/\/continuamosmx.com\/index.php\/author\/continuamos\/"}]}},"_links":{"self":[{"href":"https:\/\/continuamosmx.com\/index.php\/wp-json\/wp\/v2\/posts\/49070","targetHints":{"allow":["GET"]}}],"collection":[{"href":"https:\/\/continuamosmx.com\/index.php\/wp-json\/wp\/v2\/posts"}],"about":[{"href":"https:\/\/continuamosmx.com\/index.php\/wp-json\/wp\/v2\/types\/post"}],"author":[{"embeddable":true,"href":"https:\/\/continuamosmx.com\/index.php\/wp-json\/wp\/v2\/users\/6"}],"replies":[{"embeddable":true,"href":"https:\/\/continuamosmx.com\/index.php\/wp-json\/wp\/v2\/comments?post=49070"}],"version-history":[{"count":1,"href":"https:\/\/continuamosmx.com\/index.php\/wp-json\/wp\/v2\/posts\/49070\/revisions"}],"predecessor-version":[{"id":49072,"href":"https:\/\/continuamosmx.com\/index.php\/wp-json\/wp\/v2\/posts\/49070\/revisions\/49072"}],"wp:featuredmedia":[{"embeddable":true,"href":"https:\/\/continuamosmx.com\/index.php\/wp-json\/wp\/v2\/media\/49071"}],"wp:attachment":[{"href":"https:\/\/continuamosmx.com\/index.php\/wp-json\/wp\/v2\/media?parent=49070"}],"wp:term":[{"taxonomy":"category","embeddable":true,"href":"https:\/\/continuamosmx.com\/index.php\/wp-json\/wp\/v2\/categories?post=49070"},{"taxonomy":"post_tag","embeddable":true,"href":"https:\/\/continuamosmx.com\/index.php\/wp-json\/wp\/v2\/tags?post=49070"}],"curies":[{"name":"wp","href":"https:\/\/api.w.org\/{rel}","templated":true}]}}