{"id":49064,"date":"2025-01-02T16:16:00","date_gmt":"2025-01-02T16:16:00","guid":{"rendered":"https:\/\/continuamosmx.com\/?p=49064"},"modified":"2025-01-03T04:16:52","modified_gmt":"2025-01-03T04:16:52","slug":"yoselin-mendoza-conforma-nuevo-cabildo-en-nicolas-romero-para-el-periodo-2025-2027","status":"publish","type":"post","link":"https:\/\/continuamosmx.com\/index.php\/2025\/01\/02\/yoselin-mendoza-conforma-nuevo-cabildo-en-nicolas-romero-para-el-periodo-2025-2027\/","title":{"rendered":"YOSELIN MENDOZA CONFORMA NUEVO CABILDO EN NICOL\u00c1S ROMERO PARA EL PERIODO 2025-2027"},"content":{"rendered":"\n<p><strong>*La morenista dijo que trabajar\u00e1 con visi\u00f3n innovadora para beneficio de las y los nicolasromerenses.<\/strong><\/p>\n\n\n\n<p>NICOL\u00c1S ROMERO, M\u00e9x.- Yoselin Nanyeli Mendoza Ram\u00edrez asumi\u00f3 su cargo como presidenta municipal de Nicol\u00e1s Romero y encabez\u00f3 la Primera Sesi\u00f3n Solemne de Cabildo, donde tom\u00f3 protesta a quienes integrar\u00e1n las \u00e1reas de la administraci\u00f3n p\u00fablica municipal para el periodo 2025-2027.<\/p>\n\n\n\n<p>Durante su intervenci\u00f3n, Mendoza Ram\u00edrez reiter\u00f3 su compromiso de trabajar arduamente para transformar al municipio con acciones innovadoras que impacten positivamente en la vida de la ciudadan\u00eda.<\/p>\n\n\n\n<p>El Cabildo qued\u00f3 integrado por Felipe de Jes\u00fas Mart\u00ednez G\u00f3mez como S\u00edndico Municipal; Geraldina Garc\u00eda Meneses, Primera Regidora; Arturo Nava Alan\u00eds, Segundo Regidor; Rosario Bautista Osorio, Tercera Regidora; Jonathan Rosas Garc\u00eda, Cuarto Regidor; Mirely Romero Aceves, Quinta Regidora; Cynthia Selene Cruz Alc\u00e1ntara, Sexta Regidora; Humberto C\u00e1ceres Dom\u00ednguez, S\u00e9ptimo Regidor; Chantal Naomi Osnaya Escobar, Octava Regidora, y Edith Hern\u00e1ndez Domingo, Novena Regidora.<\/p>\n\n\n\n<p>NOMBRAMIENTOS CLAVE EN LA ADMINISTRACI\u00d3N<\/p>\n\n\n\n<p>Durante la sesi\u00f3n, se aprobaron los nombramientos de:<\/p>\n\n\n\n<ul class=\"wp-block-list\">\n<li>Marco Tulio Lozada Aceves, Secretario del H. Ayuntamiento.<\/li>\n\n\n\n<li>Oscar Osnaya Cruz, Coordinador General de Protecci\u00f3n Civil y Bomberos.<\/li>\n\n\n\n<li>Alberto Jorge Rodr\u00edguez G\u00f3mez, Director General de Infraestructura Municipal.<\/li>\n\n\n\n<li>V\u00edctor Hugo Aguilar Pav\u00f3n, Director de Innovaci\u00f3n Gubernamental.<\/li>\n\n\n\n<li>Thamara Ivonne Gonz\u00e1lez Rodr\u00edguez, Directora General de Bienestar Integral.<\/li>\n\n\n\n<li>Irving Santos Z\u00fa\u00f1iga, Director del Sistema Municipal DIF.<\/li>\n\n\n\n<li>Gilberto Luis Mendoza, Director del Organismo P\u00fablico Descentralizado para la Prestaci\u00f3n de Servicios P\u00fablicos de Agua Potable y Saneamiento.<\/li>\n<\/ul>\n\n\n\n<p>Estos funcionarios rindieron protesta para conformar la nueva estructura municipal. Adem\u00e1s, se integr\u00f3 el Consejo Directivo del Organismo de Agua Potable y Saneamiento, con Yoselin Mendoza como presidenta, Gilberto Luis Mendoza como secretario t\u00e9cnico, Felipe de Jes\u00fas Mart\u00ednez G\u00f3mez como comisario, y Teresa Gonz\u00e1lez Valadez y Roberto V\u00edctor Calzadilla como vocales.<\/p>\n\n\n\n<p>El Cabildo tambi\u00e9n otorg\u00f3 por unanimidad la representaci\u00f3n legal y leg\u00edtima a la alcaldesa para que suscriba convenios, contratos, comodatos y arrendamientos en nombre del municipio con instituciones p\u00fablicas, privadas y sociales. Asimismo, se emiti\u00f3 la convocatoria para la conformaci\u00f3n del \u00d3rgano Interno de Control.<\/p>\n\n\n\n<p>Con este nuevo equipo de trabajo, Mendoza Ram\u00edrez reafirm\u00f3 su compromiso de generar un gobierno cercano, eficiente y enfocado en el bienestar de las familias nicolasromerenses.<\/p>\n","protected":false},"excerpt":{"rendered":"<p>*La morenista dijo que trabajar\u00e1 con visi\u00f3n innovadora para beneficio de las y los nicolasromerenses. NICOL\u00c1S ROMERO, M\u00e9x.- Yoselin Nanyeli Mendoza Ram\u00edrez asumi\u00f3 su cargo como presidenta municipal de Nicol\u00e1s Romero y encabez\u00f3 la Primera Sesi\u00f3n Solemne de Cabildo, donde tom\u00f3 protesta a quienes integrar\u00e1n las \u00e1reas de la administraci\u00f3n p\u00fablica municipal para el periodo [&hellip;]<\/p>\n","protected":false},"author":6,"featured_media":49065,"comment_status":"open","ping_status":"open","sticky":false,"template":"","format":"standard","meta":{"footnotes":""},"categories":[4,36],"tags":[],"class_list":["post-49064","post","type-post","status-publish","format-standard","has-post-thumbnail","hentry","category-locales","category-nicolas-romero"],"yoast_head":"<!-- This site is optimized with the Yoast SEO plugin v27.4 - https:\/\/yoast.com\/product\/yoast-seo-wordpress\/ -->\n<title>YOSELIN MENDOZA CONFORMA NUEVO CABILDO EN NICOL\u00c1S ROMERO PARA EL PERIODO 2025-2027 -<\/title>\n<meta name=\"robots\" content=\"index, follow, max-snippet:-1, max-image-preview:large, max-video-preview:-1\" \/>\n<link rel=\"canonical\" href=\"https:\/\/continuamosmx.com\/index.php\/2025\/01\/02\/yoselin-mendoza-conforma-nuevo-cabildo-en-nicolas-romero-para-el-periodo-2025-2027\/\" \/>\n<meta property=\"og:locale\" content=\"es_ES\" \/>\n<meta property=\"og:type\" content=\"article\" \/>\n<meta property=\"og:title\" content=\"YOSELIN MENDOZA CONFORMA NUEVO CABILDO EN NICOL\u00c1S ROMERO PARA EL PERIODO 2025-2027 -\" \/>\n<meta property=\"og:description\" content=\"*La morenista dijo que trabajar\u00e1 con visi\u00f3n innovadora para beneficio de las y los nicolasromerenses. NICOL\u00c1S ROMERO, M\u00e9x.- Yoselin Nanyeli Mendoza Ram\u00edrez asumi\u00f3 su cargo como presidenta municipal de Nicol\u00e1s Romero y encabez\u00f3 la Primera Sesi\u00f3n Solemne de Cabildo, donde tom\u00f3 protesta a quienes integrar\u00e1n las \u00e1reas de la administraci\u00f3n p\u00fablica municipal para el periodo [&hellip;]\" \/>\n<meta property=\"og:url\" content=\"https:\/\/continuamosmx.com\/index.php\/2025\/01\/02\/yoselin-mendoza-conforma-nuevo-cabildo-en-nicolas-romero-para-el-periodo-2025-2027\/\" \/>\n<meta property=\"article:published_time\" content=\"2025-01-02T16:16:00+00:00\" \/>\n<meta property=\"article:modified_time\" content=\"2025-01-03T04:16:52+00:00\" \/>\n<meta property=\"og:image\" content=\"https:\/\/continuamosmx.com\/wp-content\/uploads\/2025\/01\/sesion.jpg\" \/>\n\t<meta property=\"og:image:width\" content=\"1280\" \/>\n\t<meta property=\"og:image:height\" content=\"695\" \/>\n\t<meta property=\"og:image:type\" content=\"image\/jpeg\" \/>\n<meta name=\"author\" content=\"Continuamos MX\" \/>\n<meta name=\"twitter:card\" content=\"summary_large_image\" \/>\n<meta name=\"twitter:label1\" content=\"Escrito por\" \/>\n\t<meta name=\"twitter:data1\" content=\"Continuamos MX\" \/>\n\t<meta name=\"twitter:label2\" content=\"Tiempo de lectura\" \/>\n\t<meta name=\"twitter:data2\" content=\"2 minutos\" \/>\n<script type=\"application\/ld+json\" class=\"yoast-schema-graph\">{\"@context\":\"https:\\\/\\\/schema.org\",\"@graph\":[{\"@type\":\"Article\",\"@id\":\"https:\\\/\\\/continuamosmx.com\\\/index.php\\\/2025\\\/01\\\/02\\\/yoselin-mendoza-conforma-nuevo-cabildo-en-nicolas-romero-para-el-periodo-2025-2027\\\/#article\",\"isPartOf\":{\"@id\":\"https:\\\/\\\/continuamosmx.com\\\/index.php\\\/2025\\\/01\\\/02\\\/yoselin-mendoza-conforma-nuevo-cabildo-en-nicolas-romero-para-el-periodo-2025-2027\\\/\"},\"author\":{\"name\":\"Continuamos MX\",\"@id\":\"https:\\\/\\\/continuamosmx.com\\\/#\\\/schema\\\/person\\\/5eb5356acb1fad784da407d14f0e8d89\"},\"headline\":\"YOSELIN MENDOZA CONFORMA NUEVO CABILDO EN NICOL\u00c1S ROMERO PARA EL PERIODO 2025-2027\",\"datePublished\":\"2025-01-02T16:16:00+00:00\",\"dateModified\":\"2025-01-03T04:16:52+00:00\",\"mainEntityOfPage\":{\"@id\":\"https:\\\/\\\/continuamosmx.com\\\/index.php\\\/2025\\\/01\\\/02\\\/yoselin-mendoza-conforma-nuevo-cabildo-en-nicolas-romero-para-el-periodo-2025-2027\\\/\"},\"wordCount\":415,\"commentCount\":0,\"publisher\":{\"@id\":\"https:\\\/\\\/continuamosmx.com\\\/#organization\"},\"image\":{\"@id\":\"https:\\\/\\\/continuamosmx.com\\\/index.php\\\/2025\\\/01\\\/02\\\/yoselin-mendoza-conforma-nuevo-cabildo-en-nicolas-romero-para-el-periodo-2025-2027\\\/#primaryimage\"},\"thumbnailUrl\":\"https:\\\/\\\/continuamosmx.com\\\/wp-content\\\/uploads\\\/2025\\\/01\\\/sesion.jpg\",\"articleSection\":[\"LOCALES\",\"NICOL\u00c1S ROMERO\"],\"inLanguage\":\"es\"},{\"@type\":\"WebPage\",\"@id\":\"https:\\\/\\\/continuamosmx.com\\\/index.php\\\/2025\\\/01\\\/02\\\/yoselin-mendoza-conforma-nuevo-cabildo-en-nicolas-romero-para-el-periodo-2025-2027\\\/\",\"url\":\"https:\\\/\\\/continuamosmx.com\\\/index.php\\\/2025\\\/01\\\/02\\\/yoselin-mendoza-conforma-nuevo-cabildo-en-nicolas-romero-para-el-periodo-2025-2027\\\/\",\"name\":\"YOSELIN MENDOZA CONFORMA NUEVO CABILDO EN NICOL\u00c1S ROMERO PARA EL PERIODO 2025-2027 -\",\"isPartOf\":{\"@id\":\"https:\\\/\\\/continuamosmx.com\\\/#website\"},\"primaryImageOfPage\":{\"@id\":\"https:\\\/\\\/continuamosmx.com\\\/index.php\\\/2025\\\/01\\\/02\\\/yoselin-mendoza-conforma-nuevo-cabildo-en-nicolas-romero-para-el-periodo-2025-2027\\\/#primaryimage\"},\"image\":{\"@id\":\"https:\\\/\\\/continuamosmx.com\\\/index.php\\\/2025\\\/01\\\/02\\\/yoselin-mendoza-conforma-nuevo-cabildo-en-nicolas-romero-para-el-periodo-2025-2027\\\/#primaryimage\"},\"thumbnailUrl\":\"https:\\\/\\\/continuamosmx.com\\\/wp-content\\\/uploads\\\/2025\\\/01\\\/sesion.jpg\",\"datePublished\":\"2025-01-02T16:16:00+00:00\",\"dateModified\":\"2025-01-03T04:16:52+00:00\",\"breadcrumb\":{\"@id\":\"https:\\\/\\\/continuamosmx.com\\\/index.php\\\/2025\\\/01\\\/02\\\/yoselin-mendoza-conforma-nuevo-cabildo-en-nicolas-romero-para-el-periodo-2025-2027\\\/#breadcrumb\"},\"inLanguage\":\"es\",\"potentialAction\":[{\"@type\":\"ReadAction\",\"target\":[\"https:\\\/\\\/continuamosmx.com\\\/index.php\\\/2025\\\/01\\\/02\\\/yoselin-mendoza-conforma-nuevo-cabildo-en-nicolas-romero-para-el-periodo-2025-2027\\\/\"]}]},{\"@type\":\"ImageObject\",\"inLanguage\":\"es\",\"@id\":\"https:\\\/\\\/continuamosmx.com\\\/index.php\\\/2025\\\/01\\\/02\\\/yoselin-mendoza-conforma-nuevo-cabildo-en-nicolas-romero-para-el-periodo-2025-2027\\\/#primaryimage\",\"url\":\"https:\\\/\\\/continuamosmx.com\\\/wp-content\\\/uploads\\\/2025\\\/01\\\/sesion.jpg\",\"contentUrl\":\"https:\\\/\\\/continuamosmx.com\\\/wp-content\\\/uploads\\\/2025\\\/01\\\/sesion.jpg\",\"width\":1280,\"height\":695},{\"@type\":\"BreadcrumbList\",\"@id\":\"https:\\\/\\\/continuamosmx.com\\\/index.php\\\/2025\\\/01\\\/02\\\/yoselin-mendoza-conforma-nuevo-cabildo-en-nicolas-romero-para-el-periodo-2025-2027\\\/#breadcrumb\",\"itemListElement\":[{\"@type\":\"ListItem\",\"position\":1,\"name\":\"Inicio\",\"item\":\"https:\\\/\\\/continuamosmx.com\\\/\"},{\"@type\":\"ListItem\",\"position\":2,\"name\":\"YOSELIN MENDOZA CONFORMA NUEVO CABILDO EN NICOL\u00c1S ROMERO PARA EL PERIODO 2025-2027\"}]},{\"@type\":\"WebSite\",\"@id\":\"https:\\\/\\\/continuamosmx.com\\\/#website\",\"url\":\"https:\\\/\\\/continuamosmx.com\\\/\",\"name\":\"www.continuamosmx.com\",\"description\":\"\",\"publisher\":{\"@id\":\"https:\\\/\\\/continuamosmx.com\\\/#organization\"},\"potentialAction\":[{\"@type\":\"SearchAction\",\"target\":{\"@type\":\"EntryPoint\",\"urlTemplate\":\"https:\\\/\\\/continuamosmx.com\\\/?s={search_term_string}\"},\"query-input\":{\"@type\":\"PropertyValueSpecification\",\"valueRequired\":true,\"valueName\":\"search_term_string\"}}],\"inLanguage\":\"es\"},{\"@type\":\"Organization\",\"@id\":\"https:\\\/\\\/continuamosmx.com\\\/#organization\",\"name\":\"ContinuamosMX\",\"url\":\"https:\\\/\\\/continuamosmx.com\\\/\",\"logo\":{\"@type\":\"ImageObject\",\"inLanguage\":\"es\",\"@id\":\"https:\\\/\\\/continuamosmx.com\\\/#\\\/schema\\\/logo\\\/image\\\/\",\"url\":\"https:\\\/\\\/continuamosmx.com\\\/wp-content\\\/uploads\\\/2023\\\/04\\\/cropped-LOGO-CONTI-NUEVO.png\",\"contentUrl\":\"https:\\\/\\\/continuamosmx.com\\\/wp-content\\\/uploads\\\/2023\\\/04\\\/cropped-LOGO-CONTI-NUEVO.png\",\"width\":1257,\"height\":430,\"caption\":\"ContinuamosMX\"},\"image\":{\"@id\":\"https:\\\/\\\/continuamosmx.com\\\/#\\\/schema\\\/logo\\\/image\\\/\"}},{\"@type\":\"Person\",\"@id\":\"https:\\\/\\\/continuamosmx.com\\\/#\\\/schema\\\/person\\\/5eb5356acb1fad784da407d14f0e8d89\",\"name\":\"Continuamos MX\",\"image\":{\"@type\":\"ImageObject\",\"inLanguage\":\"es\",\"@id\":\"https:\\\/\\\/secure.gravatar.com\\\/avatar\\\/30d4f9723476a15f4da34d35fb3501f08d2357016c76051c6a85c354c7489589?s=96&d=mm&r=g\",\"url\":\"https:\\\/\\\/secure.gravatar.com\\\/avatar\\\/30d4f9723476a15f4da34d35fb3501f08d2357016c76051c6a85c354c7489589?s=96&d=mm&r=g\",\"contentUrl\":\"https:\\\/\\\/secure.gravatar.com\\\/avatar\\\/30d4f9723476a15f4da34d35fb3501f08d2357016c76051c6a85c354c7489589?s=96&d=mm&r=g\",\"caption\":\"Continuamos MX\"},\"sameAs\":[\"http:\\\/\\\/www.continuamos.mx\"],\"url\":\"https:\\\/\\\/continuamosmx.com\\\/index.php\\\/author\\\/continuamos\\\/\"}]}<\/script>\n<!-- \/ Yoast SEO plugin. -->","yoast_head_json":{"title":"YOSELIN MENDOZA CONFORMA NUEVO CABILDO EN NICOL\u00c1S ROMERO PARA EL PERIODO 2025-2027 -","robots":{"index":"index","follow":"follow","max-snippet":"max-snippet:-1","max-image-preview":"max-image-preview:large","max-video-preview":"max-video-preview:-1"},"canonical":"https:\/\/continuamosmx.com\/index.php\/2025\/01\/02\/yoselin-mendoza-conforma-nuevo-cabildo-en-nicolas-romero-para-el-periodo-2025-2027\/","og_locale":"es_ES","og_type":"article","og_title":"YOSELIN MENDOZA CONFORMA NUEVO CABILDO EN NICOL\u00c1S ROMERO PARA EL PERIODO 2025-2027 -","og_description":"*La morenista dijo que trabajar\u00e1 con visi\u00f3n innovadora para beneficio de las y los nicolasromerenses. NICOL\u00c1S ROMERO, M\u00e9x.- Yoselin Nanyeli Mendoza Ram\u00edrez asumi\u00f3 su cargo como presidenta municipal de Nicol\u00e1s Romero y encabez\u00f3 la Primera Sesi\u00f3n Solemne de Cabildo, donde tom\u00f3 protesta a quienes integrar\u00e1n las \u00e1reas de la administraci\u00f3n p\u00fablica municipal para el periodo [&hellip;]","og_url":"https:\/\/continuamosmx.com\/index.php\/2025\/01\/02\/yoselin-mendoza-conforma-nuevo-cabildo-en-nicolas-romero-para-el-periodo-2025-2027\/","article_published_time":"2025-01-02T16:16:00+00:00","article_modified_time":"2025-01-03T04:16:52+00:00","og_image":[{"width":1280,"height":695,"url":"https:\/\/continuamosmx.com\/wp-content\/uploads\/2025\/01\/sesion.jpg","type":"image\/jpeg"}],"author":"Continuamos MX","twitter_card":"summary_large_image","twitter_misc":{"Escrito por":"Continuamos MX","Tiempo de lectura":"2 minutos"},"schema":{"@context":"https:\/\/schema.org","@graph":[{"@type":"Article","@id":"https:\/\/continuamosmx.com\/index.php\/2025\/01\/02\/yoselin-mendoza-conforma-nuevo-cabildo-en-nicolas-romero-para-el-periodo-2025-2027\/#article","isPartOf":{"@id":"https:\/\/continuamosmx.com\/index.php\/2025\/01\/02\/yoselin-mendoza-conforma-nuevo-cabildo-en-nicolas-romero-para-el-periodo-2025-2027\/"},"author":{"name":"Continuamos MX","@id":"https:\/\/continuamosmx.com\/#\/schema\/person\/5eb5356acb1fad784da407d14f0e8d89"},"headline":"YOSELIN MENDOZA CONFORMA NUEVO CABILDO EN NICOL\u00c1S ROMERO PARA EL PERIODO 2025-2027","datePublished":"2025-01-02T16:16:00+00:00","dateModified":"2025-01-03T04:16:52+00:00","mainEntityOfPage":{"@id":"https:\/\/continuamosmx.com\/index.php\/2025\/01\/02\/yoselin-mendoza-conforma-nuevo-cabildo-en-nicolas-romero-para-el-periodo-2025-2027\/"},"wordCount":415,"commentCount":0,"publisher":{"@id":"https:\/\/continuamosmx.com\/#organization"},"image":{"@id":"https:\/\/continuamosmx.com\/index.php\/2025\/01\/02\/yoselin-mendoza-conforma-nuevo-cabildo-en-nicolas-romero-para-el-periodo-2025-2027\/#primaryimage"},"thumbnailUrl":"https:\/\/continuamosmx.com\/wp-content\/uploads\/2025\/01\/sesion.jpg","articleSection":["LOCALES","NICOL\u00c1S ROMERO"],"inLanguage":"es"},{"@type":"WebPage","@id":"https:\/\/continuamosmx.com\/index.php\/2025\/01\/02\/yoselin-mendoza-conforma-nuevo-cabildo-en-nicolas-romero-para-el-periodo-2025-2027\/","url":"https:\/\/continuamosmx.com\/index.php\/2025\/01\/02\/yoselin-mendoza-conforma-nuevo-cabildo-en-nicolas-romero-para-el-periodo-2025-2027\/","name":"YOSELIN MENDOZA CONFORMA NUEVO CABILDO EN NICOL\u00c1S ROMERO PARA EL PERIODO 2025-2027 -","isPartOf":{"@id":"https:\/\/continuamosmx.com\/#website"},"primaryImageOfPage":{"@id":"https:\/\/continuamosmx.com\/index.php\/2025\/01\/02\/yoselin-mendoza-conforma-nuevo-cabildo-en-nicolas-romero-para-el-periodo-2025-2027\/#primaryimage"},"image":{"@id":"https:\/\/continuamosmx.com\/index.php\/2025\/01\/02\/yoselin-mendoza-conforma-nuevo-cabildo-en-nicolas-romero-para-el-periodo-2025-2027\/#primaryimage"},"thumbnailUrl":"https:\/\/continuamosmx.com\/wp-content\/uploads\/2025\/01\/sesion.jpg","datePublished":"2025-01-02T16:16:00+00:00","dateModified":"2025-01-03T04:16:52+00:00","breadcrumb":{"@id":"https:\/\/continuamosmx.com\/index.php\/2025\/01\/02\/yoselin-mendoza-conforma-nuevo-cabildo-en-nicolas-romero-para-el-periodo-2025-2027\/#breadcrumb"},"inLanguage":"es","potentialAction":[{"@type":"ReadAction","target":["https:\/\/continuamosmx.com\/index.php\/2025\/01\/02\/yoselin-mendoza-conforma-nuevo-cabildo-en-nicolas-romero-para-el-periodo-2025-2027\/"]}]},{"@type":"ImageObject","inLanguage":"es","@id":"https:\/\/continuamosmx.com\/index.php\/2025\/01\/02\/yoselin-mendoza-conforma-nuevo-cabildo-en-nicolas-romero-para-el-periodo-2025-2027\/#primaryimage","url":"https:\/\/continuamosmx.com\/wp-content\/uploads\/2025\/01\/sesion.jpg","contentUrl":"https:\/\/continuamosmx.com\/wp-content\/uploads\/2025\/01\/sesion.jpg","width":1280,"height":695},{"@type":"BreadcrumbList","@id":"https:\/\/continuamosmx.com\/index.php\/2025\/01\/02\/yoselin-mendoza-conforma-nuevo-cabildo-en-nicolas-romero-para-el-periodo-2025-2027\/#breadcrumb","itemListElement":[{"@type":"ListItem","position":1,"name":"Inicio","item":"https:\/\/continuamosmx.com\/"},{"@type":"ListItem","position":2,"name":"YOSELIN MENDOZA CONFORMA NUEVO CABILDO EN NICOL\u00c1S ROMERO PARA EL PERIODO 2025-2027"}]},{"@type":"WebSite","@id":"https:\/\/continuamosmx.com\/#website","url":"https:\/\/continuamosmx.com\/","name":"www.continuamosmx.com","description":"","publisher":{"@id":"https:\/\/continuamosmx.com\/#organization"},"potentialAction":[{"@type":"SearchAction","target":{"@type":"EntryPoint","urlTemplate":"https:\/\/continuamosmx.com\/?s={search_term_string}"},"query-input":{"@type":"PropertyValueSpecification","valueRequired":true,"valueName":"search_term_string"}}],"inLanguage":"es"},{"@type":"Organization","@id":"https:\/\/continuamosmx.com\/#organization","name":"ContinuamosMX","url":"https:\/\/continuamosmx.com\/","logo":{"@type":"ImageObject","inLanguage":"es","@id":"https:\/\/continuamosmx.com\/#\/schema\/logo\/image\/","url":"https:\/\/continuamosmx.com\/wp-content\/uploads\/2023\/04\/cropped-LOGO-CONTI-NUEVO.png","contentUrl":"https:\/\/continuamosmx.com\/wp-content\/uploads\/2023\/04\/cropped-LOGO-CONTI-NUEVO.png","width":1257,"height":430,"caption":"ContinuamosMX"},"image":{"@id":"https:\/\/continuamosmx.com\/#\/schema\/logo\/image\/"}},{"@type":"Person","@id":"https:\/\/continuamosmx.com\/#\/schema\/person\/5eb5356acb1fad784da407d14f0e8d89","name":"Continuamos MX","image":{"@type":"ImageObject","inLanguage":"es","@id":"https:\/\/secure.gravatar.com\/avatar\/30d4f9723476a15f4da34d35fb3501f08d2357016c76051c6a85c354c7489589?s=96&d=mm&r=g","url":"https:\/\/secure.gravatar.com\/avatar\/30d4f9723476a15f4da34d35fb3501f08d2357016c76051c6a85c354c7489589?s=96&d=mm&r=g","contentUrl":"https:\/\/secure.gravatar.com\/avatar\/30d4f9723476a15f4da34d35fb3501f08d2357016c76051c6a85c354c7489589?s=96&d=mm&r=g","caption":"Continuamos MX"},"sameAs":["http:\/\/www.continuamos.mx"],"url":"https:\/\/continuamosmx.com\/index.php\/author\/continuamos\/"}]}},"_links":{"self":[{"href":"https:\/\/continuamosmx.com\/index.php\/wp-json\/wp\/v2\/posts\/49064","targetHints":{"allow":["GET"]}}],"collection":[{"href":"https:\/\/continuamosmx.com\/index.php\/wp-json\/wp\/v2\/posts"}],"about":[{"href":"https:\/\/continuamosmx.com\/index.php\/wp-json\/wp\/v2\/types\/post"}],"author":[{"embeddable":true,"href":"https:\/\/continuamosmx.com\/index.php\/wp-json\/wp\/v2\/users\/6"}],"replies":[{"embeddable":true,"href":"https:\/\/continuamosmx.com\/index.php\/wp-json\/wp\/v2\/comments?post=49064"}],"version-history":[{"count":1,"href":"https:\/\/continuamosmx.com\/index.php\/wp-json\/wp\/v2\/posts\/49064\/revisions"}],"predecessor-version":[{"id":49066,"href":"https:\/\/continuamosmx.com\/index.php\/wp-json\/wp\/v2\/posts\/49064\/revisions\/49066"}],"wp:featuredmedia":[{"embeddable":true,"href":"https:\/\/continuamosmx.com\/index.php\/wp-json\/wp\/v2\/media\/49065"}],"wp:attachment":[{"href":"https:\/\/continuamosmx.com\/index.php\/wp-json\/wp\/v2\/media?parent=49064"}],"wp:term":[{"taxonomy":"category","embeddable":true,"href":"https:\/\/continuamosmx.com\/index.php\/wp-json\/wp\/v2\/categories?post=49064"},{"taxonomy":"post_tag","embeddable":true,"href":"https:\/\/continuamosmx.com\/index.php\/wp-json\/wp\/v2\/tags?post=49064"}],"curies":[{"name":"wp","href":"https:\/\/api.w.org\/{rel}","templated":true}]}}