{"id":49060,"date":"2025-01-02T13:30:00","date_gmt":"2025-01-02T13:30:00","guid":{"rendered":"https:\/\/continuamosmx.com\/?p=49060"},"modified":"2025-01-03T06:36:53","modified_gmt":"2025-01-03T06:36:53","slug":"en-acolman-van-por-la-seguridad-y-tranquilidad-de-los-ciudadanos","status":"publish","type":"post","link":"https:\/\/continuamosmx.com\/index.php\/2025\/01\/02\/en-acolman-van-por-la-seguridad-y-tranquilidad-de-los-ciudadanos\/","title":{"rendered":"RATIFICAN A OMAR OLVERA R\u00cdOS COMO COMISARIO DE SEGURIDAD EN ACOLMAN"},"content":{"rendered":"\n<p>*<strong>Blanca S\u00e1nchez Osorio advierte cero tolerancia a la corrupci\u00f3n en la corporaci\u00f3n policial<\/strong><\/p>\n\n\n\n<p>ACOLMAN, M\u00e9x.- En la explanada municipal, durante el acto oficial de cambio de mando policial, la presidenta municipal Blanca Guadalupe S\u00e1nchez Osorio, quien asumir\u00e1 el cargo para el periodo 2025-2027, ratific\u00f3 a Omar Olvera R\u00edos como Comisario de la Direcci\u00f3n de Seguridad P\u00fablica Municipal.<\/p>\n\n\n\n<p>El evento cont\u00f3 con la presencia de efectivos de la Guardia Nacional, representantes del gobierno del Estado de M\u00e9xico, elementos de la Secretar\u00eda de Seguridad estatal y el diputado local Osvaldo Cort\u00e9s Contreras.<\/p>\n\n\n\n<p>En su discurso, S\u00e1nchez Osorio subray\u00f3 que reconocer\u00e1 el buen desempe\u00f1o de los cuerpos policiales, pero enfatiz\u00f3 que no permitir\u00e1 actos de corrupci\u00f3n.<\/p>\n\n\n\n<p>\u00abNo permitir\u00e9, ni tolerar\u00e9 ning\u00fan acto de corrupci\u00f3n al interior del cuerpo de seguridad\u00bb, advirti\u00f3 con firmeza.<\/p>\n\n\n\n<p>RATIFICACI\u00d3N EN OTRAS \u00c1REAS<\/p>\n\n\n\n<p>Asimismo, fueron ratificados C\u00e9sar Arturo S\u00e1nchez Valencia y Carlos Rocha Ram\u00edrez como Coordinadores de Protecci\u00f3n Civil y Bomberos, respectivamente.<\/p>\n\n\n\n<p>En el Sistema DIF Municipal, tambi\u00e9n fue ratificada Itzel F\u00e1tima Villeda Osorio para continuar al frente de la instituci\u00f3n.<\/p>\n\n\n\n<p>La presidenta municipal destac\u00f3 la importancia de dar continuidad a las \u00e1reas que han demostrado resultados positivos en la protecci\u00f3n de la ciudadan\u00eda.<\/p>\n\n\n\n<p>El Cabildo tambi\u00e9n tom\u00f3 protesta a los titulares del gabinete econ\u00f3mico: Ren\u00e9 Pel\u00e1ez Peralta en la Tesorer\u00eda, Tirso Federico Rosas Villagr\u00e1n en Desarrollo Econ\u00f3mico y Alma Lilian Galindo Beltr\u00e1n en la Direcci\u00f3n de Catastro.<\/p>\n\n\n\n<p>Por otra parte, se design\u00f3 a \u00c1ngel Enrique Bale\u00f3n como Secretario del Ayuntamiento y a Juli\u00e1n Meconetzin Rangel Sosa como Director de Administraci\u00f3n.<\/p>\n\n\n\n<p>Nuevos titulares en Incufide y Odapasa<\/p>\n\n\n\n<p>En los \u00f3rganos descentralizados, Elsa Viridiana Flores Barrientos asumi\u00f3 la direcci\u00f3n del Instituto de Cultura F\u00edsica y Deporte de Acolman (Incufide), mientras que Jes\u00fas Miranda Espadas fue designado como titular del Organismo de Agua Potable, Alcantarillado y Saneamiento de Acolman (Odapasa).<\/p>\n\n\n\n<p>Finalmente, la administraci\u00f3n central y descentralizada llev\u00f3 a cabo la entrega-recepci\u00f3n de todas las unidades administrativas, conforme a la ley y con la supervisi\u00f3n de la Contralor\u00eda Municipal, garantizando la transparencia en el proceso.<\/p>\n\n\n\n<p>Este ejercicio de continuidad y renovaci\u00f3n, se\u00f1al\u00f3 la presidenta municipal, busca fortalecer la confianza de la ciudadan\u00eda y garantizar una administraci\u00f3n eficiente y transparente.<\/p>\n","protected":false},"excerpt":{"rendered":"<p>*Blanca S\u00e1nchez Osorio advierte cero tolerancia a la corrupci\u00f3n en la corporaci\u00f3n policial ACOLMAN, M\u00e9x.- En la explanada municipal, durante el acto oficial de cambio de mando policial, la presidenta municipal Blanca Guadalupe S\u00e1nchez Osorio, quien asumir\u00e1 el cargo para el periodo 2025-2027, ratific\u00f3 a Omar Olvera R\u00edos como Comisario de la Direcci\u00f3n de Seguridad [&hellip;]<\/p>\n","protected":false},"author":6,"featured_media":49061,"comment_status":"open","ping_status":"open","sticky":false,"template":"","format":"standard","meta":{"footnotes":""},"categories":[13,4],"tags":[],"class_list":["post-49060","post","type-post","status-publish","format-standard","has-post-thumbnail","hentry","category-acolman","category-locales"],"yoast_head":"<!-- This site is optimized with the Yoast SEO plugin v27.4 - https:\/\/yoast.com\/product\/yoast-seo-wordpress\/ -->\n<title>RATIFICAN A OMAR OLVERA R\u00cdOS COMO COMISARIO DE SEGURIDAD EN ACOLMAN -<\/title>\n<meta name=\"robots\" content=\"index, follow, max-snippet:-1, max-image-preview:large, max-video-preview:-1\" \/>\n<link rel=\"canonical\" href=\"https:\/\/continuamosmx.com\/index.php\/2025\/01\/02\/en-acolman-van-por-la-seguridad-y-tranquilidad-de-los-ciudadanos\/\" \/>\n<meta property=\"og:locale\" content=\"es_ES\" \/>\n<meta property=\"og:type\" content=\"article\" \/>\n<meta property=\"og:title\" content=\"RATIFICAN A OMAR OLVERA R\u00cdOS COMO COMISARIO DE SEGURIDAD EN ACOLMAN -\" \/>\n<meta property=\"og:description\" content=\"*Blanca S\u00e1nchez Osorio advierte cero tolerancia a la corrupci\u00f3n en la corporaci\u00f3n policial ACOLMAN, M\u00e9x.- En la explanada municipal, durante el acto oficial de cambio de mando policial, la presidenta municipal Blanca Guadalupe S\u00e1nchez Osorio, quien asumir\u00e1 el cargo para el periodo 2025-2027, ratific\u00f3 a Omar Olvera R\u00edos como Comisario de la Direcci\u00f3n de Seguridad [&hellip;]\" \/>\n<meta property=\"og:url\" content=\"https:\/\/continuamosmx.com\/index.php\/2025\/01\/02\/en-acolman-van-por-la-seguridad-y-tranquilidad-de-los-ciudadanos\/\" \/>\n<meta property=\"article:published_time\" content=\"2025-01-02T13:30:00+00:00\" \/>\n<meta property=\"article:modified_time\" content=\"2025-01-03T06:36:53+00:00\" \/>\n<meta property=\"og:image\" content=\"https:\/\/continuamosmx.com\/wp-content\/uploads\/2025\/01\/acol3.jpg\" \/>\n\t<meta property=\"og:image:width\" content=\"1080\" \/>\n\t<meta property=\"og:image:height\" content=\"810\" \/>\n\t<meta property=\"og:image:type\" content=\"image\/jpeg\" \/>\n<meta name=\"author\" content=\"Continuamos MX\" \/>\n<meta name=\"twitter:card\" content=\"summary_large_image\" \/>\n<meta name=\"twitter:label1\" content=\"Escrito por\" \/>\n\t<meta name=\"twitter:data1\" content=\"Continuamos MX\" \/>\n\t<meta name=\"twitter:label2\" content=\"Tiempo de lectura\" \/>\n\t<meta name=\"twitter:data2\" content=\"2 minutos\" \/>\n<script type=\"application\/ld+json\" class=\"yoast-schema-graph\">{\"@context\":\"https:\\\/\\\/schema.org\",\"@graph\":[{\"@type\":\"Article\",\"@id\":\"https:\\\/\\\/continuamosmx.com\\\/index.php\\\/2025\\\/01\\\/02\\\/en-acolman-van-por-la-seguridad-y-tranquilidad-de-los-ciudadanos\\\/#article\",\"isPartOf\":{\"@id\":\"https:\\\/\\\/continuamosmx.com\\\/index.php\\\/2025\\\/01\\\/02\\\/en-acolman-van-por-la-seguridad-y-tranquilidad-de-los-ciudadanos\\\/\"},\"author\":{\"name\":\"Continuamos MX\",\"@id\":\"https:\\\/\\\/continuamosmx.com\\\/#\\\/schema\\\/person\\\/5eb5356acb1fad784da407d14f0e8d89\"},\"headline\":\"RATIFICAN A OMAR OLVERA R\u00cdOS COMO COMISARIO DE SEGURIDAD EN ACOLMAN\",\"datePublished\":\"2025-01-02T13:30:00+00:00\",\"dateModified\":\"2025-01-03T06:36:53+00:00\",\"mainEntityOfPage\":{\"@id\":\"https:\\\/\\\/continuamosmx.com\\\/index.php\\\/2025\\\/01\\\/02\\\/en-acolman-van-por-la-seguridad-y-tranquilidad-de-los-ciudadanos\\\/\"},\"wordCount\":418,\"commentCount\":0,\"publisher\":{\"@id\":\"https:\\\/\\\/continuamosmx.com\\\/#organization\"},\"image\":{\"@id\":\"https:\\\/\\\/continuamosmx.com\\\/index.php\\\/2025\\\/01\\\/02\\\/en-acolman-van-por-la-seguridad-y-tranquilidad-de-los-ciudadanos\\\/#primaryimage\"},\"thumbnailUrl\":\"https:\\\/\\\/continuamosmx.com\\\/wp-content\\\/uploads\\\/2025\\\/01\\\/acol3.jpg\",\"articleSection\":[\"ACOLMAN\",\"LOCALES\"],\"inLanguage\":\"es\"},{\"@type\":\"WebPage\",\"@id\":\"https:\\\/\\\/continuamosmx.com\\\/index.php\\\/2025\\\/01\\\/02\\\/en-acolman-van-por-la-seguridad-y-tranquilidad-de-los-ciudadanos\\\/\",\"url\":\"https:\\\/\\\/continuamosmx.com\\\/index.php\\\/2025\\\/01\\\/02\\\/en-acolman-van-por-la-seguridad-y-tranquilidad-de-los-ciudadanos\\\/\",\"name\":\"RATIFICAN A OMAR OLVERA R\u00cdOS COMO COMISARIO DE SEGURIDAD EN ACOLMAN -\",\"isPartOf\":{\"@id\":\"https:\\\/\\\/continuamosmx.com\\\/#website\"},\"primaryImageOfPage\":{\"@id\":\"https:\\\/\\\/continuamosmx.com\\\/index.php\\\/2025\\\/01\\\/02\\\/en-acolman-van-por-la-seguridad-y-tranquilidad-de-los-ciudadanos\\\/#primaryimage\"},\"image\":{\"@id\":\"https:\\\/\\\/continuamosmx.com\\\/index.php\\\/2025\\\/01\\\/02\\\/en-acolman-van-por-la-seguridad-y-tranquilidad-de-los-ciudadanos\\\/#primaryimage\"},\"thumbnailUrl\":\"https:\\\/\\\/continuamosmx.com\\\/wp-content\\\/uploads\\\/2025\\\/01\\\/acol3.jpg\",\"datePublished\":\"2025-01-02T13:30:00+00:00\",\"dateModified\":\"2025-01-03T06:36:53+00:00\",\"breadcrumb\":{\"@id\":\"https:\\\/\\\/continuamosmx.com\\\/index.php\\\/2025\\\/01\\\/02\\\/en-acolman-van-por-la-seguridad-y-tranquilidad-de-los-ciudadanos\\\/#breadcrumb\"},\"inLanguage\":\"es\",\"potentialAction\":[{\"@type\":\"ReadAction\",\"target\":[\"https:\\\/\\\/continuamosmx.com\\\/index.php\\\/2025\\\/01\\\/02\\\/en-acolman-van-por-la-seguridad-y-tranquilidad-de-los-ciudadanos\\\/\"]}]},{\"@type\":\"ImageObject\",\"inLanguage\":\"es\",\"@id\":\"https:\\\/\\\/continuamosmx.com\\\/index.php\\\/2025\\\/01\\\/02\\\/en-acolman-van-por-la-seguridad-y-tranquilidad-de-los-ciudadanos\\\/#primaryimage\",\"url\":\"https:\\\/\\\/continuamosmx.com\\\/wp-content\\\/uploads\\\/2025\\\/01\\\/acol3.jpg\",\"contentUrl\":\"https:\\\/\\\/continuamosmx.com\\\/wp-content\\\/uploads\\\/2025\\\/01\\\/acol3.jpg\",\"width\":1080,\"height\":810},{\"@type\":\"BreadcrumbList\",\"@id\":\"https:\\\/\\\/continuamosmx.com\\\/index.php\\\/2025\\\/01\\\/02\\\/en-acolman-van-por-la-seguridad-y-tranquilidad-de-los-ciudadanos\\\/#breadcrumb\",\"itemListElement\":[{\"@type\":\"ListItem\",\"position\":1,\"name\":\"Inicio\",\"item\":\"https:\\\/\\\/continuamosmx.com\\\/\"},{\"@type\":\"ListItem\",\"position\":2,\"name\":\"RATIFICAN A OMAR OLVERA R\u00cdOS COMO COMISARIO DE SEGURIDAD EN ACOLMAN\"}]},{\"@type\":\"WebSite\",\"@id\":\"https:\\\/\\\/continuamosmx.com\\\/#website\",\"url\":\"https:\\\/\\\/continuamosmx.com\\\/\",\"name\":\"www.continuamosmx.com\",\"description\":\"\",\"publisher\":{\"@id\":\"https:\\\/\\\/continuamosmx.com\\\/#organization\"},\"potentialAction\":[{\"@type\":\"SearchAction\",\"target\":{\"@type\":\"EntryPoint\",\"urlTemplate\":\"https:\\\/\\\/continuamosmx.com\\\/?s={search_term_string}\"},\"query-input\":{\"@type\":\"PropertyValueSpecification\",\"valueRequired\":true,\"valueName\":\"search_term_string\"}}],\"inLanguage\":\"es\"},{\"@type\":\"Organization\",\"@id\":\"https:\\\/\\\/continuamosmx.com\\\/#organization\",\"name\":\"ContinuamosMX\",\"url\":\"https:\\\/\\\/continuamosmx.com\\\/\",\"logo\":{\"@type\":\"ImageObject\",\"inLanguage\":\"es\",\"@id\":\"https:\\\/\\\/continuamosmx.com\\\/#\\\/schema\\\/logo\\\/image\\\/\",\"url\":\"https:\\\/\\\/continuamosmx.com\\\/wp-content\\\/uploads\\\/2023\\\/04\\\/cropped-LOGO-CONTI-NUEVO.png\",\"contentUrl\":\"https:\\\/\\\/continuamosmx.com\\\/wp-content\\\/uploads\\\/2023\\\/04\\\/cropped-LOGO-CONTI-NUEVO.png\",\"width\":1257,\"height\":430,\"caption\":\"ContinuamosMX\"},\"image\":{\"@id\":\"https:\\\/\\\/continuamosmx.com\\\/#\\\/schema\\\/logo\\\/image\\\/\"}},{\"@type\":\"Person\",\"@id\":\"https:\\\/\\\/continuamosmx.com\\\/#\\\/schema\\\/person\\\/5eb5356acb1fad784da407d14f0e8d89\",\"name\":\"Continuamos MX\",\"image\":{\"@type\":\"ImageObject\",\"inLanguage\":\"es\",\"@id\":\"https:\\\/\\\/secure.gravatar.com\\\/avatar\\\/30d4f9723476a15f4da34d35fb3501f08d2357016c76051c6a85c354c7489589?s=96&d=mm&r=g\",\"url\":\"https:\\\/\\\/secure.gravatar.com\\\/avatar\\\/30d4f9723476a15f4da34d35fb3501f08d2357016c76051c6a85c354c7489589?s=96&d=mm&r=g\",\"contentUrl\":\"https:\\\/\\\/secure.gravatar.com\\\/avatar\\\/30d4f9723476a15f4da34d35fb3501f08d2357016c76051c6a85c354c7489589?s=96&d=mm&r=g\",\"caption\":\"Continuamos MX\"},\"sameAs\":[\"http:\\\/\\\/www.continuamos.mx\"],\"url\":\"https:\\\/\\\/continuamosmx.com\\\/index.php\\\/author\\\/continuamos\\\/\"}]}<\/script>\n<!-- \/ Yoast SEO plugin. -->","yoast_head_json":{"title":"RATIFICAN A OMAR OLVERA R\u00cdOS COMO COMISARIO DE SEGURIDAD EN ACOLMAN -","robots":{"index":"index","follow":"follow","max-snippet":"max-snippet:-1","max-image-preview":"max-image-preview:large","max-video-preview":"max-video-preview:-1"},"canonical":"https:\/\/continuamosmx.com\/index.php\/2025\/01\/02\/en-acolman-van-por-la-seguridad-y-tranquilidad-de-los-ciudadanos\/","og_locale":"es_ES","og_type":"article","og_title":"RATIFICAN A OMAR OLVERA R\u00cdOS COMO COMISARIO DE SEGURIDAD EN ACOLMAN -","og_description":"*Blanca S\u00e1nchez Osorio advierte cero tolerancia a la corrupci\u00f3n en la corporaci\u00f3n policial ACOLMAN, M\u00e9x.- En la explanada municipal, durante el acto oficial de cambio de mando policial, la presidenta municipal Blanca Guadalupe S\u00e1nchez Osorio, quien asumir\u00e1 el cargo para el periodo 2025-2027, ratific\u00f3 a Omar Olvera R\u00edos como Comisario de la Direcci\u00f3n de Seguridad [&hellip;]","og_url":"https:\/\/continuamosmx.com\/index.php\/2025\/01\/02\/en-acolman-van-por-la-seguridad-y-tranquilidad-de-los-ciudadanos\/","article_published_time":"2025-01-02T13:30:00+00:00","article_modified_time":"2025-01-03T06:36:53+00:00","og_image":[{"width":1080,"height":810,"url":"https:\/\/continuamosmx.com\/wp-content\/uploads\/2025\/01\/acol3.jpg","type":"image\/jpeg"}],"author":"Continuamos MX","twitter_card":"summary_large_image","twitter_misc":{"Escrito por":"Continuamos MX","Tiempo de lectura":"2 minutos"},"schema":{"@context":"https:\/\/schema.org","@graph":[{"@type":"Article","@id":"https:\/\/continuamosmx.com\/index.php\/2025\/01\/02\/en-acolman-van-por-la-seguridad-y-tranquilidad-de-los-ciudadanos\/#article","isPartOf":{"@id":"https:\/\/continuamosmx.com\/index.php\/2025\/01\/02\/en-acolman-van-por-la-seguridad-y-tranquilidad-de-los-ciudadanos\/"},"author":{"name":"Continuamos MX","@id":"https:\/\/continuamosmx.com\/#\/schema\/person\/5eb5356acb1fad784da407d14f0e8d89"},"headline":"RATIFICAN A OMAR OLVERA R\u00cdOS COMO COMISARIO DE SEGURIDAD EN ACOLMAN","datePublished":"2025-01-02T13:30:00+00:00","dateModified":"2025-01-03T06:36:53+00:00","mainEntityOfPage":{"@id":"https:\/\/continuamosmx.com\/index.php\/2025\/01\/02\/en-acolman-van-por-la-seguridad-y-tranquilidad-de-los-ciudadanos\/"},"wordCount":418,"commentCount":0,"publisher":{"@id":"https:\/\/continuamosmx.com\/#organization"},"image":{"@id":"https:\/\/continuamosmx.com\/index.php\/2025\/01\/02\/en-acolman-van-por-la-seguridad-y-tranquilidad-de-los-ciudadanos\/#primaryimage"},"thumbnailUrl":"https:\/\/continuamosmx.com\/wp-content\/uploads\/2025\/01\/acol3.jpg","articleSection":["ACOLMAN","LOCALES"],"inLanguage":"es"},{"@type":"WebPage","@id":"https:\/\/continuamosmx.com\/index.php\/2025\/01\/02\/en-acolman-van-por-la-seguridad-y-tranquilidad-de-los-ciudadanos\/","url":"https:\/\/continuamosmx.com\/index.php\/2025\/01\/02\/en-acolman-van-por-la-seguridad-y-tranquilidad-de-los-ciudadanos\/","name":"RATIFICAN A OMAR OLVERA R\u00cdOS COMO COMISARIO DE SEGURIDAD EN ACOLMAN -","isPartOf":{"@id":"https:\/\/continuamosmx.com\/#website"},"primaryImageOfPage":{"@id":"https:\/\/continuamosmx.com\/index.php\/2025\/01\/02\/en-acolman-van-por-la-seguridad-y-tranquilidad-de-los-ciudadanos\/#primaryimage"},"image":{"@id":"https:\/\/continuamosmx.com\/index.php\/2025\/01\/02\/en-acolman-van-por-la-seguridad-y-tranquilidad-de-los-ciudadanos\/#primaryimage"},"thumbnailUrl":"https:\/\/continuamosmx.com\/wp-content\/uploads\/2025\/01\/acol3.jpg","datePublished":"2025-01-02T13:30:00+00:00","dateModified":"2025-01-03T06:36:53+00:00","breadcrumb":{"@id":"https:\/\/continuamosmx.com\/index.php\/2025\/01\/02\/en-acolman-van-por-la-seguridad-y-tranquilidad-de-los-ciudadanos\/#breadcrumb"},"inLanguage":"es","potentialAction":[{"@type":"ReadAction","target":["https:\/\/continuamosmx.com\/index.php\/2025\/01\/02\/en-acolman-van-por-la-seguridad-y-tranquilidad-de-los-ciudadanos\/"]}]},{"@type":"ImageObject","inLanguage":"es","@id":"https:\/\/continuamosmx.com\/index.php\/2025\/01\/02\/en-acolman-van-por-la-seguridad-y-tranquilidad-de-los-ciudadanos\/#primaryimage","url":"https:\/\/continuamosmx.com\/wp-content\/uploads\/2025\/01\/acol3.jpg","contentUrl":"https:\/\/continuamosmx.com\/wp-content\/uploads\/2025\/01\/acol3.jpg","width":1080,"height":810},{"@type":"BreadcrumbList","@id":"https:\/\/continuamosmx.com\/index.php\/2025\/01\/02\/en-acolman-van-por-la-seguridad-y-tranquilidad-de-los-ciudadanos\/#breadcrumb","itemListElement":[{"@type":"ListItem","position":1,"name":"Inicio","item":"https:\/\/continuamosmx.com\/"},{"@type":"ListItem","position":2,"name":"RATIFICAN A OMAR OLVERA R\u00cdOS COMO COMISARIO DE SEGURIDAD EN ACOLMAN"}]},{"@type":"WebSite","@id":"https:\/\/continuamosmx.com\/#website","url":"https:\/\/continuamosmx.com\/","name":"www.continuamosmx.com","description":"","publisher":{"@id":"https:\/\/continuamosmx.com\/#organization"},"potentialAction":[{"@type":"SearchAction","target":{"@type":"EntryPoint","urlTemplate":"https:\/\/continuamosmx.com\/?s={search_term_string}"},"query-input":{"@type":"PropertyValueSpecification","valueRequired":true,"valueName":"search_term_string"}}],"inLanguage":"es"},{"@type":"Organization","@id":"https:\/\/continuamosmx.com\/#organization","name":"ContinuamosMX","url":"https:\/\/continuamosmx.com\/","logo":{"@type":"ImageObject","inLanguage":"es","@id":"https:\/\/continuamosmx.com\/#\/schema\/logo\/image\/","url":"https:\/\/continuamosmx.com\/wp-content\/uploads\/2023\/04\/cropped-LOGO-CONTI-NUEVO.png","contentUrl":"https:\/\/continuamosmx.com\/wp-content\/uploads\/2023\/04\/cropped-LOGO-CONTI-NUEVO.png","width":1257,"height":430,"caption":"ContinuamosMX"},"image":{"@id":"https:\/\/continuamosmx.com\/#\/schema\/logo\/image\/"}},{"@type":"Person","@id":"https:\/\/continuamosmx.com\/#\/schema\/person\/5eb5356acb1fad784da407d14f0e8d89","name":"Continuamos MX","image":{"@type":"ImageObject","inLanguage":"es","@id":"https:\/\/secure.gravatar.com\/avatar\/30d4f9723476a15f4da34d35fb3501f08d2357016c76051c6a85c354c7489589?s=96&d=mm&r=g","url":"https:\/\/secure.gravatar.com\/avatar\/30d4f9723476a15f4da34d35fb3501f08d2357016c76051c6a85c354c7489589?s=96&d=mm&r=g","contentUrl":"https:\/\/secure.gravatar.com\/avatar\/30d4f9723476a15f4da34d35fb3501f08d2357016c76051c6a85c354c7489589?s=96&d=mm&r=g","caption":"Continuamos MX"},"sameAs":["http:\/\/www.continuamos.mx"],"url":"https:\/\/continuamosmx.com\/index.php\/author\/continuamos\/"}]}},"_links":{"self":[{"href":"https:\/\/continuamosmx.com\/index.php\/wp-json\/wp\/v2\/posts\/49060","targetHints":{"allow":["GET"]}}],"collection":[{"href":"https:\/\/continuamosmx.com\/index.php\/wp-json\/wp\/v2\/posts"}],"about":[{"href":"https:\/\/continuamosmx.com\/index.php\/wp-json\/wp\/v2\/types\/post"}],"author":[{"embeddable":true,"href":"https:\/\/continuamosmx.com\/index.php\/wp-json\/wp\/v2\/users\/6"}],"replies":[{"embeddable":true,"href":"https:\/\/continuamosmx.com\/index.php\/wp-json\/wp\/v2\/comments?post=49060"}],"version-history":[{"count":2,"href":"https:\/\/continuamosmx.com\/index.php\/wp-json\/wp\/v2\/posts\/49060\/revisions"}],"predecessor-version":[{"id":49076,"href":"https:\/\/continuamosmx.com\/index.php\/wp-json\/wp\/v2\/posts\/49060\/revisions\/49076"}],"wp:featuredmedia":[{"embeddable":true,"href":"https:\/\/continuamosmx.com\/index.php\/wp-json\/wp\/v2\/media\/49061"}],"wp:attachment":[{"href":"https:\/\/continuamosmx.com\/index.php\/wp-json\/wp\/v2\/media?parent=49060"}],"wp:term":[{"taxonomy":"category","embeddable":true,"href":"https:\/\/continuamosmx.com\/index.php\/wp-json\/wp\/v2\/categories?post=49060"},{"taxonomy":"post_tag","embeddable":true,"href":"https:\/\/continuamosmx.com\/index.php\/wp-json\/wp\/v2\/tags?post=49060"}],"curies":[{"name":"wp","href":"https:\/\/api.w.org\/{rel}","templated":true}]}}