{"id":49051,"date":"2025-01-02T01:51:07","date_gmt":"2025-01-02T01:51:07","guid":{"rendered":"https:\/\/continuamosmx.com\/?p=49051"},"modified":"2025-01-02T01:51:07","modified_gmt":"2025-01-02T01:51:07","slug":"gobierno-de-texcoco-2025-2027-toma-posesion-y-prioriza-cercania-con-la-ciudadania","status":"publish","type":"post","link":"https:\/\/continuamosmx.com\/index.php\/2025\/01\/02\/gobierno-de-texcoco-2025-2027-toma-posesion-y-prioriza-cercania-con-la-ciudadania\/","title":{"rendered":"GOBIERNO DE TEXCOCO 2025-2027 TOMA POSESI\u00d3N Y PRIORIZA CERCAN\u00cdA CON LA CIUDADAN\u00cdA"},"content":{"rendered":"\n<p><strong>*\u201cEl gobierno debe estar a la altura del ciudadano\u201d, afirma el alcalde Nazario Guti\u00e9rrez Mart\u00ednez durante la primera sesi\u00f3n de Cabildo<\/strong><\/p>\n\n\n\n<p>Redacci\u00f3n<\/p>\n\n\n\n<p>TEXCOCO, M\u00e9x.- Con la primera sesi\u00f3n ordinaria de cabildo, el Ayuntamiento de Texcoco para el periodo 2025-2027 tom\u00f3 formalmente posesi\u00f3n, estableciendo el compromiso de trabajar como un gobierno cercano, eficiente y digno para la ciudadan\u00eda.<\/p>\n\n\n\n<p>El presidente municipal, Nazario Guti\u00e9rrez Mart\u00ednez, encabez\u00f3 la sesi\u00f3n e hizo un llamado a los integrantes del cabildo, directores, jefes de departamento y servidores p\u00fablicos a mantener una actitud humilde y sencilla al atender a los ciudadanos. \u201cCuando viene a tocarnos la puerta el ciudadano, deber\u00e1 recibir una muy buena atenci\u00f3n\u201d, enfatiz\u00f3.<\/p>\n\n\n\n<p>CAMBIOS EN EL ORGANIGRAMA MUNICIPAL<\/p>\n\n\n\n<p>Durante la sesi\u00f3n, se aprobaron modificaciones al bando municipal, incluyendo la creaci\u00f3n de nuevas direcciones como la de la Mujer, Uso de Suelo Sustentable, Turismo, y el cambio de la Direcci\u00f3n de Desarrollo Agropecuario a Direcci\u00f3n del Campo. Estas medidas buscan fortalecer la administraci\u00f3n municipal en \u00e1reas clave.<\/p>\n\n\n\n<p>NOMBRAMIENTOS OFICIALES<\/p>\n\n\n\n<p>El cabildo aprob\u00f3 por unanimidad la propuesta del alcalde para designar al licenciado Alfonso Valtierra Guzm\u00e1n como Secretario del Ayuntamiento.<\/p>\n\n\n\n<p>Asimismo, se dieron a conocer los titulares de las distintas \u00e1reas de la administraci\u00f3n municipal, entre ellos:<\/p>\n\n\n\n<ul class=\"wp-block-list\">\n<li>Tesorer\u00eda: Noem\u00ed Lizeth D\u00e1vila Orozco<\/li>\n\n\n\n<li>Direcci\u00f3n de Seguridad P\u00fablica y Movilidad: Roberto Hern\u00e1ndez Romero<\/li>\n\n\n\n<li>Direcci\u00f3n de Cultura: Celia Cruz Pati\u00f1o<\/li>\n\n\n\n<li>Direcci\u00f3n de la Mujer: Elitania Ray\u00f3n Espinoza<\/li>\n\n\n\n<li>Direcci\u00f3n de Desarrollo Econ\u00f3mico: M\u00f3nica Quintero Miranda<\/li>\n<\/ul>\n\n\n\n<p>El cabildo aprob\u00f3 por unanimidad todos los nombramientos, reiterando el compromiso de ofrecer atenci\u00f3n digna y eficiente a los texcocanos.<\/p>\n\n\n\n<p>Tras rendir protesta, los directores iniciaron el proceso de entrega-recepci\u00f3n de las dependencias bajo la supervisi\u00f3n de la Contralor\u00eda Municipal, marcando el inicio formal de las actividades de este nuevo gobierno.<\/p>\n","protected":false},"excerpt":{"rendered":"<p>*\u201cEl gobierno debe estar a la altura del ciudadano\u201d, afirma el alcalde Nazario Guti\u00e9rrez Mart\u00ednez durante la primera sesi\u00f3n de Cabildo Redacci\u00f3n TEXCOCO, M\u00e9x.- Con la primera sesi\u00f3n ordinaria de cabildo, el Ayuntamiento de Texcoco para el periodo 2025-2027 tom\u00f3 formalmente posesi\u00f3n, estableciendo el compromiso de trabajar como un gobierno cercano, eficiente y digno para [&hellip;]<\/p>\n","protected":false},"author":1,"featured_media":49052,"comment_status":"open","ping_status":"open","sticky":false,"template":"","format":"standard","meta":{"footnotes":""},"categories":[2,4,6],"tags":[7,156,55,194],"class_list":["post-49051","post","type-post","status-publish","format-standard","has-post-thumbnail","hentry","category-edomex","category-locales","category-texcoco","tag-edomex","tag-nazario-gutierrez","tag-texcoco","tag-toma-de-protesta"],"yoast_head":"<!-- This site is optimized with the Yoast SEO plugin v27.4 - https:\/\/yoast.com\/product\/yoast-seo-wordpress\/ -->\n<title>GOBIERNO DE TEXCOCO 2025-2027 TOMA POSESI\u00d3N Y PRIORIZA CERCAN\u00cdA CON LA CIUDADAN\u00cdA -<\/title>\n<meta name=\"robots\" content=\"index, follow, max-snippet:-1, max-image-preview:large, max-video-preview:-1\" \/>\n<link rel=\"canonical\" href=\"https:\/\/continuamosmx.com\/index.php\/2025\/01\/02\/gobierno-de-texcoco-2025-2027-toma-posesion-y-prioriza-cercania-con-la-ciudadania\/\" \/>\n<meta property=\"og:locale\" content=\"es_ES\" \/>\n<meta property=\"og:type\" content=\"article\" \/>\n<meta property=\"og:title\" content=\"GOBIERNO DE TEXCOCO 2025-2027 TOMA POSESI\u00d3N Y PRIORIZA CERCAN\u00cdA CON LA CIUDADAN\u00cdA -\" \/>\n<meta property=\"og:description\" content=\"*\u201cEl gobierno debe estar a la altura del ciudadano\u201d, afirma el alcalde Nazario Guti\u00e9rrez Mart\u00ednez durante la primera sesi\u00f3n de Cabildo Redacci\u00f3n TEXCOCO, M\u00e9x.- Con la primera sesi\u00f3n ordinaria de cabildo, el Ayuntamiento de Texcoco para el periodo 2025-2027 tom\u00f3 formalmente posesi\u00f3n, estableciendo el compromiso de trabajar como un gobierno cercano, eficiente y digno para [&hellip;]\" \/>\n<meta property=\"og:url\" content=\"https:\/\/continuamosmx.com\/index.php\/2025\/01\/02\/gobierno-de-texcoco-2025-2027-toma-posesion-y-prioriza-cercania-con-la-ciudadania\/\" \/>\n<meta property=\"article:published_time\" content=\"2025-01-02T01:51:07+00:00\" \/>\n<meta property=\"og:image\" content=\"https:\/\/continuamosmx.com\/wp-content\/uploads\/2025\/01\/IMG-20250101-WA0073.jpg\" \/>\n\t<meta property=\"og:image:width\" content=\"2560\" \/>\n\t<meta property=\"og:image:height\" content=\"1706\" \/>\n\t<meta property=\"og:image:type\" content=\"image\/jpeg\" \/>\n<meta name=\"author\" content=\"ContinuamosMX\" \/>\n<meta name=\"twitter:card\" content=\"summary_large_image\" \/>\n<meta name=\"twitter:label1\" content=\"Escrito por\" \/>\n\t<meta name=\"twitter:data1\" content=\"ContinuamosMX\" \/>\n\t<meta name=\"twitter:label2\" content=\"Tiempo de lectura\" \/>\n\t<meta name=\"twitter:data2\" content=\"2 minutos\" \/>\n<script type=\"application\/ld+json\" class=\"yoast-schema-graph\">{\"@context\":\"https:\\\/\\\/schema.org\",\"@graph\":[{\"@type\":\"Article\",\"@id\":\"https:\\\/\\\/continuamosmx.com\\\/index.php\\\/2025\\\/01\\\/02\\\/gobierno-de-texcoco-2025-2027-toma-posesion-y-prioriza-cercania-con-la-ciudadania\\\/#article\",\"isPartOf\":{\"@id\":\"https:\\\/\\\/continuamosmx.com\\\/index.php\\\/2025\\\/01\\\/02\\\/gobierno-de-texcoco-2025-2027-toma-posesion-y-prioriza-cercania-con-la-ciudadania\\\/\"},\"author\":{\"name\":\"ContinuamosMX\",\"@id\":\"https:\\\/\\\/continuamosmx.com\\\/#\\\/schema\\\/person\\\/597bf43bb6e9623635929d8de706669f\"},\"headline\":\"GOBIERNO DE TEXCOCO 2025-2027 TOMA POSESI\u00d3N Y PRIORIZA CERCAN\u00cdA CON LA CIUDADAN\u00cdA\",\"datePublished\":\"2025-01-02T01:51:07+00:00\",\"mainEntityOfPage\":{\"@id\":\"https:\\\/\\\/continuamosmx.com\\\/index.php\\\/2025\\\/01\\\/02\\\/gobierno-de-texcoco-2025-2027-toma-posesion-y-prioriza-cercania-con-la-ciudadania\\\/\"},\"wordCount\":338,\"commentCount\":0,\"publisher\":{\"@id\":\"https:\\\/\\\/continuamosmx.com\\\/#organization\"},\"image\":{\"@id\":\"https:\\\/\\\/continuamosmx.com\\\/index.php\\\/2025\\\/01\\\/02\\\/gobierno-de-texcoco-2025-2027-toma-posesion-y-prioriza-cercania-con-la-ciudadania\\\/#primaryimage\"},\"thumbnailUrl\":\"https:\\\/\\\/continuamosmx.com\\\/wp-content\\\/uploads\\\/2025\\\/01\\\/IMG-20250101-WA0073.jpg\",\"keywords\":[\"Edomex\",\"Nazario Guti\u00e9rrez\",\"Texcoco\",\"Toma de protesta\"],\"articleSection\":[\"EDOMEX\",\"LOCALES\",\"TEXCOCO\"],\"inLanguage\":\"es\"},{\"@type\":\"WebPage\",\"@id\":\"https:\\\/\\\/continuamosmx.com\\\/index.php\\\/2025\\\/01\\\/02\\\/gobierno-de-texcoco-2025-2027-toma-posesion-y-prioriza-cercania-con-la-ciudadania\\\/\",\"url\":\"https:\\\/\\\/continuamosmx.com\\\/index.php\\\/2025\\\/01\\\/02\\\/gobierno-de-texcoco-2025-2027-toma-posesion-y-prioriza-cercania-con-la-ciudadania\\\/\",\"name\":\"GOBIERNO DE TEXCOCO 2025-2027 TOMA POSESI\u00d3N Y PRIORIZA CERCAN\u00cdA CON LA CIUDADAN\u00cdA -\",\"isPartOf\":{\"@id\":\"https:\\\/\\\/continuamosmx.com\\\/#website\"},\"primaryImageOfPage\":{\"@id\":\"https:\\\/\\\/continuamosmx.com\\\/index.php\\\/2025\\\/01\\\/02\\\/gobierno-de-texcoco-2025-2027-toma-posesion-y-prioriza-cercania-con-la-ciudadania\\\/#primaryimage\"},\"image\":{\"@id\":\"https:\\\/\\\/continuamosmx.com\\\/index.php\\\/2025\\\/01\\\/02\\\/gobierno-de-texcoco-2025-2027-toma-posesion-y-prioriza-cercania-con-la-ciudadania\\\/#primaryimage\"},\"thumbnailUrl\":\"https:\\\/\\\/continuamosmx.com\\\/wp-content\\\/uploads\\\/2025\\\/01\\\/IMG-20250101-WA0073.jpg\",\"datePublished\":\"2025-01-02T01:51:07+00:00\",\"breadcrumb\":{\"@id\":\"https:\\\/\\\/continuamosmx.com\\\/index.php\\\/2025\\\/01\\\/02\\\/gobierno-de-texcoco-2025-2027-toma-posesion-y-prioriza-cercania-con-la-ciudadania\\\/#breadcrumb\"},\"inLanguage\":\"es\",\"potentialAction\":[{\"@type\":\"ReadAction\",\"target\":[\"https:\\\/\\\/continuamosmx.com\\\/index.php\\\/2025\\\/01\\\/02\\\/gobierno-de-texcoco-2025-2027-toma-posesion-y-prioriza-cercania-con-la-ciudadania\\\/\"]}]},{\"@type\":\"ImageObject\",\"inLanguage\":\"es\",\"@id\":\"https:\\\/\\\/continuamosmx.com\\\/index.php\\\/2025\\\/01\\\/02\\\/gobierno-de-texcoco-2025-2027-toma-posesion-y-prioriza-cercania-con-la-ciudadania\\\/#primaryimage\",\"url\":\"https:\\\/\\\/continuamosmx.com\\\/wp-content\\\/uploads\\\/2025\\\/01\\\/IMG-20250101-WA0073.jpg\",\"contentUrl\":\"https:\\\/\\\/continuamosmx.com\\\/wp-content\\\/uploads\\\/2025\\\/01\\\/IMG-20250101-WA0073.jpg\",\"width\":2560,\"height\":1706},{\"@type\":\"BreadcrumbList\",\"@id\":\"https:\\\/\\\/continuamosmx.com\\\/index.php\\\/2025\\\/01\\\/02\\\/gobierno-de-texcoco-2025-2027-toma-posesion-y-prioriza-cercania-con-la-ciudadania\\\/#breadcrumb\",\"itemListElement\":[{\"@type\":\"ListItem\",\"position\":1,\"name\":\"Inicio\",\"item\":\"https:\\\/\\\/continuamosmx.com\\\/\"},{\"@type\":\"ListItem\",\"position\":2,\"name\":\"GOBIERNO DE TEXCOCO 2025-2027 TOMA POSESI\u00d3N Y PRIORIZA CERCAN\u00cdA CON LA CIUDADAN\u00cdA\"}]},{\"@type\":\"WebSite\",\"@id\":\"https:\\\/\\\/continuamosmx.com\\\/#website\",\"url\":\"https:\\\/\\\/continuamosmx.com\\\/\",\"name\":\"www.continuamosmx.com\",\"description\":\"\",\"publisher\":{\"@id\":\"https:\\\/\\\/continuamosmx.com\\\/#organization\"},\"potentialAction\":[{\"@type\":\"SearchAction\",\"target\":{\"@type\":\"EntryPoint\",\"urlTemplate\":\"https:\\\/\\\/continuamosmx.com\\\/?s={search_term_string}\"},\"query-input\":{\"@type\":\"PropertyValueSpecification\",\"valueRequired\":true,\"valueName\":\"search_term_string\"}}],\"inLanguage\":\"es\"},{\"@type\":\"Organization\",\"@id\":\"https:\\\/\\\/continuamosmx.com\\\/#organization\",\"name\":\"ContinuamosMX\",\"url\":\"https:\\\/\\\/continuamosmx.com\\\/\",\"logo\":{\"@type\":\"ImageObject\",\"inLanguage\":\"es\",\"@id\":\"https:\\\/\\\/continuamosmx.com\\\/#\\\/schema\\\/logo\\\/image\\\/\",\"url\":\"https:\\\/\\\/continuamosmx.com\\\/wp-content\\\/uploads\\\/2023\\\/04\\\/cropped-LOGO-CONTI-NUEVO.png\",\"contentUrl\":\"https:\\\/\\\/continuamosmx.com\\\/wp-content\\\/uploads\\\/2023\\\/04\\\/cropped-LOGO-CONTI-NUEVO.png\",\"width\":1257,\"height\":430,\"caption\":\"ContinuamosMX\"},\"image\":{\"@id\":\"https:\\\/\\\/continuamosmx.com\\\/#\\\/schema\\\/logo\\\/image\\\/\"}},{\"@type\":\"Person\",\"@id\":\"https:\\\/\\\/continuamosmx.com\\\/#\\\/schema\\\/person\\\/597bf43bb6e9623635929d8de706669f\",\"name\":\"ContinuamosMX\",\"image\":{\"@type\":\"ImageObject\",\"inLanguage\":\"es\",\"@id\":\"https:\\\/\\\/secure.gravatar.com\\\/avatar\\\/559529727a6e1f51269882deb22b7cbf727c15cb0f7d75d495313386bc069382?s=96&d=mm&r=g\",\"url\":\"https:\\\/\\\/secure.gravatar.com\\\/avatar\\\/559529727a6e1f51269882deb22b7cbf727c15cb0f7d75d495313386bc069382?s=96&d=mm&r=g\",\"contentUrl\":\"https:\\\/\\\/secure.gravatar.com\\\/avatar\\\/559529727a6e1f51269882deb22b7cbf727c15cb0f7d75d495313386bc069382?s=96&d=mm&r=g\",\"caption\":\"ContinuamosMX\"},\"sameAs\":[\"http:\\\/\\\/continuamosmx.com\"],\"url\":\"https:\\\/\\\/continuamosmx.com\\\/index.php\\\/author\\\/cgbarnardhotmail-com\\\/\"}]}<\/script>\n<!-- \/ Yoast SEO plugin. -->","yoast_head_json":{"title":"GOBIERNO DE TEXCOCO 2025-2027 TOMA POSESI\u00d3N Y PRIORIZA CERCAN\u00cdA CON LA CIUDADAN\u00cdA -","robots":{"index":"index","follow":"follow","max-snippet":"max-snippet:-1","max-image-preview":"max-image-preview:large","max-video-preview":"max-video-preview:-1"},"canonical":"https:\/\/continuamosmx.com\/index.php\/2025\/01\/02\/gobierno-de-texcoco-2025-2027-toma-posesion-y-prioriza-cercania-con-la-ciudadania\/","og_locale":"es_ES","og_type":"article","og_title":"GOBIERNO DE TEXCOCO 2025-2027 TOMA POSESI\u00d3N Y PRIORIZA CERCAN\u00cdA CON LA CIUDADAN\u00cdA -","og_description":"*\u201cEl gobierno debe estar a la altura del ciudadano\u201d, afirma el alcalde Nazario Guti\u00e9rrez Mart\u00ednez durante la primera sesi\u00f3n de Cabildo Redacci\u00f3n TEXCOCO, M\u00e9x.- Con la primera sesi\u00f3n ordinaria de cabildo, el Ayuntamiento de Texcoco para el periodo 2025-2027 tom\u00f3 formalmente posesi\u00f3n, estableciendo el compromiso de trabajar como un gobierno cercano, eficiente y digno para [&hellip;]","og_url":"https:\/\/continuamosmx.com\/index.php\/2025\/01\/02\/gobierno-de-texcoco-2025-2027-toma-posesion-y-prioriza-cercania-con-la-ciudadania\/","article_published_time":"2025-01-02T01:51:07+00:00","og_image":[{"width":2560,"height":1706,"url":"https:\/\/continuamosmx.com\/wp-content\/uploads\/2025\/01\/IMG-20250101-WA0073.jpg","type":"image\/jpeg"}],"author":"ContinuamosMX","twitter_card":"summary_large_image","twitter_misc":{"Escrito por":"ContinuamosMX","Tiempo de lectura":"2 minutos"},"schema":{"@context":"https:\/\/schema.org","@graph":[{"@type":"Article","@id":"https:\/\/continuamosmx.com\/index.php\/2025\/01\/02\/gobierno-de-texcoco-2025-2027-toma-posesion-y-prioriza-cercania-con-la-ciudadania\/#article","isPartOf":{"@id":"https:\/\/continuamosmx.com\/index.php\/2025\/01\/02\/gobierno-de-texcoco-2025-2027-toma-posesion-y-prioriza-cercania-con-la-ciudadania\/"},"author":{"name":"ContinuamosMX","@id":"https:\/\/continuamosmx.com\/#\/schema\/person\/597bf43bb6e9623635929d8de706669f"},"headline":"GOBIERNO DE TEXCOCO 2025-2027 TOMA POSESI\u00d3N Y PRIORIZA CERCAN\u00cdA CON LA CIUDADAN\u00cdA","datePublished":"2025-01-02T01:51:07+00:00","mainEntityOfPage":{"@id":"https:\/\/continuamosmx.com\/index.php\/2025\/01\/02\/gobierno-de-texcoco-2025-2027-toma-posesion-y-prioriza-cercania-con-la-ciudadania\/"},"wordCount":338,"commentCount":0,"publisher":{"@id":"https:\/\/continuamosmx.com\/#organization"},"image":{"@id":"https:\/\/continuamosmx.com\/index.php\/2025\/01\/02\/gobierno-de-texcoco-2025-2027-toma-posesion-y-prioriza-cercania-con-la-ciudadania\/#primaryimage"},"thumbnailUrl":"https:\/\/continuamosmx.com\/wp-content\/uploads\/2025\/01\/IMG-20250101-WA0073.jpg","keywords":["Edomex","Nazario Guti\u00e9rrez","Texcoco","Toma de protesta"],"articleSection":["EDOMEX","LOCALES","TEXCOCO"],"inLanguage":"es"},{"@type":"WebPage","@id":"https:\/\/continuamosmx.com\/index.php\/2025\/01\/02\/gobierno-de-texcoco-2025-2027-toma-posesion-y-prioriza-cercania-con-la-ciudadania\/","url":"https:\/\/continuamosmx.com\/index.php\/2025\/01\/02\/gobierno-de-texcoco-2025-2027-toma-posesion-y-prioriza-cercania-con-la-ciudadania\/","name":"GOBIERNO DE TEXCOCO 2025-2027 TOMA POSESI\u00d3N Y PRIORIZA CERCAN\u00cdA CON LA CIUDADAN\u00cdA -","isPartOf":{"@id":"https:\/\/continuamosmx.com\/#website"},"primaryImageOfPage":{"@id":"https:\/\/continuamosmx.com\/index.php\/2025\/01\/02\/gobierno-de-texcoco-2025-2027-toma-posesion-y-prioriza-cercania-con-la-ciudadania\/#primaryimage"},"image":{"@id":"https:\/\/continuamosmx.com\/index.php\/2025\/01\/02\/gobierno-de-texcoco-2025-2027-toma-posesion-y-prioriza-cercania-con-la-ciudadania\/#primaryimage"},"thumbnailUrl":"https:\/\/continuamosmx.com\/wp-content\/uploads\/2025\/01\/IMG-20250101-WA0073.jpg","datePublished":"2025-01-02T01:51:07+00:00","breadcrumb":{"@id":"https:\/\/continuamosmx.com\/index.php\/2025\/01\/02\/gobierno-de-texcoco-2025-2027-toma-posesion-y-prioriza-cercania-con-la-ciudadania\/#breadcrumb"},"inLanguage":"es","potentialAction":[{"@type":"ReadAction","target":["https:\/\/continuamosmx.com\/index.php\/2025\/01\/02\/gobierno-de-texcoco-2025-2027-toma-posesion-y-prioriza-cercania-con-la-ciudadania\/"]}]},{"@type":"ImageObject","inLanguage":"es","@id":"https:\/\/continuamosmx.com\/index.php\/2025\/01\/02\/gobierno-de-texcoco-2025-2027-toma-posesion-y-prioriza-cercania-con-la-ciudadania\/#primaryimage","url":"https:\/\/continuamosmx.com\/wp-content\/uploads\/2025\/01\/IMG-20250101-WA0073.jpg","contentUrl":"https:\/\/continuamosmx.com\/wp-content\/uploads\/2025\/01\/IMG-20250101-WA0073.jpg","width":2560,"height":1706},{"@type":"BreadcrumbList","@id":"https:\/\/continuamosmx.com\/index.php\/2025\/01\/02\/gobierno-de-texcoco-2025-2027-toma-posesion-y-prioriza-cercania-con-la-ciudadania\/#breadcrumb","itemListElement":[{"@type":"ListItem","position":1,"name":"Inicio","item":"https:\/\/continuamosmx.com\/"},{"@type":"ListItem","position":2,"name":"GOBIERNO DE TEXCOCO 2025-2027 TOMA POSESI\u00d3N Y PRIORIZA CERCAN\u00cdA CON LA CIUDADAN\u00cdA"}]},{"@type":"WebSite","@id":"https:\/\/continuamosmx.com\/#website","url":"https:\/\/continuamosmx.com\/","name":"www.continuamosmx.com","description":"","publisher":{"@id":"https:\/\/continuamosmx.com\/#organization"},"potentialAction":[{"@type":"SearchAction","target":{"@type":"EntryPoint","urlTemplate":"https:\/\/continuamosmx.com\/?s={search_term_string}"},"query-input":{"@type":"PropertyValueSpecification","valueRequired":true,"valueName":"search_term_string"}}],"inLanguage":"es"},{"@type":"Organization","@id":"https:\/\/continuamosmx.com\/#organization","name":"ContinuamosMX","url":"https:\/\/continuamosmx.com\/","logo":{"@type":"ImageObject","inLanguage":"es","@id":"https:\/\/continuamosmx.com\/#\/schema\/logo\/image\/","url":"https:\/\/continuamosmx.com\/wp-content\/uploads\/2023\/04\/cropped-LOGO-CONTI-NUEVO.png","contentUrl":"https:\/\/continuamosmx.com\/wp-content\/uploads\/2023\/04\/cropped-LOGO-CONTI-NUEVO.png","width":1257,"height":430,"caption":"ContinuamosMX"},"image":{"@id":"https:\/\/continuamosmx.com\/#\/schema\/logo\/image\/"}},{"@type":"Person","@id":"https:\/\/continuamosmx.com\/#\/schema\/person\/597bf43bb6e9623635929d8de706669f","name":"ContinuamosMX","image":{"@type":"ImageObject","inLanguage":"es","@id":"https:\/\/secure.gravatar.com\/avatar\/559529727a6e1f51269882deb22b7cbf727c15cb0f7d75d495313386bc069382?s=96&d=mm&r=g","url":"https:\/\/secure.gravatar.com\/avatar\/559529727a6e1f51269882deb22b7cbf727c15cb0f7d75d495313386bc069382?s=96&d=mm&r=g","contentUrl":"https:\/\/secure.gravatar.com\/avatar\/559529727a6e1f51269882deb22b7cbf727c15cb0f7d75d495313386bc069382?s=96&d=mm&r=g","caption":"ContinuamosMX"},"sameAs":["http:\/\/continuamosmx.com"],"url":"https:\/\/continuamosmx.com\/index.php\/author\/cgbarnardhotmail-com\/"}]}},"_links":{"self":[{"href":"https:\/\/continuamosmx.com\/index.php\/wp-json\/wp\/v2\/posts\/49051","targetHints":{"allow":["GET"]}}],"collection":[{"href":"https:\/\/continuamosmx.com\/index.php\/wp-json\/wp\/v2\/posts"}],"about":[{"href":"https:\/\/continuamosmx.com\/index.php\/wp-json\/wp\/v2\/types\/post"}],"author":[{"embeddable":true,"href":"https:\/\/continuamosmx.com\/index.php\/wp-json\/wp\/v2\/users\/1"}],"replies":[{"embeddable":true,"href":"https:\/\/continuamosmx.com\/index.php\/wp-json\/wp\/v2\/comments?post=49051"}],"version-history":[{"count":1,"href":"https:\/\/continuamosmx.com\/index.php\/wp-json\/wp\/v2\/posts\/49051\/revisions"}],"predecessor-version":[{"id":49053,"href":"https:\/\/continuamosmx.com\/index.php\/wp-json\/wp\/v2\/posts\/49051\/revisions\/49053"}],"wp:featuredmedia":[{"embeddable":true,"href":"https:\/\/continuamosmx.com\/index.php\/wp-json\/wp\/v2\/media\/49052"}],"wp:attachment":[{"href":"https:\/\/continuamosmx.com\/index.php\/wp-json\/wp\/v2\/media?parent=49051"}],"wp:term":[{"taxonomy":"category","embeddable":true,"href":"https:\/\/continuamosmx.com\/index.php\/wp-json\/wp\/v2\/categories?post=49051"},{"taxonomy":"post_tag","embeddable":true,"href":"https:\/\/continuamosmx.com\/index.php\/wp-json\/wp\/v2\/tags?post=49051"}],"curies":[{"name":"wp","href":"https:\/\/api.w.org\/{rel}","templated":true}]}}