{"id":48829,"date":"2024-11-21T16:52:05","date_gmt":"2024-11-21T16:52:05","guid":{"rendered":"https:\/\/continuamosmx.com\/?p=48829"},"modified":"2024-11-21T16:52:07","modified_gmt":"2024-11-21T16:52:07","slug":"el-rincon-de-la-reflexion-54","status":"publish","type":"post","link":"https:\/\/continuamosmx.com\/index.php\/2024\/11\/21\/el-rincon-de-la-reflexion-54\/","title":{"rendered":"EL RINC\u00d3N DE LA REFLEXI\u00d3N."},"content":{"rendered":"\n<p><strong>La Formaci\u00f3n Pol\u00edtica<\/strong><\/p>\n\n\n\n<p><strong>Por; Alfredo Elizarraras<\/strong><\/p>\n\n\n\n<p>Como es bien sabido, la herencia m\u00e1s grande que nos dej\u00f3 nuestro querido presidente AMLO, fue la formaci\u00f3n pol\u00edtica. La politizaci\u00f3n social, como ya nos qued\u00f3 claro, fue fundamental para que el segundo piso de la Cuarta Transformaci\u00f3n haya ganado en las elecciones pasadas.<\/p>\n\n\n\n<div class=\"wp-block-group\"><div class=\"wp-block-group__inner-container is-layout-constrained wp-block-group-is-layout-constrained\">\n<div class=\"wp-block-group\"><div class=\"wp-block-group__inner-container is-layout-constrained wp-block-group-is-layout-constrained\">\n<p>Sin embargo, la politizaci\u00f3n social no solo ha servido para el triunfo de la Cuarta Transformaci\u00f3n, tambi\u00e9n, para que el pueblo mismo, haya dado cuenta de quienes son en realidad el PRI, el PAN, el PRD y muchos otros actores pol\u00edticos que, durante a\u00f1os, se sintieron los due\u00f1os de nuestro pa\u00eds.<\/p>\n\n\n\n<p>Ya que, un pueblo politizado, voltea a ver a detalle a su gobierno y no es f\u00e1cilmente enga\u00f1ado. Caso contrario a lo que se acostumbr\u00f3 durante a\u00f1os la derecha. Es decir, durante d\u00e9cadas, la derecha utiliz\u00f3 de manera ego\u00edsta e irresponsable al pueblo. Siempre nos pens\u00f3 como una masa amorfa sin necesidades ni carencias, algo parecido a una fuente interminable de votos y puestos de elecci\u00f3n popular.<\/p>\n\n\n\n<p>Sin dejar de lado la idea de que volvi\u00f3 un buen negocio el empobrecimiento de la sociedad. Ellos empobrec\u00edan al pueblo, lo doblegaban con sus leyes autoritarias y despu\u00e9s, ellos mismos ofrec\u00edan soluciones inexistentes. Se convirtieron en una m\u00e1quina de brutalidad e injusticia.<\/p>\n\n\n\n<p>Controlaron los medios de comunicaci\u00f3n y a trav\u00e9s de ellos maquillaron el infierno que crearon de nuestro pa\u00eds. Peri\u00f3dicos, revistas, analistas pol\u00edticos, locutores de radio, todo aparato comunicativo posible, fue para ellos, un medio de justificaci\u00f3n de lo injustificable.<\/p>\n\n\n\n<p>Es por ello, que la politizaci\u00f3n social, ha jugado un papel fundamental en la vida p\u00fablica de nuestro pa\u00eds. De ah\u00ed el llamado tambi\u00e9n a las cabezas de nuestro movimiento, para que se ponga a la formaci\u00f3n pol\u00edtica, como pilar para la construcci\u00f3n de la 4T y con ello, se fortalezca al INFP de nuestro partido. Un llamado para que las bases se tomen m\u00e1s en cuenta, no solo para conseguir votos.<\/p>\n\n\n\n<p>Lo que nos lleva a pensar en el cambio de conciencia, no solo como un slogan que ayuda a fortalecer la votaci\u00f3n, tambi\u00e9n, como una regla esencial para nuestro partido movimiento: \u201cno puedo decirme amante de la justicia social, si a mis propias bases, las relego y las exploto a mi conveniencia\u201d.<\/p>\n\n\n\n<p>De ah\u00ed que la Formaci\u00f3n pol\u00edtica y la rebeld\u00eda social, siempre ser\u00e1n bienvenidas, para la construcci\u00f3n de objetivos en beneficio de la colectividad, porque no tiene sentido que morena, surgiendo de los movimientos sociales, tenga entre sus filas la traici\u00f3n, el autoritarismo y la mentira.<\/p>\n\n\n\n<p>La formaci\u00f3n pol\u00edtica entonces, debe abrazar a todo el pueblo y a todos sus militantes. No solo en el discurso, tambi\u00e9n en las acciones. Las cupulas de morena, tambi\u00e9n, debe velar por sus bases, no solo en los votos, tambi\u00e9n en las definiciones. El pueblo, debe estar al pendiente de sus gobiernos, no solo de la oposici\u00f3n, tambi\u00e9n del partido. Solo as\u00ed, se podr\u00e1 hacer un cambio de conciencia y el bien ser\u00e1 mayor para el pueblo.<\/p>\n\n\n\n<p>Bien lo dijo AMLO, morena debe ser el cambio verdadero, pero en todos los sentidos y tambi\u00e9n hacia las bases. Morena entonces, debe ser el veh\u00edculo de la justicia social, tanto afuera, como hacia los adentros. Y en general, morena debe actuar con justicia, adentro y afuera; ya que, si la fractura se da desde adentro, llegar\u00e1 un momento en el que nuestro partido quede totalmente perredizado y con ello, nuevamente el triunfo de la derecha est\u00e9 presente<\/p>\n<\/div><\/div>\n<\/div><\/div>\n","protected":false},"excerpt":{"rendered":"<p>La Formaci\u00f3n Pol\u00edtica Por; Alfredo Elizarraras Como es bien sabido, la herencia m\u00e1s grande que nos dej\u00f3 nuestro querido presidente AMLO, fue la formaci\u00f3n pol\u00edtica. La politizaci\u00f3n social, como ya nos qued\u00f3 claro, fue fundamental para que el segundo piso de la Cuarta Transformaci\u00f3n haya ganado en las elecciones pasadas. Sin embargo, la politizaci\u00f3n social [&hellip;]<\/p>\n","protected":false},"author":6,"featured_media":48830,"comment_status":"open","ping_status":"open","sticky":false,"template":"","format":"standard","meta":{"footnotes":""},"categories":[10,9],"tags":[],"class_list":["post-48829","post","type-post","status-publish","format-standard","has-post-thumbnail","hentry","category-articulo-de-contenido","category-columnas"],"yoast_head":"<!-- This site is optimized with the Yoast SEO plugin v27.5 - https:\/\/yoast.com\/product\/yoast-seo-wordpress\/ -->\n<title>EL RINC\u00d3N DE LA REFLEXI\u00d3N. -<\/title>\n<meta name=\"robots\" content=\"index, follow, max-snippet:-1, max-image-preview:large, max-video-preview:-1\" \/>\n<link rel=\"canonical\" href=\"https:\/\/continuamosmx.com\/index.php\/2024\/11\/21\/el-rincon-de-la-reflexion-54\/\" \/>\n<meta property=\"og:locale\" content=\"es_ES\" \/>\n<meta property=\"og:type\" content=\"article\" \/>\n<meta property=\"og:title\" content=\"EL RINC\u00d3N DE LA REFLEXI\u00d3N. -\" \/>\n<meta property=\"og:description\" content=\"La Formaci\u00f3n Pol\u00edtica Por; Alfredo Elizarraras Como es bien sabido, la herencia m\u00e1s grande que nos dej\u00f3 nuestro querido presidente AMLO, fue la formaci\u00f3n pol\u00edtica. La politizaci\u00f3n social, como ya nos qued\u00f3 claro, fue fundamental para que el segundo piso de la Cuarta Transformaci\u00f3n haya ganado en las elecciones pasadas. Sin embargo, la politizaci\u00f3n social [&hellip;]\" \/>\n<meta property=\"og:url\" content=\"https:\/\/continuamosmx.com\/index.php\/2024\/11\/21\/el-rincon-de-la-reflexion-54\/\" \/>\n<meta property=\"article:published_time\" content=\"2024-11-21T16:52:05+00:00\" \/>\n<meta property=\"article:modified_time\" content=\"2024-11-21T16:52:07+00:00\" \/>\n<meta property=\"og:image\" content=\"https:\/\/continuamosmx.com\/wp-content\/uploads\/2024\/11\/colum.jpg\" \/>\n\t<meta property=\"og:image:width\" content=\"1598\" \/>\n\t<meta property=\"og:image:height\" content=\"720\" \/>\n\t<meta property=\"og:image:type\" content=\"image\/jpeg\" \/>\n<meta name=\"author\" content=\"Continuamos MX\" \/>\n<meta name=\"twitter:card\" content=\"summary_large_image\" \/>\n<meta name=\"twitter:label1\" content=\"Escrito por\" \/>\n\t<meta name=\"twitter:data1\" content=\"Continuamos MX\" \/>\n\t<meta name=\"twitter:label2\" content=\"Tiempo de lectura\" \/>\n\t<meta name=\"twitter:data2\" content=\"3 minutos\" \/>\n<script type=\"application\/ld+json\" class=\"yoast-schema-graph\">{\"@context\":\"https:\\\/\\\/schema.org\",\"@graph\":[{\"@type\":\"Article\",\"@id\":\"https:\\\/\\\/continuamosmx.com\\\/index.php\\\/2024\\\/11\\\/21\\\/el-rincon-de-la-reflexion-54\\\/#article\",\"isPartOf\":{\"@id\":\"https:\\\/\\\/continuamosmx.com\\\/index.php\\\/2024\\\/11\\\/21\\\/el-rincon-de-la-reflexion-54\\\/\"},\"author\":{\"name\":\"Continuamos MX\",\"@id\":\"https:\\\/\\\/continuamosmx.com\\\/#\\\/schema\\\/person\\\/5eb5356acb1fad784da407d14f0e8d89\"},\"headline\":\"EL RINC\u00d3N DE LA REFLEXI\u00d3N.\",\"datePublished\":\"2024-11-21T16:52:05+00:00\",\"dateModified\":\"2024-11-21T16:52:07+00:00\",\"mainEntityOfPage\":{\"@id\":\"https:\\\/\\\/continuamosmx.com\\\/index.php\\\/2024\\\/11\\\/21\\\/el-rincon-de-la-reflexion-54\\\/\"},\"wordCount\":636,\"commentCount\":0,\"publisher\":{\"@id\":\"https:\\\/\\\/continuamosmx.com\\\/#organization\"},\"image\":{\"@id\":\"https:\\\/\\\/continuamosmx.com\\\/index.php\\\/2024\\\/11\\\/21\\\/el-rincon-de-la-reflexion-54\\\/#primaryimage\"},\"thumbnailUrl\":\"https:\\\/\\\/continuamosmx.com\\\/wp-content\\\/uploads\\\/2024\\\/11\\\/colum.jpg\",\"articleSection\":[\"ART\u00cdCULO DE CONTENIDO\",\"COLUMNAS\"],\"inLanguage\":\"es\"},{\"@type\":\"WebPage\",\"@id\":\"https:\\\/\\\/continuamosmx.com\\\/index.php\\\/2024\\\/11\\\/21\\\/el-rincon-de-la-reflexion-54\\\/\",\"url\":\"https:\\\/\\\/continuamosmx.com\\\/index.php\\\/2024\\\/11\\\/21\\\/el-rincon-de-la-reflexion-54\\\/\",\"name\":\"EL RINC\u00d3N DE LA REFLEXI\u00d3N. -\",\"isPartOf\":{\"@id\":\"https:\\\/\\\/continuamosmx.com\\\/#website\"},\"primaryImageOfPage\":{\"@id\":\"https:\\\/\\\/continuamosmx.com\\\/index.php\\\/2024\\\/11\\\/21\\\/el-rincon-de-la-reflexion-54\\\/#primaryimage\"},\"image\":{\"@id\":\"https:\\\/\\\/continuamosmx.com\\\/index.php\\\/2024\\\/11\\\/21\\\/el-rincon-de-la-reflexion-54\\\/#primaryimage\"},\"thumbnailUrl\":\"https:\\\/\\\/continuamosmx.com\\\/wp-content\\\/uploads\\\/2024\\\/11\\\/colum.jpg\",\"datePublished\":\"2024-11-21T16:52:05+00:00\",\"dateModified\":\"2024-11-21T16:52:07+00:00\",\"breadcrumb\":{\"@id\":\"https:\\\/\\\/continuamosmx.com\\\/index.php\\\/2024\\\/11\\\/21\\\/el-rincon-de-la-reflexion-54\\\/#breadcrumb\"},\"inLanguage\":\"es\",\"potentialAction\":[{\"@type\":\"ReadAction\",\"target\":[\"https:\\\/\\\/continuamosmx.com\\\/index.php\\\/2024\\\/11\\\/21\\\/el-rincon-de-la-reflexion-54\\\/\"]}]},{\"@type\":\"ImageObject\",\"inLanguage\":\"es\",\"@id\":\"https:\\\/\\\/continuamosmx.com\\\/index.php\\\/2024\\\/11\\\/21\\\/el-rincon-de-la-reflexion-54\\\/#primaryimage\",\"url\":\"https:\\\/\\\/continuamosmx.com\\\/wp-content\\\/uploads\\\/2024\\\/11\\\/colum.jpg\",\"contentUrl\":\"https:\\\/\\\/continuamosmx.com\\\/wp-content\\\/uploads\\\/2024\\\/11\\\/colum.jpg\",\"width\":1598,\"height\":720},{\"@type\":\"BreadcrumbList\",\"@id\":\"https:\\\/\\\/continuamosmx.com\\\/index.php\\\/2024\\\/11\\\/21\\\/el-rincon-de-la-reflexion-54\\\/#breadcrumb\",\"itemListElement\":[{\"@type\":\"ListItem\",\"position\":1,\"name\":\"Inicio\",\"item\":\"https:\\\/\\\/continuamosmx.com\\\/\"},{\"@type\":\"ListItem\",\"position\":2,\"name\":\"EL RINC\u00d3N DE LA REFLEXI\u00d3N.\"}]},{\"@type\":\"WebSite\",\"@id\":\"https:\\\/\\\/continuamosmx.com\\\/#website\",\"url\":\"https:\\\/\\\/continuamosmx.com\\\/\",\"name\":\"www.continuamosmx.com\",\"description\":\"\",\"publisher\":{\"@id\":\"https:\\\/\\\/continuamosmx.com\\\/#organization\"},\"potentialAction\":[{\"@type\":\"SearchAction\",\"target\":{\"@type\":\"EntryPoint\",\"urlTemplate\":\"https:\\\/\\\/continuamosmx.com\\\/?s={search_term_string}\"},\"query-input\":{\"@type\":\"PropertyValueSpecification\",\"valueRequired\":true,\"valueName\":\"search_term_string\"}}],\"inLanguage\":\"es\"},{\"@type\":\"Organization\",\"@id\":\"https:\\\/\\\/continuamosmx.com\\\/#organization\",\"name\":\"ContinuamosMX\",\"url\":\"https:\\\/\\\/continuamosmx.com\\\/\",\"logo\":{\"@type\":\"ImageObject\",\"inLanguage\":\"es\",\"@id\":\"https:\\\/\\\/continuamosmx.com\\\/#\\\/schema\\\/logo\\\/image\\\/\",\"url\":\"https:\\\/\\\/continuamosmx.com\\\/wp-content\\\/uploads\\\/2023\\\/04\\\/cropped-LOGO-CONTI-NUEVO.png\",\"contentUrl\":\"https:\\\/\\\/continuamosmx.com\\\/wp-content\\\/uploads\\\/2023\\\/04\\\/cropped-LOGO-CONTI-NUEVO.png\",\"width\":1257,\"height\":430,\"caption\":\"ContinuamosMX\"},\"image\":{\"@id\":\"https:\\\/\\\/continuamosmx.com\\\/#\\\/schema\\\/logo\\\/image\\\/\"}},{\"@type\":\"Person\",\"@id\":\"https:\\\/\\\/continuamosmx.com\\\/#\\\/schema\\\/person\\\/5eb5356acb1fad784da407d14f0e8d89\",\"name\":\"Continuamos MX\",\"image\":{\"@type\":\"ImageObject\",\"inLanguage\":\"es\",\"@id\":\"https:\\\/\\\/secure.gravatar.com\\\/avatar\\\/30d4f9723476a15f4da34d35fb3501f08d2357016c76051c6a85c354c7489589?s=96&d=mm&r=g\",\"url\":\"https:\\\/\\\/secure.gravatar.com\\\/avatar\\\/30d4f9723476a15f4da34d35fb3501f08d2357016c76051c6a85c354c7489589?s=96&d=mm&r=g\",\"contentUrl\":\"https:\\\/\\\/secure.gravatar.com\\\/avatar\\\/30d4f9723476a15f4da34d35fb3501f08d2357016c76051c6a85c354c7489589?s=96&d=mm&r=g\",\"caption\":\"Continuamos MX\"},\"sameAs\":[\"http:\\\/\\\/www.continuamos.mx\"],\"url\":\"https:\\\/\\\/continuamosmx.com\\\/index.php\\\/author\\\/continuamos\\\/\"}]}<\/script>\n<!-- \/ Yoast SEO plugin. -->","yoast_head_json":{"title":"EL RINC\u00d3N DE LA REFLEXI\u00d3N. -","robots":{"index":"index","follow":"follow","max-snippet":"max-snippet:-1","max-image-preview":"max-image-preview:large","max-video-preview":"max-video-preview:-1"},"canonical":"https:\/\/continuamosmx.com\/index.php\/2024\/11\/21\/el-rincon-de-la-reflexion-54\/","og_locale":"es_ES","og_type":"article","og_title":"EL RINC\u00d3N DE LA REFLEXI\u00d3N. -","og_description":"La Formaci\u00f3n Pol\u00edtica Por; Alfredo Elizarraras Como es bien sabido, la herencia m\u00e1s grande que nos dej\u00f3 nuestro querido presidente AMLO, fue la formaci\u00f3n pol\u00edtica. La politizaci\u00f3n social, como ya nos qued\u00f3 claro, fue fundamental para que el segundo piso de la Cuarta Transformaci\u00f3n haya ganado en las elecciones pasadas. Sin embargo, la politizaci\u00f3n social [&hellip;]","og_url":"https:\/\/continuamosmx.com\/index.php\/2024\/11\/21\/el-rincon-de-la-reflexion-54\/","article_published_time":"2024-11-21T16:52:05+00:00","article_modified_time":"2024-11-21T16:52:07+00:00","og_image":[{"width":1598,"height":720,"url":"https:\/\/continuamosmx.com\/wp-content\/uploads\/2024\/11\/colum.jpg","type":"image\/jpeg"}],"author":"Continuamos MX","twitter_card":"summary_large_image","twitter_misc":{"Escrito por":"Continuamos MX","Tiempo de lectura":"3 minutos"},"schema":{"@context":"https:\/\/schema.org","@graph":[{"@type":"Article","@id":"https:\/\/continuamosmx.com\/index.php\/2024\/11\/21\/el-rincon-de-la-reflexion-54\/#article","isPartOf":{"@id":"https:\/\/continuamosmx.com\/index.php\/2024\/11\/21\/el-rincon-de-la-reflexion-54\/"},"author":{"name":"Continuamos MX","@id":"https:\/\/continuamosmx.com\/#\/schema\/person\/5eb5356acb1fad784da407d14f0e8d89"},"headline":"EL RINC\u00d3N DE LA REFLEXI\u00d3N.","datePublished":"2024-11-21T16:52:05+00:00","dateModified":"2024-11-21T16:52:07+00:00","mainEntityOfPage":{"@id":"https:\/\/continuamosmx.com\/index.php\/2024\/11\/21\/el-rincon-de-la-reflexion-54\/"},"wordCount":636,"commentCount":0,"publisher":{"@id":"https:\/\/continuamosmx.com\/#organization"},"image":{"@id":"https:\/\/continuamosmx.com\/index.php\/2024\/11\/21\/el-rincon-de-la-reflexion-54\/#primaryimage"},"thumbnailUrl":"https:\/\/continuamosmx.com\/wp-content\/uploads\/2024\/11\/colum.jpg","articleSection":["ART\u00cdCULO DE CONTENIDO","COLUMNAS"],"inLanguage":"es"},{"@type":"WebPage","@id":"https:\/\/continuamosmx.com\/index.php\/2024\/11\/21\/el-rincon-de-la-reflexion-54\/","url":"https:\/\/continuamosmx.com\/index.php\/2024\/11\/21\/el-rincon-de-la-reflexion-54\/","name":"EL RINC\u00d3N DE LA REFLEXI\u00d3N. -","isPartOf":{"@id":"https:\/\/continuamosmx.com\/#website"},"primaryImageOfPage":{"@id":"https:\/\/continuamosmx.com\/index.php\/2024\/11\/21\/el-rincon-de-la-reflexion-54\/#primaryimage"},"image":{"@id":"https:\/\/continuamosmx.com\/index.php\/2024\/11\/21\/el-rincon-de-la-reflexion-54\/#primaryimage"},"thumbnailUrl":"https:\/\/continuamosmx.com\/wp-content\/uploads\/2024\/11\/colum.jpg","datePublished":"2024-11-21T16:52:05+00:00","dateModified":"2024-11-21T16:52:07+00:00","breadcrumb":{"@id":"https:\/\/continuamosmx.com\/index.php\/2024\/11\/21\/el-rincon-de-la-reflexion-54\/#breadcrumb"},"inLanguage":"es","potentialAction":[{"@type":"ReadAction","target":["https:\/\/continuamosmx.com\/index.php\/2024\/11\/21\/el-rincon-de-la-reflexion-54\/"]}]},{"@type":"ImageObject","inLanguage":"es","@id":"https:\/\/continuamosmx.com\/index.php\/2024\/11\/21\/el-rincon-de-la-reflexion-54\/#primaryimage","url":"https:\/\/continuamosmx.com\/wp-content\/uploads\/2024\/11\/colum.jpg","contentUrl":"https:\/\/continuamosmx.com\/wp-content\/uploads\/2024\/11\/colum.jpg","width":1598,"height":720},{"@type":"BreadcrumbList","@id":"https:\/\/continuamosmx.com\/index.php\/2024\/11\/21\/el-rincon-de-la-reflexion-54\/#breadcrumb","itemListElement":[{"@type":"ListItem","position":1,"name":"Inicio","item":"https:\/\/continuamosmx.com\/"},{"@type":"ListItem","position":2,"name":"EL RINC\u00d3N DE LA REFLEXI\u00d3N."}]},{"@type":"WebSite","@id":"https:\/\/continuamosmx.com\/#website","url":"https:\/\/continuamosmx.com\/","name":"www.continuamosmx.com","description":"","publisher":{"@id":"https:\/\/continuamosmx.com\/#organization"},"potentialAction":[{"@type":"SearchAction","target":{"@type":"EntryPoint","urlTemplate":"https:\/\/continuamosmx.com\/?s={search_term_string}"},"query-input":{"@type":"PropertyValueSpecification","valueRequired":true,"valueName":"search_term_string"}}],"inLanguage":"es"},{"@type":"Organization","@id":"https:\/\/continuamosmx.com\/#organization","name":"ContinuamosMX","url":"https:\/\/continuamosmx.com\/","logo":{"@type":"ImageObject","inLanguage":"es","@id":"https:\/\/continuamosmx.com\/#\/schema\/logo\/image\/","url":"https:\/\/continuamosmx.com\/wp-content\/uploads\/2023\/04\/cropped-LOGO-CONTI-NUEVO.png","contentUrl":"https:\/\/continuamosmx.com\/wp-content\/uploads\/2023\/04\/cropped-LOGO-CONTI-NUEVO.png","width":1257,"height":430,"caption":"ContinuamosMX"},"image":{"@id":"https:\/\/continuamosmx.com\/#\/schema\/logo\/image\/"}},{"@type":"Person","@id":"https:\/\/continuamosmx.com\/#\/schema\/person\/5eb5356acb1fad784da407d14f0e8d89","name":"Continuamos MX","image":{"@type":"ImageObject","inLanguage":"es","@id":"https:\/\/secure.gravatar.com\/avatar\/30d4f9723476a15f4da34d35fb3501f08d2357016c76051c6a85c354c7489589?s=96&d=mm&r=g","url":"https:\/\/secure.gravatar.com\/avatar\/30d4f9723476a15f4da34d35fb3501f08d2357016c76051c6a85c354c7489589?s=96&d=mm&r=g","contentUrl":"https:\/\/secure.gravatar.com\/avatar\/30d4f9723476a15f4da34d35fb3501f08d2357016c76051c6a85c354c7489589?s=96&d=mm&r=g","caption":"Continuamos MX"},"sameAs":["http:\/\/www.continuamos.mx"],"url":"https:\/\/continuamosmx.com\/index.php\/author\/continuamos\/"}]}},"_links":{"self":[{"href":"https:\/\/continuamosmx.com\/index.php\/wp-json\/wp\/v2\/posts\/48829","targetHints":{"allow":["GET"]}}],"collection":[{"href":"https:\/\/continuamosmx.com\/index.php\/wp-json\/wp\/v2\/posts"}],"about":[{"href":"https:\/\/continuamosmx.com\/index.php\/wp-json\/wp\/v2\/types\/post"}],"author":[{"embeddable":true,"href":"https:\/\/continuamosmx.com\/index.php\/wp-json\/wp\/v2\/users\/6"}],"replies":[{"embeddable":true,"href":"https:\/\/continuamosmx.com\/index.php\/wp-json\/wp\/v2\/comments?post=48829"}],"version-history":[{"count":1,"href":"https:\/\/continuamosmx.com\/index.php\/wp-json\/wp\/v2\/posts\/48829\/revisions"}],"predecessor-version":[{"id":48831,"href":"https:\/\/continuamosmx.com\/index.php\/wp-json\/wp\/v2\/posts\/48829\/revisions\/48831"}],"wp:featuredmedia":[{"embeddable":true,"href":"https:\/\/continuamosmx.com\/index.php\/wp-json\/wp\/v2\/media\/48830"}],"wp:attachment":[{"href":"https:\/\/continuamosmx.com\/index.php\/wp-json\/wp\/v2\/media?parent=48829"}],"wp:term":[{"taxonomy":"category","embeddable":true,"href":"https:\/\/continuamosmx.com\/index.php\/wp-json\/wp\/v2\/categories?post=48829"},{"taxonomy":"post_tag","embeddable":true,"href":"https:\/\/continuamosmx.com\/index.php\/wp-json\/wp\/v2\/tags?post=48829"}],"curies":[{"name":"wp","href":"https:\/\/api.w.org\/{rel}","templated":true}]}}