{"id":48612,"date":"2024-10-22T06:57:00","date_gmt":"2024-10-22T06:57:00","guid":{"rendered":"https:\/\/continuamosmx.com\/?p=48612"},"modified":"2024-10-22T06:57:01","modified_gmt":"2024-10-22T06:57:01","slug":"atizapan-reduce-la-percepcion-de-inseguridad","status":"publish","type":"post","link":"https:\/\/continuamosmx.com\/index.php\/2024\/10\/22\/atizapan-reduce-la-percepcion-de-inseguridad\/","title":{"rendered":"ATIZAP\u00c1N REDUCE LA PERCEPCI\u00d3N DE INSEGURIDAD"},"content":{"rendered":"\n<p><strong>*El municipio destaca entre sus vecinos en la ZMVM con menores \u00edndices de percepci\u00f3n de inseguridad<\/strong><\/p>\n\n\n\n<p>ATIZAP\u00c1N, M\u00e9x.- El municipio de las Aguas de Tiza, bajo la administraci\u00f3n del alcalde Pedro Rodr\u00edguez Villegas, ha registrado una notable disminuci\u00f3n en la percepci\u00f3n de inseguridad, alcanzando el 50.6% en el \u00faltimo trimestre del a\u00f1o, seg\u00fan la Encuesta Nacional de Seguridad P\u00fablica Urbana (ENSU) publicada por el Instituto Nacional de Estad\u00edstica y Geograf\u00eda (INEGI).<\/p>\n\n\n\n<p>En tan solo tres a\u00f1os, este indicador ha bajado del 75% al 50.6%, una disminuci\u00f3n de 24.4 puntos porcentuales.<\/p>\n\n\n\n<p>Este resultado representa la cifra m\u00e1s baja de los \u00faltimos 33 meses, superando el 53.2% registrado en el trimestre anterior y posicionando a Atizap\u00e1n de Zaragoza por debajo de la media nacional, que de julio a septiembre de 2024 fue del 58.6%.<\/p>\n\n\n\n<p>El descenso en la percepci\u00f3n de inseguridad ha sido atribuido al trabajo conjunto de la Direcci\u00f3n de Seguridad P\u00fablica y Tr\u00e1nsito municipal, a cargo del Teniente de Nav\u00edo Fabi\u00e1n Ricardo G\u00f3mez Calc\u00e1neo, y la colaboraci\u00f3n con la Marina Armada de M\u00e9xico y autoridades estatales. Gracias a esta coordinaci\u00f3n en labores de inteligencia, se han logrado resultados sin precedentes.<\/p>\n\n\n\n<p>Pedro Rodr\u00edguez ha impulsado una serie de acciones para dignificar y proteger a los elementos de seguridad, como la entrega de chalecos bal\u00edsticos, uniformes de alta calidad y mejoras en las condiciones laborales de la corporaci\u00f3n, lo que ha contribuido a la consolidaci\u00f3n de una fuerza policial al servicio de la ciudadan\u00eda.<\/p>\n\n\n\n<p>Adem\u00e1s, el municipio ha implementado un Plan de Vigilancia por Cuadrantes, operativos continuos y capacitaciones permanentes, adem\u00e1s de distribuir el Manual de Prevenci\u00f3n Situacional del Delito, que ofrece a la ciudadan\u00eda herramientas para prevenir delitos.<\/p>\n\n\n\n<p>Comparado con municipios vecinos como Naucalpan (88.0%), Cuautitl\u00e1n Izcalli (80.5%) y Tlalnepantla (71.7%), Atizap\u00e1n de Zaragoza resalta por sus avances en seguridad, consolid\u00e1ndose como un referente en la zona metropolitana.<\/p>\n\n\n\n<p>Este progreso se ha mantenido durante toda la administraci\u00f3n de Pedro Rodr\u00edguez, quien ha instruido medidas que fortalecen tanto a la polic\u00eda municipal como la confianza de los ciudadanos.<\/p>\n","protected":false},"excerpt":{"rendered":"<p>*El municipio destaca entre sus vecinos en la ZMVM con menores \u00edndices de percepci\u00f3n de inseguridad ATIZAP\u00c1N, M\u00e9x.- El municipio de las Aguas de Tiza, bajo la administraci\u00f3n del alcalde Pedro Rodr\u00edguez Villegas, ha registrado una notable disminuci\u00f3n en la percepci\u00f3n de inseguridad, alcanzando el 50.6% en el \u00faltimo trimestre del a\u00f1o, seg\u00fan la Encuesta [&hellip;]<\/p>\n","protected":false},"author":6,"featured_media":48613,"comment_status":"open","ping_status":"open","sticky":false,"template":"","format":"standard","meta":{"footnotes":""},"categories":[20,4],"tags":[],"class_list":["post-48612","post","type-post","status-publish","format-standard","has-post-thumbnail","hentry","category-atizapan-de-zaragoza","category-locales"],"yoast_head":"<!-- This site is optimized with the Yoast SEO plugin v27.4 - https:\/\/yoast.com\/product\/yoast-seo-wordpress\/ -->\n<title>ATIZAP\u00c1N REDUCE LA PERCEPCI\u00d3N DE INSEGURIDAD -<\/title>\n<meta name=\"robots\" content=\"index, follow, max-snippet:-1, max-image-preview:large, max-video-preview:-1\" \/>\n<link rel=\"canonical\" href=\"https:\/\/continuamosmx.com\/index.php\/2024\/10\/22\/atizapan-reduce-la-percepcion-de-inseguridad\/\" \/>\n<meta property=\"og:locale\" content=\"es_ES\" \/>\n<meta property=\"og:type\" content=\"article\" \/>\n<meta property=\"og:title\" content=\"ATIZAP\u00c1N REDUCE LA PERCEPCI\u00d3N DE INSEGURIDAD -\" \/>\n<meta property=\"og:description\" content=\"*El municipio destaca entre sus vecinos en la ZMVM con menores \u00edndices de percepci\u00f3n de inseguridad ATIZAP\u00c1N, M\u00e9x.- El municipio de las Aguas de Tiza, bajo la administraci\u00f3n del alcalde Pedro Rodr\u00edguez Villegas, ha registrado una notable disminuci\u00f3n en la percepci\u00f3n de inseguridad, alcanzando el 50.6% en el \u00faltimo trimestre del a\u00f1o, seg\u00fan la Encuesta [&hellip;]\" \/>\n<meta property=\"og:url\" content=\"https:\/\/continuamosmx.com\/index.php\/2024\/10\/22\/atizapan-reduce-la-percepcion-de-inseguridad\/\" \/>\n<meta property=\"article:published_time\" content=\"2024-10-22T06:57:00+00:00\" \/>\n<meta property=\"article:modified_time\" content=\"2024-10-22T06:57:01+00:00\" \/>\n<meta property=\"og:image\" content=\"https:\/\/continuamosmx.com\/wp-content\/uploads\/2024\/10\/ATIZAPAN.jpg\" \/>\n\t<meta property=\"og:image:width\" content=\"1280\" \/>\n\t<meta property=\"og:image:height\" content=\"809\" \/>\n\t<meta property=\"og:image:type\" content=\"image\/jpeg\" \/>\n<meta name=\"author\" content=\"Continuamos MX\" \/>\n<meta name=\"twitter:card\" content=\"summary_large_image\" \/>\n<meta name=\"twitter:label1\" content=\"Escrito por\" \/>\n\t<meta name=\"twitter:data1\" content=\"Continuamos MX\" \/>\n\t<meta name=\"twitter:label2\" content=\"Tiempo de lectura\" \/>\n\t<meta name=\"twitter:data2\" content=\"2 minutos\" \/>\n<script type=\"application\/ld+json\" class=\"yoast-schema-graph\">{\"@context\":\"https:\\\/\\\/schema.org\",\"@graph\":[{\"@type\":\"Article\",\"@id\":\"https:\\\/\\\/continuamosmx.com\\\/index.php\\\/2024\\\/10\\\/22\\\/atizapan-reduce-la-percepcion-de-inseguridad\\\/#article\",\"isPartOf\":{\"@id\":\"https:\\\/\\\/continuamosmx.com\\\/index.php\\\/2024\\\/10\\\/22\\\/atizapan-reduce-la-percepcion-de-inseguridad\\\/\"},\"author\":{\"name\":\"Continuamos MX\",\"@id\":\"https:\\\/\\\/continuamosmx.com\\\/#\\\/schema\\\/person\\\/5eb5356acb1fad784da407d14f0e8d89\"},\"headline\":\"ATIZAP\u00c1N REDUCE LA PERCEPCI\u00d3N DE INSEGURIDAD\",\"datePublished\":\"2024-10-22T06:57:00+00:00\",\"dateModified\":\"2024-10-22T06:57:01+00:00\",\"mainEntityOfPage\":{\"@id\":\"https:\\\/\\\/continuamosmx.com\\\/index.php\\\/2024\\\/10\\\/22\\\/atizapan-reduce-la-percepcion-de-inseguridad\\\/\"},\"wordCount\":376,\"commentCount\":0,\"publisher\":{\"@id\":\"https:\\\/\\\/continuamosmx.com\\\/#organization\"},\"image\":{\"@id\":\"https:\\\/\\\/continuamosmx.com\\\/index.php\\\/2024\\\/10\\\/22\\\/atizapan-reduce-la-percepcion-de-inseguridad\\\/#primaryimage\"},\"thumbnailUrl\":\"https:\\\/\\\/continuamosmx.com\\\/wp-content\\\/uploads\\\/2024\\\/10\\\/ATIZAPAN.jpg\",\"articleSection\":[\"ATIZAPAN DE ZARAGOZA\",\"LOCALES\"],\"inLanguage\":\"es\"},{\"@type\":\"WebPage\",\"@id\":\"https:\\\/\\\/continuamosmx.com\\\/index.php\\\/2024\\\/10\\\/22\\\/atizapan-reduce-la-percepcion-de-inseguridad\\\/\",\"url\":\"https:\\\/\\\/continuamosmx.com\\\/index.php\\\/2024\\\/10\\\/22\\\/atizapan-reduce-la-percepcion-de-inseguridad\\\/\",\"name\":\"ATIZAP\u00c1N REDUCE LA PERCEPCI\u00d3N DE INSEGURIDAD -\",\"isPartOf\":{\"@id\":\"https:\\\/\\\/continuamosmx.com\\\/#website\"},\"primaryImageOfPage\":{\"@id\":\"https:\\\/\\\/continuamosmx.com\\\/index.php\\\/2024\\\/10\\\/22\\\/atizapan-reduce-la-percepcion-de-inseguridad\\\/#primaryimage\"},\"image\":{\"@id\":\"https:\\\/\\\/continuamosmx.com\\\/index.php\\\/2024\\\/10\\\/22\\\/atizapan-reduce-la-percepcion-de-inseguridad\\\/#primaryimage\"},\"thumbnailUrl\":\"https:\\\/\\\/continuamosmx.com\\\/wp-content\\\/uploads\\\/2024\\\/10\\\/ATIZAPAN.jpg\",\"datePublished\":\"2024-10-22T06:57:00+00:00\",\"dateModified\":\"2024-10-22T06:57:01+00:00\",\"breadcrumb\":{\"@id\":\"https:\\\/\\\/continuamosmx.com\\\/index.php\\\/2024\\\/10\\\/22\\\/atizapan-reduce-la-percepcion-de-inseguridad\\\/#breadcrumb\"},\"inLanguage\":\"es\",\"potentialAction\":[{\"@type\":\"ReadAction\",\"target\":[\"https:\\\/\\\/continuamosmx.com\\\/index.php\\\/2024\\\/10\\\/22\\\/atizapan-reduce-la-percepcion-de-inseguridad\\\/\"]}]},{\"@type\":\"ImageObject\",\"inLanguage\":\"es\",\"@id\":\"https:\\\/\\\/continuamosmx.com\\\/index.php\\\/2024\\\/10\\\/22\\\/atizapan-reduce-la-percepcion-de-inseguridad\\\/#primaryimage\",\"url\":\"https:\\\/\\\/continuamosmx.com\\\/wp-content\\\/uploads\\\/2024\\\/10\\\/ATIZAPAN.jpg\",\"contentUrl\":\"https:\\\/\\\/continuamosmx.com\\\/wp-content\\\/uploads\\\/2024\\\/10\\\/ATIZAPAN.jpg\",\"width\":1280,\"height\":809},{\"@type\":\"BreadcrumbList\",\"@id\":\"https:\\\/\\\/continuamosmx.com\\\/index.php\\\/2024\\\/10\\\/22\\\/atizapan-reduce-la-percepcion-de-inseguridad\\\/#breadcrumb\",\"itemListElement\":[{\"@type\":\"ListItem\",\"position\":1,\"name\":\"Inicio\",\"item\":\"https:\\\/\\\/continuamosmx.com\\\/\"},{\"@type\":\"ListItem\",\"position\":2,\"name\":\"ATIZAP\u00c1N REDUCE LA PERCEPCI\u00d3N DE INSEGURIDAD\"}]},{\"@type\":\"WebSite\",\"@id\":\"https:\\\/\\\/continuamosmx.com\\\/#website\",\"url\":\"https:\\\/\\\/continuamosmx.com\\\/\",\"name\":\"www.continuamosmx.com\",\"description\":\"\",\"publisher\":{\"@id\":\"https:\\\/\\\/continuamosmx.com\\\/#organization\"},\"potentialAction\":[{\"@type\":\"SearchAction\",\"target\":{\"@type\":\"EntryPoint\",\"urlTemplate\":\"https:\\\/\\\/continuamosmx.com\\\/?s={search_term_string}\"},\"query-input\":{\"@type\":\"PropertyValueSpecification\",\"valueRequired\":true,\"valueName\":\"search_term_string\"}}],\"inLanguage\":\"es\"},{\"@type\":\"Organization\",\"@id\":\"https:\\\/\\\/continuamosmx.com\\\/#organization\",\"name\":\"ContinuamosMX\",\"url\":\"https:\\\/\\\/continuamosmx.com\\\/\",\"logo\":{\"@type\":\"ImageObject\",\"inLanguage\":\"es\",\"@id\":\"https:\\\/\\\/continuamosmx.com\\\/#\\\/schema\\\/logo\\\/image\\\/\",\"url\":\"https:\\\/\\\/continuamosmx.com\\\/wp-content\\\/uploads\\\/2023\\\/04\\\/cropped-LOGO-CONTI-NUEVO.png\",\"contentUrl\":\"https:\\\/\\\/continuamosmx.com\\\/wp-content\\\/uploads\\\/2023\\\/04\\\/cropped-LOGO-CONTI-NUEVO.png\",\"width\":1257,\"height\":430,\"caption\":\"ContinuamosMX\"},\"image\":{\"@id\":\"https:\\\/\\\/continuamosmx.com\\\/#\\\/schema\\\/logo\\\/image\\\/\"}},{\"@type\":\"Person\",\"@id\":\"https:\\\/\\\/continuamosmx.com\\\/#\\\/schema\\\/person\\\/5eb5356acb1fad784da407d14f0e8d89\",\"name\":\"Continuamos MX\",\"image\":{\"@type\":\"ImageObject\",\"inLanguage\":\"es\",\"@id\":\"https:\\\/\\\/secure.gravatar.com\\\/avatar\\\/30d4f9723476a15f4da34d35fb3501f08d2357016c76051c6a85c354c7489589?s=96&d=mm&r=g\",\"url\":\"https:\\\/\\\/secure.gravatar.com\\\/avatar\\\/30d4f9723476a15f4da34d35fb3501f08d2357016c76051c6a85c354c7489589?s=96&d=mm&r=g\",\"contentUrl\":\"https:\\\/\\\/secure.gravatar.com\\\/avatar\\\/30d4f9723476a15f4da34d35fb3501f08d2357016c76051c6a85c354c7489589?s=96&d=mm&r=g\",\"caption\":\"Continuamos MX\"},\"sameAs\":[\"http:\\\/\\\/www.continuamos.mx\"],\"url\":\"https:\\\/\\\/continuamosmx.com\\\/index.php\\\/author\\\/continuamos\\\/\"}]}<\/script>\n<!-- \/ Yoast SEO plugin. -->","yoast_head_json":{"title":"ATIZAP\u00c1N REDUCE LA PERCEPCI\u00d3N DE INSEGURIDAD -","robots":{"index":"index","follow":"follow","max-snippet":"max-snippet:-1","max-image-preview":"max-image-preview:large","max-video-preview":"max-video-preview:-1"},"canonical":"https:\/\/continuamosmx.com\/index.php\/2024\/10\/22\/atizapan-reduce-la-percepcion-de-inseguridad\/","og_locale":"es_ES","og_type":"article","og_title":"ATIZAP\u00c1N REDUCE LA PERCEPCI\u00d3N DE INSEGURIDAD -","og_description":"*El municipio destaca entre sus vecinos en la ZMVM con menores \u00edndices de percepci\u00f3n de inseguridad ATIZAP\u00c1N, M\u00e9x.- El municipio de las Aguas de Tiza, bajo la administraci\u00f3n del alcalde Pedro Rodr\u00edguez Villegas, ha registrado una notable disminuci\u00f3n en la percepci\u00f3n de inseguridad, alcanzando el 50.6% en el \u00faltimo trimestre del a\u00f1o, seg\u00fan la Encuesta [&hellip;]","og_url":"https:\/\/continuamosmx.com\/index.php\/2024\/10\/22\/atizapan-reduce-la-percepcion-de-inseguridad\/","article_published_time":"2024-10-22T06:57:00+00:00","article_modified_time":"2024-10-22T06:57:01+00:00","og_image":[{"width":1280,"height":809,"url":"https:\/\/continuamosmx.com\/wp-content\/uploads\/2024\/10\/ATIZAPAN.jpg","type":"image\/jpeg"}],"author":"Continuamos MX","twitter_card":"summary_large_image","twitter_misc":{"Escrito por":"Continuamos MX","Tiempo de lectura":"2 minutos"},"schema":{"@context":"https:\/\/schema.org","@graph":[{"@type":"Article","@id":"https:\/\/continuamosmx.com\/index.php\/2024\/10\/22\/atizapan-reduce-la-percepcion-de-inseguridad\/#article","isPartOf":{"@id":"https:\/\/continuamosmx.com\/index.php\/2024\/10\/22\/atizapan-reduce-la-percepcion-de-inseguridad\/"},"author":{"name":"Continuamos MX","@id":"https:\/\/continuamosmx.com\/#\/schema\/person\/5eb5356acb1fad784da407d14f0e8d89"},"headline":"ATIZAP\u00c1N REDUCE LA PERCEPCI\u00d3N DE INSEGURIDAD","datePublished":"2024-10-22T06:57:00+00:00","dateModified":"2024-10-22T06:57:01+00:00","mainEntityOfPage":{"@id":"https:\/\/continuamosmx.com\/index.php\/2024\/10\/22\/atizapan-reduce-la-percepcion-de-inseguridad\/"},"wordCount":376,"commentCount":0,"publisher":{"@id":"https:\/\/continuamosmx.com\/#organization"},"image":{"@id":"https:\/\/continuamosmx.com\/index.php\/2024\/10\/22\/atizapan-reduce-la-percepcion-de-inseguridad\/#primaryimage"},"thumbnailUrl":"https:\/\/continuamosmx.com\/wp-content\/uploads\/2024\/10\/ATIZAPAN.jpg","articleSection":["ATIZAPAN DE ZARAGOZA","LOCALES"],"inLanguage":"es"},{"@type":"WebPage","@id":"https:\/\/continuamosmx.com\/index.php\/2024\/10\/22\/atizapan-reduce-la-percepcion-de-inseguridad\/","url":"https:\/\/continuamosmx.com\/index.php\/2024\/10\/22\/atizapan-reduce-la-percepcion-de-inseguridad\/","name":"ATIZAP\u00c1N REDUCE LA PERCEPCI\u00d3N DE INSEGURIDAD -","isPartOf":{"@id":"https:\/\/continuamosmx.com\/#website"},"primaryImageOfPage":{"@id":"https:\/\/continuamosmx.com\/index.php\/2024\/10\/22\/atizapan-reduce-la-percepcion-de-inseguridad\/#primaryimage"},"image":{"@id":"https:\/\/continuamosmx.com\/index.php\/2024\/10\/22\/atizapan-reduce-la-percepcion-de-inseguridad\/#primaryimage"},"thumbnailUrl":"https:\/\/continuamosmx.com\/wp-content\/uploads\/2024\/10\/ATIZAPAN.jpg","datePublished":"2024-10-22T06:57:00+00:00","dateModified":"2024-10-22T06:57:01+00:00","breadcrumb":{"@id":"https:\/\/continuamosmx.com\/index.php\/2024\/10\/22\/atizapan-reduce-la-percepcion-de-inseguridad\/#breadcrumb"},"inLanguage":"es","potentialAction":[{"@type":"ReadAction","target":["https:\/\/continuamosmx.com\/index.php\/2024\/10\/22\/atizapan-reduce-la-percepcion-de-inseguridad\/"]}]},{"@type":"ImageObject","inLanguage":"es","@id":"https:\/\/continuamosmx.com\/index.php\/2024\/10\/22\/atizapan-reduce-la-percepcion-de-inseguridad\/#primaryimage","url":"https:\/\/continuamosmx.com\/wp-content\/uploads\/2024\/10\/ATIZAPAN.jpg","contentUrl":"https:\/\/continuamosmx.com\/wp-content\/uploads\/2024\/10\/ATIZAPAN.jpg","width":1280,"height":809},{"@type":"BreadcrumbList","@id":"https:\/\/continuamosmx.com\/index.php\/2024\/10\/22\/atizapan-reduce-la-percepcion-de-inseguridad\/#breadcrumb","itemListElement":[{"@type":"ListItem","position":1,"name":"Inicio","item":"https:\/\/continuamosmx.com\/"},{"@type":"ListItem","position":2,"name":"ATIZAP\u00c1N REDUCE LA PERCEPCI\u00d3N DE INSEGURIDAD"}]},{"@type":"WebSite","@id":"https:\/\/continuamosmx.com\/#website","url":"https:\/\/continuamosmx.com\/","name":"www.continuamosmx.com","description":"","publisher":{"@id":"https:\/\/continuamosmx.com\/#organization"},"potentialAction":[{"@type":"SearchAction","target":{"@type":"EntryPoint","urlTemplate":"https:\/\/continuamosmx.com\/?s={search_term_string}"},"query-input":{"@type":"PropertyValueSpecification","valueRequired":true,"valueName":"search_term_string"}}],"inLanguage":"es"},{"@type":"Organization","@id":"https:\/\/continuamosmx.com\/#organization","name":"ContinuamosMX","url":"https:\/\/continuamosmx.com\/","logo":{"@type":"ImageObject","inLanguage":"es","@id":"https:\/\/continuamosmx.com\/#\/schema\/logo\/image\/","url":"https:\/\/continuamosmx.com\/wp-content\/uploads\/2023\/04\/cropped-LOGO-CONTI-NUEVO.png","contentUrl":"https:\/\/continuamosmx.com\/wp-content\/uploads\/2023\/04\/cropped-LOGO-CONTI-NUEVO.png","width":1257,"height":430,"caption":"ContinuamosMX"},"image":{"@id":"https:\/\/continuamosmx.com\/#\/schema\/logo\/image\/"}},{"@type":"Person","@id":"https:\/\/continuamosmx.com\/#\/schema\/person\/5eb5356acb1fad784da407d14f0e8d89","name":"Continuamos MX","image":{"@type":"ImageObject","inLanguage":"es","@id":"https:\/\/secure.gravatar.com\/avatar\/30d4f9723476a15f4da34d35fb3501f08d2357016c76051c6a85c354c7489589?s=96&d=mm&r=g","url":"https:\/\/secure.gravatar.com\/avatar\/30d4f9723476a15f4da34d35fb3501f08d2357016c76051c6a85c354c7489589?s=96&d=mm&r=g","contentUrl":"https:\/\/secure.gravatar.com\/avatar\/30d4f9723476a15f4da34d35fb3501f08d2357016c76051c6a85c354c7489589?s=96&d=mm&r=g","caption":"Continuamos MX"},"sameAs":["http:\/\/www.continuamos.mx"],"url":"https:\/\/continuamosmx.com\/index.php\/author\/continuamos\/"}]}},"_links":{"self":[{"href":"https:\/\/continuamosmx.com\/index.php\/wp-json\/wp\/v2\/posts\/48612","targetHints":{"allow":["GET"]}}],"collection":[{"href":"https:\/\/continuamosmx.com\/index.php\/wp-json\/wp\/v2\/posts"}],"about":[{"href":"https:\/\/continuamosmx.com\/index.php\/wp-json\/wp\/v2\/types\/post"}],"author":[{"embeddable":true,"href":"https:\/\/continuamosmx.com\/index.php\/wp-json\/wp\/v2\/users\/6"}],"replies":[{"embeddable":true,"href":"https:\/\/continuamosmx.com\/index.php\/wp-json\/wp\/v2\/comments?post=48612"}],"version-history":[{"count":1,"href":"https:\/\/continuamosmx.com\/index.php\/wp-json\/wp\/v2\/posts\/48612\/revisions"}],"predecessor-version":[{"id":48614,"href":"https:\/\/continuamosmx.com\/index.php\/wp-json\/wp\/v2\/posts\/48612\/revisions\/48614"}],"wp:featuredmedia":[{"embeddable":true,"href":"https:\/\/continuamosmx.com\/index.php\/wp-json\/wp\/v2\/media\/48613"}],"wp:attachment":[{"href":"https:\/\/continuamosmx.com\/index.php\/wp-json\/wp\/v2\/media?parent=48612"}],"wp:term":[{"taxonomy":"category","embeddable":true,"href":"https:\/\/continuamosmx.com\/index.php\/wp-json\/wp\/v2\/categories?post=48612"},{"taxonomy":"post_tag","embeddable":true,"href":"https:\/\/continuamosmx.com\/index.php\/wp-json\/wp\/v2\/tags?post=48612"}],"curies":[{"name":"wp","href":"https:\/\/api.w.org\/{rel}","templated":true}]}}