{"id":48609,"date":"2024-10-22T06:54:12","date_gmt":"2024-10-22T06:54:12","guid":{"rendered":"https:\/\/continuamosmx.com\/?p=48609"},"modified":"2024-10-22T06:54:13","modified_gmt":"2024-10-22T06:54:13","slug":"listo-tercer-festival-de-catrinas-2024-en-huixquilucan","status":"publish","type":"post","link":"https:\/\/continuamosmx.com\/index.php\/2024\/10\/22\/listo-tercer-festival-de-catrinas-2024-en-huixquilucan\/","title":{"rendered":"LISTO \u00abTERCER FESTIVAL DE CATRINAS 2024\u00bb EN HUIXQUILUCAN"},"content":{"rendered":"\n<p><strong>*El festival incluir\u00e1 altares, globos de cantoya, conciertos, desfiles y m\u00e1s, del 23 de octubre al 1 de noviembre.<\/strong><\/p>\n\n\n\n<p>Redacci\u00f3n<\/p>\n\n\n\n<p>HUIXQUILUCAN, M\u00e9x.- El gobierno de Huixquilucan, encabezado por la presidenta municipal Romina Contreras Carrasco, invita a la ciudadan\u00eda a participar en el \u00abTercer Festival de Catrinas 2024\u00bb, una celebraci\u00f3n que busca honrar a los fieles difuntos y reunir a las familias en un ambiente de fiesta y tradici\u00f3n.<\/p>\n\n\n\n<p>Las actividades iniciar\u00e1n el 23 de octubre y se extender\u00e1n hasta el 1 de noviembre, con el fin de preservar una de las tradiciones m\u00e1s arraigadas en M\u00e9xico: el D\u00eda de Muertos.<\/p>\n\n\n\n<p>Entre las principales atracciones, los visitantes podr\u00e1n disfrutar de la exhibici\u00f3n de ofrendas creadas por servidores p\u00fablicos del municipio, un encendido de globos de cantoya, el \u00abFestival del Pan de Muerto\u00bb, conciertos, danzas tradicionales, una carrera de catrinas, y un desfile de carros y motos aleg\u00f3ricos.<\/p>\n\n\n\n<p>El encendido de globos de cantoya se realizar\u00e1 el 25 de octubre en El Bre\u00f1al, acompa\u00f1ado de la proyecci\u00f3n de la pel\u00edcula \u00abCoco\u00bb, churros, pozole y un concierto a cargo de la Orquesta de C\u00e1mara Municipal. Adem\u00e1s, el 27 de octubre se llevar\u00e1 a cabo el \u00abFestival del Pan de Muerto\u00bb, con m\u00e1s de 30 expositores en la Explanada Municipal.<\/p>\n\n\n\n<p>Para los amantes del deporte, el mismo d\u00eda se realizar\u00e1 la Carrera de Catrinas, con modalidades de caminata de 2.5 kil\u00f3metros y carrera de 5 kil\u00f3metros. Ese d\u00eda tambi\u00e9n tendr\u00e1 lugar el Desfile de Carros y Motos Aleg\u00f3ricos, en el que se premiar\u00e1 la creatividad y originalidad de los participantes.<\/p>\n\n\n\n<p>El festival concluir\u00e1 el 1 de noviembre con un espect\u00e1culo a cargo del Colectivo Radackres Proyect DJ, en el teatro al aire libre de la Explanada Municipal, donde habr\u00e1 m\u00fasica, show l\u00e1ser y performances.<\/p>\n\n\n\n<p>Romina Contreras destac\u00f3 la importancia de mantener vivas estas tradiciones: \u00abEsta festividad es muy importante, ya que recordamos con alegr\u00eda a los seres queridos que ya no est\u00e1n con nosotros\u00bb, invitando a toda la poblaci\u00f3n a disfrutar en familia de los eventos organizados para promover la convivencia y el sano entretenimiento.<\/p>\n","protected":false},"excerpt":{"rendered":"<p>*El festival incluir\u00e1 altares, globos de cantoya, conciertos, desfiles y m\u00e1s, del 23 de octubre al 1 de noviembre. Redacci\u00f3n HUIXQUILUCAN, M\u00e9x.- El gobierno de Huixquilucan, encabezado por la presidenta municipal Romina Contreras Carrasco, invita a la ciudadan\u00eda a participar en el \u00abTercer Festival de Catrinas 2024\u00bb, una celebraci\u00f3n que busca honrar a los fieles [&hellip;]<\/p>\n","protected":false},"author":6,"featured_media":48610,"comment_status":"open","ping_status":"open","sticky":false,"template":"","format":"standard","meta":{"footnotes":""},"categories":[5,4],"tags":[],"class_list":["post-48609","post","type-post","status-publish","format-standard","has-post-thumbnail","hentry","category-huixquilucan","category-locales"],"yoast_head":"<!-- This site is optimized with the Yoast SEO plugin v27.4 - https:\/\/yoast.com\/product\/yoast-seo-wordpress\/ -->\n<title>LISTO &quot;TERCER FESTIVAL DE CATRINAS 2024&quot; EN HUIXQUILUCAN -<\/title>\n<meta name=\"robots\" content=\"index, follow, max-snippet:-1, max-image-preview:large, max-video-preview:-1\" \/>\n<link rel=\"canonical\" href=\"https:\/\/continuamosmx.com\/index.php\/2024\/10\/22\/listo-tercer-festival-de-catrinas-2024-en-huixquilucan\/\" \/>\n<meta property=\"og:locale\" content=\"es_ES\" \/>\n<meta property=\"og:type\" content=\"article\" \/>\n<meta property=\"og:title\" content=\"LISTO &quot;TERCER FESTIVAL DE CATRINAS 2024&quot; EN HUIXQUILUCAN -\" \/>\n<meta property=\"og:description\" content=\"*El festival incluir\u00e1 altares, globos de cantoya, conciertos, desfiles y m\u00e1s, del 23 de octubre al 1 de noviembre. Redacci\u00f3n HUIXQUILUCAN, M\u00e9x.- El gobierno de Huixquilucan, encabezado por la presidenta municipal Romina Contreras Carrasco, invita a la ciudadan\u00eda a participar en el \u00abTercer Festival de Catrinas 2024\u00bb, una celebraci\u00f3n que busca honrar a los fieles [&hellip;]\" \/>\n<meta property=\"og:url\" content=\"https:\/\/continuamosmx.com\/index.php\/2024\/10\/22\/listo-tercer-festival-de-catrinas-2024-en-huixquilucan\/\" \/>\n<meta property=\"article:published_time\" content=\"2024-10-22T06:54:12+00:00\" \/>\n<meta property=\"article:modified_time\" content=\"2024-10-22T06:54:13+00:00\" \/>\n<meta property=\"og:image\" content=\"https:\/\/continuamosmx.com\/wp-content\/uploads\/2024\/10\/CA.jpg\" \/>\n\t<meta property=\"og:image:width\" content=\"1600\" \/>\n\t<meta property=\"og:image:height\" content=\"1142\" \/>\n\t<meta property=\"og:image:type\" content=\"image\/jpeg\" \/>\n<meta name=\"author\" content=\"Continuamos MX\" \/>\n<meta name=\"twitter:card\" content=\"summary_large_image\" \/>\n<meta name=\"twitter:label1\" content=\"Escrito por\" \/>\n\t<meta name=\"twitter:data1\" content=\"Continuamos MX\" \/>\n\t<meta name=\"twitter:label2\" content=\"Tiempo de lectura\" \/>\n\t<meta name=\"twitter:data2\" content=\"2 minutos\" \/>\n<script type=\"application\/ld+json\" class=\"yoast-schema-graph\">{\"@context\":\"https:\\\/\\\/schema.org\",\"@graph\":[{\"@type\":\"Article\",\"@id\":\"https:\\\/\\\/continuamosmx.com\\\/index.php\\\/2024\\\/10\\\/22\\\/listo-tercer-festival-de-catrinas-2024-en-huixquilucan\\\/#article\",\"isPartOf\":{\"@id\":\"https:\\\/\\\/continuamosmx.com\\\/index.php\\\/2024\\\/10\\\/22\\\/listo-tercer-festival-de-catrinas-2024-en-huixquilucan\\\/\"},\"author\":{\"name\":\"Continuamos MX\",\"@id\":\"https:\\\/\\\/continuamosmx.com\\\/#\\\/schema\\\/person\\\/5eb5356acb1fad784da407d14f0e8d89\"},\"headline\":\"LISTO \u00abTERCER FESTIVAL DE CATRINAS 2024\u00bb EN HUIXQUILUCAN\",\"datePublished\":\"2024-10-22T06:54:12+00:00\",\"dateModified\":\"2024-10-22T06:54:13+00:00\",\"mainEntityOfPage\":{\"@id\":\"https:\\\/\\\/continuamosmx.com\\\/index.php\\\/2024\\\/10\\\/22\\\/listo-tercer-festival-de-catrinas-2024-en-huixquilucan\\\/\"},\"wordCount\":372,\"commentCount\":0,\"publisher\":{\"@id\":\"https:\\\/\\\/continuamosmx.com\\\/#organization\"},\"image\":{\"@id\":\"https:\\\/\\\/continuamosmx.com\\\/index.php\\\/2024\\\/10\\\/22\\\/listo-tercer-festival-de-catrinas-2024-en-huixquilucan\\\/#primaryimage\"},\"thumbnailUrl\":\"https:\\\/\\\/continuamosmx.com\\\/wp-content\\\/uploads\\\/2024\\\/10\\\/CA.jpg\",\"articleSection\":[\"HUIXQUILUCAN\",\"LOCALES\"],\"inLanguage\":\"es\"},{\"@type\":\"WebPage\",\"@id\":\"https:\\\/\\\/continuamosmx.com\\\/index.php\\\/2024\\\/10\\\/22\\\/listo-tercer-festival-de-catrinas-2024-en-huixquilucan\\\/\",\"url\":\"https:\\\/\\\/continuamosmx.com\\\/index.php\\\/2024\\\/10\\\/22\\\/listo-tercer-festival-de-catrinas-2024-en-huixquilucan\\\/\",\"name\":\"LISTO \\\"TERCER FESTIVAL DE CATRINAS 2024\\\" EN HUIXQUILUCAN -\",\"isPartOf\":{\"@id\":\"https:\\\/\\\/continuamosmx.com\\\/#website\"},\"primaryImageOfPage\":{\"@id\":\"https:\\\/\\\/continuamosmx.com\\\/index.php\\\/2024\\\/10\\\/22\\\/listo-tercer-festival-de-catrinas-2024-en-huixquilucan\\\/#primaryimage\"},\"image\":{\"@id\":\"https:\\\/\\\/continuamosmx.com\\\/index.php\\\/2024\\\/10\\\/22\\\/listo-tercer-festival-de-catrinas-2024-en-huixquilucan\\\/#primaryimage\"},\"thumbnailUrl\":\"https:\\\/\\\/continuamosmx.com\\\/wp-content\\\/uploads\\\/2024\\\/10\\\/CA.jpg\",\"datePublished\":\"2024-10-22T06:54:12+00:00\",\"dateModified\":\"2024-10-22T06:54:13+00:00\",\"breadcrumb\":{\"@id\":\"https:\\\/\\\/continuamosmx.com\\\/index.php\\\/2024\\\/10\\\/22\\\/listo-tercer-festival-de-catrinas-2024-en-huixquilucan\\\/#breadcrumb\"},\"inLanguage\":\"es\",\"potentialAction\":[{\"@type\":\"ReadAction\",\"target\":[\"https:\\\/\\\/continuamosmx.com\\\/index.php\\\/2024\\\/10\\\/22\\\/listo-tercer-festival-de-catrinas-2024-en-huixquilucan\\\/\"]}]},{\"@type\":\"ImageObject\",\"inLanguage\":\"es\",\"@id\":\"https:\\\/\\\/continuamosmx.com\\\/index.php\\\/2024\\\/10\\\/22\\\/listo-tercer-festival-de-catrinas-2024-en-huixquilucan\\\/#primaryimage\",\"url\":\"https:\\\/\\\/continuamosmx.com\\\/wp-content\\\/uploads\\\/2024\\\/10\\\/CA.jpg\",\"contentUrl\":\"https:\\\/\\\/continuamosmx.com\\\/wp-content\\\/uploads\\\/2024\\\/10\\\/CA.jpg\",\"width\":1600,\"height\":1142},{\"@type\":\"BreadcrumbList\",\"@id\":\"https:\\\/\\\/continuamosmx.com\\\/index.php\\\/2024\\\/10\\\/22\\\/listo-tercer-festival-de-catrinas-2024-en-huixquilucan\\\/#breadcrumb\",\"itemListElement\":[{\"@type\":\"ListItem\",\"position\":1,\"name\":\"Inicio\",\"item\":\"https:\\\/\\\/continuamosmx.com\\\/\"},{\"@type\":\"ListItem\",\"position\":2,\"name\":\"LISTO &#8220;TERCER FESTIVAL DE CATRINAS 2024&#8221; EN HUIXQUILUCAN\"}]},{\"@type\":\"WebSite\",\"@id\":\"https:\\\/\\\/continuamosmx.com\\\/#website\",\"url\":\"https:\\\/\\\/continuamosmx.com\\\/\",\"name\":\"www.continuamosmx.com\",\"description\":\"\",\"publisher\":{\"@id\":\"https:\\\/\\\/continuamosmx.com\\\/#organization\"},\"potentialAction\":[{\"@type\":\"SearchAction\",\"target\":{\"@type\":\"EntryPoint\",\"urlTemplate\":\"https:\\\/\\\/continuamosmx.com\\\/?s={search_term_string}\"},\"query-input\":{\"@type\":\"PropertyValueSpecification\",\"valueRequired\":true,\"valueName\":\"search_term_string\"}}],\"inLanguage\":\"es\"},{\"@type\":\"Organization\",\"@id\":\"https:\\\/\\\/continuamosmx.com\\\/#organization\",\"name\":\"ContinuamosMX\",\"url\":\"https:\\\/\\\/continuamosmx.com\\\/\",\"logo\":{\"@type\":\"ImageObject\",\"inLanguage\":\"es\",\"@id\":\"https:\\\/\\\/continuamosmx.com\\\/#\\\/schema\\\/logo\\\/image\\\/\",\"url\":\"https:\\\/\\\/continuamosmx.com\\\/wp-content\\\/uploads\\\/2023\\\/04\\\/cropped-LOGO-CONTI-NUEVO.png\",\"contentUrl\":\"https:\\\/\\\/continuamosmx.com\\\/wp-content\\\/uploads\\\/2023\\\/04\\\/cropped-LOGO-CONTI-NUEVO.png\",\"width\":1257,\"height\":430,\"caption\":\"ContinuamosMX\"},\"image\":{\"@id\":\"https:\\\/\\\/continuamosmx.com\\\/#\\\/schema\\\/logo\\\/image\\\/\"}},{\"@type\":\"Person\",\"@id\":\"https:\\\/\\\/continuamosmx.com\\\/#\\\/schema\\\/person\\\/5eb5356acb1fad784da407d14f0e8d89\",\"name\":\"Continuamos MX\",\"image\":{\"@type\":\"ImageObject\",\"inLanguage\":\"es\",\"@id\":\"https:\\\/\\\/secure.gravatar.com\\\/avatar\\\/30d4f9723476a15f4da34d35fb3501f08d2357016c76051c6a85c354c7489589?s=96&d=mm&r=g\",\"url\":\"https:\\\/\\\/secure.gravatar.com\\\/avatar\\\/30d4f9723476a15f4da34d35fb3501f08d2357016c76051c6a85c354c7489589?s=96&d=mm&r=g\",\"contentUrl\":\"https:\\\/\\\/secure.gravatar.com\\\/avatar\\\/30d4f9723476a15f4da34d35fb3501f08d2357016c76051c6a85c354c7489589?s=96&d=mm&r=g\",\"caption\":\"Continuamos MX\"},\"sameAs\":[\"http:\\\/\\\/www.continuamos.mx\"],\"url\":\"https:\\\/\\\/continuamosmx.com\\\/index.php\\\/author\\\/continuamos\\\/\"}]}<\/script>\n<!-- \/ Yoast SEO plugin. -->","yoast_head_json":{"title":"LISTO \"TERCER FESTIVAL DE CATRINAS 2024\" EN HUIXQUILUCAN -","robots":{"index":"index","follow":"follow","max-snippet":"max-snippet:-1","max-image-preview":"max-image-preview:large","max-video-preview":"max-video-preview:-1"},"canonical":"https:\/\/continuamosmx.com\/index.php\/2024\/10\/22\/listo-tercer-festival-de-catrinas-2024-en-huixquilucan\/","og_locale":"es_ES","og_type":"article","og_title":"LISTO \"TERCER FESTIVAL DE CATRINAS 2024\" EN HUIXQUILUCAN -","og_description":"*El festival incluir\u00e1 altares, globos de cantoya, conciertos, desfiles y m\u00e1s, del 23 de octubre al 1 de noviembre. Redacci\u00f3n HUIXQUILUCAN, M\u00e9x.- El gobierno de Huixquilucan, encabezado por la presidenta municipal Romina Contreras Carrasco, invita a la ciudadan\u00eda a participar en el \u00abTercer Festival de Catrinas 2024\u00bb, una celebraci\u00f3n que busca honrar a los fieles [&hellip;]","og_url":"https:\/\/continuamosmx.com\/index.php\/2024\/10\/22\/listo-tercer-festival-de-catrinas-2024-en-huixquilucan\/","article_published_time":"2024-10-22T06:54:12+00:00","article_modified_time":"2024-10-22T06:54:13+00:00","og_image":[{"width":1600,"height":1142,"url":"https:\/\/continuamosmx.com\/wp-content\/uploads\/2024\/10\/CA.jpg","type":"image\/jpeg"}],"author":"Continuamos MX","twitter_card":"summary_large_image","twitter_misc":{"Escrito por":"Continuamos MX","Tiempo de lectura":"2 minutos"},"schema":{"@context":"https:\/\/schema.org","@graph":[{"@type":"Article","@id":"https:\/\/continuamosmx.com\/index.php\/2024\/10\/22\/listo-tercer-festival-de-catrinas-2024-en-huixquilucan\/#article","isPartOf":{"@id":"https:\/\/continuamosmx.com\/index.php\/2024\/10\/22\/listo-tercer-festival-de-catrinas-2024-en-huixquilucan\/"},"author":{"name":"Continuamos MX","@id":"https:\/\/continuamosmx.com\/#\/schema\/person\/5eb5356acb1fad784da407d14f0e8d89"},"headline":"LISTO \u00abTERCER FESTIVAL DE CATRINAS 2024\u00bb EN HUIXQUILUCAN","datePublished":"2024-10-22T06:54:12+00:00","dateModified":"2024-10-22T06:54:13+00:00","mainEntityOfPage":{"@id":"https:\/\/continuamosmx.com\/index.php\/2024\/10\/22\/listo-tercer-festival-de-catrinas-2024-en-huixquilucan\/"},"wordCount":372,"commentCount":0,"publisher":{"@id":"https:\/\/continuamosmx.com\/#organization"},"image":{"@id":"https:\/\/continuamosmx.com\/index.php\/2024\/10\/22\/listo-tercer-festival-de-catrinas-2024-en-huixquilucan\/#primaryimage"},"thumbnailUrl":"https:\/\/continuamosmx.com\/wp-content\/uploads\/2024\/10\/CA.jpg","articleSection":["HUIXQUILUCAN","LOCALES"],"inLanguage":"es"},{"@type":"WebPage","@id":"https:\/\/continuamosmx.com\/index.php\/2024\/10\/22\/listo-tercer-festival-de-catrinas-2024-en-huixquilucan\/","url":"https:\/\/continuamosmx.com\/index.php\/2024\/10\/22\/listo-tercer-festival-de-catrinas-2024-en-huixquilucan\/","name":"LISTO \"TERCER FESTIVAL DE CATRINAS 2024\" EN HUIXQUILUCAN -","isPartOf":{"@id":"https:\/\/continuamosmx.com\/#website"},"primaryImageOfPage":{"@id":"https:\/\/continuamosmx.com\/index.php\/2024\/10\/22\/listo-tercer-festival-de-catrinas-2024-en-huixquilucan\/#primaryimage"},"image":{"@id":"https:\/\/continuamosmx.com\/index.php\/2024\/10\/22\/listo-tercer-festival-de-catrinas-2024-en-huixquilucan\/#primaryimage"},"thumbnailUrl":"https:\/\/continuamosmx.com\/wp-content\/uploads\/2024\/10\/CA.jpg","datePublished":"2024-10-22T06:54:12+00:00","dateModified":"2024-10-22T06:54:13+00:00","breadcrumb":{"@id":"https:\/\/continuamosmx.com\/index.php\/2024\/10\/22\/listo-tercer-festival-de-catrinas-2024-en-huixquilucan\/#breadcrumb"},"inLanguage":"es","potentialAction":[{"@type":"ReadAction","target":["https:\/\/continuamosmx.com\/index.php\/2024\/10\/22\/listo-tercer-festival-de-catrinas-2024-en-huixquilucan\/"]}]},{"@type":"ImageObject","inLanguage":"es","@id":"https:\/\/continuamosmx.com\/index.php\/2024\/10\/22\/listo-tercer-festival-de-catrinas-2024-en-huixquilucan\/#primaryimage","url":"https:\/\/continuamosmx.com\/wp-content\/uploads\/2024\/10\/CA.jpg","contentUrl":"https:\/\/continuamosmx.com\/wp-content\/uploads\/2024\/10\/CA.jpg","width":1600,"height":1142},{"@type":"BreadcrumbList","@id":"https:\/\/continuamosmx.com\/index.php\/2024\/10\/22\/listo-tercer-festival-de-catrinas-2024-en-huixquilucan\/#breadcrumb","itemListElement":[{"@type":"ListItem","position":1,"name":"Inicio","item":"https:\/\/continuamosmx.com\/"},{"@type":"ListItem","position":2,"name":"LISTO &#8220;TERCER FESTIVAL DE CATRINAS 2024&#8221; EN HUIXQUILUCAN"}]},{"@type":"WebSite","@id":"https:\/\/continuamosmx.com\/#website","url":"https:\/\/continuamosmx.com\/","name":"www.continuamosmx.com","description":"","publisher":{"@id":"https:\/\/continuamosmx.com\/#organization"},"potentialAction":[{"@type":"SearchAction","target":{"@type":"EntryPoint","urlTemplate":"https:\/\/continuamosmx.com\/?s={search_term_string}"},"query-input":{"@type":"PropertyValueSpecification","valueRequired":true,"valueName":"search_term_string"}}],"inLanguage":"es"},{"@type":"Organization","@id":"https:\/\/continuamosmx.com\/#organization","name":"ContinuamosMX","url":"https:\/\/continuamosmx.com\/","logo":{"@type":"ImageObject","inLanguage":"es","@id":"https:\/\/continuamosmx.com\/#\/schema\/logo\/image\/","url":"https:\/\/continuamosmx.com\/wp-content\/uploads\/2023\/04\/cropped-LOGO-CONTI-NUEVO.png","contentUrl":"https:\/\/continuamosmx.com\/wp-content\/uploads\/2023\/04\/cropped-LOGO-CONTI-NUEVO.png","width":1257,"height":430,"caption":"ContinuamosMX"},"image":{"@id":"https:\/\/continuamosmx.com\/#\/schema\/logo\/image\/"}},{"@type":"Person","@id":"https:\/\/continuamosmx.com\/#\/schema\/person\/5eb5356acb1fad784da407d14f0e8d89","name":"Continuamos MX","image":{"@type":"ImageObject","inLanguage":"es","@id":"https:\/\/secure.gravatar.com\/avatar\/30d4f9723476a15f4da34d35fb3501f08d2357016c76051c6a85c354c7489589?s=96&d=mm&r=g","url":"https:\/\/secure.gravatar.com\/avatar\/30d4f9723476a15f4da34d35fb3501f08d2357016c76051c6a85c354c7489589?s=96&d=mm&r=g","contentUrl":"https:\/\/secure.gravatar.com\/avatar\/30d4f9723476a15f4da34d35fb3501f08d2357016c76051c6a85c354c7489589?s=96&d=mm&r=g","caption":"Continuamos MX"},"sameAs":["http:\/\/www.continuamos.mx"],"url":"https:\/\/continuamosmx.com\/index.php\/author\/continuamos\/"}]}},"_links":{"self":[{"href":"https:\/\/continuamosmx.com\/index.php\/wp-json\/wp\/v2\/posts\/48609","targetHints":{"allow":["GET"]}}],"collection":[{"href":"https:\/\/continuamosmx.com\/index.php\/wp-json\/wp\/v2\/posts"}],"about":[{"href":"https:\/\/continuamosmx.com\/index.php\/wp-json\/wp\/v2\/types\/post"}],"author":[{"embeddable":true,"href":"https:\/\/continuamosmx.com\/index.php\/wp-json\/wp\/v2\/users\/6"}],"replies":[{"embeddable":true,"href":"https:\/\/continuamosmx.com\/index.php\/wp-json\/wp\/v2\/comments?post=48609"}],"version-history":[{"count":1,"href":"https:\/\/continuamosmx.com\/index.php\/wp-json\/wp\/v2\/posts\/48609\/revisions"}],"predecessor-version":[{"id":48611,"href":"https:\/\/continuamosmx.com\/index.php\/wp-json\/wp\/v2\/posts\/48609\/revisions\/48611"}],"wp:featuredmedia":[{"embeddable":true,"href":"https:\/\/continuamosmx.com\/index.php\/wp-json\/wp\/v2\/media\/48610"}],"wp:attachment":[{"href":"https:\/\/continuamosmx.com\/index.php\/wp-json\/wp\/v2\/media?parent=48609"}],"wp:term":[{"taxonomy":"category","embeddable":true,"href":"https:\/\/continuamosmx.com\/index.php\/wp-json\/wp\/v2\/categories?post=48609"},{"taxonomy":"post_tag","embeddable":true,"href":"https:\/\/continuamosmx.com\/index.php\/wp-json\/wp\/v2\/tags?post=48609"}],"curies":[{"name":"wp","href":"https:\/\/api.w.org\/{rel}","templated":true}]}}