{"id":48606,"date":"2024-10-22T06:49:32","date_gmt":"2024-10-22T06:49:32","guid":{"rendered":"https:\/\/continuamosmx.com\/?p=48606"},"modified":"2024-10-22T06:49:33","modified_gmt":"2024-10-22T06:49:33","slug":"coppel-anuncio-la-donacion-de-predio-con-vestigios-arqueologicos-a-texcoco","status":"publish","type":"post","link":"https:\/\/continuamosmx.com\/index.php\/2024\/10\/22\/coppel-anuncio-la-donacion-de-predio-con-vestigios-arqueologicos-a-texcoco\/","title":{"rendered":"COPPEL ANUNCI\u00d3 LA DONACI\u00d3N DE PREDIO CON VESTIGIOS ARQUEOL\u00d3GICOS A TEXCOCO"},"content":{"rendered":"\n<p><strong>\u2022 Se trata de un predio de m\u00e1s de dos mil metros cuadrados ubicado en el coraz\u00f3n de Texcoco<br>\u2022 La gobernadora agradeci\u00f3 esta donaci\u00f3n que beneficia a los texcocanos<br>\u2022 La presidenta municipal de Texcoco afirma que es la consolidaci\u00f3n del proyecto retomado en su gesti\u00f3n<\/strong><\/p>\n\n\n\n<p>Redacci\u00f3n<\/p>\n\n\n\n<p>TEXCOCO.- La fundaci\u00f3n Coppel, don\u00f3 el predio ubicado en la Calle Ju\u00e1rez y Allende al gobierno municipal de Texcoco para realizar la construcci\u00f3n de un museo, en beneficio de todos los texcocanos, se\u00f1al\u00f3 el presidente del Consejo de Administraci\u00f3n de la empresa Agust\u00edn Coppel Luken, durante la ceremonia de inauguraci\u00f3n de Centro de Distribuci\u00f3n (CEDIS) de esta empresa comercial establecida en este municipio.<\/p>\n\n\n\n<p>\u201cDespu\u00e9s de a\u00f1os de procesos y tr\u00e1mites, donamos formalmente un predio de m\u00e1s de 2 mil metros cuadrados, ubicado en el coraz\u00f3n de Texcoco, que contiene importantes vestigios arqueol\u00f3gicos. Los habitantes de Texcoco ser\u00e1n los principales beneficiados con este donativo\u201d, dijo en su intervenci\u00f3n Coppel Luken.<\/p>\n\n\n\n<p>El anunci\u00f3 de la donaci\u00f3n de este predio recibi\u00f3 un agradecimiento inmediato de la gobernadora Delfina G\u00f3mez \u00c1lvarez, \u201caprovecho para agradecer por lo que ha dado para Texcoco ese espacio hermoso much\u00edsimas gracias a nombre de ustedes, es una bendici\u00f3n para nuestros ni\u00f1os\u201d, dijo la gobernadora.<\/p>\n\n\n\n<p>Para la presidenta municipal de Texcoco Elizabeth Terrazas Ram\u00edrez, el hacer p\u00fablico este anuncio, es ratificar el compromiso que qued\u00f3 firmado el pasado 16 de agosto ante el notario p\u00fablico 113 con sede en Toluca, en un compromiso firmado en el kiosco del jard\u00edn Constituci\u00f3n de Texcoco, ante la ciudadan\u00eda.<\/p>\n\n\n\n<p>Consider\u00f3 que al hacer p\u00fablica esa donaci\u00f3n se consolida un proyecto que retom\u00f3 a principio de a\u00f1o con la finalidad de darle un uso p\u00fablico que beneficia a todas y todos los habitantes de Texcoco que podr\u00e1n ver en esta obra parte de su pasado hist\u00f3rico.<\/p>\n\n\n\n<p>El predio ubicado en las calles Ju\u00e1rez y Allende, ya est\u00e1 resguardado por el gobierno municipal, en espera de las disposiciones del Instituto Nacional de Antropolog\u00eda e Historia (INAH), para realizar los trabajos de planeaci\u00f3n de un museo de sitio para el resguardo y exhibici\u00f3n de piezas arqueol\u00f3gicas encontradas en este municipio.<\/p>\n\n\n\n<p>Junto con el anuncio de la donaci\u00f3n del predio de Ju\u00e1rez y Allende, los empresarios de Coppel agradecieron al gobierno municipal las facilidades para la instalaci\u00f3n del CEDIS, que emplea actualmente a m\u00e1s de mil trabajadores de la zona.<\/p>\n\n\n\n<p>A su vez explic\u00f3 que es una empresa sustentable, que recupera aguas de lluvia, genera energ\u00eda el\u00e9ctrica y recicla m\u00e1s de 200 toneladas de desechos.<\/p>\n","protected":false},"excerpt":{"rendered":"<p>\u2022 Se trata de un predio de m\u00e1s de dos mil metros cuadrados ubicado en el coraz\u00f3n de Texcoco\u2022 La gobernadora agradeci\u00f3 esta donaci\u00f3n que beneficia a los texcocanos\u2022 La presidenta municipal de Texcoco afirma que es la consolidaci\u00f3n del proyecto retomado en su gesti\u00f3n Redacci\u00f3n TEXCOCO.- La fundaci\u00f3n Coppel, don\u00f3 el predio ubicado en [&hellip;]<\/p>\n","protected":false},"author":6,"featured_media":48607,"comment_status":"open","ping_status":"open","sticky":false,"template":"","format":"standard","meta":{"footnotes":""},"categories":[4,6],"tags":[],"class_list":["post-48606","post","type-post","status-publish","format-standard","has-post-thumbnail","hentry","category-locales","category-texcoco"],"yoast_head":"<!-- This site is optimized with the Yoast SEO plugin v27.4 - https:\/\/yoast.com\/product\/yoast-seo-wordpress\/ -->\n<title>COPPEL ANUNCI\u00d3 LA DONACI\u00d3N DE PREDIO CON VESTIGIOS ARQUEOL\u00d3GICOS A TEXCOCO -<\/title>\n<meta name=\"robots\" content=\"index, follow, max-snippet:-1, max-image-preview:large, max-video-preview:-1\" \/>\n<link rel=\"canonical\" href=\"https:\/\/continuamosmx.com\/index.php\/2024\/10\/22\/coppel-anuncio-la-donacion-de-predio-con-vestigios-arqueologicos-a-texcoco\/\" \/>\n<meta property=\"og:locale\" content=\"es_ES\" \/>\n<meta property=\"og:type\" content=\"article\" \/>\n<meta property=\"og:title\" content=\"COPPEL ANUNCI\u00d3 LA DONACI\u00d3N DE PREDIO CON VESTIGIOS ARQUEOL\u00d3GICOS A TEXCOCO -\" \/>\n<meta property=\"og:description\" content=\"\u2022 Se trata de un predio de m\u00e1s de dos mil metros cuadrados ubicado en el coraz\u00f3n de Texcoco\u2022 La gobernadora agradeci\u00f3 esta donaci\u00f3n que beneficia a los texcocanos\u2022 La presidenta municipal de Texcoco afirma que es la consolidaci\u00f3n del proyecto retomado en su gesti\u00f3n Redacci\u00f3n TEXCOCO.- La fundaci\u00f3n Coppel, don\u00f3 el predio ubicado en [&hellip;]\" \/>\n<meta property=\"og:url\" content=\"https:\/\/continuamosmx.com\/index.php\/2024\/10\/22\/coppel-anuncio-la-donacion-de-predio-con-vestigios-arqueologicos-a-texcoco\/\" \/>\n<meta property=\"article:published_time\" content=\"2024-10-22T06:49:32+00:00\" \/>\n<meta property=\"article:modified_time\" content=\"2024-10-22T06:49:33+00:00\" \/>\n<meta property=\"og:image\" content=\"https:\/\/continuamosmx.com\/wp-content\/uploads\/2024\/10\/coppel2.jpg\" \/>\n\t<meta property=\"og:image:width\" content=\"1600\" \/>\n\t<meta property=\"og:image:height\" content=\"1039\" \/>\n\t<meta property=\"og:image:type\" content=\"image\/jpeg\" \/>\n<meta name=\"author\" content=\"Continuamos MX\" \/>\n<meta name=\"twitter:card\" content=\"summary_large_image\" \/>\n<meta name=\"twitter:label1\" content=\"Escrito por\" \/>\n\t<meta name=\"twitter:data1\" content=\"Continuamos MX\" \/>\n\t<meta name=\"twitter:label2\" content=\"Tiempo de lectura\" \/>\n\t<meta name=\"twitter:data2\" content=\"2 minutos\" \/>\n<script type=\"application\/ld+json\" class=\"yoast-schema-graph\">{\"@context\":\"https:\\\/\\\/schema.org\",\"@graph\":[{\"@type\":\"Article\",\"@id\":\"https:\\\/\\\/continuamosmx.com\\\/index.php\\\/2024\\\/10\\\/22\\\/coppel-anuncio-la-donacion-de-predio-con-vestigios-arqueologicos-a-texcoco\\\/#article\",\"isPartOf\":{\"@id\":\"https:\\\/\\\/continuamosmx.com\\\/index.php\\\/2024\\\/10\\\/22\\\/coppel-anuncio-la-donacion-de-predio-con-vestigios-arqueologicos-a-texcoco\\\/\"},\"author\":{\"name\":\"Continuamos MX\",\"@id\":\"https:\\\/\\\/continuamosmx.com\\\/#\\\/schema\\\/person\\\/5eb5356acb1fad784da407d14f0e8d89\"},\"headline\":\"COPPEL ANUNCI\u00d3 LA DONACI\u00d3N DE PREDIO CON VESTIGIOS ARQUEOL\u00d3GICOS A TEXCOCO\",\"datePublished\":\"2024-10-22T06:49:32+00:00\",\"dateModified\":\"2024-10-22T06:49:33+00:00\",\"mainEntityOfPage\":{\"@id\":\"https:\\\/\\\/continuamosmx.com\\\/index.php\\\/2024\\\/10\\\/22\\\/coppel-anuncio-la-donacion-de-predio-con-vestigios-arqueologicos-a-texcoco\\\/\"},\"wordCount\":473,\"commentCount\":0,\"publisher\":{\"@id\":\"https:\\\/\\\/continuamosmx.com\\\/#organization\"},\"image\":{\"@id\":\"https:\\\/\\\/continuamosmx.com\\\/index.php\\\/2024\\\/10\\\/22\\\/coppel-anuncio-la-donacion-de-predio-con-vestigios-arqueologicos-a-texcoco\\\/#primaryimage\"},\"thumbnailUrl\":\"https:\\\/\\\/continuamosmx.com\\\/wp-content\\\/uploads\\\/2024\\\/10\\\/coppel2.jpg\",\"articleSection\":[\"LOCALES\",\"TEXCOCO\"],\"inLanguage\":\"es\"},{\"@type\":\"WebPage\",\"@id\":\"https:\\\/\\\/continuamosmx.com\\\/index.php\\\/2024\\\/10\\\/22\\\/coppel-anuncio-la-donacion-de-predio-con-vestigios-arqueologicos-a-texcoco\\\/\",\"url\":\"https:\\\/\\\/continuamosmx.com\\\/index.php\\\/2024\\\/10\\\/22\\\/coppel-anuncio-la-donacion-de-predio-con-vestigios-arqueologicos-a-texcoco\\\/\",\"name\":\"COPPEL ANUNCI\u00d3 LA DONACI\u00d3N DE PREDIO CON VESTIGIOS ARQUEOL\u00d3GICOS A TEXCOCO -\",\"isPartOf\":{\"@id\":\"https:\\\/\\\/continuamosmx.com\\\/#website\"},\"primaryImageOfPage\":{\"@id\":\"https:\\\/\\\/continuamosmx.com\\\/index.php\\\/2024\\\/10\\\/22\\\/coppel-anuncio-la-donacion-de-predio-con-vestigios-arqueologicos-a-texcoco\\\/#primaryimage\"},\"image\":{\"@id\":\"https:\\\/\\\/continuamosmx.com\\\/index.php\\\/2024\\\/10\\\/22\\\/coppel-anuncio-la-donacion-de-predio-con-vestigios-arqueologicos-a-texcoco\\\/#primaryimage\"},\"thumbnailUrl\":\"https:\\\/\\\/continuamosmx.com\\\/wp-content\\\/uploads\\\/2024\\\/10\\\/coppel2.jpg\",\"datePublished\":\"2024-10-22T06:49:32+00:00\",\"dateModified\":\"2024-10-22T06:49:33+00:00\",\"breadcrumb\":{\"@id\":\"https:\\\/\\\/continuamosmx.com\\\/index.php\\\/2024\\\/10\\\/22\\\/coppel-anuncio-la-donacion-de-predio-con-vestigios-arqueologicos-a-texcoco\\\/#breadcrumb\"},\"inLanguage\":\"es\",\"potentialAction\":[{\"@type\":\"ReadAction\",\"target\":[\"https:\\\/\\\/continuamosmx.com\\\/index.php\\\/2024\\\/10\\\/22\\\/coppel-anuncio-la-donacion-de-predio-con-vestigios-arqueologicos-a-texcoco\\\/\"]}]},{\"@type\":\"ImageObject\",\"inLanguage\":\"es\",\"@id\":\"https:\\\/\\\/continuamosmx.com\\\/index.php\\\/2024\\\/10\\\/22\\\/coppel-anuncio-la-donacion-de-predio-con-vestigios-arqueologicos-a-texcoco\\\/#primaryimage\",\"url\":\"https:\\\/\\\/continuamosmx.com\\\/wp-content\\\/uploads\\\/2024\\\/10\\\/coppel2.jpg\",\"contentUrl\":\"https:\\\/\\\/continuamosmx.com\\\/wp-content\\\/uploads\\\/2024\\\/10\\\/coppel2.jpg\",\"width\":1600,\"height\":1039},{\"@type\":\"BreadcrumbList\",\"@id\":\"https:\\\/\\\/continuamosmx.com\\\/index.php\\\/2024\\\/10\\\/22\\\/coppel-anuncio-la-donacion-de-predio-con-vestigios-arqueologicos-a-texcoco\\\/#breadcrumb\",\"itemListElement\":[{\"@type\":\"ListItem\",\"position\":1,\"name\":\"Inicio\",\"item\":\"https:\\\/\\\/continuamosmx.com\\\/\"},{\"@type\":\"ListItem\",\"position\":2,\"name\":\"COPPEL ANUNCI\u00d3 LA DONACI\u00d3N DE PREDIO CON VESTIGIOS ARQUEOL\u00d3GICOS A TEXCOCO\"}]},{\"@type\":\"WebSite\",\"@id\":\"https:\\\/\\\/continuamosmx.com\\\/#website\",\"url\":\"https:\\\/\\\/continuamosmx.com\\\/\",\"name\":\"www.continuamosmx.com\",\"description\":\"\",\"publisher\":{\"@id\":\"https:\\\/\\\/continuamosmx.com\\\/#organization\"},\"potentialAction\":[{\"@type\":\"SearchAction\",\"target\":{\"@type\":\"EntryPoint\",\"urlTemplate\":\"https:\\\/\\\/continuamosmx.com\\\/?s={search_term_string}\"},\"query-input\":{\"@type\":\"PropertyValueSpecification\",\"valueRequired\":true,\"valueName\":\"search_term_string\"}}],\"inLanguage\":\"es\"},{\"@type\":\"Organization\",\"@id\":\"https:\\\/\\\/continuamosmx.com\\\/#organization\",\"name\":\"ContinuamosMX\",\"url\":\"https:\\\/\\\/continuamosmx.com\\\/\",\"logo\":{\"@type\":\"ImageObject\",\"inLanguage\":\"es\",\"@id\":\"https:\\\/\\\/continuamosmx.com\\\/#\\\/schema\\\/logo\\\/image\\\/\",\"url\":\"https:\\\/\\\/continuamosmx.com\\\/wp-content\\\/uploads\\\/2023\\\/04\\\/cropped-LOGO-CONTI-NUEVO.png\",\"contentUrl\":\"https:\\\/\\\/continuamosmx.com\\\/wp-content\\\/uploads\\\/2023\\\/04\\\/cropped-LOGO-CONTI-NUEVO.png\",\"width\":1257,\"height\":430,\"caption\":\"ContinuamosMX\"},\"image\":{\"@id\":\"https:\\\/\\\/continuamosmx.com\\\/#\\\/schema\\\/logo\\\/image\\\/\"}},{\"@type\":\"Person\",\"@id\":\"https:\\\/\\\/continuamosmx.com\\\/#\\\/schema\\\/person\\\/5eb5356acb1fad784da407d14f0e8d89\",\"name\":\"Continuamos MX\",\"image\":{\"@type\":\"ImageObject\",\"inLanguage\":\"es\",\"@id\":\"https:\\\/\\\/secure.gravatar.com\\\/avatar\\\/30d4f9723476a15f4da34d35fb3501f08d2357016c76051c6a85c354c7489589?s=96&d=mm&r=g\",\"url\":\"https:\\\/\\\/secure.gravatar.com\\\/avatar\\\/30d4f9723476a15f4da34d35fb3501f08d2357016c76051c6a85c354c7489589?s=96&d=mm&r=g\",\"contentUrl\":\"https:\\\/\\\/secure.gravatar.com\\\/avatar\\\/30d4f9723476a15f4da34d35fb3501f08d2357016c76051c6a85c354c7489589?s=96&d=mm&r=g\",\"caption\":\"Continuamos MX\"},\"sameAs\":[\"http:\\\/\\\/www.continuamos.mx\"],\"url\":\"https:\\\/\\\/continuamosmx.com\\\/index.php\\\/author\\\/continuamos\\\/\"}]}<\/script>\n<!-- \/ Yoast SEO plugin. -->","yoast_head_json":{"title":"COPPEL ANUNCI\u00d3 LA DONACI\u00d3N DE PREDIO CON VESTIGIOS ARQUEOL\u00d3GICOS A TEXCOCO -","robots":{"index":"index","follow":"follow","max-snippet":"max-snippet:-1","max-image-preview":"max-image-preview:large","max-video-preview":"max-video-preview:-1"},"canonical":"https:\/\/continuamosmx.com\/index.php\/2024\/10\/22\/coppel-anuncio-la-donacion-de-predio-con-vestigios-arqueologicos-a-texcoco\/","og_locale":"es_ES","og_type":"article","og_title":"COPPEL ANUNCI\u00d3 LA DONACI\u00d3N DE PREDIO CON VESTIGIOS ARQUEOL\u00d3GICOS A TEXCOCO -","og_description":"\u2022 Se trata de un predio de m\u00e1s de dos mil metros cuadrados ubicado en el coraz\u00f3n de Texcoco\u2022 La gobernadora agradeci\u00f3 esta donaci\u00f3n que beneficia a los texcocanos\u2022 La presidenta municipal de Texcoco afirma que es la consolidaci\u00f3n del proyecto retomado en su gesti\u00f3n Redacci\u00f3n TEXCOCO.- La fundaci\u00f3n Coppel, don\u00f3 el predio ubicado en [&hellip;]","og_url":"https:\/\/continuamosmx.com\/index.php\/2024\/10\/22\/coppel-anuncio-la-donacion-de-predio-con-vestigios-arqueologicos-a-texcoco\/","article_published_time":"2024-10-22T06:49:32+00:00","article_modified_time":"2024-10-22T06:49:33+00:00","og_image":[{"width":1600,"height":1039,"url":"https:\/\/continuamosmx.com\/wp-content\/uploads\/2024\/10\/coppel2.jpg","type":"image\/jpeg"}],"author":"Continuamos MX","twitter_card":"summary_large_image","twitter_misc":{"Escrito por":"Continuamos MX","Tiempo de lectura":"2 minutos"},"schema":{"@context":"https:\/\/schema.org","@graph":[{"@type":"Article","@id":"https:\/\/continuamosmx.com\/index.php\/2024\/10\/22\/coppel-anuncio-la-donacion-de-predio-con-vestigios-arqueologicos-a-texcoco\/#article","isPartOf":{"@id":"https:\/\/continuamosmx.com\/index.php\/2024\/10\/22\/coppel-anuncio-la-donacion-de-predio-con-vestigios-arqueologicos-a-texcoco\/"},"author":{"name":"Continuamos MX","@id":"https:\/\/continuamosmx.com\/#\/schema\/person\/5eb5356acb1fad784da407d14f0e8d89"},"headline":"COPPEL ANUNCI\u00d3 LA DONACI\u00d3N DE PREDIO CON VESTIGIOS ARQUEOL\u00d3GICOS A TEXCOCO","datePublished":"2024-10-22T06:49:32+00:00","dateModified":"2024-10-22T06:49:33+00:00","mainEntityOfPage":{"@id":"https:\/\/continuamosmx.com\/index.php\/2024\/10\/22\/coppel-anuncio-la-donacion-de-predio-con-vestigios-arqueologicos-a-texcoco\/"},"wordCount":473,"commentCount":0,"publisher":{"@id":"https:\/\/continuamosmx.com\/#organization"},"image":{"@id":"https:\/\/continuamosmx.com\/index.php\/2024\/10\/22\/coppel-anuncio-la-donacion-de-predio-con-vestigios-arqueologicos-a-texcoco\/#primaryimage"},"thumbnailUrl":"https:\/\/continuamosmx.com\/wp-content\/uploads\/2024\/10\/coppel2.jpg","articleSection":["LOCALES","TEXCOCO"],"inLanguage":"es"},{"@type":"WebPage","@id":"https:\/\/continuamosmx.com\/index.php\/2024\/10\/22\/coppel-anuncio-la-donacion-de-predio-con-vestigios-arqueologicos-a-texcoco\/","url":"https:\/\/continuamosmx.com\/index.php\/2024\/10\/22\/coppel-anuncio-la-donacion-de-predio-con-vestigios-arqueologicos-a-texcoco\/","name":"COPPEL ANUNCI\u00d3 LA DONACI\u00d3N DE PREDIO CON VESTIGIOS ARQUEOL\u00d3GICOS A TEXCOCO -","isPartOf":{"@id":"https:\/\/continuamosmx.com\/#website"},"primaryImageOfPage":{"@id":"https:\/\/continuamosmx.com\/index.php\/2024\/10\/22\/coppel-anuncio-la-donacion-de-predio-con-vestigios-arqueologicos-a-texcoco\/#primaryimage"},"image":{"@id":"https:\/\/continuamosmx.com\/index.php\/2024\/10\/22\/coppel-anuncio-la-donacion-de-predio-con-vestigios-arqueologicos-a-texcoco\/#primaryimage"},"thumbnailUrl":"https:\/\/continuamosmx.com\/wp-content\/uploads\/2024\/10\/coppel2.jpg","datePublished":"2024-10-22T06:49:32+00:00","dateModified":"2024-10-22T06:49:33+00:00","breadcrumb":{"@id":"https:\/\/continuamosmx.com\/index.php\/2024\/10\/22\/coppel-anuncio-la-donacion-de-predio-con-vestigios-arqueologicos-a-texcoco\/#breadcrumb"},"inLanguage":"es","potentialAction":[{"@type":"ReadAction","target":["https:\/\/continuamosmx.com\/index.php\/2024\/10\/22\/coppel-anuncio-la-donacion-de-predio-con-vestigios-arqueologicos-a-texcoco\/"]}]},{"@type":"ImageObject","inLanguage":"es","@id":"https:\/\/continuamosmx.com\/index.php\/2024\/10\/22\/coppel-anuncio-la-donacion-de-predio-con-vestigios-arqueologicos-a-texcoco\/#primaryimage","url":"https:\/\/continuamosmx.com\/wp-content\/uploads\/2024\/10\/coppel2.jpg","contentUrl":"https:\/\/continuamosmx.com\/wp-content\/uploads\/2024\/10\/coppel2.jpg","width":1600,"height":1039},{"@type":"BreadcrumbList","@id":"https:\/\/continuamosmx.com\/index.php\/2024\/10\/22\/coppel-anuncio-la-donacion-de-predio-con-vestigios-arqueologicos-a-texcoco\/#breadcrumb","itemListElement":[{"@type":"ListItem","position":1,"name":"Inicio","item":"https:\/\/continuamosmx.com\/"},{"@type":"ListItem","position":2,"name":"COPPEL ANUNCI\u00d3 LA DONACI\u00d3N DE PREDIO CON VESTIGIOS ARQUEOL\u00d3GICOS A TEXCOCO"}]},{"@type":"WebSite","@id":"https:\/\/continuamosmx.com\/#website","url":"https:\/\/continuamosmx.com\/","name":"www.continuamosmx.com","description":"","publisher":{"@id":"https:\/\/continuamosmx.com\/#organization"},"potentialAction":[{"@type":"SearchAction","target":{"@type":"EntryPoint","urlTemplate":"https:\/\/continuamosmx.com\/?s={search_term_string}"},"query-input":{"@type":"PropertyValueSpecification","valueRequired":true,"valueName":"search_term_string"}}],"inLanguage":"es"},{"@type":"Organization","@id":"https:\/\/continuamosmx.com\/#organization","name":"ContinuamosMX","url":"https:\/\/continuamosmx.com\/","logo":{"@type":"ImageObject","inLanguage":"es","@id":"https:\/\/continuamosmx.com\/#\/schema\/logo\/image\/","url":"https:\/\/continuamosmx.com\/wp-content\/uploads\/2023\/04\/cropped-LOGO-CONTI-NUEVO.png","contentUrl":"https:\/\/continuamosmx.com\/wp-content\/uploads\/2023\/04\/cropped-LOGO-CONTI-NUEVO.png","width":1257,"height":430,"caption":"ContinuamosMX"},"image":{"@id":"https:\/\/continuamosmx.com\/#\/schema\/logo\/image\/"}},{"@type":"Person","@id":"https:\/\/continuamosmx.com\/#\/schema\/person\/5eb5356acb1fad784da407d14f0e8d89","name":"Continuamos MX","image":{"@type":"ImageObject","inLanguage":"es","@id":"https:\/\/secure.gravatar.com\/avatar\/30d4f9723476a15f4da34d35fb3501f08d2357016c76051c6a85c354c7489589?s=96&d=mm&r=g","url":"https:\/\/secure.gravatar.com\/avatar\/30d4f9723476a15f4da34d35fb3501f08d2357016c76051c6a85c354c7489589?s=96&d=mm&r=g","contentUrl":"https:\/\/secure.gravatar.com\/avatar\/30d4f9723476a15f4da34d35fb3501f08d2357016c76051c6a85c354c7489589?s=96&d=mm&r=g","caption":"Continuamos MX"},"sameAs":["http:\/\/www.continuamos.mx"],"url":"https:\/\/continuamosmx.com\/index.php\/author\/continuamos\/"}]}},"_links":{"self":[{"href":"https:\/\/continuamosmx.com\/index.php\/wp-json\/wp\/v2\/posts\/48606","targetHints":{"allow":["GET"]}}],"collection":[{"href":"https:\/\/continuamosmx.com\/index.php\/wp-json\/wp\/v2\/posts"}],"about":[{"href":"https:\/\/continuamosmx.com\/index.php\/wp-json\/wp\/v2\/types\/post"}],"author":[{"embeddable":true,"href":"https:\/\/continuamosmx.com\/index.php\/wp-json\/wp\/v2\/users\/6"}],"replies":[{"embeddable":true,"href":"https:\/\/continuamosmx.com\/index.php\/wp-json\/wp\/v2\/comments?post=48606"}],"version-history":[{"count":1,"href":"https:\/\/continuamosmx.com\/index.php\/wp-json\/wp\/v2\/posts\/48606\/revisions"}],"predecessor-version":[{"id":48608,"href":"https:\/\/continuamosmx.com\/index.php\/wp-json\/wp\/v2\/posts\/48606\/revisions\/48608"}],"wp:featuredmedia":[{"embeddable":true,"href":"https:\/\/continuamosmx.com\/index.php\/wp-json\/wp\/v2\/media\/48607"}],"wp:attachment":[{"href":"https:\/\/continuamosmx.com\/index.php\/wp-json\/wp\/v2\/media?parent=48606"}],"wp:term":[{"taxonomy":"category","embeddable":true,"href":"https:\/\/continuamosmx.com\/index.php\/wp-json\/wp\/v2\/categories?post=48606"},{"taxonomy":"post_tag","embeddable":true,"href":"https:\/\/continuamosmx.com\/index.php\/wp-json\/wp\/v2\/tags?post=48606"}],"curies":[{"name":"wp","href":"https:\/\/api.w.org\/{rel}","templated":true}]}}