{"id":48493,"date":"2024-10-09T06:11:54","date_gmt":"2024-10-09T06:11:54","guid":{"rendered":"https:\/\/continuamosmx.com\/?p=48493"},"modified":"2024-10-09T06:11:55","modified_gmt":"2024-10-09T06:11:55","slug":"inauguran-auditorio-en-secundaria-de-huixquilucan","status":"publish","type":"post","link":"https:\/\/continuamosmx.com\/index.php\/2024\/10\/09\/inauguran-auditorio-en-secundaria-de-huixquilucan\/","title":{"rendered":"INAUGURAN AUDITORIO EN SECUNDARIA DE HUIXQUILUCAN"},"content":{"rendered":"\n<p><strong>*Con una inversi\u00f3n de m\u00e1s de 6.9 millones de pesos, el nuevo espacio beneficiar\u00e1 a 840 alumnos<\/strong><\/p>\n\n\n\n<p>HUIXQUILUCAN, M\u00e9x.- La presidenta municipal Romina Contreras Carrasco, inaugur\u00f3 el nuevo auditorio de la Escuela Secundaria T\u00e9cnica No. 130 \u201cRosario Castellanos\u201d en la comunidad de San Francisco Dos R\u00edos, una obra dise\u00f1ada para mejorar las condiciones de desarrollo cultural, art\u00edstico y acad\u00e9mico de los 840 alumnos del plantel.<\/p>\n\n\n\n<p>Durante la develaci\u00f3n de la placa inaugural, la presidenta municipal destac\u00f3 que esta obra es un ejemplo del compromiso de su gobierno con la educaci\u00f3n y el bienestar de las familias del municipio.<\/p>\n\n\n\n<p>Previo al corte del list\u00f3n, Aid\u00e9 Castro, alumna de la secundaria, agradeci\u00f3 la construcci\u00f3n del auditorio, destacando la importancia de invertir en infraestructura educativa que promueva la cohesi\u00f3n social y el desarrollo de los j\u00f3venes. Castro record\u00f3 que la obra fue solicitada a trav\u00e9s del programa \u201cAcci\u00f3n por la Educaci\u00f3n\u201d, impulsado por la administraci\u00f3n municipal.<\/p>\n\n\n\n<p>\u201cLas promesas se cumplen y los hechos hablan por s\u00ed mismos. Hoy nuestra escuela es muestra de ello\u201d, se\u00f1al\u00f3 Castro.<\/p>\n\n\n\n<p>Adem\u00e1s de la construcci\u00f3n del auditorio, el plantel recibi\u00f3 trabajos de mantenimiento como parte del programa \u201cAcci\u00f3n por la Educaci\u00f3n\u201d, con el cual ya se han rehabilitado 92 instituciones educativas en Huixquilucan, con el fin de ofrecer espacios dignos para alumnos, maestros y padres de familia.<\/p>\n\n\n\n<p>Ana Cecilia Moreno, vicepresidenta de la asociaci\u00f3n de padres de familia, tambi\u00e9n agradeci\u00f3 a la alcaldesa por su esfuerzo y compromiso con la educaci\u00f3n, destacando que obras como esta contribuyen al desarrollo integral de los ni\u00f1os y j\u00f3venes del municipio.<\/p>\n\n\n\n<p>Por su parte, la directora de la secundaria, Susana Margarita Barrera Carrillo, subray\u00f3 la calidad de los trabajos realizados, a pesar de no ser obligaci\u00f3n directa del gobierno municipal, lo que refuerza el apoyo de la administraci\u00f3n hacia las escuelas locales.<\/p>\n\n\n\n<p>El auditorio es parte de una estrategia m\u00e1s amplia del gobierno de Huixquilucan para fortalecer la infraestructura educativa y garantizar que los estudiantes cuenten con las herramientas necesarias para un futuro competitivo.<\/p>\n","protected":false},"excerpt":{"rendered":"<p>*Con una inversi\u00f3n de m\u00e1s de 6.9 millones de pesos, el nuevo espacio beneficiar\u00e1 a 840 alumnos HUIXQUILUCAN, M\u00e9x.- La presidenta municipal Romina Contreras Carrasco, inaugur\u00f3 el nuevo auditorio de la Escuela Secundaria T\u00e9cnica No. 130 \u201cRosario Castellanos\u201d en la comunidad de San Francisco Dos R\u00edos, una obra dise\u00f1ada para mejorar las condiciones de desarrollo [&hellip;]<\/p>\n","protected":false},"author":6,"featured_media":48494,"comment_status":"open","ping_status":"open","sticky":false,"template":"","format":"standard","meta":{"footnotes":""},"categories":[5,4],"tags":[],"class_list":["post-48493","post","type-post","status-publish","format-standard","has-post-thumbnail","hentry","category-huixquilucan","category-locales"],"yoast_head":"<!-- This site is optimized with the Yoast SEO plugin v27.4 - https:\/\/yoast.com\/product\/yoast-seo-wordpress\/ -->\n<title>INAUGURAN AUDITORIO EN SECUNDARIA DE HUIXQUILUCAN -<\/title>\n<meta name=\"robots\" content=\"index, follow, max-snippet:-1, max-image-preview:large, max-video-preview:-1\" \/>\n<link rel=\"canonical\" href=\"https:\/\/continuamosmx.com\/index.php\/2024\/10\/09\/inauguran-auditorio-en-secundaria-de-huixquilucan\/\" \/>\n<meta property=\"og:locale\" content=\"es_ES\" \/>\n<meta property=\"og:type\" content=\"article\" \/>\n<meta property=\"og:title\" content=\"INAUGURAN AUDITORIO EN SECUNDARIA DE HUIXQUILUCAN -\" \/>\n<meta property=\"og:description\" content=\"*Con una inversi\u00f3n de m\u00e1s de 6.9 millones de pesos, el nuevo espacio beneficiar\u00e1 a 840 alumnos HUIXQUILUCAN, M\u00e9x.- La presidenta municipal Romina Contreras Carrasco, inaugur\u00f3 el nuevo auditorio de la Escuela Secundaria T\u00e9cnica No. 130 \u201cRosario Castellanos\u201d en la comunidad de San Francisco Dos R\u00edos, una obra dise\u00f1ada para mejorar las condiciones de desarrollo [&hellip;]\" \/>\n<meta property=\"og:url\" content=\"https:\/\/continuamosmx.com\/index.php\/2024\/10\/09\/inauguran-auditorio-en-secundaria-de-huixquilucan\/\" \/>\n<meta property=\"article:published_time\" content=\"2024-10-09T06:11:54+00:00\" \/>\n<meta property=\"article:modified_time\" content=\"2024-10-09T06:11:55+00:00\" \/>\n<meta property=\"og:image\" content=\"https:\/\/continuamosmx.com\/wp-content\/uploads\/2024\/10\/sec.jpg\" \/>\n\t<meta property=\"og:image:width\" content=\"1600\" \/>\n\t<meta property=\"og:image:height\" content=\"1066\" \/>\n\t<meta property=\"og:image:type\" content=\"image\/jpeg\" \/>\n<meta name=\"author\" content=\"Continuamos MX\" \/>\n<meta name=\"twitter:card\" content=\"summary_large_image\" \/>\n<meta name=\"twitter:label1\" content=\"Escrito por\" \/>\n\t<meta name=\"twitter:data1\" content=\"Continuamos MX\" \/>\n\t<meta name=\"twitter:label2\" content=\"Tiempo de lectura\" \/>\n\t<meta name=\"twitter:data2\" content=\"2 minutos\" \/>\n<script type=\"application\/ld+json\" class=\"yoast-schema-graph\">{\"@context\":\"https:\\\/\\\/schema.org\",\"@graph\":[{\"@type\":\"Article\",\"@id\":\"https:\\\/\\\/continuamosmx.com\\\/index.php\\\/2024\\\/10\\\/09\\\/inauguran-auditorio-en-secundaria-de-huixquilucan\\\/#article\",\"isPartOf\":{\"@id\":\"https:\\\/\\\/continuamosmx.com\\\/index.php\\\/2024\\\/10\\\/09\\\/inauguran-auditorio-en-secundaria-de-huixquilucan\\\/\"},\"author\":{\"name\":\"Continuamos MX\",\"@id\":\"https:\\\/\\\/continuamosmx.com\\\/#\\\/schema\\\/person\\\/5eb5356acb1fad784da407d14f0e8d89\"},\"headline\":\"INAUGURAN AUDITORIO EN SECUNDARIA DE HUIXQUILUCAN\",\"datePublished\":\"2024-10-09T06:11:54+00:00\",\"dateModified\":\"2024-10-09T06:11:55+00:00\",\"mainEntityOfPage\":{\"@id\":\"https:\\\/\\\/continuamosmx.com\\\/index.php\\\/2024\\\/10\\\/09\\\/inauguran-auditorio-en-secundaria-de-huixquilucan\\\/\"},\"wordCount\":365,\"commentCount\":0,\"publisher\":{\"@id\":\"https:\\\/\\\/continuamosmx.com\\\/#organization\"},\"image\":{\"@id\":\"https:\\\/\\\/continuamosmx.com\\\/index.php\\\/2024\\\/10\\\/09\\\/inauguran-auditorio-en-secundaria-de-huixquilucan\\\/#primaryimage\"},\"thumbnailUrl\":\"https:\\\/\\\/continuamosmx.com\\\/wp-content\\\/uploads\\\/2024\\\/10\\\/sec.jpg\",\"articleSection\":[\"HUIXQUILUCAN\",\"LOCALES\"],\"inLanguage\":\"es\"},{\"@type\":\"WebPage\",\"@id\":\"https:\\\/\\\/continuamosmx.com\\\/index.php\\\/2024\\\/10\\\/09\\\/inauguran-auditorio-en-secundaria-de-huixquilucan\\\/\",\"url\":\"https:\\\/\\\/continuamosmx.com\\\/index.php\\\/2024\\\/10\\\/09\\\/inauguran-auditorio-en-secundaria-de-huixquilucan\\\/\",\"name\":\"INAUGURAN AUDITORIO EN SECUNDARIA DE HUIXQUILUCAN -\",\"isPartOf\":{\"@id\":\"https:\\\/\\\/continuamosmx.com\\\/#website\"},\"primaryImageOfPage\":{\"@id\":\"https:\\\/\\\/continuamosmx.com\\\/index.php\\\/2024\\\/10\\\/09\\\/inauguran-auditorio-en-secundaria-de-huixquilucan\\\/#primaryimage\"},\"image\":{\"@id\":\"https:\\\/\\\/continuamosmx.com\\\/index.php\\\/2024\\\/10\\\/09\\\/inauguran-auditorio-en-secundaria-de-huixquilucan\\\/#primaryimage\"},\"thumbnailUrl\":\"https:\\\/\\\/continuamosmx.com\\\/wp-content\\\/uploads\\\/2024\\\/10\\\/sec.jpg\",\"datePublished\":\"2024-10-09T06:11:54+00:00\",\"dateModified\":\"2024-10-09T06:11:55+00:00\",\"breadcrumb\":{\"@id\":\"https:\\\/\\\/continuamosmx.com\\\/index.php\\\/2024\\\/10\\\/09\\\/inauguran-auditorio-en-secundaria-de-huixquilucan\\\/#breadcrumb\"},\"inLanguage\":\"es\",\"potentialAction\":[{\"@type\":\"ReadAction\",\"target\":[\"https:\\\/\\\/continuamosmx.com\\\/index.php\\\/2024\\\/10\\\/09\\\/inauguran-auditorio-en-secundaria-de-huixquilucan\\\/\"]}]},{\"@type\":\"ImageObject\",\"inLanguage\":\"es\",\"@id\":\"https:\\\/\\\/continuamosmx.com\\\/index.php\\\/2024\\\/10\\\/09\\\/inauguran-auditorio-en-secundaria-de-huixquilucan\\\/#primaryimage\",\"url\":\"https:\\\/\\\/continuamosmx.com\\\/wp-content\\\/uploads\\\/2024\\\/10\\\/sec.jpg\",\"contentUrl\":\"https:\\\/\\\/continuamosmx.com\\\/wp-content\\\/uploads\\\/2024\\\/10\\\/sec.jpg\",\"width\":1600,\"height\":1066},{\"@type\":\"BreadcrumbList\",\"@id\":\"https:\\\/\\\/continuamosmx.com\\\/index.php\\\/2024\\\/10\\\/09\\\/inauguran-auditorio-en-secundaria-de-huixquilucan\\\/#breadcrumb\",\"itemListElement\":[{\"@type\":\"ListItem\",\"position\":1,\"name\":\"Inicio\",\"item\":\"https:\\\/\\\/continuamosmx.com\\\/\"},{\"@type\":\"ListItem\",\"position\":2,\"name\":\"INAUGURAN AUDITORIO EN SECUNDARIA DE HUIXQUILUCAN\"}]},{\"@type\":\"WebSite\",\"@id\":\"https:\\\/\\\/continuamosmx.com\\\/#website\",\"url\":\"https:\\\/\\\/continuamosmx.com\\\/\",\"name\":\"www.continuamosmx.com\",\"description\":\"\",\"publisher\":{\"@id\":\"https:\\\/\\\/continuamosmx.com\\\/#organization\"},\"potentialAction\":[{\"@type\":\"SearchAction\",\"target\":{\"@type\":\"EntryPoint\",\"urlTemplate\":\"https:\\\/\\\/continuamosmx.com\\\/?s={search_term_string}\"},\"query-input\":{\"@type\":\"PropertyValueSpecification\",\"valueRequired\":true,\"valueName\":\"search_term_string\"}}],\"inLanguage\":\"es\"},{\"@type\":\"Organization\",\"@id\":\"https:\\\/\\\/continuamosmx.com\\\/#organization\",\"name\":\"ContinuamosMX\",\"url\":\"https:\\\/\\\/continuamosmx.com\\\/\",\"logo\":{\"@type\":\"ImageObject\",\"inLanguage\":\"es\",\"@id\":\"https:\\\/\\\/continuamosmx.com\\\/#\\\/schema\\\/logo\\\/image\\\/\",\"url\":\"https:\\\/\\\/continuamosmx.com\\\/wp-content\\\/uploads\\\/2023\\\/04\\\/cropped-LOGO-CONTI-NUEVO.png\",\"contentUrl\":\"https:\\\/\\\/continuamosmx.com\\\/wp-content\\\/uploads\\\/2023\\\/04\\\/cropped-LOGO-CONTI-NUEVO.png\",\"width\":1257,\"height\":430,\"caption\":\"ContinuamosMX\"},\"image\":{\"@id\":\"https:\\\/\\\/continuamosmx.com\\\/#\\\/schema\\\/logo\\\/image\\\/\"}},{\"@type\":\"Person\",\"@id\":\"https:\\\/\\\/continuamosmx.com\\\/#\\\/schema\\\/person\\\/5eb5356acb1fad784da407d14f0e8d89\",\"name\":\"Continuamos MX\",\"image\":{\"@type\":\"ImageObject\",\"inLanguage\":\"es\",\"@id\":\"https:\\\/\\\/secure.gravatar.com\\\/avatar\\\/30d4f9723476a15f4da34d35fb3501f08d2357016c76051c6a85c354c7489589?s=96&d=mm&r=g\",\"url\":\"https:\\\/\\\/secure.gravatar.com\\\/avatar\\\/30d4f9723476a15f4da34d35fb3501f08d2357016c76051c6a85c354c7489589?s=96&d=mm&r=g\",\"contentUrl\":\"https:\\\/\\\/secure.gravatar.com\\\/avatar\\\/30d4f9723476a15f4da34d35fb3501f08d2357016c76051c6a85c354c7489589?s=96&d=mm&r=g\",\"caption\":\"Continuamos MX\"},\"sameAs\":[\"http:\\\/\\\/www.continuamos.mx\"],\"url\":\"https:\\\/\\\/continuamosmx.com\\\/index.php\\\/author\\\/continuamos\\\/\"}]}<\/script>\n<!-- \/ Yoast SEO plugin. -->","yoast_head_json":{"title":"INAUGURAN AUDITORIO EN SECUNDARIA DE HUIXQUILUCAN -","robots":{"index":"index","follow":"follow","max-snippet":"max-snippet:-1","max-image-preview":"max-image-preview:large","max-video-preview":"max-video-preview:-1"},"canonical":"https:\/\/continuamosmx.com\/index.php\/2024\/10\/09\/inauguran-auditorio-en-secundaria-de-huixquilucan\/","og_locale":"es_ES","og_type":"article","og_title":"INAUGURAN AUDITORIO EN SECUNDARIA DE HUIXQUILUCAN -","og_description":"*Con una inversi\u00f3n de m\u00e1s de 6.9 millones de pesos, el nuevo espacio beneficiar\u00e1 a 840 alumnos HUIXQUILUCAN, M\u00e9x.- La presidenta municipal Romina Contreras Carrasco, inaugur\u00f3 el nuevo auditorio de la Escuela Secundaria T\u00e9cnica No. 130 \u201cRosario Castellanos\u201d en la comunidad de San Francisco Dos R\u00edos, una obra dise\u00f1ada para mejorar las condiciones de desarrollo [&hellip;]","og_url":"https:\/\/continuamosmx.com\/index.php\/2024\/10\/09\/inauguran-auditorio-en-secundaria-de-huixquilucan\/","article_published_time":"2024-10-09T06:11:54+00:00","article_modified_time":"2024-10-09T06:11:55+00:00","og_image":[{"width":1600,"height":1066,"url":"https:\/\/continuamosmx.com\/wp-content\/uploads\/2024\/10\/sec.jpg","type":"image\/jpeg"}],"author":"Continuamos MX","twitter_card":"summary_large_image","twitter_misc":{"Escrito por":"Continuamos MX","Tiempo de lectura":"2 minutos"},"schema":{"@context":"https:\/\/schema.org","@graph":[{"@type":"Article","@id":"https:\/\/continuamosmx.com\/index.php\/2024\/10\/09\/inauguran-auditorio-en-secundaria-de-huixquilucan\/#article","isPartOf":{"@id":"https:\/\/continuamosmx.com\/index.php\/2024\/10\/09\/inauguran-auditorio-en-secundaria-de-huixquilucan\/"},"author":{"name":"Continuamos MX","@id":"https:\/\/continuamosmx.com\/#\/schema\/person\/5eb5356acb1fad784da407d14f0e8d89"},"headline":"INAUGURAN AUDITORIO EN SECUNDARIA DE HUIXQUILUCAN","datePublished":"2024-10-09T06:11:54+00:00","dateModified":"2024-10-09T06:11:55+00:00","mainEntityOfPage":{"@id":"https:\/\/continuamosmx.com\/index.php\/2024\/10\/09\/inauguran-auditorio-en-secundaria-de-huixquilucan\/"},"wordCount":365,"commentCount":0,"publisher":{"@id":"https:\/\/continuamosmx.com\/#organization"},"image":{"@id":"https:\/\/continuamosmx.com\/index.php\/2024\/10\/09\/inauguran-auditorio-en-secundaria-de-huixquilucan\/#primaryimage"},"thumbnailUrl":"https:\/\/continuamosmx.com\/wp-content\/uploads\/2024\/10\/sec.jpg","articleSection":["HUIXQUILUCAN","LOCALES"],"inLanguage":"es"},{"@type":"WebPage","@id":"https:\/\/continuamosmx.com\/index.php\/2024\/10\/09\/inauguran-auditorio-en-secundaria-de-huixquilucan\/","url":"https:\/\/continuamosmx.com\/index.php\/2024\/10\/09\/inauguran-auditorio-en-secundaria-de-huixquilucan\/","name":"INAUGURAN AUDITORIO EN SECUNDARIA DE HUIXQUILUCAN -","isPartOf":{"@id":"https:\/\/continuamosmx.com\/#website"},"primaryImageOfPage":{"@id":"https:\/\/continuamosmx.com\/index.php\/2024\/10\/09\/inauguran-auditorio-en-secundaria-de-huixquilucan\/#primaryimage"},"image":{"@id":"https:\/\/continuamosmx.com\/index.php\/2024\/10\/09\/inauguran-auditorio-en-secundaria-de-huixquilucan\/#primaryimage"},"thumbnailUrl":"https:\/\/continuamosmx.com\/wp-content\/uploads\/2024\/10\/sec.jpg","datePublished":"2024-10-09T06:11:54+00:00","dateModified":"2024-10-09T06:11:55+00:00","breadcrumb":{"@id":"https:\/\/continuamosmx.com\/index.php\/2024\/10\/09\/inauguran-auditorio-en-secundaria-de-huixquilucan\/#breadcrumb"},"inLanguage":"es","potentialAction":[{"@type":"ReadAction","target":["https:\/\/continuamosmx.com\/index.php\/2024\/10\/09\/inauguran-auditorio-en-secundaria-de-huixquilucan\/"]}]},{"@type":"ImageObject","inLanguage":"es","@id":"https:\/\/continuamosmx.com\/index.php\/2024\/10\/09\/inauguran-auditorio-en-secundaria-de-huixquilucan\/#primaryimage","url":"https:\/\/continuamosmx.com\/wp-content\/uploads\/2024\/10\/sec.jpg","contentUrl":"https:\/\/continuamosmx.com\/wp-content\/uploads\/2024\/10\/sec.jpg","width":1600,"height":1066},{"@type":"BreadcrumbList","@id":"https:\/\/continuamosmx.com\/index.php\/2024\/10\/09\/inauguran-auditorio-en-secundaria-de-huixquilucan\/#breadcrumb","itemListElement":[{"@type":"ListItem","position":1,"name":"Inicio","item":"https:\/\/continuamosmx.com\/"},{"@type":"ListItem","position":2,"name":"INAUGURAN AUDITORIO EN SECUNDARIA DE HUIXQUILUCAN"}]},{"@type":"WebSite","@id":"https:\/\/continuamosmx.com\/#website","url":"https:\/\/continuamosmx.com\/","name":"www.continuamosmx.com","description":"","publisher":{"@id":"https:\/\/continuamosmx.com\/#organization"},"potentialAction":[{"@type":"SearchAction","target":{"@type":"EntryPoint","urlTemplate":"https:\/\/continuamosmx.com\/?s={search_term_string}"},"query-input":{"@type":"PropertyValueSpecification","valueRequired":true,"valueName":"search_term_string"}}],"inLanguage":"es"},{"@type":"Organization","@id":"https:\/\/continuamosmx.com\/#organization","name":"ContinuamosMX","url":"https:\/\/continuamosmx.com\/","logo":{"@type":"ImageObject","inLanguage":"es","@id":"https:\/\/continuamosmx.com\/#\/schema\/logo\/image\/","url":"https:\/\/continuamosmx.com\/wp-content\/uploads\/2023\/04\/cropped-LOGO-CONTI-NUEVO.png","contentUrl":"https:\/\/continuamosmx.com\/wp-content\/uploads\/2023\/04\/cropped-LOGO-CONTI-NUEVO.png","width":1257,"height":430,"caption":"ContinuamosMX"},"image":{"@id":"https:\/\/continuamosmx.com\/#\/schema\/logo\/image\/"}},{"@type":"Person","@id":"https:\/\/continuamosmx.com\/#\/schema\/person\/5eb5356acb1fad784da407d14f0e8d89","name":"Continuamos MX","image":{"@type":"ImageObject","inLanguage":"es","@id":"https:\/\/secure.gravatar.com\/avatar\/30d4f9723476a15f4da34d35fb3501f08d2357016c76051c6a85c354c7489589?s=96&d=mm&r=g","url":"https:\/\/secure.gravatar.com\/avatar\/30d4f9723476a15f4da34d35fb3501f08d2357016c76051c6a85c354c7489589?s=96&d=mm&r=g","contentUrl":"https:\/\/secure.gravatar.com\/avatar\/30d4f9723476a15f4da34d35fb3501f08d2357016c76051c6a85c354c7489589?s=96&d=mm&r=g","caption":"Continuamos MX"},"sameAs":["http:\/\/www.continuamos.mx"],"url":"https:\/\/continuamosmx.com\/index.php\/author\/continuamos\/"}]}},"_links":{"self":[{"href":"https:\/\/continuamosmx.com\/index.php\/wp-json\/wp\/v2\/posts\/48493","targetHints":{"allow":["GET"]}}],"collection":[{"href":"https:\/\/continuamosmx.com\/index.php\/wp-json\/wp\/v2\/posts"}],"about":[{"href":"https:\/\/continuamosmx.com\/index.php\/wp-json\/wp\/v2\/types\/post"}],"author":[{"embeddable":true,"href":"https:\/\/continuamosmx.com\/index.php\/wp-json\/wp\/v2\/users\/6"}],"replies":[{"embeddable":true,"href":"https:\/\/continuamosmx.com\/index.php\/wp-json\/wp\/v2\/comments?post=48493"}],"version-history":[{"count":1,"href":"https:\/\/continuamosmx.com\/index.php\/wp-json\/wp\/v2\/posts\/48493\/revisions"}],"predecessor-version":[{"id":48495,"href":"https:\/\/continuamosmx.com\/index.php\/wp-json\/wp\/v2\/posts\/48493\/revisions\/48495"}],"wp:featuredmedia":[{"embeddable":true,"href":"https:\/\/continuamosmx.com\/index.php\/wp-json\/wp\/v2\/media\/48494"}],"wp:attachment":[{"href":"https:\/\/continuamosmx.com\/index.php\/wp-json\/wp\/v2\/media?parent=48493"}],"wp:term":[{"taxonomy":"category","embeddable":true,"href":"https:\/\/continuamosmx.com\/index.php\/wp-json\/wp\/v2\/categories?post=48493"},{"taxonomy":"post_tag","embeddable":true,"href":"https:\/\/continuamosmx.com\/index.php\/wp-json\/wp\/v2\/tags?post=48493"}],"curies":[{"name":"wp","href":"https:\/\/api.w.org\/{rel}","templated":true}]}}