{"id":48431,"date":"2024-09-24T05:04:18","date_gmt":"2024-09-24T05:04:18","guid":{"rendered":"https:\/\/continuamosmx.com\/?p=48431"},"modified":"2024-10-03T05:08:45","modified_gmt":"2024-10-03T05:08:45","slug":"acolman-se-suma-a-la-campana-canjedearmas-2024","status":"publish","type":"post","link":"https:\/\/continuamosmx.com\/index.php\/2024\/09\/24\/acolman-se-suma-a-la-campana-canjedearmas-2024\/","title":{"rendered":"ACOLMAN SE SUMA A LA CAMPA\u00d1A CANJEDEARMAS 2024"},"content":{"rendered":"\n<p>&#8211;<strong>Acolman se une a la campa\u00f1a nacional de Canje de Armas<\/strong><\/p>\n\n\n\n<p>ACOLMAN.- En un esfuerzo por fomentar la paz y la seguridad en nuestra comunidad, el municipio de Acolman se une a la campa\u00f1a nacional de Canje de Armas 2024. Esta iniciativa, que busca reducir la violencia armada, ofrece a los ciudadanos la oportunidad de entregar de manera voluntaria y an\u00f3nima cualquier arma de fuego o explosivo que tengan en su posesi\u00f3n.<\/p>\n\n\n\n<p><strong>\u00bfC\u00f3mo participar?<\/strong><\/p>\n\n\n\n<ul class=\"wp-block-list\">\n<li><strong>Cu\u00e1ndo:<\/strong> Del 23 al 28 de septiembre.<\/li>\n\n\n\n<li><strong>D\u00f3nde:<\/strong> Explanada Municipal de Acolman.<\/li>\n\n\n\n<li><strong>Horario:<\/strong> De lunes a viernes de 10:00 a 16:00 horas y s\u00e1bado de 10:00 a 14:00 horas.<\/li>\n<\/ul>\n\n\n\n<p><strong>\u00bfQu\u00e9 beneficios obtienes?<\/strong><\/p>\n\n\n\n<p>Al participar en el canje, los ciudadanos recibir\u00e1n un monto econ\u00f3mico a cambio de sus armas. Esta acci\u00f3n no solo contribuye a la seguridad de todos, sino que tambi\u00e9n evita que estas armas sean utilizadas en actos delictivos.<\/p>\n\n\n\n<p><strong>\u00bfPor qu\u00e9 es importante?<\/strong><\/p>\n\n\n\n<p>El Canje de Armas es un programa preventivo que busca disminuir los \u00edndices de violencia y accidentes relacionados con el uso de armas de fuego. Al entregar sus armas de manera voluntaria, los ciudadanos est\u00e1n dando un paso importante para construir una comunidad m\u00e1s segura y pac\u00edfica.<\/p>\n\n\n\n<p><strong>\u00a1No pierdas esta oportunidad!<\/strong><\/p>\n\n\n\n<p>Te invitamos a participar en esta importante campa\u00f1a. Recuerda que tu participaci\u00f3n es an\u00f3nima y confidencial. Juntos podemos hacer la diferencia.<\/p>\n","protected":false},"excerpt":{"rendered":"<p>&#8211;Acolman se une a la campa\u00f1a nacional de Canje de Armas ACOLMAN.- En un esfuerzo por fomentar la paz y la seguridad en nuestra comunidad, el municipio de Acolman se une a la campa\u00f1a nacional de Canje de Armas 2024. Esta iniciativa, que busca reducir la violencia armada, ofrece a los ciudadanos la oportunidad de [&hellip;]<\/p>\n","protected":false},"author":6,"featured_media":48432,"comment_status":"open","ping_status":"open","sticky":false,"template":"","format":"standard","meta":{"footnotes":""},"categories":[13,4],"tags":[],"class_list":["post-48431","post","type-post","status-publish","format-standard","has-post-thumbnail","hentry","category-acolman","category-locales"],"yoast_head":"<!-- This site is optimized with the Yoast SEO plugin v27.4 - https:\/\/yoast.com\/product\/yoast-seo-wordpress\/ -->\n<title>ACOLMAN SE SUMA A LA CAMPA\u00d1A CANJEDEARMAS 2024 -<\/title>\n<meta name=\"robots\" content=\"index, follow, max-snippet:-1, max-image-preview:large, max-video-preview:-1\" \/>\n<link rel=\"canonical\" href=\"https:\/\/continuamosmx.com\/index.php\/2024\/09\/24\/acolman-se-suma-a-la-campana-canjedearmas-2024\/\" \/>\n<meta property=\"og:locale\" content=\"es_ES\" \/>\n<meta property=\"og:type\" content=\"article\" \/>\n<meta property=\"og:title\" content=\"ACOLMAN SE SUMA A LA CAMPA\u00d1A CANJEDEARMAS 2024 -\" \/>\n<meta property=\"og:description\" content=\"&#8211;Acolman se une a la campa\u00f1a nacional de Canje de Armas ACOLMAN.- En un esfuerzo por fomentar la paz y la seguridad en nuestra comunidad, el municipio de Acolman se une a la campa\u00f1a nacional de Canje de Armas 2024. Esta iniciativa, que busca reducir la violencia armada, ofrece a los ciudadanos la oportunidad de [&hellip;]\" \/>\n<meta property=\"og:url\" content=\"https:\/\/continuamosmx.com\/index.php\/2024\/09\/24\/acolman-se-suma-a-la-campana-canjedearmas-2024\/\" \/>\n<meta property=\"article:published_time\" content=\"2024-09-24T05:04:18+00:00\" \/>\n<meta property=\"article:modified_time\" content=\"2024-10-03T05:08:45+00:00\" \/>\n<meta property=\"og:image\" content=\"https:\/\/continuamosmx.com\/wp-content\/uploads\/2024\/10\/canje-1.jpg\" \/>\n\t<meta property=\"og:image:width\" content=\"600\" \/>\n\t<meta property=\"og:image:height\" content=\"343\" \/>\n\t<meta property=\"og:image:type\" content=\"image\/jpeg\" \/>\n<meta name=\"author\" content=\"Continuamos MX\" \/>\n<meta name=\"twitter:card\" content=\"summary_large_image\" \/>\n<meta name=\"twitter:label1\" content=\"Escrito por\" \/>\n\t<meta name=\"twitter:data1\" content=\"Continuamos MX\" \/>\n\t<meta name=\"twitter:label2\" content=\"Tiempo de lectura\" \/>\n\t<meta name=\"twitter:data2\" content=\"1 minuto\" \/>\n<script type=\"application\/ld+json\" class=\"yoast-schema-graph\">{\"@context\":\"https:\\\/\\\/schema.org\",\"@graph\":[{\"@type\":\"Article\",\"@id\":\"https:\\\/\\\/continuamosmx.com\\\/index.php\\\/2024\\\/09\\\/24\\\/acolman-se-suma-a-la-campana-canjedearmas-2024\\\/#article\",\"isPartOf\":{\"@id\":\"https:\\\/\\\/continuamosmx.com\\\/index.php\\\/2024\\\/09\\\/24\\\/acolman-se-suma-a-la-campana-canjedearmas-2024\\\/\"},\"author\":{\"name\":\"Continuamos MX\",\"@id\":\"https:\\\/\\\/continuamosmx.com\\\/#\\\/schema\\\/person\\\/5eb5356acb1fad784da407d14f0e8d89\"},\"headline\":\"ACOLMAN SE SUMA A LA CAMPA\u00d1A CANJEDEARMAS 2024\",\"datePublished\":\"2024-09-24T05:04:18+00:00\",\"dateModified\":\"2024-10-03T05:08:45+00:00\",\"mainEntityOfPage\":{\"@id\":\"https:\\\/\\\/continuamosmx.com\\\/index.php\\\/2024\\\/09\\\/24\\\/acolman-se-suma-a-la-campana-canjedearmas-2024\\\/\"},\"wordCount\":240,\"commentCount\":0,\"publisher\":{\"@id\":\"https:\\\/\\\/continuamosmx.com\\\/#organization\"},\"image\":{\"@id\":\"https:\\\/\\\/continuamosmx.com\\\/index.php\\\/2024\\\/09\\\/24\\\/acolman-se-suma-a-la-campana-canjedearmas-2024\\\/#primaryimage\"},\"thumbnailUrl\":\"https:\\\/\\\/continuamosmx.com\\\/wp-content\\\/uploads\\\/2024\\\/10\\\/canje-1.jpg\",\"articleSection\":[\"ACOLMAN\",\"LOCALES\"],\"inLanguage\":\"es\"},{\"@type\":\"WebPage\",\"@id\":\"https:\\\/\\\/continuamosmx.com\\\/index.php\\\/2024\\\/09\\\/24\\\/acolman-se-suma-a-la-campana-canjedearmas-2024\\\/\",\"url\":\"https:\\\/\\\/continuamosmx.com\\\/index.php\\\/2024\\\/09\\\/24\\\/acolman-se-suma-a-la-campana-canjedearmas-2024\\\/\",\"name\":\"ACOLMAN SE SUMA A LA CAMPA\u00d1A CANJEDEARMAS 2024 -\",\"isPartOf\":{\"@id\":\"https:\\\/\\\/continuamosmx.com\\\/#website\"},\"primaryImageOfPage\":{\"@id\":\"https:\\\/\\\/continuamosmx.com\\\/index.php\\\/2024\\\/09\\\/24\\\/acolman-se-suma-a-la-campana-canjedearmas-2024\\\/#primaryimage\"},\"image\":{\"@id\":\"https:\\\/\\\/continuamosmx.com\\\/index.php\\\/2024\\\/09\\\/24\\\/acolman-se-suma-a-la-campana-canjedearmas-2024\\\/#primaryimage\"},\"thumbnailUrl\":\"https:\\\/\\\/continuamosmx.com\\\/wp-content\\\/uploads\\\/2024\\\/10\\\/canje-1.jpg\",\"datePublished\":\"2024-09-24T05:04:18+00:00\",\"dateModified\":\"2024-10-03T05:08:45+00:00\",\"breadcrumb\":{\"@id\":\"https:\\\/\\\/continuamosmx.com\\\/index.php\\\/2024\\\/09\\\/24\\\/acolman-se-suma-a-la-campana-canjedearmas-2024\\\/#breadcrumb\"},\"inLanguage\":\"es\",\"potentialAction\":[{\"@type\":\"ReadAction\",\"target\":[\"https:\\\/\\\/continuamosmx.com\\\/index.php\\\/2024\\\/09\\\/24\\\/acolman-se-suma-a-la-campana-canjedearmas-2024\\\/\"]}]},{\"@type\":\"ImageObject\",\"inLanguage\":\"es\",\"@id\":\"https:\\\/\\\/continuamosmx.com\\\/index.php\\\/2024\\\/09\\\/24\\\/acolman-se-suma-a-la-campana-canjedearmas-2024\\\/#primaryimage\",\"url\":\"https:\\\/\\\/continuamosmx.com\\\/wp-content\\\/uploads\\\/2024\\\/10\\\/canje-1.jpg\",\"contentUrl\":\"https:\\\/\\\/continuamosmx.com\\\/wp-content\\\/uploads\\\/2024\\\/10\\\/canje-1.jpg\",\"width\":600,\"height\":343},{\"@type\":\"BreadcrumbList\",\"@id\":\"https:\\\/\\\/continuamosmx.com\\\/index.php\\\/2024\\\/09\\\/24\\\/acolman-se-suma-a-la-campana-canjedearmas-2024\\\/#breadcrumb\",\"itemListElement\":[{\"@type\":\"ListItem\",\"position\":1,\"name\":\"Inicio\",\"item\":\"https:\\\/\\\/continuamosmx.com\\\/\"},{\"@type\":\"ListItem\",\"position\":2,\"name\":\"ACOLMAN SE SUMA A LA CAMPA\u00d1A CANJEDEARMAS 2024\"}]},{\"@type\":\"WebSite\",\"@id\":\"https:\\\/\\\/continuamosmx.com\\\/#website\",\"url\":\"https:\\\/\\\/continuamosmx.com\\\/\",\"name\":\"www.continuamosmx.com\",\"description\":\"\",\"publisher\":{\"@id\":\"https:\\\/\\\/continuamosmx.com\\\/#organization\"},\"potentialAction\":[{\"@type\":\"SearchAction\",\"target\":{\"@type\":\"EntryPoint\",\"urlTemplate\":\"https:\\\/\\\/continuamosmx.com\\\/?s={search_term_string}\"},\"query-input\":{\"@type\":\"PropertyValueSpecification\",\"valueRequired\":true,\"valueName\":\"search_term_string\"}}],\"inLanguage\":\"es\"},{\"@type\":\"Organization\",\"@id\":\"https:\\\/\\\/continuamosmx.com\\\/#organization\",\"name\":\"ContinuamosMX\",\"url\":\"https:\\\/\\\/continuamosmx.com\\\/\",\"logo\":{\"@type\":\"ImageObject\",\"inLanguage\":\"es\",\"@id\":\"https:\\\/\\\/continuamosmx.com\\\/#\\\/schema\\\/logo\\\/image\\\/\",\"url\":\"https:\\\/\\\/continuamosmx.com\\\/wp-content\\\/uploads\\\/2023\\\/04\\\/cropped-LOGO-CONTI-NUEVO.png\",\"contentUrl\":\"https:\\\/\\\/continuamosmx.com\\\/wp-content\\\/uploads\\\/2023\\\/04\\\/cropped-LOGO-CONTI-NUEVO.png\",\"width\":1257,\"height\":430,\"caption\":\"ContinuamosMX\"},\"image\":{\"@id\":\"https:\\\/\\\/continuamosmx.com\\\/#\\\/schema\\\/logo\\\/image\\\/\"}},{\"@type\":\"Person\",\"@id\":\"https:\\\/\\\/continuamosmx.com\\\/#\\\/schema\\\/person\\\/5eb5356acb1fad784da407d14f0e8d89\",\"name\":\"Continuamos MX\",\"image\":{\"@type\":\"ImageObject\",\"inLanguage\":\"es\",\"@id\":\"https:\\\/\\\/secure.gravatar.com\\\/avatar\\\/30d4f9723476a15f4da34d35fb3501f08d2357016c76051c6a85c354c7489589?s=96&d=mm&r=g\",\"url\":\"https:\\\/\\\/secure.gravatar.com\\\/avatar\\\/30d4f9723476a15f4da34d35fb3501f08d2357016c76051c6a85c354c7489589?s=96&d=mm&r=g\",\"contentUrl\":\"https:\\\/\\\/secure.gravatar.com\\\/avatar\\\/30d4f9723476a15f4da34d35fb3501f08d2357016c76051c6a85c354c7489589?s=96&d=mm&r=g\",\"caption\":\"Continuamos MX\"},\"sameAs\":[\"http:\\\/\\\/www.continuamos.mx\"],\"url\":\"https:\\\/\\\/continuamosmx.com\\\/index.php\\\/author\\\/continuamos\\\/\"}]}<\/script>\n<!-- \/ Yoast SEO plugin. -->","yoast_head_json":{"title":"ACOLMAN SE SUMA A LA CAMPA\u00d1A CANJEDEARMAS 2024 -","robots":{"index":"index","follow":"follow","max-snippet":"max-snippet:-1","max-image-preview":"max-image-preview:large","max-video-preview":"max-video-preview:-1"},"canonical":"https:\/\/continuamosmx.com\/index.php\/2024\/09\/24\/acolman-se-suma-a-la-campana-canjedearmas-2024\/","og_locale":"es_ES","og_type":"article","og_title":"ACOLMAN SE SUMA A LA CAMPA\u00d1A CANJEDEARMAS 2024 -","og_description":"&#8211;Acolman se une a la campa\u00f1a nacional de Canje de Armas ACOLMAN.- En un esfuerzo por fomentar la paz y la seguridad en nuestra comunidad, el municipio de Acolman se une a la campa\u00f1a nacional de Canje de Armas 2024. Esta iniciativa, que busca reducir la violencia armada, ofrece a los ciudadanos la oportunidad de [&hellip;]","og_url":"https:\/\/continuamosmx.com\/index.php\/2024\/09\/24\/acolman-se-suma-a-la-campana-canjedearmas-2024\/","article_published_time":"2024-09-24T05:04:18+00:00","article_modified_time":"2024-10-03T05:08:45+00:00","og_image":[{"width":600,"height":343,"url":"https:\/\/continuamosmx.com\/wp-content\/uploads\/2024\/10\/canje-1.jpg","type":"image\/jpeg"}],"author":"Continuamos MX","twitter_card":"summary_large_image","twitter_misc":{"Escrito por":"Continuamos MX","Tiempo de lectura":"1 minuto"},"schema":{"@context":"https:\/\/schema.org","@graph":[{"@type":"Article","@id":"https:\/\/continuamosmx.com\/index.php\/2024\/09\/24\/acolman-se-suma-a-la-campana-canjedearmas-2024\/#article","isPartOf":{"@id":"https:\/\/continuamosmx.com\/index.php\/2024\/09\/24\/acolman-se-suma-a-la-campana-canjedearmas-2024\/"},"author":{"name":"Continuamos MX","@id":"https:\/\/continuamosmx.com\/#\/schema\/person\/5eb5356acb1fad784da407d14f0e8d89"},"headline":"ACOLMAN SE SUMA A LA CAMPA\u00d1A CANJEDEARMAS 2024","datePublished":"2024-09-24T05:04:18+00:00","dateModified":"2024-10-03T05:08:45+00:00","mainEntityOfPage":{"@id":"https:\/\/continuamosmx.com\/index.php\/2024\/09\/24\/acolman-se-suma-a-la-campana-canjedearmas-2024\/"},"wordCount":240,"commentCount":0,"publisher":{"@id":"https:\/\/continuamosmx.com\/#organization"},"image":{"@id":"https:\/\/continuamosmx.com\/index.php\/2024\/09\/24\/acolman-se-suma-a-la-campana-canjedearmas-2024\/#primaryimage"},"thumbnailUrl":"https:\/\/continuamosmx.com\/wp-content\/uploads\/2024\/10\/canje-1.jpg","articleSection":["ACOLMAN","LOCALES"],"inLanguage":"es"},{"@type":"WebPage","@id":"https:\/\/continuamosmx.com\/index.php\/2024\/09\/24\/acolman-se-suma-a-la-campana-canjedearmas-2024\/","url":"https:\/\/continuamosmx.com\/index.php\/2024\/09\/24\/acolman-se-suma-a-la-campana-canjedearmas-2024\/","name":"ACOLMAN SE SUMA A LA CAMPA\u00d1A CANJEDEARMAS 2024 -","isPartOf":{"@id":"https:\/\/continuamosmx.com\/#website"},"primaryImageOfPage":{"@id":"https:\/\/continuamosmx.com\/index.php\/2024\/09\/24\/acolman-se-suma-a-la-campana-canjedearmas-2024\/#primaryimage"},"image":{"@id":"https:\/\/continuamosmx.com\/index.php\/2024\/09\/24\/acolman-se-suma-a-la-campana-canjedearmas-2024\/#primaryimage"},"thumbnailUrl":"https:\/\/continuamosmx.com\/wp-content\/uploads\/2024\/10\/canje-1.jpg","datePublished":"2024-09-24T05:04:18+00:00","dateModified":"2024-10-03T05:08:45+00:00","breadcrumb":{"@id":"https:\/\/continuamosmx.com\/index.php\/2024\/09\/24\/acolman-se-suma-a-la-campana-canjedearmas-2024\/#breadcrumb"},"inLanguage":"es","potentialAction":[{"@type":"ReadAction","target":["https:\/\/continuamosmx.com\/index.php\/2024\/09\/24\/acolman-se-suma-a-la-campana-canjedearmas-2024\/"]}]},{"@type":"ImageObject","inLanguage":"es","@id":"https:\/\/continuamosmx.com\/index.php\/2024\/09\/24\/acolman-se-suma-a-la-campana-canjedearmas-2024\/#primaryimage","url":"https:\/\/continuamosmx.com\/wp-content\/uploads\/2024\/10\/canje-1.jpg","contentUrl":"https:\/\/continuamosmx.com\/wp-content\/uploads\/2024\/10\/canje-1.jpg","width":600,"height":343},{"@type":"BreadcrumbList","@id":"https:\/\/continuamosmx.com\/index.php\/2024\/09\/24\/acolman-se-suma-a-la-campana-canjedearmas-2024\/#breadcrumb","itemListElement":[{"@type":"ListItem","position":1,"name":"Inicio","item":"https:\/\/continuamosmx.com\/"},{"@type":"ListItem","position":2,"name":"ACOLMAN SE SUMA A LA CAMPA\u00d1A CANJEDEARMAS 2024"}]},{"@type":"WebSite","@id":"https:\/\/continuamosmx.com\/#website","url":"https:\/\/continuamosmx.com\/","name":"www.continuamosmx.com","description":"","publisher":{"@id":"https:\/\/continuamosmx.com\/#organization"},"potentialAction":[{"@type":"SearchAction","target":{"@type":"EntryPoint","urlTemplate":"https:\/\/continuamosmx.com\/?s={search_term_string}"},"query-input":{"@type":"PropertyValueSpecification","valueRequired":true,"valueName":"search_term_string"}}],"inLanguage":"es"},{"@type":"Organization","@id":"https:\/\/continuamosmx.com\/#organization","name":"ContinuamosMX","url":"https:\/\/continuamosmx.com\/","logo":{"@type":"ImageObject","inLanguage":"es","@id":"https:\/\/continuamosmx.com\/#\/schema\/logo\/image\/","url":"https:\/\/continuamosmx.com\/wp-content\/uploads\/2023\/04\/cropped-LOGO-CONTI-NUEVO.png","contentUrl":"https:\/\/continuamosmx.com\/wp-content\/uploads\/2023\/04\/cropped-LOGO-CONTI-NUEVO.png","width":1257,"height":430,"caption":"ContinuamosMX"},"image":{"@id":"https:\/\/continuamosmx.com\/#\/schema\/logo\/image\/"}},{"@type":"Person","@id":"https:\/\/continuamosmx.com\/#\/schema\/person\/5eb5356acb1fad784da407d14f0e8d89","name":"Continuamos MX","image":{"@type":"ImageObject","inLanguage":"es","@id":"https:\/\/secure.gravatar.com\/avatar\/30d4f9723476a15f4da34d35fb3501f08d2357016c76051c6a85c354c7489589?s=96&d=mm&r=g","url":"https:\/\/secure.gravatar.com\/avatar\/30d4f9723476a15f4da34d35fb3501f08d2357016c76051c6a85c354c7489589?s=96&d=mm&r=g","contentUrl":"https:\/\/secure.gravatar.com\/avatar\/30d4f9723476a15f4da34d35fb3501f08d2357016c76051c6a85c354c7489589?s=96&d=mm&r=g","caption":"Continuamos MX"},"sameAs":["http:\/\/www.continuamos.mx"],"url":"https:\/\/continuamosmx.com\/index.php\/author\/continuamos\/"}]}},"_links":{"self":[{"href":"https:\/\/continuamosmx.com\/index.php\/wp-json\/wp\/v2\/posts\/48431","targetHints":{"allow":["GET"]}}],"collection":[{"href":"https:\/\/continuamosmx.com\/index.php\/wp-json\/wp\/v2\/posts"}],"about":[{"href":"https:\/\/continuamosmx.com\/index.php\/wp-json\/wp\/v2\/types\/post"}],"author":[{"embeddable":true,"href":"https:\/\/continuamosmx.com\/index.php\/wp-json\/wp\/v2\/users\/6"}],"replies":[{"embeddable":true,"href":"https:\/\/continuamosmx.com\/index.php\/wp-json\/wp\/v2\/comments?post=48431"}],"version-history":[{"count":1,"href":"https:\/\/continuamosmx.com\/index.php\/wp-json\/wp\/v2\/posts\/48431\/revisions"}],"predecessor-version":[{"id":48433,"href":"https:\/\/continuamosmx.com\/index.php\/wp-json\/wp\/v2\/posts\/48431\/revisions\/48433"}],"wp:featuredmedia":[{"embeddable":true,"href":"https:\/\/continuamosmx.com\/index.php\/wp-json\/wp\/v2\/media\/48432"}],"wp:attachment":[{"href":"https:\/\/continuamosmx.com\/index.php\/wp-json\/wp\/v2\/media?parent=48431"}],"wp:term":[{"taxonomy":"category","embeddable":true,"href":"https:\/\/continuamosmx.com\/index.php\/wp-json\/wp\/v2\/categories?post=48431"},{"taxonomy":"post_tag","embeddable":true,"href":"https:\/\/continuamosmx.com\/index.php\/wp-json\/wp\/v2\/tags?post=48431"}],"curies":[{"name":"wp","href":"https:\/\/api.w.org\/{rel}","templated":true}]}}