{"id":48344,"date":"2024-09-23T16:43:19","date_gmt":"2024-09-23T16:43:19","guid":{"rendered":"https:\/\/continuamosmx.com\/?p=48344"},"modified":"2024-09-23T16:43:20","modified_gmt":"2024-09-23T16:43:20","slug":"con-luisa-alcalde-renacera-morena-zully-martinez","status":"publish","type":"post","link":"https:\/\/continuamosmx.com\/index.php\/2024\/09\/23\/con-luisa-alcalde-renacera-morena-zully-martinez\/","title":{"rendered":"CON LUISA ALCALDE RENACER\u00c1 MORENA: ZULLY MART\u00cdNEZ"},"content":{"rendered":"\n<p><strong>*La empresaria y l\u00edder social de M\u00e9xico, expres\u00f3 su total apoyo a Luisa Mar\u00eda Alcalde Luj\u00e1n, para que sea la pr\u00f3xima presidenta nacional de morena, a quien considera una mujer con alto sentido de compromiso con el movimiento de la izquierda, con el pueblo y con el pa\u00eds.<\/strong><\/p>\n\n\n\n<p>TLALNEPANTLA.-La empresaria y l\u00edder social en M\u00e9xico, Zully Mart\u00ednez, asegur\u00f3 que lleg\u00f3 la hora del renacer del partido morena, lo que ser\u00e1 una realidad bajo el liderazgo de Luisa Mar\u00eda Alcalde Luj\u00e1n, quien se perfila para ser la pr\u00f3xima dirigente nacional del instituto pol\u00edtico guinda.<\/p>\n\n\n\n<p>Tras agradecer durante una primera reuni\u00f3n de estructura donde militantes, simpatizantes y liderazgos de morena cerraron filas en torno a Luisa Alcalde, a los l\u00edderes morenistas Bertha Luj\u00e1n Uranga y Alfonso Ram\u00edrez Cu\u00e9llar por su acompa\u00f1amiento y apoyo para alcanzar tal objetivo, afirm\u00f3 que viene una nueva etapa donde la militancia ser\u00e1 escuchada y tomada en cuenta, lo que fortalecer\u00e1 al partido para la construcci\u00f3n del segundo piso de la cuarta transformaci\u00f3n.<\/p>\n\n\n\n<p>\u201cSabemos que estaremos todas y todos bien representados\u201d, recalc\u00f3 Zully Mart\u00ednez, quien reconoci\u00f3 que Luisa Alcalde es una mujer altamente comprometida con el movimiento con licencia de partido que es morena, con las mejores causas del pueblo y con la democracia, como lo ha demostrado en su trayectoria pol\u00edtica y en el servicio p\u00fablico.<\/p>\n\n\n\n<p>Finalmente, tambi\u00e9n extern\u00f3 su agradecimiento a los liderazgos de la Comunidad LGBTIQ+ as\u00ed como de los pueblos originarios del Estado de M\u00e9xico que acudieron a la reuni\u00f3n, quienes tienen claro que la \u00fanica opci\u00f3n pol\u00edtica que es cercana a la ciudadan\u00eda y que es incluyente con todos los sectores de la sociedad, es morena.<\/p>\n","protected":false},"excerpt":{"rendered":"<p>*La empresaria y l\u00edder social de M\u00e9xico, expres\u00f3 su total apoyo a Luisa Mar\u00eda Alcalde Luj\u00e1n, para que sea la pr\u00f3xima presidenta nacional de morena, a quien considera una mujer con alto sentido de compromiso con el movimiento de la izquierda, con el pueblo y con el pa\u00eds. TLALNEPANTLA.-La empresaria y l\u00edder social en M\u00e9xico, [&hellip;]<\/p>\n","protected":false},"author":6,"featured_media":48345,"comment_status":"open","ping_status":"open","sticky":false,"template":"","format":"standard","meta":{"footnotes":""},"categories":[4,79],"tags":[],"class_list":["post-48344","post","type-post","status-publish","format-standard","has-post-thumbnail","hentry","category-locales","category-tlalne"],"yoast_head":"<!-- This site is optimized with the Yoast SEO plugin v27.4 - https:\/\/yoast.com\/product\/yoast-seo-wordpress\/ -->\n<title>CON LUISA ALCALDE RENACER\u00c1 MORENA: ZULLY MART\u00cdNEZ -<\/title>\n<meta name=\"robots\" content=\"index, follow, max-snippet:-1, max-image-preview:large, max-video-preview:-1\" \/>\n<link rel=\"canonical\" href=\"https:\/\/continuamosmx.com\/index.php\/2024\/09\/23\/con-luisa-alcalde-renacera-morena-zully-martinez\/\" \/>\n<meta property=\"og:locale\" content=\"es_ES\" \/>\n<meta property=\"og:type\" content=\"article\" \/>\n<meta property=\"og:title\" content=\"CON LUISA ALCALDE RENACER\u00c1 MORENA: ZULLY MART\u00cdNEZ -\" \/>\n<meta property=\"og:description\" content=\"*La empresaria y l\u00edder social de M\u00e9xico, expres\u00f3 su total apoyo a Luisa Mar\u00eda Alcalde Luj\u00e1n, para que sea la pr\u00f3xima presidenta nacional de morena, a quien considera una mujer con alto sentido de compromiso con el movimiento de la izquierda, con el pueblo y con el pa\u00eds. TLALNEPANTLA.-La empresaria y l\u00edder social en M\u00e9xico, [&hellip;]\" \/>\n<meta property=\"og:url\" content=\"https:\/\/continuamosmx.com\/index.php\/2024\/09\/23\/con-luisa-alcalde-renacera-morena-zully-martinez\/\" \/>\n<meta property=\"article:published_time\" content=\"2024-09-23T16:43:19+00:00\" \/>\n<meta property=\"article:modified_time\" content=\"2024-09-23T16:43:20+00:00\" \/>\n<meta property=\"og:image\" content=\"https:\/\/continuamosmx.com\/wp-content\/uploads\/2024\/09\/LUISA.jpg\" \/>\n\t<meta property=\"og:image:width\" content=\"1080\" \/>\n\t<meta property=\"og:image:height\" content=\"810\" \/>\n\t<meta property=\"og:image:type\" content=\"image\/jpeg\" \/>\n<meta name=\"author\" content=\"Continuamos MX\" \/>\n<meta name=\"twitter:card\" content=\"summary_large_image\" \/>\n<meta name=\"twitter:label1\" content=\"Escrito por\" \/>\n\t<meta name=\"twitter:data1\" content=\"Continuamos MX\" \/>\n\t<meta name=\"twitter:label2\" content=\"Tiempo de lectura\" \/>\n\t<meta name=\"twitter:data2\" content=\"2 minutos\" \/>\n<script type=\"application\/ld+json\" class=\"yoast-schema-graph\">{\"@context\":\"https:\\\/\\\/schema.org\",\"@graph\":[{\"@type\":\"Article\",\"@id\":\"https:\\\/\\\/continuamosmx.com\\\/index.php\\\/2024\\\/09\\\/23\\\/con-luisa-alcalde-renacera-morena-zully-martinez\\\/#article\",\"isPartOf\":{\"@id\":\"https:\\\/\\\/continuamosmx.com\\\/index.php\\\/2024\\\/09\\\/23\\\/con-luisa-alcalde-renacera-morena-zully-martinez\\\/\"},\"author\":{\"name\":\"Continuamos MX\",\"@id\":\"https:\\\/\\\/continuamosmx.com\\\/#\\\/schema\\\/person\\\/5eb5356acb1fad784da407d14f0e8d89\"},\"headline\":\"CON LUISA ALCALDE RENACER\u00c1 MORENA: ZULLY MART\u00cdNEZ\",\"datePublished\":\"2024-09-23T16:43:19+00:00\",\"dateModified\":\"2024-09-23T16:43:20+00:00\",\"mainEntityOfPage\":{\"@id\":\"https:\\\/\\\/continuamosmx.com\\\/index.php\\\/2024\\\/09\\\/23\\\/con-luisa-alcalde-renacera-morena-zully-martinez\\\/\"},\"wordCount\":312,\"commentCount\":0,\"publisher\":{\"@id\":\"https:\\\/\\\/continuamosmx.com\\\/#organization\"},\"image\":{\"@id\":\"https:\\\/\\\/continuamosmx.com\\\/index.php\\\/2024\\\/09\\\/23\\\/con-luisa-alcalde-renacera-morena-zully-martinez\\\/#primaryimage\"},\"thumbnailUrl\":\"https:\\\/\\\/continuamosmx.com\\\/wp-content\\\/uploads\\\/2024\\\/09\\\/LUISA.jpg\",\"articleSection\":[\"LOCALES\",\"TLALNEPANTLA\"],\"inLanguage\":\"es\"},{\"@type\":\"WebPage\",\"@id\":\"https:\\\/\\\/continuamosmx.com\\\/index.php\\\/2024\\\/09\\\/23\\\/con-luisa-alcalde-renacera-morena-zully-martinez\\\/\",\"url\":\"https:\\\/\\\/continuamosmx.com\\\/index.php\\\/2024\\\/09\\\/23\\\/con-luisa-alcalde-renacera-morena-zully-martinez\\\/\",\"name\":\"CON LUISA ALCALDE RENACER\u00c1 MORENA: ZULLY MART\u00cdNEZ -\",\"isPartOf\":{\"@id\":\"https:\\\/\\\/continuamosmx.com\\\/#website\"},\"primaryImageOfPage\":{\"@id\":\"https:\\\/\\\/continuamosmx.com\\\/index.php\\\/2024\\\/09\\\/23\\\/con-luisa-alcalde-renacera-morena-zully-martinez\\\/#primaryimage\"},\"image\":{\"@id\":\"https:\\\/\\\/continuamosmx.com\\\/index.php\\\/2024\\\/09\\\/23\\\/con-luisa-alcalde-renacera-morena-zully-martinez\\\/#primaryimage\"},\"thumbnailUrl\":\"https:\\\/\\\/continuamosmx.com\\\/wp-content\\\/uploads\\\/2024\\\/09\\\/LUISA.jpg\",\"datePublished\":\"2024-09-23T16:43:19+00:00\",\"dateModified\":\"2024-09-23T16:43:20+00:00\",\"breadcrumb\":{\"@id\":\"https:\\\/\\\/continuamosmx.com\\\/index.php\\\/2024\\\/09\\\/23\\\/con-luisa-alcalde-renacera-morena-zully-martinez\\\/#breadcrumb\"},\"inLanguage\":\"es\",\"potentialAction\":[{\"@type\":\"ReadAction\",\"target\":[\"https:\\\/\\\/continuamosmx.com\\\/index.php\\\/2024\\\/09\\\/23\\\/con-luisa-alcalde-renacera-morena-zully-martinez\\\/\"]}]},{\"@type\":\"ImageObject\",\"inLanguage\":\"es\",\"@id\":\"https:\\\/\\\/continuamosmx.com\\\/index.php\\\/2024\\\/09\\\/23\\\/con-luisa-alcalde-renacera-morena-zully-martinez\\\/#primaryimage\",\"url\":\"https:\\\/\\\/continuamosmx.com\\\/wp-content\\\/uploads\\\/2024\\\/09\\\/LUISA.jpg\",\"contentUrl\":\"https:\\\/\\\/continuamosmx.com\\\/wp-content\\\/uploads\\\/2024\\\/09\\\/LUISA.jpg\",\"width\":1080,\"height\":810},{\"@type\":\"BreadcrumbList\",\"@id\":\"https:\\\/\\\/continuamosmx.com\\\/index.php\\\/2024\\\/09\\\/23\\\/con-luisa-alcalde-renacera-morena-zully-martinez\\\/#breadcrumb\",\"itemListElement\":[{\"@type\":\"ListItem\",\"position\":1,\"name\":\"Inicio\",\"item\":\"https:\\\/\\\/continuamosmx.com\\\/\"},{\"@type\":\"ListItem\",\"position\":2,\"name\":\"CON LUISA ALCALDE RENACER\u00c1 MORENA: ZULLY MART\u00cdNEZ\"}]},{\"@type\":\"WebSite\",\"@id\":\"https:\\\/\\\/continuamosmx.com\\\/#website\",\"url\":\"https:\\\/\\\/continuamosmx.com\\\/\",\"name\":\"www.continuamosmx.com\",\"description\":\"\",\"publisher\":{\"@id\":\"https:\\\/\\\/continuamosmx.com\\\/#organization\"},\"potentialAction\":[{\"@type\":\"SearchAction\",\"target\":{\"@type\":\"EntryPoint\",\"urlTemplate\":\"https:\\\/\\\/continuamosmx.com\\\/?s={search_term_string}\"},\"query-input\":{\"@type\":\"PropertyValueSpecification\",\"valueRequired\":true,\"valueName\":\"search_term_string\"}}],\"inLanguage\":\"es\"},{\"@type\":\"Organization\",\"@id\":\"https:\\\/\\\/continuamosmx.com\\\/#organization\",\"name\":\"ContinuamosMX\",\"url\":\"https:\\\/\\\/continuamosmx.com\\\/\",\"logo\":{\"@type\":\"ImageObject\",\"inLanguage\":\"es\",\"@id\":\"https:\\\/\\\/continuamosmx.com\\\/#\\\/schema\\\/logo\\\/image\\\/\",\"url\":\"https:\\\/\\\/continuamosmx.com\\\/wp-content\\\/uploads\\\/2023\\\/04\\\/cropped-LOGO-CONTI-NUEVO.png\",\"contentUrl\":\"https:\\\/\\\/continuamosmx.com\\\/wp-content\\\/uploads\\\/2023\\\/04\\\/cropped-LOGO-CONTI-NUEVO.png\",\"width\":1257,\"height\":430,\"caption\":\"ContinuamosMX\"},\"image\":{\"@id\":\"https:\\\/\\\/continuamosmx.com\\\/#\\\/schema\\\/logo\\\/image\\\/\"}},{\"@type\":\"Person\",\"@id\":\"https:\\\/\\\/continuamosmx.com\\\/#\\\/schema\\\/person\\\/5eb5356acb1fad784da407d14f0e8d89\",\"name\":\"Continuamos MX\",\"image\":{\"@type\":\"ImageObject\",\"inLanguage\":\"es\",\"@id\":\"https:\\\/\\\/secure.gravatar.com\\\/avatar\\\/30d4f9723476a15f4da34d35fb3501f08d2357016c76051c6a85c354c7489589?s=96&d=mm&r=g\",\"url\":\"https:\\\/\\\/secure.gravatar.com\\\/avatar\\\/30d4f9723476a15f4da34d35fb3501f08d2357016c76051c6a85c354c7489589?s=96&d=mm&r=g\",\"contentUrl\":\"https:\\\/\\\/secure.gravatar.com\\\/avatar\\\/30d4f9723476a15f4da34d35fb3501f08d2357016c76051c6a85c354c7489589?s=96&d=mm&r=g\",\"caption\":\"Continuamos MX\"},\"sameAs\":[\"http:\\\/\\\/www.continuamos.mx\"],\"url\":\"https:\\\/\\\/continuamosmx.com\\\/index.php\\\/author\\\/continuamos\\\/\"}]}<\/script>\n<!-- \/ Yoast SEO plugin. -->","yoast_head_json":{"title":"CON LUISA ALCALDE RENACER\u00c1 MORENA: ZULLY MART\u00cdNEZ -","robots":{"index":"index","follow":"follow","max-snippet":"max-snippet:-1","max-image-preview":"max-image-preview:large","max-video-preview":"max-video-preview:-1"},"canonical":"https:\/\/continuamosmx.com\/index.php\/2024\/09\/23\/con-luisa-alcalde-renacera-morena-zully-martinez\/","og_locale":"es_ES","og_type":"article","og_title":"CON LUISA ALCALDE RENACER\u00c1 MORENA: ZULLY MART\u00cdNEZ -","og_description":"*La empresaria y l\u00edder social de M\u00e9xico, expres\u00f3 su total apoyo a Luisa Mar\u00eda Alcalde Luj\u00e1n, para que sea la pr\u00f3xima presidenta nacional de morena, a quien considera una mujer con alto sentido de compromiso con el movimiento de la izquierda, con el pueblo y con el pa\u00eds. TLALNEPANTLA.-La empresaria y l\u00edder social en M\u00e9xico, [&hellip;]","og_url":"https:\/\/continuamosmx.com\/index.php\/2024\/09\/23\/con-luisa-alcalde-renacera-morena-zully-martinez\/","article_published_time":"2024-09-23T16:43:19+00:00","article_modified_time":"2024-09-23T16:43:20+00:00","og_image":[{"width":1080,"height":810,"url":"https:\/\/continuamosmx.com\/wp-content\/uploads\/2024\/09\/LUISA.jpg","type":"image\/jpeg"}],"author":"Continuamos MX","twitter_card":"summary_large_image","twitter_misc":{"Escrito por":"Continuamos MX","Tiempo de lectura":"2 minutos"},"schema":{"@context":"https:\/\/schema.org","@graph":[{"@type":"Article","@id":"https:\/\/continuamosmx.com\/index.php\/2024\/09\/23\/con-luisa-alcalde-renacera-morena-zully-martinez\/#article","isPartOf":{"@id":"https:\/\/continuamosmx.com\/index.php\/2024\/09\/23\/con-luisa-alcalde-renacera-morena-zully-martinez\/"},"author":{"name":"Continuamos MX","@id":"https:\/\/continuamosmx.com\/#\/schema\/person\/5eb5356acb1fad784da407d14f0e8d89"},"headline":"CON LUISA ALCALDE RENACER\u00c1 MORENA: ZULLY MART\u00cdNEZ","datePublished":"2024-09-23T16:43:19+00:00","dateModified":"2024-09-23T16:43:20+00:00","mainEntityOfPage":{"@id":"https:\/\/continuamosmx.com\/index.php\/2024\/09\/23\/con-luisa-alcalde-renacera-morena-zully-martinez\/"},"wordCount":312,"commentCount":0,"publisher":{"@id":"https:\/\/continuamosmx.com\/#organization"},"image":{"@id":"https:\/\/continuamosmx.com\/index.php\/2024\/09\/23\/con-luisa-alcalde-renacera-morena-zully-martinez\/#primaryimage"},"thumbnailUrl":"https:\/\/continuamosmx.com\/wp-content\/uploads\/2024\/09\/LUISA.jpg","articleSection":["LOCALES","TLALNEPANTLA"],"inLanguage":"es"},{"@type":"WebPage","@id":"https:\/\/continuamosmx.com\/index.php\/2024\/09\/23\/con-luisa-alcalde-renacera-morena-zully-martinez\/","url":"https:\/\/continuamosmx.com\/index.php\/2024\/09\/23\/con-luisa-alcalde-renacera-morena-zully-martinez\/","name":"CON LUISA ALCALDE RENACER\u00c1 MORENA: ZULLY MART\u00cdNEZ -","isPartOf":{"@id":"https:\/\/continuamosmx.com\/#website"},"primaryImageOfPage":{"@id":"https:\/\/continuamosmx.com\/index.php\/2024\/09\/23\/con-luisa-alcalde-renacera-morena-zully-martinez\/#primaryimage"},"image":{"@id":"https:\/\/continuamosmx.com\/index.php\/2024\/09\/23\/con-luisa-alcalde-renacera-morena-zully-martinez\/#primaryimage"},"thumbnailUrl":"https:\/\/continuamosmx.com\/wp-content\/uploads\/2024\/09\/LUISA.jpg","datePublished":"2024-09-23T16:43:19+00:00","dateModified":"2024-09-23T16:43:20+00:00","breadcrumb":{"@id":"https:\/\/continuamosmx.com\/index.php\/2024\/09\/23\/con-luisa-alcalde-renacera-morena-zully-martinez\/#breadcrumb"},"inLanguage":"es","potentialAction":[{"@type":"ReadAction","target":["https:\/\/continuamosmx.com\/index.php\/2024\/09\/23\/con-luisa-alcalde-renacera-morena-zully-martinez\/"]}]},{"@type":"ImageObject","inLanguage":"es","@id":"https:\/\/continuamosmx.com\/index.php\/2024\/09\/23\/con-luisa-alcalde-renacera-morena-zully-martinez\/#primaryimage","url":"https:\/\/continuamosmx.com\/wp-content\/uploads\/2024\/09\/LUISA.jpg","contentUrl":"https:\/\/continuamosmx.com\/wp-content\/uploads\/2024\/09\/LUISA.jpg","width":1080,"height":810},{"@type":"BreadcrumbList","@id":"https:\/\/continuamosmx.com\/index.php\/2024\/09\/23\/con-luisa-alcalde-renacera-morena-zully-martinez\/#breadcrumb","itemListElement":[{"@type":"ListItem","position":1,"name":"Inicio","item":"https:\/\/continuamosmx.com\/"},{"@type":"ListItem","position":2,"name":"CON LUISA ALCALDE RENACER\u00c1 MORENA: ZULLY MART\u00cdNEZ"}]},{"@type":"WebSite","@id":"https:\/\/continuamosmx.com\/#website","url":"https:\/\/continuamosmx.com\/","name":"www.continuamosmx.com","description":"","publisher":{"@id":"https:\/\/continuamosmx.com\/#organization"},"potentialAction":[{"@type":"SearchAction","target":{"@type":"EntryPoint","urlTemplate":"https:\/\/continuamosmx.com\/?s={search_term_string}"},"query-input":{"@type":"PropertyValueSpecification","valueRequired":true,"valueName":"search_term_string"}}],"inLanguage":"es"},{"@type":"Organization","@id":"https:\/\/continuamosmx.com\/#organization","name":"ContinuamosMX","url":"https:\/\/continuamosmx.com\/","logo":{"@type":"ImageObject","inLanguage":"es","@id":"https:\/\/continuamosmx.com\/#\/schema\/logo\/image\/","url":"https:\/\/continuamosmx.com\/wp-content\/uploads\/2023\/04\/cropped-LOGO-CONTI-NUEVO.png","contentUrl":"https:\/\/continuamosmx.com\/wp-content\/uploads\/2023\/04\/cropped-LOGO-CONTI-NUEVO.png","width":1257,"height":430,"caption":"ContinuamosMX"},"image":{"@id":"https:\/\/continuamosmx.com\/#\/schema\/logo\/image\/"}},{"@type":"Person","@id":"https:\/\/continuamosmx.com\/#\/schema\/person\/5eb5356acb1fad784da407d14f0e8d89","name":"Continuamos MX","image":{"@type":"ImageObject","inLanguage":"es","@id":"https:\/\/secure.gravatar.com\/avatar\/30d4f9723476a15f4da34d35fb3501f08d2357016c76051c6a85c354c7489589?s=96&d=mm&r=g","url":"https:\/\/secure.gravatar.com\/avatar\/30d4f9723476a15f4da34d35fb3501f08d2357016c76051c6a85c354c7489589?s=96&d=mm&r=g","contentUrl":"https:\/\/secure.gravatar.com\/avatar\/30d4f9723476a15f4da34d35fb3501f08d2357016c76051c6a85c354c7489589?s=96&d=mm&r=g","caption":"Continuamos MX"},"sameAs":["http:\/\/www.continuamos.mx"],"url":"https:\/\/continuamosmx.com\/index.php\/author\/continuamos\/"}]}},"_links":{"self":[{"href":"https:\/\/continuamosmx.com\/index.php\/wp-json\/wp\/v2\/posts\/48344","targetHints":{"allow":["GET"]}}],"collection":[{"href":"https:\/\/continuamosmx.com\/index.php\/wp-json\/wp\/v2\/posts"}],"about":[{"href":"https:\/\/continuamosmx.com\/index.php\/wp-json\/wp\/v2\/types\/post"}],"author":[{"embeddable":true,"href":"https:\/\/continuamosmx.com\/index.php\/wp-json\/wp\/v2\/users\/6"}],"replies":[{"embeddable":true,"href":"https:\/\/continuamosmx.com\/index.php\/wp-json\/wp\/v2\/comments?post=48344"}],"version-history":[{"count":1,"href":"https:\/\/continuamosmx.com\/index.php\/wp-json\/wp\/v2\/posts\/48344\/revisions"}],"predecessor-version":[{"id":48346,"href":"https:\/\/continuamosmx.com\/index.php\/wp-json\/wp\/v2\/posts\/48344\/revisions\/48346"}],"wp:featuredmedia":[{"embeddable":true,"href":"https:\/\/continuamosmx.com\/index.php\/wp-json\/wp\/v2\/media\/48345"}],"wp:attachment":[{"href":"https:\/\/continuamosmx.com\/index.php\/wp-json\/wp\/v2\/media?parent=48344"}],"wp:term":[{"taxonomy":"category","embeddable":true,"href":"https:\/\/continuamosmx.com\/index.php\/wp-json\/wp\/v2\/categories?post=48344"},{"taxonomy":"post_tag","embeddable":true,"href":"https:\/\/continuamosmx.com\/index.php\/wp-json\/wp\/v2\/tags?post=48344"}],"curies":[{"name":"wp","href":"https:\/\/api.w.org\/{rel}","templated":true}]}}