{"id":48332,"date":"2024-09-23T16:18:27","date_gmt":"2024-09-23T16:18:27","guid":{"rendered":"https:\/\/continuamosmx.com\/?p=48332"},"modified":"2024-09-23T16:18:28","modified_gmt":"2024-09-23T16:18:28","slug":"todo-un-exito-la-expo-agropecuaria-2024-con-total-apoyo-a-productores","status":"publish","type":"post","link":"https:\/\/continuamosmx.com\/index.php\/2024\/09\/23\/todo-un-exito-la-expo-agropecuaria-2024-con-total-apoyo-a-productores\/","title":{"rendered":"TODO UN \u00c9XITO LA EXPO AGROPECUARIA 2024, CON TOTAL APOYO A PRODUCTORES"},"content":{"rendered":"\n<p>NICOL\u00c1S ROMERO.-Al poner en marcha la Segunda Expo Agropecuaria Nicol\u00e1s Romero 2024, con duraci\u00f3n del 20 al 21 de septiembre, el alcalde, Leopoldo Zamacona Sandoval, refrend\u00f3 el compromiso de apoyar a los productores agr\u00edcolas, pecuarios y acu\u00edcolas del municipio para que cuenten con un espacio para poder presentar sus productos, comercializarlos y que tambi\u00e9n ello les permita ampliar los conocimientos en este rengl\u00f3n, a trav\u00e9s de conferencias por parte de especialistas en temas del campo.<\/p>\n\n\n\n<p>Durante el acto inaugural, efectuado en el Jard\u00edn Bicentenario del Centro Hist\u00f3rico San Pedro Azcapotzaltongo, el edil precis\u00f3 que este tipo de actividades fortalecen la vocaci\u00f3n comercial que tiene Nicol\u00e1s Romero y asegur\u00f3 que no solo es importante crear una cadena de negocios, que es fundamental para el desarrollo econ\u00f3mico de la demarcaci\u00f3n sino tambi\u00e9n el acceder a conocer las mejores alternativas en los procesos para generar los alimentos, protegiendo el medio ambiente.<\/p>\n\n\n\n<p>Zamacona Sandoval, destac\u00f3 el apoyo recibido por parte de la Secretar\u00eda del Campo del Gobierno del Estado de M\u00e9xico y de la gobernadora, Delfina G\u00f3mez, para la realizaci\u00f3n de conferencias enfocadas a los productores de Nicol\u00e1s Romero, al tiempo que reconoci\u00f3 que el diputado local y ex alcalde, Armando Navarrete, ha sido un promotor permanente del comercio en el municipio.<\/p>\n\n\n\n<p>Por su parte, la titular de la sindicatura y alcaldesa electa, Yoselin Mendoza Ram\u00edrez, adelant\u00f3 que los productores cuentan con un gobierno cercano que continuar\u00e1 apoy\u00e1ndolos los pr\u00f3ximos 3 a\u00f1os y que les seguir\u00e1 brindando un lugar para exponer y vender sus productos, porque \u201clos espacios p\u00fablicos son de la gente, son de ustedes, para eso la Sedatu llev\u00f3 a cabo la remodelaci\u00f3n de esta plaza p\u00fablica, por medio del programa Mi M\u00e9xico Late\u201d.<\/p>\n\n\n\n<p>La pr\u00f3xima presidenta municipal, record\u00f3 que durante su campa\u00f1a pol\u00edtica estableci\u00f3 como uno de los ejes rectores de \u00e9sta, el desarrollo sostenible poniendo especial atenci\u00f3n en todo lo que implica la protecci\u00f3n del medio ambiente y el procurar la dignidad de todo ser vivo, para consolidar a Nicol\u00e1s Romero como una ciudad de derechos y libertades.<\/p>\n\n\n\n<p>Asimismo, dej\u00f3 en claro que no esperar\u00e1 a enero de 2025 para empezar a trabajar por el bienestar de la poblaci\u00f3n, ya que, de la mano con el diputado Armando Navarrete, ya se han realizado acciones importantes en conjunto con \u00e9l, como la recuperaci\u00f3n de la presa \u201cM\u00e1quina Vieja\u201d, en el poblado de Santa Mar\u00eda Magdalena Cahuac\u00e1n y anunci\u00f3 que pr\u00f3ximamente se recuperar\u00e1 otro cuerpo de agua.<\/p>\n\n\n\n<p>Yoselin Mendoza, solicit\u00f3 al legislador que tambi\u00e9n respalde a Nicol\u00e1s Romero gestionando recursos ante las autoridades estatales, para que \u00e9stos puedan bajar al municipio y se traduzcan en un mayor bienestar para la ciudadan\u00eda. Se\u00f1al\u00f3 que la gobernadora, Delfina G\u00f3mez, es una mujer que demuestra todos los d\u00edas su sensibilidad en los temas del campo.<\/p>\n\n\n\n<p>Antes, la directora de Desarrollo Sostenible, Idania L\u00f3pez Reyes, se encarg\u00f3 de dar la bienvenida a la Expo Agropecuaria y manifest\u00f3 que este sector es fundamental para Nicol\u00e1s Romero.<\/p>\n\n\n\n<p>Apunt\u00f3 que en el municipio se est\u00e1 integrando a la agroecolog\u00eda y el uso de innovadoras tecnolog\u00edas, que paulatinamente hacen que se abandone el uso de productos qu\u00edmicos en la producci\u00f3n.<\/p>\n\n\n\n<p>Cabe mencionar, que en la segunda edici\u00f3n de dicha exposici\u00f3n, se instalaron stands de productos ganaderos, cun\u00edcolas, av\u00edcolas, acu\u00edcolas, artesanales, del organismo de agua potable SAPASNIR, que particip\u00f3 con una conferencia sobre el aprovechamiento del agua pluvial y de una empresa agr\u00edcola que genera un ciclo limpio para la producci\u00f3n en el campo, de la FES-Cuautitl\u00e1n de la UNAM y se tuvo como municipio invitado a Villa del Carb\u00f3n.<\/p>\n\n\n\n<p>Al acto de inauguraci\u00f3n tambi\u00e9n acudieron, Anel Roa Vargas, presidenta honoraria del DIF municipal, Rosario Cruz Salinas, cuarta regidora, Eduardo Gonz\u00e1lez Garc\u00eda, noveno regidor, Ariadna Nallely Lobera S\u00e1nchez, delegada de Desarrollo Agropecuario de la Secretar\u00eda del Campo en la regi\u00f3n, VII Cuautitl\u00e1n Izcalli, as\u00ed como Tatiana Dessire Oviedo G\u00f3mez, titular de Bienestar Integral del gobierno local.<\/p>\n","protected":false},"excerpt":{"rendered":"<p>NICOL\u00c1S ROMERO.-Al poner en marcha la Segunda Expo Agropecuaria Nicol\u00e1s Romero 2024, con duraci\u00f3n del 20 al 21 de septiembre, el alcalde, Leopoldo Zamacona Sandoval, refrend\u00f3 el compromiso de apoyar a los productores agr\u00edcolas, pecuarios y acu\u00edcolas del municipio para que cuenten con un espacio para poder presentar sus productos, comercializarlos y que tambi\u00e9n ello [&hellip;]<\/p>\n","protected":false},"author":6,"featured_media":48333,"comment_status":"open","ping_status":"open","sticky":false,"template":"","format":"standard","meta":{"footnotes":""},"categories":[4,36],"tags":[],"class_list":["post-48332","post","type-post","status-publish","format-standard","has-post-thumbnail","hentry","category-locales","category-nicolas-romero"],"yoast_head":"<!-- This site is optimized with the Yoast SEO plugin v27.4 - https:\/\/yoast.com\/product\/yoast-seo-wordpress\/ -->\n<title>TODO UN \u00c9XITO LA EXPO AGROPECUARIA 2024, CON TOTAL APOYO A PRODUCTORES -<\/title>\n<meta name=\"robots\" content=\"index, follow, max-snippet:-1, max-image-preview:large, max-video-preview:-1\" \/>\n<link rel=\"canonical\" href=\"https:\/\/continuamosmx.com\/index.php\/2024\/09\/23\/todo-un-exito-la-expo-agropecuaria-2024-con-total-apoyo-a-productores\/\" \/>\n<meta property=\"og:locale\" content=\"es_ES\" \/>\n<meta property=\"og:type\" content=\"article\" \/>\n<meta property=\"og:title\" content=\"TODO UN \u00c9XITO LA EXPO AGROPECUARIA 2024, CON TOTAL APOYO A PRODUCTORES -\" \/>\n<meta property=\"og:description\" content=\"NICOL\u00c1S ROMERO.-Al poner en marcha la Segunda Expo Agropecuaria Nicol\u00e1s Romero 2024, con duraci\u00f3n del 20 al 21 de septiembre, el alcalde, Leopoldo Zamacona Sandoval, refrend\u00f3 el compromiso de apoyar a los productores agr\u00edcolas, pecuarios y acu\u00edcolas del municipio para que cuenten con un espacio para poder presentar sus productos, comercializarlos y que tambi\u00e9n ello [&hellip;]\" \/>\n<meta property=\"og:url\" content=\"https:\/\/continuamosmx.com\/index.php\/2024\/09\/23\/todo-un-exito-la-expo-agropecuaria-2024-con-total-apoyo-a-productores\/\" \/>\n<meta property=\"article:published_time\" content=\"2024-09-23T16:18:27+00:00\" \/>\n<meta property=\"article:modified_time\" content=\"2024-09-23T16:18:28+00:00\" \/>\n<meta property=\"og:image\" content=\"https:\/\/continuamosmx.com\/wp-content\/uploads\/2024\/09\/expo3.jpg\" \/>\n\t<meta property=\"og:image:width\" content=\"1600\" \/>\n\t<meta property=\"og:image:height\" content=\"1066\" \/>\n\t<meta property=\"og:image:type\" content=\"image\/jpeg\" \/>\n<meta name=\"author\" content=\"Continuamos MX\" \/>\n<meta name=\"twitter:card\" content=\"summary_large_image\" \/>\n<meta name=\"twitter:label1\" content=\"Escrito por\" \/>\n\t<meta name=\"twitter:data1\" content=\"Continuamos MX\" \/>\n\t<meta name=\"twitter:label2\" content=\"Tiempo de lectura\" \/>\n\t<meta name=\"twitter:data2\" content=\"3 minutos\" \/>\n<script type=\"application\/ld+json\" class=\"yoast-schema-graph\">{\"@context\":\"https:\\\/\\\/schema.org\",\"@graph\":[{\"@type\":\"Article\",\"@id\":\"https:\\\/\\\/continuamosmx.com\\\/index.php\\\/2024\\\/09\\\/23\\\/todo-un-exito-la-expo-agropecuaria-2024-con-total-apoyo-a-productores\\\/#article\",\"isPartOf\":{\"@id\":\"https:\\\/\\\/continuamosmx.com\\\/index.php\\\/2024\\\/09\\\/23\\\/todo-un-exito-la-expo-agropecuaria-2024-con-total-apoyo-a-productores\\\/\"},\"author\":{\"name\":\"Continuamos MX\",\"@id\":\"https:\\\/\\\/continuamosmx.com\\\/#\\\/schema\\\/person\\\/5eb5356acb1fad784da407d14f0e8d89\"},\"headline\":\"TODO UN \u00c9XITO LA EXPO AGROPECUARIA 2024, CON TOTAL APOYO A PRODUCTORES\",\"datePublished\":\"2024-09-23T16:18:27+00:00\",\"dateModified\":\"2024-09-23T16:18:28+00:00\",\"mainEntityOfPage\":{\"@id\":\"https:\\\/\\\/continuamosmx.com\\\/index.php\\\/2024\\\/09\\\/23\\\/todo-un-exito-la-expo-agropecuaria-2024-con-total-apoyo-a-productores\\\/\"},\"wordCount\":722,\"commentCount\":0,\"publisher\":{\"@id\":\"https:\\\/\\\/continuamosmx.com\\\/#organization\"},\"image\":{\"@id\":\"https:\\\/\\\/continuamosmx.com\\\/index.php\\\/2024\\\/09\\\/23\\\/todo-un-exito-la-expo-agropecuaria-2024-con-total-apoyo-a-productores\\\/#primaryimage\"},\"thumbnailUrl\":\"https:\\\/\\\/continuamosmx.com\\\/wp-content\\\/uploads\\\/2024\\\/09\\\/expo3.jpg\",\"articleSection\":[\"LOCALES\",\"NICOL\u00c1S ROMERO\"],\"inLanguage\":\"es\"},{\"@type\":\"WebPage\",\"@id\":\"https:\\\/\\\/continuamosmx.com\\\/index.php\\\/2024\\\/09\\\/23\\\/todo-un-exito-la-expo-agropecuaria-2024-con-total-apoyo-a-productores\\\/\",\"url\":\"https:\\\/\\\/continuamosmx.com\\\/index.php\\\/2024\\\/09\\\/23\\\/todo-un-exito-la-expo-agropecuaria-2024-con-total-apoyo-a-productores\\\/\",\"name\":\"TODO UN \u00c9XITO LA EXPO AGROPECUARIA 2024, CON TOTAL APOYO A PRODUCTORES -\",\"isPartOf\":{\"@id\":\"https:\\\/\\\/continuamosmx.com\\\/#website\"},\"primaryImageOfPage\":{\"@id\":\"https:\\\/\\\/continuamosmx.com\\\/index.php\\\/2024\\\/09\\\/23\\\/todo-un-exito-la-expo-agropecuaria-2024-con-total-apoyo-a-productores\\\/#primaryimage\"},\"image\":{\"@id\":\"https:\\\/\\\/continuamosmx.com\\\/index.php\\\/2024\\\/09\\\/23\\\/todo-un-exito-la-expo-agropecuaria-2024-con-total-apoyo-a-productores\\\/#primaryimage\"},\"thumbnailUrl\":\"https:\\\/\\\/continuamosmx.com\\\/wp-content\\\/uploads\\\/2024\\\/09\\\/expo3.jpg\",\"datePublished\":\"2024-09-23T16:18:27+00:00\",\"dateModified\":\"2024-09-23T16:18:28+00:00\",\"breadcrumb\":{\"@id\":\"https:\\\/\\\/continuamosmx.com\\\/index.php\\\/2024\\\/09\\\/23\\\/todo-un-exito-la-expo-agropecuaria-2024-con-total-apoyo-a-productores\\\/#breadcrumb\"},\"inLanguage\":\"es\",\"potentialAction\":[{\"@type\":\"ReadAction\",\"target\":[\"https:\\\/\\\/continuamosmx.com\\\/index.php\\\/2024\\\/09\\\/23\\\/todo-un-exito-la-expo-agropecuaria-2024-con-total-apoyo-a-productores\\\/\"]}]},{\"@type\":\"ImageObject\",\"inLanguage\":\"es\",\"@id\":\"https:\\\/\\\/continuamosmx.com\\\/index.php\\\/2024\\\/09\\\/23\\\/todo-un-exito-la-expo-agropecuaria-2024-con-total-apoyo-a-productores\\\/#primaryimage\",\"url\":\"https:\\\/\\\/continuamosmx.com\\\/wp-content\\\/uploads\\\/2024\\\/09\\\/expo3.jpg\",\"contentUrl\":\"https:\\\/\\\/continuamosmx.com\\\/wp-content\\\/uploads\\\/2024\\\/09\\\/expo3.jpg\",\"width\":1600,\"height\":1066},{\"@type\":\"BreadcrumbList\",\"@id\":\"https:\\\/\\\/continuamosmx.com\\\/index.php\\\/2024\\\/09\\\/23\\\/todo-un-exito-la-expo-agropecuaria-2024-con-total-apoyo-a-productores\\\/#breadcrumb\",\"itemListElement\":[{\"@type\":\"ListItem\",\"position\":1,\"name\":\"Inicio\",\"item\":\"https:\\\/\\\/continuamosmx.com\\\/\"},{\"@type\":\"ListItem\",\"position\":2,\"name\":\"TODO UN \u00c9XITO LA EXPO AGROPECUARIA 2024, CON TOTAL APOYO A PRODUCTORES\"}]},{\"@type\":\"WebSite\",\"@id\":\"https:\\\/\\\/continuamosmx.com\\\/#website\",\"url\":\"https:\\\/\\\/continuamosmx.com\\\/\",\"name\":\"www.continuamosmx.com\",\"description\":\"\",\"publisher\":{\"@id\":\"https:\\\/\\\/continuamosmx.com\\\/#organization\"},\"potentialAction\":[{\"@type\":\"SearchAction\",\"target\":{\"@type\":\"EntryPoint\",\"urlTemplate\":\"https:\\\/\\\/continuamosmx.com\\\/?s={search_term_string}\"},\"query-input\":{\"@type\":\"PropertyValueSpecification\",\"valueRequired\":true,\"valueName\":\"search_term_string\"}}],\"inLanguage\":\"es\"},{\"@type\":\"Organization\",\"@id\":\"https:\\\/\\\/continuamosmx.com\\\/#organization\",\"name\":\"ContinuamosMX\",\"url\":\"https:\\\/\\\/continuamosmx.com\\\/\",\"logo\":{\"@type\":\"ImageObject\",\"inLanguage\":\"es\",\"@id\":\"https:\\\/\\\/continuamosmx.com\\\/#\\\/schema\\\/logo\\\/image\\\/\",\"url\":\"https:\\\/\\\/continuamosmx.com\\\/wp-content\\\/uploads\\\/2023\\\/04\\\/cropped-LOGO-CONTI-NUEVO.png\",\"contentUrl\":\"https:\\\/\\\/continuamosmx.com\\\/wp-content\\\/uploads\\\/2023\\\/04\\\/cropped-LOGO-CONTI-NUEVO.png\",\"width\":1257,\"height\":430,\"caption\":\"ContinuamosMX\"},\"image\":{\"@id\":\"https:\\\/\\\/continuamosmx.com\\\/#\\\/schema\\\/logo\\\/image\\\/\"}},{\"@type\":\"Person\",\"@id\":\"https:\\\/\\\/continuamosmx.com\\\/#\\\/schema\\\/person\\\/5eb5356acb1fad784da407d14f0e8d89\",\"name\":\"Continuamos MX\",\"image\":{\"@type\":\"ImageObject\",\"inLanguage\":\"es\",\"@id\":\"https:\\\/\\\/secure.gravatar.com\\\/avatar\\\/30d4f9723476a15f4da34d35fb3501f08d2357016c76051c6a85c354c7489589?s=96&d=mm&r=g\",\"url\":\"https:\\\/\\\/secure.gravatar.com\\\/avatar\\\/30d4f9723476a15f4da34d35fb3501f08d2357016c76051c6a85c354c7489589?s=96&d=mm&r=g\",\"contentUrl\":\"https:\\\/\\\/secure.gravatar.com\\\/avatar\\\/30d4f9723476a15f4da34d35fb3501f08d2357016c76051c6a85c354c7489589?s=96&d=mm&r=g\",\"caption\":\"Continuamos MX\"},\"sameAs\":[\"http:\\\/\\\/www.continuamos.mx\"],\"url\":\"https:\\\/\\\/continuamosmx.com\\\/index.php\\\/author\\\/continuamos\\\/\"}]}<\/script>\n<!-- \/ Yoast SEO plugin. -->","yoast_head_json":{"title":"TODO UN \u00c9XITO LA EXPO AGROPECUARIA 2024, CON TOTAL APOYO A PRODUCTORES -","robots":{"index":"index","follow":"follow","max-snippet":"max-snippet:-1","max-image-preview":"max-image-preview:large","max-video-preview":"max-video-preview:-1"},"canonical":"https:\/\/continuamosmx.com\/index.php\/2024\/09\/23\/todo-un-exito-la-expo-agropecuaria-2024-con-total-apoyo-a-productores\/","og_locale":"es_ES","og_type":"article","og_title":"TODO UN \u00c9XITO LA EXPO AGROPECUARIA 2024, CON TOTAL APOYO A PRODUCTORES -","og_description":"NICOL\u00c1S ROMERO.-Al poner en marcha la Segunda Expo Agropecuaria Nicol\u00e1s Romero 2024, con duraci\u00f3n del 20 al 21 de septiembre, el alcalde, Leopoldo Zamacona Sandoval, refrend\u00f3 el compromiso de apoyar a los productores agr\u00edcolas, pecuarios y acu\u00edcolas del municipio para que cuenten con un espacio para poder presentar sus productos, comercializarlos y que tambi\u00e9n ello [&hellip;]","og_url":"https:\/\/continuamosmx.com\/index.php\/2024\/09\/23\/todo-un-exito-la-expo-agropecuaria-2024-con-total-apoyo-a-productores\/","article_published_time":"2024-09-23T16:18:27+00:00","article_modified_time":"2024-09-23T16:18:28+00:00","og_image":[{"width":1600,"height":1066,"url":"https:\/\/continuamosmx.com\/wp-content\/uploads\/2024\/09\/expo3.jpg","type":"image\/jpeg"}],"author":"Continuamos MX","twitter_card":"summary_large_image","twitter_misc":{"Escrito por":"Continuamos MX","Tiempo de lectura":"3 minutos"},"schema":{"@context":"https:\/\/schema.org","@graph":[{"@type":"Article","@id":"https:\/\/continuamosmx.com\/index.php\/2024\/09\/23\/todo-un-exito-la-expo-agropecuaria-2024-con-total-apoyo-a-productores\/#article","isPartOf":{"@id":"https:\/\/continuamosmx.com\/index.php\/2024\/09\/23\/todo-un-exito-la-expo-agropecuaria-2024-con-total-apoyo-a-productores\/"},"author":{"name":"Continuamos MX","@id":"https:\/\/continuamosmx.com\/#\/schema\/person\/5eb5356acb1fad784da407d14f0e8d89"},"headline":"TODO UN \u00c9XITO LA EXPO AGROPECUARIA 2024, CON TOTAL APOYO A PRODUCTORES","datePublished":"2024-09-23T16:18:27+00:00","dateModified":"2024-09-23T16:18:28+00:00","mainEntityOfPage":{"@id":"https:\/\/continuamosmx.com\/index.php\/2024\/09\/23\/todo-un-exito-la-expo-agropecuaria-2024-con-total-apoyo-a-productores\/"},"wordCount":722,"commentCount":0,"publisher":{"@id":"https:\/\/continuamosmx.com\/#organization"},"image":{"@id":"https:\/\/continuamosmx.com\/index.php\/2024\/09\/23\/todo-un-exito-la-expo-agropecuaria-2024-con-total-apoyo-a-productores\/#primaryimage"},"thumbnailUrl":"https:\/\/continuamosmx.com\/wp-content\/uploads\/2024\/09\/expo3.jpg","articleSection":["LOCALES","NICOL\u00c1S ROMERO"],"inLanguage":"es"},{"@type":"WebPage","@id":"https:\/\/continuamosmx.com\/index.php\/2024\/09\/23\/todo-un-exito-la-expo-agropecuaria-2024-con-total-apoyo-a-productores\/","url":"https:\/\/continuamosmx.com\/index.php\/2024\/09\/23\/todo-un-exito-la-expo-agropecuaria-2024-con-total-apoyo-a-productores\/","name":"TODO UN \u00c9XITO LA EXPO AGROPECUARIA 2024, CON TOTAL APOYO A PRODUCTORES -","isPartOf":{"@id":"https:\/\/continuamosmx.com\/#website"},"primaryImageOfPage":{"@id":"https:\/\/continuamosmx.com\/index.php\/2024\/09\/23\/todo-un-exito-la-expo-agropecuaria-2024-con-total-apoyo-a-productores\/#primaryimage"},"image":{"@id":"https:\/\/continuamosmx.com\/index.php\/2024\/09\/23\/todo-un-exito-la-expo-agropecuaria-2024-con-total-apoyo-a-productores\/#primaryimage"},"thumbnailUrl":"https:\/\/continuamosmx.com\/wp-content\/uploads\/2024\/09\/expo3.jpg","datePublished":"2024-09-23T16:18:27+00:00","dateModified":"2024-09-23T16:18:28+00:00","breadcrumb":{"@id":"https:\/\/continuamosmx.com\/index.php\/2024\/09\/23\/todo-un-exito-la-expo-agropecuaria-2024-con-total-apoyo-a-productores\/#breadcrumb"},"inLanguage":"es","potentialAction":[{"@type":"ReadAction","target":["https:\/\/continuamosmx.com\/index.php\/2024\/09\/23\/todo-un-exito-la-expo-agropecuaria-2024-con-total-apoyo-a-productores\/"]}]},{"@type":"ImageObject","inLanguage":"es","@id":"https:\/\/continuamosmx.com\/index.php\/2024\/09\/23\/todo-un-exito-la-expo-agropecuaria-2024-con-total-apoyo-a-productores\/#primaryimage","url":"https:\/\/continuamosmx.com\/wp-content\/uploads\/2024\/09\/expo3.jpg","contentUrl":"https:\/\/continuamosmx.com\/wp-content\/uploads\/2024\/09\/expo3.jpg","width":1600,"height":1066},{"@type":"BreadcrumbList","@id":"https:\/\/continuamosmx.com\/index.php\/2024\/09\/23\/todo-un-exito-la-expo-agropecuaria-2024-con-total-apoyo-a-productores\/#breadcrumb","itemListElement":[{"@type":"ListItem","position":1,"name":"Inicio","item":"https:\/\/continuamosmx.com\/"},{"@type":"ListItem","position":2,"name":"TODO UN \u00c9XITO LA EXPO AGROPECUARIA 2024, CON TOTAL APOYO A PRODUCTORES"}]},{"@type":"WebSite","@id":"https:\/\/continuamosmx.com\/#website","url":"https:\/\/continuamosmx.com\/","name":"www.continuamosmx.com","description":"","publisher":{"@id":"https:\/\/continuamosmx.com\/#organization"},"potentialAction":[{"@type":"SearchAction","target":{"@type":"EntryPoint","urlTemplate":"https:\/\/continuamosmx.com\/?s={search_term_string}"},"query-input":{"@type":"PropertyValueSpecification","valueRequired":true,"valueName":"search_term_string"}}],"inLanguage":"es"},{"@type":"Organization","@id":"https:\/\/continuamosmx.com\/#organization","name":"ContinuamosMX","url":"https:\/\/continuamosmx.com\/","logo":{"@type":"ImageObject","inLanguage":"es","@id":"https:\/\/continuamosmx.com\/#\/schema\/logo\/image\/","url":"https:\/\/continuamosmx.com\/wp-content\/uploads\/2023\/04\/cropped-LOGO-CONTI-NUEVO.png","contentUrl":"https:\/\/continuamosmx.com\/wp-content\/uploads\/2023\/04\/cropped-LOGO-CONTI-NUEVO.png","width":1257,"height":430,"caption":"ContinuamosMX"},"image":{"@id":"https:\/\/continuamosmx.com\/#\/schema\/logo\/image\/"}},{"@type":"Person","@id":"https:\/\/continuamosmx.com\/#\/schema\/person\/5eb5356acb1fad784da407d14f0e8d89","name":"Continuamos MX","image":{"@type":"ImageObject","inLanguage":"es","@id":"https:\/\/secure.gravatar.com\/avatar\/30d4f9723476a15f4da34d35fb3501f08d2357016c76051c6a85c354c7489589?s=96&d=mm&r=g","url":"https:\/\/secure.gravatar.com\/avatar\/30d4f9723476a15f4da34d35fb3501f08d2357016c76051c6a85c354c7489589?s=96&d=mm&r=g","contentUrl":"https:\/\/secure.gravatar.com\/avatar\/30d4f9723476a15f4da34d35fb3501f08d2357016c76051c6a85c354c7489589?s=96&d=mm&r=g","caption":"Continuamos MX"},"sameAs":["http:\/\/www.continuamos.mx"],"url":"https:\/\/continuamosmx.com\/index.php\/author\/continuamos\/"}]}},"_links":{"self":[{"href":"https:\/\/continuamosmx.com\/index.php\/wp-json\/wp\/v2\/posts\/48332","targetHints":{"allow":["GET"]}}],"collection":[{"href":"https:\/\/continuamosmx.com\/index.php\/wp-json\/wp\/v2\/posts"}],"about":[{"href":"https:\/\/continuamosmx.com\/index.php\/wp-json\/wp\/v2\/types\/post"}],"author":[{"embeddable":true,"href":"https:\/\/continuamosmx.com\/index.php\/wp-json\/wp\/v2\/users\/6"}],"replies":[{"embeddable":true,"href":"https:\/\/continuamosmx.com\/index.php\/wp-json\/wp\/v2\/comments?post=48332"}],"version-history":[{"count":1,"href":"https:\/\/continuamosmx.com\/index.php\/wp-json\/wp\/v2\/posts\/48332\/revisions"}],"predecessor-version":[{"id":48334,"href":"https:\/\/continuamosmx.com\/index.php\/wp-json\/wp\/v2\/posts\/48332\/revisions\/48334"}],"wp:featuredmedia":[{"embeddable":true,"href":"https:\/\/continuamosmx.com\/index.php\/wp-json\/wp\/v2\/media\/48333"}],"wp:attachment":[{"href":"https:\/\/continuamosmx.com\/index.php\/wp-json\/wp\/v2\/media?parent=48332"}],"wp:term":[{"taxonomy":"category","embeddable":true,"href":"https:\/\/continuamosmx.com\/index.php\/wp-json\/wp\/v2\/categories?post=48332"},{"taxonomy":"post_tag","embeddable":true,"href":"https:\/\/continuamosmx.com\/index.php\/wp-json\/wp\/v2\/tags?post=48332"}],"curies":[{"name":"wp","href":"https:\/\/api.w.org\/{rel}","templated":true}]}}