{"id":48198,"date":"2024-09-09T06:25:13","date_gmt":"2024-09-09T06:25:13","guid":{"rendered":"https:\/\/continuamosmx.com\/?p=48198"},"modified":"2024-09-09T06:25:13","modified_gmt":"2024-09-09T06:25:13","slug":"lanza-gobierno-de-pedro-rodriguez-convocatoria-para-becas-escolares-2024","status":"publish","type":"post","link":"https:\/\/continuamosmx.com\/index.php\/2024\/09\/09\/lanza-gobierno-de-pedro-rodriguez-convocatoria-para-becas-escolares-2024\/","title":{"rendered":"LANZA GOBIERNO DE PEDRO RODR\u00cdGUEZ CONVOCATORIA PARA BECAS ESCOLARES 2024"},"content":{"rendered":"\n<p><strong>*El apoyo es con recursos municipales y se espera apoyar a m\u00e1s de 8 mil estudiantes<\/strong><\/p>\n\n\n\n<p>ATIZAP\u00c1N, M\u00e9x.- El gobierno de Atizap\u00e1n de Zaragoza, encabezado por el Alcalde Pedro Rodr\u00edguez Villegas, a trav\u00e9s de la Direcci\u00f3n de Educaci\u00f3n, lanz\u00f3 la convocatoria para el Programa de Becas Municipales para el ciclo escolar 2024-2025.<\/p>\n\n\n\n<p>Est\u00e1s becas van dirigido a estudiantes de nivel b\u00e1sico, medio superior y superior que est\u00e9n en situaci\u00f3n de vulnerabilidad para continuar o concluir sus estudios.<\/p>\n\n\n\n<p>Este programa, adem\u00e1s, busca reconocer e incentivar al estudiantado que presente un desempe\u00f1o acad\u00e9mico sobresaliente.<\/p>\n\n\n\n<p>De acuerdo con la Convocatoria, las becas ser\u00e1n en tres modalidades, de tipo econ\u00f3mico consistente en una sola exhibici\u00f3n en efectivo a realizarse durante el ciclo escolar 2024-2025 y en su totalidad con recurso municipal.<\/p>\n\n\n\n<p>La de Vulnerabilidad Econ\u00f3mica ser\u00e1 para las y los habitantes con residencia en el municipio inscritos en una instituci\u00f3n educativa del nivel b\u00e1sico del Sistema de Educaci\u00f3n P\u00fablica Federal o Estatal dentro del territorio municipal y las y los inscritos en una instituci\u00f3n educativa de los niveles medio superior y superior tambi\u00e9n del Sistema de Educaci\u00f3n P\u00fablica Federal o Estatal dentro y fuera del territorio municipal, enfatizando el apoyo en la poblaci\u00f3n de bajos recursos econ\u00f3micos.<\/p>\n\n\n\n<p>La beca de Excelencia Acad\u00e9mica se podr\u00e1 otorgar a las y los estudiantes del nivel b\u00e1sico, medio superior y superior del Sistema de Educaci\u00f3n P\u00fablica Federal o Estatal que por su desempe\u00f1o acad\u00e9mico han destacado en la instituci\u00f3n educativa a la que pertenecen con un promedio m\u00ednimo de 9.7 en la escala de 0 a 10.<\/p>\n\n\n\n<p>Mientras que la beca de Diferentes Discapacidades ser\u00e1 otorgada a las y los habitantes con residencia en el municipio de Atizap\u00e1n de Zaragoza que presenten permanentemente una limitaci\u00f3n, p\u00e9rdida o disminuci\u00f3n de sus facultades f\u00edsicas, intelectuales o sensoriales para realizar sus actividades diarias y que se encuentren inscritos en una instituci\u00f3n educativa, centro escolar o Centro de Atenci\u00f3n M\u00faltiple que tengan como objetivo la formaci\u00f3n educativa en la poblaci\u00f3n que presente discapacidad, dentro y fuera del territorio municipal.<\/p>\n\n\n\n<p>Se calcula que sean 8 mil 500 beneficiarios, quienes recibir\u00e1n apoyos de entre mil 200 y<br>mil 850 pesos, dependiendo del tipo de beca y nivel educativo.<\/p>\n\n\n\n<p>La solicitud ser\u00e1 realizada exclusivamente mediante la p\u00e1gina electr\u00f3nica del Programa de Becas Municipales https:\/\/becas.atizapan.gob.mx del 17 al 24 de septiembre.<\/p>\n\n\n\n<p>Los aspirantes deber\u00e1n presentar requisitos como acta de nacimiento, CURP, documento que compruebe la inscripci\u00f3n al ciclo escolar 2024-2025; entre otros.<\/p>\n\n\n\n<p>La publicaci\u00f3n de resultados y el calendario de orden de pago se realizar\u00e1 a partir del 28 de octubre, a trav\u00e9s de la aplicaci\u00f3n m\u00f3vil Atizap\u00e1n te Escucha, en las instalaciones de la Direcci\u00f3n de Educaci\u00f3n del Palacio Municipal de Atizap\u00e1n de Zaragoza, en el portal web del H. Ayuntamiento y en las redes sociales oficiales del mismo.<\/p>\n\n\n\n<p>Para mayores informes, requisitos y bases, se recomienda consultar la p\u00e1gina https:\/\/atizapan.gob.mx\/wp-content\/uploads\/2024\/09\/3_DIGITALBECAS_MUNICIPALES_2024.pdf<\/p>\n\n\n\n<p>En el ciclo escolar pasado, el Gobierno de Atizap\u00e1n de Zaragoza entreg\u00f3 16 mil 286 becas para impulsar la educaci\u00f3n en el municipio.<\/p>\n\n\n\n<p>Como parte de los apoyos que el Alcalde Pedro Rodr\u00edguez Villegas ha dado a la educaci\u00f3n destacan, tambi\u00e9n, la entrega de computadoras en las escuelas oficiales de Atizap\u00e1n de Zaragoza, la construcci\u00f3n de techumbres, rehabilitaci\u00f3n de n\u00facleos sanitarios y el proceso de construcci\u00f3n de aulas en diferentes escuelas.<\/p>\n","protected":false},"excerpt":{"rendered":"<p>*El apoyo es con recursos municipales y se espera apoyar a m\u00e1s de 8 mil estudiantes ATIZAP\u00c1N, M\u00e9x.- El gobierno de Atizap\u00e1n de Zaragoza, encabezado por el Alcalde Pedro Rodr\u00edguez Villegas, a trav\u00e9s de la Direcci\u00f3n de Educaci\u00f3n, lanz\u00f3 la convocatoria para el Programa de Becas Municipales para el ciclo escolar 2024-2025. Est\u00e1s becas van [&hellip;]<\/p>\n","protected":false},"author":6,"featured_media":48199,"comment_status":"open","ping_status":"open","sticky":false,"template":"","format":"standard","meta":{"footnotes":""},"categories":[20,4],"tags":[],"class_list":["post-48198","post","type-post","status-publish","format-standard","has-post-thumbnail","hentry","category-atizapan-de-zaragoza","category-locales"],"yoast_head":"<!-- This site is optimized with the Yoast SEO plugin v27.5 - https:\/\/yoast.com\/product\/yoast-seo-wordpress\/ -->\n<title>LANZA GOBIERNO DE PEDRO RODR\u00cdGUEZ CONVOCATORIA PARA BECAS ESCOLARES 2024 -<\/title>\n<meta name=\"robots\" content=\"index, follow, max-snippet:-1, max-image-preview:large, max-video-preview:-1\" \/>\n<link rel=\"canonical\" href=\"https:\/\/continuamosmx.com\/index.php\/2024\/09\/09\/lanza-gobierno-de-pedro-rodriguez-convocatoria-para-becas-escolares-2024\/\" \/>\n<meta property=\"og:locale\" content=\"es_ES\" \/>\n<meta property=\"og:type\" content=\"article\" \/>\n<meta property=\"og:title\" content=\"LANZA GOBIERNO DE PEDRO RODR\u00cdGUEZ CONVOCATORIA PARA BECAS ESCOLARES 2024 -\" \/>\n<meta property=\"og:description\" content=\"*El apoyo es con recursos municipales y se espera apoyar a m\u00e1s de 8 mil estudiantes ATIZAP\u00c1N, M\u00e9x.- El gobierno de Atizap\u00e1n de Zaragoza, encabezado por el Alcalde Pedro Rodr\u00edguez Villegas, a trav\u00e9s de la Direcci\u00f3n de Educaci\u00f3n, lanz\u00f3 la convocatoria para el Programa de Becas Municipales para el ciclo escolar 2024-2025. Est\u00e1s becas van [&hellip;]\" \/>\n<meta property=\"og:url\" content=\"https:\/\/continuamosmx.com\/index.php\/2024\/09\/09\/lanza-gobierno-de-pedro-rodriguez-convocatoria-para-becas-escolares-2024\/\" \/>\n<meta property=\"article:published_time\" content=\"2024-09-09T06:25:13+00:00\" \/>\n<meta property=\"og:image\" content=\"https:\/\/continuamosmx.com\/wp-content\/uploads\/2024\/09\/BECAS.jpg\" \/>\n\t<meta property=\"og:image:width\" content=\"1280\" \/>\n\t<meta property=\"og:image:height\" content=\"853\" \/>\n\t<meta property=\"og:image:type\" content=\"image\/jpeg\" \/>\n<meta name=\"author\" content=\"Continuamos MX\" \/>\n<meta name=\"twitter:card\" content=\"summary_large_image\" \/>\n<meta name=\"twitter:label1\" content=\"Escrito por\" \/>\n\t<meta name=\"twitter:data1\" content=\"Continuamos MX\" \/>\n\t<meta name=\"twitter:label2\" content=\"Tiempo de lectura\" \/>\n\t<meta name=\"twitter:data2\" content=\"3 minutos\" \/>\n<script type=\"application\/ld+json\" class=\"yoast-schema-graph\">{\"@context\":\"https:\\\/\\\/schema.org\",\"@graph\":[{\"@type\":\"Article\",\"@id\":\"https:\\\/\\\/continuamosmx.com\\\/index.php\\\/2024\\\/09\\\/09\\\/lanza-gobierno-de-pedro-rodriguez-convocatoria-para-becas-escolares-2024\\\/#article\",\"isPartOf\":{\"@id\":\"https:\\\/\\\/continuamosmx.com\\\/index.php\\\/2024\\\/09\\\/09\\\/lanza-gobierno-de-pedro-rodriguez-convocatoria-para-becas-escolares-2024\\\/\"},\"author\":{\"name\":\"Continuamos MX\",\"@id\":\"https:\\\/\\\/continuamosmx.com\\\/#\\\/schema\\\/person\\\/5eb5356acb1fad784da407d14f0e8d89\"},\"headline\":\"LANZA GOBIERNO DE PEDRO RODR\u00cdGUEZ CONVOCATORIA PARA BECAS ESCOLARES 2024\",\"datePublished\":\"2024-09-09T06:25:13+00:00\",\"mainEntityOfPage\":{\"@id\":\"https:\\\/\\\/continuamosmx.com\\\/index.php\\\/2024\\\/09\\\/09\\\/lanza-gobierno-de-pedro-rodriguez-convocatoria-para-becas-escolares-2024\\\/\"},\"wordCount\":627,\"commentCount\":0,\"publisher\":{\"@id\":\"https:\\\/\\\/continuamosmx.com\\\/#organization\"},\"image\":{\"@id\":\"https:\\\/\\\/continuamosmx.com\\\/index.php\\\/2024\\\/09\\\/09\\\/lanza-gobierno-de-pedro-rodriguez-convocatoria-para-becas-escolares-2024\\\/#primaryimage\"},\"thumbnailUrl\":\"https:\\\/\\\/continuamosmx.com\\\/wp-content\\\/uploads\\\/2024\\\/09\\\/BECAS.jpg\",\"articleSection\":[\"ATIZAPAN DE ZARAGOZA\",\"LOCALES\"],\"inLanguage\":\"es\"},{\"@type\":\"WebPage\",\"@id\":\"https:\\\/\\\/continuamosmx.com\\\/index.php\\\/2024\\\/09\\\/09\\\/lanza-gobierno-de-pedro-rodriguez-convocatoria-para-becas-escolares-2024\\\/\",\"url\":\"https:\\\/\\\/continuamosmx.com\\\/index.php\\\/2024\\\/09\\\/09\\\/lanza-gobierno-de-pedro-rodriguez-convocatoria-para-becas-escolares-2024\\\/\",\"name\":\"LANZA GOBIERNO DE PEDRO RODR\u00cdGUEZ CONVOCATORIA PARA BECAS ESCOLARES 2024 -\",\"isPartOf\":{\"@id\":\"https:\\\/\\\/continuamosmx.com\\\/#website\"},\"primaryImageOfPage\":{\"@id\":\"https:\\\/\\\/continuamosmx.com\\\/index.php\\\/2024\\\/09\\\/09\\\/lanza-gobierno-de-pedro-rodriguez-convocatoria-para-becas-escolares-2024\\\/#primaryimage\"},\"image\":{\"@id\":\"https:\\\/\\\/continuamosmx.com\\\/index.php\\\/2024\\\/09\\\/09\\\/lanza-gobierno-de-pedro-rodriguez-convocatoria-para-becas-escolares-2024\\\/#primaryimage\"},\"thumbnailUrl\":\"https:\\\/\\\/continuamosmx.com\\\/wp-content\\\/uploads\\\/2024\\\/09\\\/BECAS.jpg\",\"datePublished\":\"2024-09-09T06:25:13+00:00\",\"breadcrumb\":{\"@id\":\"https:\\\/\\\/continuamosmx.com\\\/index.php\\\/2024\\\/09\\\/09\\\/lanza-gobierno-de-pedro-rodriguez-convocatoria-para-becas-escolares-2024\\\/#breadcrumb\"},\"inLanguage\":\"es\",\"potentialAction\":[{\"@type\":\"ReadAction\",\"target\":[\"https:\\\/\\\/continuamosmx.com\\\/index.php\\\/2024\\\/09\\\/09\\\/lanza-gobierno-de-pedro-rodriguez-convocatoria-para-becas-escolares-2024\\\/\"]}]},{\"@type\":\"ImageObject\",\"inLanguage\":\"es\",\"@id\":\"https:\\\/\\\/continuamosmx.com\\\/index.php\\\/2024\\\/09\\\/09\\\/lanza-gobierno-de-pedro-rodriguez-convocatoria-para-becas-escolares-2024\\\/#primaryimage\",\"url\":\"https:\\\/\\\/continuamosmx.com\\\/wp-content\\\/uploads\\\/2024\\\/09\\\/BECAS.jpg\",\"contentUrl\":\"https:\\\/\\\/continuamosmx.com\\\/wp-content\\\/uploads\\\/2024\\\/09\\\/BECAS.jpg\",\"width\":1280,\"height\":853},{\"@type\":\"BreadcrumbList\",\"@id\":\"https:\\\/\\\/continuamosmx.com\\\/index.php\\\/2024\\\/09\\\/09\\\/lanza-gobierno-de-pedro-rodriguez-convocatoria-para-becas-escolares-2024\\\/#breadcrumb\",\"itemListElement\":[{\"@type\":\"ListItem\",\"position\":1,\"name\":\"Inicio\",\"item\":\"https:\\\/\\\/continuamosmx.com\\\/\"},{\"@type\":\"ListItem\",\"position\":2,\"name\":\"LANZA GOBIERNO DE PEDRO RODR\u00cdGUEZ CONVOCATORIA PARA BECAS ESCOLARES 2024\"}]},{\"@type\":\"WebSite\",\"@id\":\"https:\\\/\\\/continuamosmx.com\\\/#website\",\"url\":\"https:\\\/\\\/continuamosmx.com\\\/\",\"name\":\"www.continuamosmx.com\",\"description\":\"\",\"publisher\":{\"@id\":\"https:\\\/\\\/continuamosmx.com\\\/#organization\"},\"potentialAction\":[{\"@type\":\"SearchAction\",\"target\":{\"@type\":\"EntryPoint\",\"urlTemplate\":\"https:\\\/\\\/continuamosmx.com\\\/?s={search_term_string}\"},\"query-input\":{\"@type\":\"PropertyValueSpecification\",\"valueRequired\":true,\"valueName\":\"search_term_string\"}}],\"inLanguage\":\"es\"},{\"@type\":\"Organization\",\"@id\":\"https:\\\/\\\/continuamosmx.com\\\/#organization\",\"name\":\"ContinuamosMX\",\"url\":\"https:\\\/\\\/continuamosmx.com\\\/\",\"logo\":{\"@type\":\"ImageObject\",\"inLanguage\":\"es\",\"@id\":\"https:\\\/\\\/continuamosmx.com\\\/#\\\/schema\\\/logo\\\/image\\\/\",\"url\":\"https:\\\/\\\/continuamosmx.com\\\/wp-content\\\/uploads\\\/2023\\\/04\\\/cropped-LOGO-CONTI-NUEVO.png\",\"contentUrl\":\"https:\\\/\\\/continuamosmx.com\\\/wp-content\\\/uploads\\\/2023\\\/04\\\/cropped-LOGO-CONTI-NUEVO.png\",\"width\":1257,\"height\":430,\"caption\":\"ContinuamosMX\"},\"image\":{\"@id\":\"https:\\\/\\\/continuamosmx.com\\\/#\\\/schema\\\/logo\\\/image\\\/\"}},{\"@type\":\"Person\",\"@id\":\"https:\\\/\\\/continuamosmx.com\\\/#\\\/schema\\\/person\\\/5eb5356acb1fad784da407d14f0e8d89\",\"name\":\"Continuamos MX\",\"image\":{\"@type\":\"ImageObject\",\"inLanguage\":\"es\",\"@id\":\"https:\\\/\\\/secure.gravatar.com\\\/avatar\\\/30d4f9723476a15f4da34d35fb3501f08d2357016c76051c6a85c354c7489589?s=96&d=mm&r=g\",\"url\":\"https:\\\/\\\/secure.gravatar.com\\\/avatar\\\/30d4f9723476a15f4da34d35fb3501f08d2357016c76051c6a85c354c7489589?s=96&d=mm&r=g\",\"contentUrl\":\"https:\\\/\\\/secure.gravatar.com\\\/avatar\\\/30d4f9723476a15f4da34d35fb3501f08d2357016c76051c6a85c354c7489589?s=96&d=mm&r=g\",\"caption\":\"Continuamos MX\"},\"sameAs\":[\"http:\\\/\\\/www.continuamos.mx\"],\"url\":\"https:\\\/\\\/continuamosmx.com\\\/index.php\\\/author\\\/continuamos\\\/\"}]}<\/script>\n<!-- \/ Yoast SEO plugin. -->","yoast_head_json":{"title":"LANZA GOBIERNO DE PEDRO RODR\u00cdGUEZ CONVOCATORIA PARA BECAS ESCOLARES 2024 -","robots":{"index":"index","follow":"follow","max-snippet":"max-snippet:-1","max-image-preview":"max-image-preview:large","max-video-preview":"max-video-preview:-1"},"canonical":"https:\/\/continuamosmx.com\/index.php\/2024\/09\/09\/lanza-gobierno-de-pedro-rodriguez-convocatoria-para-becas-escolares-2024\/","og_locale":"es_ES","og_type":"article","og_title":"LANZA GOBIERNO DE PEDRO RODR\u00cdGUEZ CONVOCATORIA PARA BECAS ESCOLARES 2024 -","og_description":"*El apoyo es con recursos municipales y se espera apoyar a m\u00e1s de 8 mil estudiantes ATIZAP\u00c1N, M\u00e9x.- El gobierno de Atizap\u00e1n de Zaragoza, encabezado por el Alcalde Pedro Rodr\u00edguez Villegas, a trav\u00e9s de la Direcci\u00f3n de Educaci\u00f3n, lanz\u00f3 la convocatoria para el Programa de Becas Municipales para el ciclo escolar 2024-2025. Est\u00e1s becas van [&hellip;]","og_url":"https:\/\/continuamosmx.com\/index.php\/2024\/09\/09\/lanza-gobierno-de-pedro-rodriguez-convocatoria-para-becas-escolares-2024\/","article_published_time":"2024-09-09T06:25:13+00:00","og_image":[{"width":1280,"height":853,"url":"https:\/\/continuamosmx.com\/wp-content\/uploads\/2024\/09\/BECAS.jpg","type":"image\/jpeg"}],"author":"Continuamos MX","twitter_card":"summary_large_image","twitter_misc":{"Escrito por":"Continuamos MX","Tiempo de lectura":"3 minutos"},"schema":{"@context":"https:\/\/schema.org","@graph":[{"@type":"Article","@id":"https:\/\/continuamosmx.com\/index.php\/2024\/09\/09\/lanza-gobierno-de-pedro-rodriguez-convocatoria-para-becas-escolares-2024\/#article","isPartOf":{"@id":"https:\/\/continuamosmx.com\/index.php\/2024\/09\/09\/lanza-gobierno-de-pedro-rodriguez-convocatoria-para-becas-escolares-2024\/"},"author":{"name":"Continuamos MX","@id":"https:\/\/continuamosmx.com\/#\/schema\/person\/5eb5356acb1fad784da407d14f0e8d89"},"headline":"LANZA GOBIERNO DE PEDRO RODR\u00cdGUEZ CONVOCATORIA PARA BECAS ESCOLARES 2024","datePublished":"2024-09-09T06:25:13+00:00","mainEntityOfPage":{"@id":"https:\/\/continuamosmx.com\/index.php\/2024\/09\/09\/lanza-gobierno-de-pedro-rodriguez-convocatoria-para-becas-escolares-2024\/"},"wordCount":627,"commentCount":0,"publisher":{"@id":"https:\/\/continuamosmx.com\/#organization"},"image":{"@id":"https:\/\/continuamosmx.com\/index.php\/2024\/09\/09\/lanza-gobierno-de-pedro-rodriguez-convocatoria-para-becas-escolares-2024\/#primaryimage"},"thumbnailUrl":"https:\/\/continuamosmx.com\/wp-content\/uploads\/2024\/09\/BECAS.jpg","articleSection":["ATIZAPAN DE ZARAGOZA","LOCALES"],"inLanguage":"es"},{"@type":"WebPage","@id":"https:\/\/continuamosmx.com\/index.php\/2024\/09\/09\/lanza-gobierno-de-pedro-rodriguez-convocatoria-para-becas-escolares-2024\/","url":"https:\/\/continuamosmx.com\/index.php\/2024\/09\/09\/lanza-gobierno-de-pedro-rodriguez-convocatoria-para-becas-escolares-2024\/","name":"LANZA GOBIERNO DE PEDRO RODR\u00cdGUEZ CONVOCATORIA PARA BECAS ESCOLARES 2024 -","isPartOf":{"@id":"https:\/\/continuamosmx.com\/#website"},"primaryImageOfPage":{"@id":"https:\/\/continuamosmx.com\/index.php\/2024\/09\/09\/lanza-gobierno-de-pedro-rodriguez-convocatoria-para-becas-escolares-2024\/#primaryimage"},"image":{"@id":"https:\/\/continuamosmx.com\/index.php\/2024\/09\/09\/lanza-gobierno-de-pedro-rodriguez-convocatoria-para-becas-escolares-2024\/#primaryimage"},"thumbnailUrl":"https:\/\/continuamosmx.com\/wp-content\/uploads\/2024\/09\/BECAS.jpg","datePublished":"2024-09-09T06:25:13+00:00","breadcrumb":{"@id":"https:\/\/continuamosmx.com\/index.php\/2024\/09\/09\/lanza-gobierno-de-pedro-rodriguez-convocatoria-para-becas-escolares-2024\/#breadcrumb"},"inLanguage":"es","potentialAction":[{"@type":"ReadAction","target":["https:\/\/continuamosmx.com\/index.php\/2024\/09\/09\/lanza-gobierno-de-pedro-rodriguez-convocatoria-para-becas-escolares-2024\/"]}]},{"@type":"ImageObject","inLanguage":"es","@id":"https:\/\/continuamosmx.com\/index.php\/2024\/09\/09\/lanza-gobierno-de-pedro-rodriguez-convocatoria-para-becas-escolares-2024\/#primaryimage","url":"https:\/\/continuamosmx.com\/wp-content\/uploads\/2024\/09\/BECAS.jpg","contentUrl":"https:\/\/continuamosmx.com\/wp-content\/uploads\/2024\/09\/BECAS.jpg","width":1280,"height":853},{"@type":"BreadcrumbList","@id":"https:\/\/continuamosmx.com\/index.php\/2024\/09\/09\/lanza-gobierno-de-pedro-rodriguez-convocatoria-para-becas-escolares-2024\/#breadcrumb","itemListElement":[{"@type":"ListItem","position":1,"name":"Inicio","item":"https:\/\/continuamosmx.com\/"},{"@type":"ListItem","position":2,"name":"LANZA GOBIERNO DE PEDRO RODR\u00cdGUEZ CONVOCATORIA PARA BECAS ESCOLARES 2024"}]},{"@type":"WebSite","@id":"https:\/\/continuamosmx.com\/#website","url":"https:\/\/continuamosmx.com\/","name":"www.continuamosmx.com","description":"","publisher":{"@id":"https:\/\/continuamosmx.com\/#organization"},"potentialAction":[{"@type":"SearchAction","target":{"@type":"EntryPoint","urlTemplate":"https:\/\/continuamosmx.com\/?s={search_term_string}"},"query-input":{"@type":"PropertyValueSpecification","valueRequired":true,"valueName":"search_term_string"}}],"inLanguage":"es"},{"@type":"Organization","@id":"https:\/\/continuamosmx.com\/#organization","name":"ContinuamosMX","url":"https:\/\/continuamosmx.com\/","logo":{"@type":"ImageObject","inLanguage":"es","@id":"https:\/\/continuamosmx.com\/#\/schema\/logo\/image\/","url":"https:\/\/continuamosmx.com\/wp-content\/uploads\/2023\/04\/cropped-LOGO-CONTI-NUEVO.png","contentUrl":"https:\/\/continuamosmx.com\/wp-content\/uploads\/2023\/04\/cropped-LOGO-CONTI-NUEVO.png","width":1257,"height":430,"caption":"ContinuamosMX"},"image":{"@id":"https:\/\/continuamosmx.com\/#\/schema\/logo\/image\/"}},{"@type":"Person","@id":"https:\/\/continuamosmx.com\/#\/schema\/person\/5eb5356acb1fad784da407d14f0e8d89","name":"Continuamos MX","image":{"@type":"ImageObject","inLanguage":"es","@id":"https:\/\/secure.gravatar.com\/avatar\/30d4f9723476a15f4da34d35fb3501f08d2357016c76051c6a85c354c7489589?s=96&d=mm&r=g","url":"https:\/\/secure.gravatar.com\/avatar\/30d4f9723476a15f4da34d35fb3501f08d2357016c76051c6a85c354c7489589?s=96&d=mm&r=g","contentUrl":"https:\/\/secure.gravatar.com\/avatar\/30d4f9723476a15f4da34d35fb3501f08d2357016c76051c6a85c354c7489589?s=96&d=mm&r=g","caption":"Continuamos MX"},"sameAs":["http:\/\/www.continuamos.mx"],"url":"https:\/\/continuamosmx.com\/index.php\/author\/continuamos\/"}]}},"_links":{"self":[{"href":"https:\/\/continuamosmx.com\/index.php\/wp-json\/wp\/v2\/posts\/48198","targetHints":{"allow":["GET"]}}],"collection":[{"href":"https:\/\/continuamosmx.com\/index.php\/wp-json\/wp\/v2\/posts"}],"about":[{"href":"https:\/\/continuamosmx.com\/index.php\/wp-json\/wp\/v2\/types\/post"}],"author":[{"embeddable":true,"href":"https:\/\/continuamosmx.com\/index.php\/wp-json\/wp\/v2\/users\/6"}],"replies":[{"embeddable":true,"href":"https:\/\/continuamosmx.com\/index.php\/wp-json\/wp\/v2\/comments?post=48198"}],"version-history":[{"count":1,"href":"https:\/\/continuamosmx.com\/index.php\/wp-json\/wp\/v2\/posts\/48198\/revisions"}],"predecessor-version":[{"id":48200,"href":"https:\/\/continuamosmx.com\/index.php\/wp-json\/wp\/v2\/posts\/48198\/revisions\/48200"}],"wp:featuredmedia":[{"embeddable":true,"href":"https:\/\/continuamosmx.com\/index.php\/wp-json\/wp\/v2\/media\/48199"}],"wp:attachment":[{"href":"https:\/\/continuamosmx.com\/index.php\/wp-json\/wp\/v2\/media?parent=48198"}],"wp:term":[{"taxonomy":"category","embeddable":true,"href":"https:\/\/continuamosmx.com\/index.php\/wp-json\/wp\/v2\/categories?post=48198"},{"taxonomy":"post_tag","embeddable":true,"href":"https:\/\/continuamosmx.com\/index.php\/wp-json\/wp\/v2\/tags?post=48198"}],"curies":[{"name":"wp","href":"https:\/\/api.w.org\/{rel}","templated":true}]}}