{"id":47824,"date":"2024-08-07T20:03:18","date_gmt":"2024-08-07T20:03:18","guid":{"rendered":"https:\/\/continuamosmx.com\/?p=47824"},"modified":"2024-08-07T20:03:19","modified_gmt":"2024-08-07T20:03:19","slug":"couttolenc-un-liderazgo-consolidado","status":"publish","type":"post","link":"https:\/\/continuamosmx.com\/index.php\/2024\/08\/07\/couttolenc-un-liderazgo-consolidado\/","title":{"rendered":"COUTTOLENC, UN LIDERAZGO CONSOLIDADO"},"content":{"rendered":"\n<p><strong>-Crece el PVEM con el liderazvo de Pepe Coittolenc<\/strong><\/p>\n\n\n\n<p>EDOM\u00c9X.- Ha quedado demostrada la total equivocaci\u00f3n de quienes mencionaron que la llegada de un ex gobernador y otros personajes al PVEM, quitar\u00eda el mando de ese partido a su dirigente estatal Pepe Couttolenc; por el contrario, \u00e9ste ha visto crecer cada vez m\u00e1s su liderazgo.<\/p>\n\n\n\n<p>Lejos de haber sido desplazado por la llegada a las filas del PVEM del exgobernador, Eruviel \u00c1vila Villegas, el dirigente estatal del Partido Verde, Jos\u00e9 Couttolenc Buentello, ha fortalecido su liderazgo, consolid\u00e1ndose como uno de los principales dirigentes pol\u00edticos del Estado de M\u00e9xico.<\/p>\n\n\n\n<p>La realidad, es que los actores partidistas que decidieron abandonar sus respectivos partidos para unirse a la causa del Verde y de la 4T, lo hicieron sabedores de que Pepe Couttolenc tiene una demostrada capacidad para llevar a buen puerto los proyectos en los que participa el PVEM.<\/p>\n\n\n\n<p>As\u00ed como Eruviel \u00c1vila no ha significado una amenaza para el liderazgo de Couttolenc, tampoco lo han sido personajes como el ex edil de Naucalpan, Jos\u00e9 Luis Dur\u00e1n Reveles, ni el ex alcalde de Ecatepec, Indalecio R\u00edos Vel\u00e1zquez, quienes se han cobijado con el talento pol\u00edtico del l\u00edder estatal y le han dado todo su respaldo en los objetivos trazados, lo que le permiti\u00f3 al PVEM despuntar en la elecci\u00f3n del 2 de junio, creciendo exponencialmente en las preferencias de los electores del Edom\u00e9x.<\/p>\n\n\n\n<p>De ninguna manera es cierto que dichos pol\u00edticos, se hayan adue\u00f1ado del Verde como algunos aseguraban que suceder\u00eda, sino que por el contrario, hoy Couttolenc est\u00e1 m\u00e1s fuerte que nunca y es un dirigente partidista exitoso, reconocido por quienes han recibido la oportunidad de incorporarse a la causa ecologista y de la cuarta transformaci\u00f3n, como los antes se\u00f1alados.<\/p>\n\n\n\n<p>Adem\u00e1s, en el PVEM, al igual que en todos los partidos, los controles internos son muy fuertes y se aplican de manera unilateral, por lo que as\u00ed como los que recientemente llegaron a morena no desplazaron a la dirigencia guinda, tampoco lo hicieron los que decidieron unirse al Verde.<\/p>\n\n\n\n<p>De hecho, el propio Eruviel \u00c1vila, extern\u00f3 no hace mucho su respeto, admiraci\u00f3n y reconocimiento a la labor que ha realizado Couttolenc, lo que dej\u00f3 as\u00ed en claro que la \u201camenaza\u201d fue un fantasma o una idea acu\u00f1ada con dolo por detractores de Couttolenc, mismos que fracasaron en su intento de hacerlo ver mal.<\/p>\n","protected":false},"excerpt":{"rendered":"<p>-Crece el PVEM con el liderazvo de Pepe Coittolenc EDOM\u00c9X.- Ha quedado demostrada la total equivocaci\u00f3n de quienes mencionaron que la llegada de un ex gobernador y otros personajes al PVEM, quitar\u00eda el mando de ese partido a su dirigente estatal Pepe Couttolenc; por el contrario, \u00e9ste ha visto crecer cada vez m\u00e1s su liderazgo. [&hellip;]<\/p>\n","protected":false},"author":6,"featured_media":47825,"comment_status":"open","ping_status":"open","sticky":false,"template":"","format":"standard","meta":{"footnotes":""},"categories":[2,178],"tags":[],"class_list":["post-47824","post","type-post","status-publish","format-standard","has-post-thumbnail","hentry","category-edomex","category-pvem"],"yoast_head":"<!-- This site is optimized with the Yoast SEO plugin v27.5 - https:\/\/yoast.com\/product\/yoast-seo-wordpress\/ -->\n<title>COUTTOLENC, UN LIDERAZGO CONSOLIDADO -<\/title>\n<meta name=\"robots\" content=\"index, follow, max-snippet:-1, max-image-preview:large, max-video-preview:-1\" \/>\n<link rel=\"canonical\" href=\"https:\/\/continuamosmx.com\/index.php\/2024\/08\/07\/couttolenc-un-liderazgo-consolidado\/\" \/>\n<meta property=\"og:locale\" content=\"es_ES\" \/>\n<meta property=\"og:type\" content=\"article\" \/>\n<meta property=\"og:title\" content=\"COUTTOLENC, UN LIDERAZGO CONSOLIDADO -\" \/>\n<meta property=\"og:description\" content=\"-Crece el PVEM con el liderazvo de Pepe Coittolenc EDOM\u00c9X.- Ha quedado demostrada la total equivocaci\u00f3n de quienes mencionaron que la llegada de un ex gobernador y otros personajes al PVEM, quitar\u00eda el mando de ese partido a su dirigente estatal Pepe Couttolenc; por el contrario, \u00e9ste ha visto crecer cada vez m\u00e1s su liderazgo. [&hellip;]\" \/>\n<meta property=\"og:url\" content=\"https:\/\/continuamosmx.com\/index.php\/2024\/08\/07\/couttolenc-un-liderazgo-consolidado\/\" \/>\n<meta property=\"article:published_time\" content=\"2024-08-07T20:03:18+00:00\" \/>\n<meta property=\"article:modified_time\" content=\"2024-08-07T20:03:19+00:00\" \/>\n<meta property=\"og:image\" content=\"https:\/\/continuamosmx.com\/wp-content\/uploads\/2024\/08\/VERDE.jpg\" \/>\n\t<meta property=\"og:image:width\" content=\"1408\" \/>\n\t<meta property=\"og:image:height\" content=\"1408\" \/>\n\t<meta property=\"og:image:type\" content=\"image\/jpeg\" \/>\n<meta name=\"author\" content=\"Continuamos MX\" \/>\n<meta name=\"twitter:card\" content=\"summary_large_image\" \/>\n<meta name=\"twitter:label1\" content=\"Escrito por\" \/>\n\t<meta name=\"twitter:data1\" content=\"Continuamos MX\" \/>\n\t<meta name=\"twitter:label2\" content=\"Tiempo de lectura\" \/>\n\t<meta name=\"twitter:data2\" content=\"2 minutos\" \/>\n<script type=\"application\/ld+json\" class=\"yoast-schema-graph\">{\"@context\":\"https:\\\/\\\/schema.org\",\"@graph\":[{\"@type\":\"Article\",\"@id\":\"https:\\\/\\\/continuamosmx.com\\\/index.php\\\/2024\\\/08\\\/07\\\/couttolenc-un-liderazgo-consolidado\\\/#article\",\"isPartOf\":{\"@id\":\"https:\\\/\\\/continuamosmx.com\\\/index.php\\\/2024\\\/08\\\/07\\\/couttolenc-un-liderazgo-consolidado\\\/\"},\"author\":{\"name\":\"Continuamos MX\",\"@id\":\"https:\\\/\\\/continuamosmx.com\\\/#\\\/schema\\\/person\\\/5eb5356acb1fad784da407d14f0e8d89\"},\"headline\":\"COUTTOLENC, UN LIDERAZGO CONSOLIDADO\",\"datePublished\":\"2024-08-07T20:03:18+00:00\",\"dateModified\":\"2024-08-07T20:03:19+00:00\",\"mainEntityOfPage\":{\"@id\":\"https:\\\/\\\/continuamosmx.com\\\/index.php\\\/2024\\\/08\\\/07\\\/couttolenc-un-liderazgo-consolidado\\\/\"},\"wordCount\":418,\"commentCount\":0,\"publisher\":{\"@id\":\"https:\\\/\\\/continuamosmx.com\\\/#organization\"},\"image\":{\"@id\":\"https:\\\/\\\/continuamosmx.com\\\/index.php\\\/2024\\\/08\\\/07\\\/couttolenc-un-liderazgo-consolidado\\\/#primaryimage\"},\"thumbnailUrl\":\"https:\\\/\\\/continuamosmx.com\\\/wp-content\\\/uploads\\\/2024\\\/08\\\/VERDE.jpg\",\"articleSection\":[\"EDOMEX\",\"PVEM\"],\"inLanguage\":\"es\"},{\"@type\":\"WebPage\",\"@id\":\"https:\\\/\\\/continuamosmx.com\\\/index.php\\\/2024\\\/08\\\/07\\\/couttolenc-un-liderazgo-consolidado\\\/\",\"url\":\"https:\\\/\\\/continuamosmx.com\\\/index.php\\\/2024\\\/08\\\/07\\\/couttolenc-un-liderazgo-consolidado\\\/\",\"name\":\"COUTTOLENC, UN LIDERAZGO CONSOLIDADO -\",\"isPartOf\":{\"@id\":\"https:\\\/\\\/continuamosmx.com\\\/#website\"},\"primaryImageOfPage\":{\"@id\":\"https:\\\/\\\/continuamosmx.com\\\/index.php\\\/2024\\\/08\\\/07\\\/couttolenc-un-liderazgo-consolidado\\\/#primaryimage\"},\"image\":{\"@id\":\"https:\\\/\\\/continuamosmx.com\\\/index.php\\\/2024\\\/08\\\/07\\\/couttolenc-un-liderazgo-consolidado\\\/#primaryimage\"},\"thumbnailUrl\":\"https:\\\/\\\/continuamosmx.com\\\/wp-content\\\/uploads\\\/2024\\\/08\\\/VERDE.jpg\",\"datePublished\":\"2024-08-07T20:03:18+00:00\",\"dateModified\":\"2024-08-07T20:03:19+00:00\",\"breadcrumb\":{\"@id\":\"https:\\\/\\\/continuamosmx.com\\\/index.php\\\/2024\\\/08\\\/07\\\/couttolenc-un-liderazgo-consolidado\\\/#breadcrumb\"},\"inLanguage\":\"es\",\"potentialAction\":[{\"@type\":\"ReadAction\",\"target\":[\"https:\\\/\\\/continuamosmx.com\\\/index.php\\\/2024\\\/08\\\/07\\\/couttolenc-un-liderazgo-consolidado\\\/\"]}]},{\"@type\":\"ImageObject\",\"inLanguage\":\"es\",\"@id\":\"https:\\\/\\\/continuamosmx.com\\\/index.php\\\/2024\\\/08\\\/07\\\/couttolenc-un-liderazgo-consolidado\\\/#primaryimage\",\"url\":\"https:\\\/\\\/continuamosmx.com\\\/wp-content\\\/uploads\\\/2024\\\/08\\\/VERDE.jpg\",\"contentUrl\":\"https:\\\/\\\/continuamosmx.com\\\/wp-content\\\/uploads\\\/2024\\\/08\\\/VERDE.jpg\",\"width\":1408,\"height\":1408},{\"@type\":\"BreadcrumbList\",\"@id\":\"https:\\\/\\\/continuamosmx.com\\\/index.php\\\/2024\\\/08\\\/07\\\/couttolenc-un-liderazgo-consolidado\\\/#breadcrumb\",\"itemListElement\":[{\"@type\":\"ListItem\",\"position\":1,\"name\":\"Inicio\",\"item\":\"https:\\\/\\\/continuamosmx.com\\\/\"},{\"@type\":\"ListItem\",\"position\":2,\"name\":\"COUTTOLENC, UN LIDERAZGO CONSOLIDADO\"}]},{\"@type\":\"WebSite\",\"@id\":\"https:\\\/\\\/continuamosmx.com\\\/#website\",\"url\":\"https:\\\/\\\/continuamosmx.com\\\/\",\"name\":\"www.continuamosmx.com\",\"description\":\"\",\"publisher\":{\"@id\":\"https:\\\/\\\/continuamosmx.com\\\/#organization\"},\"potentialAction\":[{\"@type\":\"SearchAction\",\"target\":{\"@type\":\"EntryPoint\",\"urlTemplate\":\"https:\\\/\\\/continuamosmx.com\\\/?s={search_term_string}\"},\"query-input\":{\"@type\":\"PropertyValueSpecification\",\"valueRequired\":true,\"valueName\":\"search_term_string\"}}],\"inLanguage\":\"es\"},{\"@type\":\"Organization\",\"@id\":\"https:\\\/\\\/continuamosmx.com\\\/#organization\",\"name\":\"ContinuamosMX\",\"url\":\"https:\\\/\\\/continuamosmx.com\\\/\",\"logo\":{\"@type\":\"ImageObject\",\"inLanguage\":\"es\",\"@id\":\"https:\\\/\\\/continuamosmx.com\\\/#\\\/schema\\\/logo\\\/image\\\/\",\"url\":\"https:\\\/\\\/continuamosmx.com\\\/wp-content\\\/uploads\\\/2023\\\/04\\\/cropped-LOGO-CONTI-NUEVO.png\",\"contentUrl\":\"https:\\\/\\\/continuamosmx.com\\\/wp-content\\\/uploads\\\/2023\\\/04\\\/cropped-LOGO-CONTI-NUEVO.png\",\"width\":1257,\"height\":430,\"caption\":\"ContinuamosMX\"},\"image\":{\"@id\":\"https:\\\/\\\/continuamosmx.com\\\/#\\\/schema\\\/logo\\\/image\\\/\"}},{\"@type\":\"Person\",\"@id\":\"https:\\\/\\\/continuamosmx.com\\\/#\\\/schema\\\/person\\\/5eb5356acb1fad784da407d14f0e8d89\",\"name\":\"Continuamos MX\",\"image\":{\"@type\":\"ImageObject\",\"inLanguage\":\"es\",\"@id\":\"https:\\\/\\\/secure.gravatar.com\\\/avatar\\\/30d4f9723476a15f4da34d35fb3501f08d2357016c76051c6a85c354c7489589?s=96&d=mm&r=g\",\"url\":\"https:\\\/\\\/secure.gravatar.com\\\/avatar\\\/30d4f9723476a15f4da34d35fb3501f08d2357016c76051c6a85c354c7489589?s=96&d=mm&r=g\",\"contentUrl\":\"https:\\\/\\\/secure.gravatar.com\\\/avatar\\\/30d4f9723476a15f4da34d35fb3501f08d2357016c76051c6a85c354c7489589?s=96&d=mm&r=g\",\"caption\":\"Continuamos MX\"},\"sameAs\":[\"http:\\\/\\\/www.continuamos.mx\"],\"url\":\"https:\\\/\\\/continuamosmx.com\\\/index.php\\\/author\\\/continuamos\\\/\"}]}<\/script>\n<!-- \/ Yoast SEO plugin. -->","yoast_head_json":{"title":"COUTTOLENC, UN LIDERAZGO CONSOLIDADO -","robots":{"index":"index","follow":"follow","max-snippet":"max-snippet:-1","max-image-preview":"max-image-preview:large","max-video-preview":"max-video-preview:-1"},"canonical":"https:\/\/continuamosmx.com\/index.php\/2024\/08\/07\/couttolenc-un-liderazgo-consolidado\/","og_locale":"es_ES","og_type":"article","og_title":"COUTTOLENC, UN LIDERAZGO CONSOLIDADO -","og_description":"-Crece el PVEM con el liderazvo de Pepe Coittolenc EDOM\u00c9X.- Ha quedado demostrada la total equivocaci\u00f3n de quienes mencionaron que la llegada de un ex gobernador y otros personajes al PVEM, quitar\u00eda el mando de ese partido a su dirigente estatal Pepe Couttolenc; por el contrario, \u00e9ste ha visto crecer cada vez m\u00e1s su liderazgo. [&hellip;]","og_url":"https:\/\/continuamosmx.com\/index.php\/2024\/08\/07\/couttolenc-un-liderazgo-consolidado\/","article_published_time":"2024-08-07T20:03:18+00:00","article_modified_time":"2024-08-07T20:03:19+00:00","og_image":[{"width":1408,"height":1408,"url":"https:\/\/continuamosmx.com\/wp-content\/uploads\/2024\/08\/VERDE.jpg","type":"image\/jpeg"}],"author":"Continuamos MX","twitter_card":"summary_large_image","twitter_misc":{"Escrito por":"Continuamos MX","Tiempo de lectura":"2 minutos"},"schema":{"@context":"https:\/\/schema.org","@graph":[{"@type":"Article","@id":"https:\/\/continuamosmx.com\/index.php\/2024\/08\/07\/couttolenc-un-liderazgo-consolidado\/#article","isPartOf":{"@id":"https:\/\/continuamosmx.com\/index.php\/2024\/08\/07\/couttolenc-un-liderazgo-consolidado\/"},"author":{"name":"Continuamos MX","@id":"https:\/\/continuamosmx.com\/#\/schema\/person\/5eb5356acb1fad784da407d14f0e8d89"},"headline":"COUTTOLENC, UN LIDERAZGO CONSOLIDADO","datePublished":"2024-08-07T20:03:18+00:00","dateModified":"2024-08-07T20:03:19+00:00","mainEntityOfPage":{"@id":"https:\/\/continuamosmx.com\/index.php\/2024\/08\/07\/couttolenc-un-liderazgo-consolidado\/"},"wordCount":418,"commentCount":0,"publisher":{"@id":"https:\/\/continuamosmx.com\/#organization"},"image":{"@id":"https:\/\/continuamosmx.com\/index.php\/2024\/08\/07\/couttolenc-un-liderazgo-consolidado\/#primaryimage"},"thumbnailUrl":"https:\/\/continuamosmx.com\/wp-content\/uploads\/2024\/08\/VERDE.jpg","articleSection":["EDOMEX","PVEM"],"inLanguage":"es"},{"@type":"WebPage","@id":"https:\/\/continuamosmx.com\/index.php\/2024\/08\/07\/couttolenc-un-liderazgo-consolidado\/","url":"https:\/\/continuamosmx.com\/index.php\/2024\/08\/07\/couttolenc-un-liderazgo-consolidado\/","name":"COUTTOLENC, UN LIDERAZGO CONSOLIDADO -","isPartOf":{"@id":"https:\/\/continuamosmx.com\/#website"},"primaryImageOfPage":{"@id":"https:\/\/continuamosmx.com\/index.php\/2024\/08\/07\/couttolenc-un-liderazgo-consolidado\/#primaryimage"},"image":{"@id":"https:\/\/continuamosmx.com\/index.php\/2024\/08\/07\/couttolenc-un-liderazgo-consolidado\/#primaryimage"},"thumbnailUrl":"https:\/\/continuamosmx.com\/wp-content\/uploads\/2024\/08\/VERDE.jpg","datePublished":"2024-08-07T20:03:18+00:00","dateModified":"2024-08-07T20:03:19+00:00","breadcrumb":{"@id":"https:\/\/continuamosmx.com\/index.php\/2024\/08\/07\/couttolenc-un-liderazgo-consolidado\/#breadcrumb"},"inLanguage":"es","potentialAction":[{"@type":"ReadAction","target":["https:\/\/continuamosmx.com\/index.php\/2024\/08\/07\/couttolenc-un-liderazgo-consolidado\/"]}]},{"@type":"ImageObject","inLanguage":"es","@id":"https:\/\/continuamosmx.com\/index.php\/2024\/08\/07\/couttolenc-un-liderazgo-consolidado\/#primaryimage","url":"https:\/\/continuamosmx.com\/wp-content\/uploads\/2024\/08\/VERDE.jpg","contentUrl":"https:\/\/continuamosmx.com\/wp-content\/uploads\/2024\/08\/VERDE.jpg","width":1408,"height":1408},{"@type":"BreadcrumbList","@id":"https:\/\/continuamosmx.com\/index.php\/2024\/08\/07\/couttolenc-un-liderazgo-consolidado\/#breadcrumb","itemListElement":[{"@type":"ListItem","position":1,"name":"Inicio","item":"https:\/\/continuamosmx.com\/"},{"@type":"ListItem","position":2,"name":"COUTTOLENC, UN LIDERAZGO CONSOLIDADO"}]},{"@type":"WebSite","@id":"https:\/\/continuamosmx.com\/#website","url":"https:\/\/continuamosmx.com\/","name":"www.continuamosmx.com","description":"","publisher":{"@id":"https:\/\/continuamosmx.com\/#organization"},"potentialAction":[{"@type":"SearchAction","target":{"@type":"EntryPoint","urlTemplate":"https:\/\/continuamosmx.com\/?s={search_term_string}"},"query-input":{"@type":"PropertyValueSpecification","valueRequired":true,"valueName":"search_term_string"}}],"inLanguage":"es"},{"@type":"Organization","@id":"https:\/\/continuamosmx.com\/#organization","name":"ContinuamosMX","url":"https:\/\/continuamosmx.com\/","logo":{"@type":"ImageObject","inLanguage":"es","@id":"https:\/\/continuamosmx.com\/#\/schema\/logo\/image\/","url":"https:\/\/continuamosmx.com\/wp-content\/uploads\/2023\/04\/cropped-LOGO-CONTI-NUEVO.png","contentUrl":"https:\/\/continuamosmx.com\/wp-content\/uploads\/2023\/04\/cropped-LOGO-CONTI-NUEVO.png","width":1257,"height":430,"caption":"ContinuamosMX"},"image":{"@id":"https:\/\/continuamosmx.com\/#\/schema\/logo\/image\/"}},{"@type":"Person","@id":"https:\/\/continuamosmx.com\/#\/schema\/person\/5eb5356acb1fad784da407d14f0e8d89","name":"Continuamos MX","image":{"@type":"ImageObject","inLanguage":"es","@id":"https:\/\/secure.gravatar.com\/avatar\/30d4f9723476a15f4da34d35fb3501f08d2357016c76051c6a85c354c7489589?s=96&d=mm&r=g","url":"https:\/\/secure.gravatar.com\/avatar\/30d4f9723476a15f4da34d35fb3501f08d2357016c76051c6a85c354c7489589?s=96&d=mm&r=g","contentUrl":"https:\/\/secure.gravatar.com\/avatar\/30d4f9723476a15f4da34d35fb3501f08d2357016c76051c6a85c354c7489589?s=96&d=mm&r=g","caption":"Continuamos MX"},"sameAs":["http:\/\/www.continuamos.mx"],"url":"https:\/\/continuamosmx.com\/index.php\/author\/continuamos\/"}]}},"_links":{"self":[{"href":"https:\/\/continuamosmx.com\/index.php\/wp-json\/wp\/v2\/posts\/47824","targetHints":{"allow":["GET"]}}],"collection":[{"href":"https:\/\/continuamosmx.com\/index.php\/wp-json\/wp\/v2\/posts"}],"about":[{"href":"https:\/\/continuamosmx.com\/index.php\/wp-json\/wp\/v2\/types\/post"}],"author":[{"embeddable":true,"href":"https:\/\/continuamosmx.com\/index.php\/wp-json\/wp\/v2\/users\/6"}],"replies":[{"embeddable":true,"href":"https:\/\/continuamosmx.com\/index.php\/wp-json\/wp\/v2\/comments?post=47824"}],"version-history":[{"count":1,"href":"https:\/\/continuamosmx.com\/index.php\/wp-json\/wp\/v2\/posts\/47824\/revisions"}],"predecessor-version":[{"id":47826,"href":"https:\/\/continuamosmx.com\/index.php\/wp-json\/wp\/v2\/posts\/47824\/revisions\/47826"}],"wp:featuredmedia":[{"embeddable":true,"href":"https:\/\/continuamosmx.com\/index.php\/wp-json\/wp\/v2\/media\/47825"}],"wp:attachment":[{"href":"https:\/\/continuamosmx.com\/index.php\/wp-json\/wp\/v2\/media?parent=47824"}],"wp:term":[{"taxonomy":"category","embeddable":true,"href":"https:\/\/continuamosmx.com\/index.php\/wp-json\/wp\/v2\/categories?post=47824"},{"taxonomy":"post_tag","embeddable":true,"href":"https:\/\/continuamosmx.com\/index.php\/wp-json\/wp\/v2\/tags?post=47824"}],"curies":[{"name":"wp","href":"https:\/\/api.w.org\/{rel}","templated":true}]}}