{"id":47513,"date":"2024-06-29T03:08:34","date_gmt":"2024-06-29T03:08:34","guid":{"rendered":"https:\/\/continuamosmx.com\/?p=47513"},"modified":"2024-06-29T03:08:34","modified_gmt":"2024-06-29T03:08:34","slug":"corte-de-agua-en-tlalnepantla-por-mantenimiento-en-la-planta-potabilizadora-madin","status":"publish","type":"post","link":"https:\/\/continuamosmx.com\/index.php\/2024\/06\/29\/corte-de-agua-en-tlalnepantla-por-mantenimiento-en-la-planta-potabilizadora-madin\/","title":{"rendered":"CORTE DE AGUA EN TLALNEPANTLA POR MANTENIMIENTO EN LA PLANTA POTABILIZADORA MAD\u00cdN"},"content":{"rendered":"\n<p>*Se har\u00e1 la distribuci\u00f3n de agua en las zonas afectadas a trav\u00e9s de pipas gratuitas<\/p>\n\n\n\n<p>Redacci\u00f3n.<\/p>\n\n\n\n<p>TLALNEPANTLA, M\u00e9x.- La Comisi\u00f3n de Agua del Estado de M\u00e9xico (CAEM) inform\u00f3 que debido a labores de mantenimiento en el centro de control de motores de la Planta Potabilizadora Mad\u00edn, se suspender\u00e1 completamente la operatividad del sistema desde las 18 horas de este viernes 28 de junio hasta las 02 horas del s\u00e1bado 29 de junio.<\/p>\n\n\n\n<p>Este corte de 8 horas resultar\u00e1 en una disminuci\u00f3n de 500 litros por segundo en el suministro de agua en bloque en el Tanque Lomas Verdes Bajo. Las siguientes colonias de Tlalnepantla se ver\u00e1n directamente afectadas por la suspensi\u00f3n del servicio:<\/p>\n\n\n\n<ul class=\"wp-block-list\">\n<li>Ampliaci\u00f3n San Andr\u00e9s.<\/li>\n\n\n\n<li>Lomas de San Andr\u00e9s.<\/li>\n\n\n\n<li>Ampliaci\u00f3n Lomas de San Andr\u00e9s.<\/li>\n\n\n\n<li>Jardines de Santa M\u00f3nica.<\/li>\n\n\n\n<li>Leandro Valle.<\/li>\n\n\n\n<li>Las Margaritas.<\/li>\n\n\n\n<li>Bosques de M\u00e9xico.<\/li>\n\n\n\n<li>Valle de Los Pinos 1ra Secc.<\/li>\n\n\n\n<li>Francisco Villa.<\/li>\n\n\n\n<li>Ampl. San Lucas Tepetlacalco.<\/li>\n\n\n\n<li>Valle de Santa M\u00f3nica.<\/li>\n\n\n\n<li>Valle Dorado.<\/li>\n\n\n\n<li>Lomas Tulpan.<\/li>\n<\/ul>\n\n\n\n<p>Adem\u00e1s, se prev\u00e9 una disminuci\u00f3n en la presi\u00f3n del agua en las siguientes colonias:<\/p>\n\n\n\n<ul class=\"wp-block-list\">\n<li>Jacarandas.<\/li>\n\n\n\n<li>Magisterial Vista Bella.<\/li>\n\n\n\n<li>Jardines de Bellavista.<\/li>\n\n\n\n<li>Bellavista Sat\u00e9lite.<\/li>\n\n\n\n<li>Residencial Privanza.<\/li>\n\n\n\n<li>Rinc\u00f3n de Bellavista.<\/li>\n<\/ul>\n\n\n\n<p>Por instrucciones del alcalde Tony Rodr\u00edguez, el Organismo P\u00fablico Descentralizado para la Prestaci\u00f3n de los Servicios de Agua Potable, Alcantarillado y Saneamiento (OPDM) proporcionar\u00e1 agua a trav\u00e9s de pipas en las zonas que as\u00ed lo requieran.<\/p>\n\n\n\n<p>El OPDM sigue comprometido con el cuidado del vital l\u00edquido y continuar\u00e1 comunicando oportunamente cualquier actualizaci\u00f3n respecto a los sistemas de agua que abastecen a la Zona Metropolitana del Valle de M\u00e9xico.<\/p>\n","protected":false},"excerpt":{"rendered":"<p>*Se har\u00e1 la distribuci\u00f3n de agua en las zonas afectadas a trav\u00e9s de pipas gratuitas Redacci\u00f3n. TLALNEPANTLA, M\u00e9x.- La Comisi\u00f3n de Agua del Estado de M\u00e9xico (CAEM) inform\u00f3 que debido a labores de mantenimiento en el centro de control de motores de la Planta Potabilizadora Mad\u00edn, se suspender\u00e1 completamente la operatividad del sistema desde las [&hellip;]<\/p>\n","protected":false},"author":1,"featured_media":47514,"comment_status":"open","ping_status":"open","sticky":false,"template":"","format":"standard","meta":{"footnotes":""},"categories":[4,79],"tags":[180,7,93,179,94],"class_list":["post-47513","post","type-post","status-publish","format-standard","has-post-thumbnail","hentry","category-locales","category-tlalne","tag-caem","tag-edomex","tag-opdm","tag-recorte-de-agua","tag-tlalnepantla"],"yoast_head":"<!-- This site is optimized with the Yoast SEO plugin v27.4 - https:\/\/yoast.com\/product\/yoast-seo-wordpress\/ -->\n<title>CORTE DE AGUA EN TLALNEPANTLA POR MANTENIMIENTO EN LA PLANTA POTABILIZADORA MAD\u00cdN -<\/title>\n<meta name=\"robots\" content=\"index, follow, max-snippet:-1, max-image-preview:large, max-video-preview:-1\" \/>\n<link rel=\"canonical\" href=\"https:\/\/continuamosmx.com\/index.php\/2024\/06\/29\/corte-de-agua-en-tlalnepantla-por-mantenimiento-en-la-planta-potabilizadora-madin\/\" \/>\n<meta property=\"og:locale\" content=\"es_ES\" \/>\n<meta property=\"og:type\" content=\"article\" \/>\n<meta property=\"og:title\" content=\"CORTE DE AGUA EN TLALNEPANTLA POR MANTENIMIENTO EN LA PLANTA POTABILIZADORA MAD\u00cdN -\" \/>\n<meta property=\"og:description\" content=\"*Se har\u00e1 la distribuci\u00f3n de agua en las zonas afectadas a trav\u00e9s de pipas gratuitas Redacci\u00f3n. TLALNEPANTLA, M\u00e9x.- La Comisi\u00f3n de Agua del Estado de M\u00e9xico (CAEM) inform\u00f3 que debido a labores de mantenimiento en el centro de control de motores de la Planta Potabilizadora Mad\u00edn, se suspender\u00e1 completamente la operatividad del sistema desde las [&hellip;]\" \/>\n<meta property=\"og:url\" content=\"https:\/\/continuamosmx.com\/index.php\/2024\/06\/29\/corte-de-agua-en-tlalnepantla-por-mantenimiento-en-la-planta-potabilizadora-madin\/\" \/>\n<meta property=\"article:published_time\" content=\"2024-06-29T03:08:34+00:00\" \/>\n<meta property=\"og:image\" content=\"https:\/\/continuamosmx.com\/wp-content\/uploads\/2024\/06\/IMG-20240628-WA0221.jpg\" \/>\n\t<meta property=\"og:image:width\" content=\"768\" \/>\n\t<meta property=\"og:image:height\" content=\"479\" \/>\n\t<meta property=\"og:image:type\" content=\"image\/jpeg\" \/>\n<meta name=\"author\" content=\"ContinuamosMX\" \/>\n<meta name=\"twitter:card\" content=\"summary_large_image\" \/>\n<meta name=\"twitter:label1\" content=\"Escrito por\" \/>\n\t<meta name=\"twitter:data1\" content=\"ContinuamosMX\" \/>\n\t<meta name=\"twitter:label2\" content=\"Tiempo de lectura\" \/>\n\t<meta name=\"twitter:data2\" content=\"2 minutos\" \/>\n<script type=\"application\/ld+json\" class=\"yoast-schema-graph\">{\"@context\":\"https:\\\/\\\/schema.org\",\"@graph\":[{\"@type\":\"Article\",\"@id\":\"https:\\\/\\\/continuamosmx.com\\\/index.php\\\/2024\\\/06\\\/29\\\/corte-de-agua-en-tlalnepantla-por-mantenimiento-en-la-planta-potabilizadora-madin\\\/#article\",\"isPartOf\":{\"@id\":\"https:\\\/\\\/continuamosmx.com\\\/index.php\\\/2024\\\/06\\\/29\\\/corte-de-agua-en-tlalnepantla-por-mantenimiento-en-la-planta-potabilizadora-madin\\\/\"},\"author\":{\"name\":\"ContinuamosMX\",\"@id\":\"https:\\\/\\\/continuamosmx.com\\\/#\\\/schema\\\/person\\\/597bf43bb6e9623635929d8de706669f\"},\"headline\":\"CORTE DE AGUA EN TLALNEPANTLA POR MANTENIMIENTO EN LA PLANTA POTABILIZADORA MAD\u00cdN\",\"datePublished\":\"2024-06-29T03:08:34+00:00\",\"mainEntityOfPage\":{\"@id\":\"https:\\\/\\\/continuamosmx.com\\\/index.php\\\/2024\\\/06\\\/29\\\/corte-de-agua-en-tlalnepantla-por-mantenimiento-en-la-planta-potabilizadora-madin\\\/\"},\"wordCount\":291,\"commentCount\":0,\"publisher\":{\"@id\":\"https:\\\/\\\/continuamosmx.com\\\/#organization\"},\"image\":{\"@id\":\"https:\\\/\\\/continuamosmx.com\\\/index.php\\\/2024\\\/06\\\/29\\\/corte-de-agua-en-tlalnepantla-por-mantenimiento-en-la-planta-potabilizadora-madin\\\/#primaryimage\"},\"thumbnailUrl\":\"https:\\\/\\\/continuamosmx.com\\\/wp-content\\\/uploads\\\/2024\\\/06\\\/IMG-20240628-WA0221.jpg\",\"keywords\":[\"CAEM\",\"Edomex\",\"OPDM\",\"Recorte de agua\",\"Tlalnepantla\"],\"articleSection\":[\"LOCALES\",\"TLALNEPANTLA\"],\"inLanguage\":\"es\"},{\"@type\":\"WebPage\",\"@id\":\"https:\\\/\\\/continuamosmx.com\\\/index.php\\\/2024\\\/06\\\/29\\\/corte-de-agua-en-tlalnepantla-por-mantenimiento-en-la-planta-potabilizadora-madin\\\/\",\"url\":\"https:\\\/\\\/continuamosmx.com\\\/index.php\\\/2024\\\/06\\\/29\\\/corte-de-agua-en-tlalnepantla-por-mantenimiento-en-la-planta-potabilizadora-madin\\\/\",\"name\":\"CORTE DE AGUA EN TLALNEPANTLA POR MANTENIMIENTO EN LA PLANTA POTABILIZADORA MAD\u00cdN -\",\"isPartOf\":{\"@id\":\"https:\\\/\\\/continuamosmx.com\\\/#website\"},\"primaryImageOfPage\":{\"@id\":\"https:\\\/\\\/continuamosmx.com\\\/index.php\\\/2024\\\/06\\\/29\\\/corte-de-agua-en-tlalnepantla-por-mantenimiento-en-la-planta-potabilizadora-madin\\\/#primaryimage\"},\"image\":{\"@id\":\"https:\\\/\\\/continuamosmx.com\\\/index.php\\\/2024\\\/06\\\/29\\\/corte-de-agua-en-tlalnepantla-por-mantenimiento-en-la-planta-potabilizadora-madin\\\/#primaryimage\"},\"thumbnailUrl\":\"https:\\\/\\\/continuamosmx.com\\\/wp-content\\\/uploads\\\/2024\\\/06\\\/IMG-20240628-WA0221.jpg\",\"datePublished\":\"2024-06-29T03:08:34+00:00\",\"breadcrumb\":{\"@id\":\"https:\\\/\\\/continuamosmx.com\\\/index.php\\\/2024\\\/06\\\/29\\\/corte-de-agua-en-tlalnepantla-por-mantenimiento-en-la-planta-potabilizadora-madin\\\/#breadcrumb\"},\"inLanguage\":\"es\",\"potentialAction\":[{\"@type\":\"ReadAction\",\"target\":[\"https:\\\/\\\/continuamosmx.com\\\/index.php\\\/2024\\\/06\\\/29\\\/corte-de-agua-en-tlalnepantla-por-mantenimiento-en-la-planta-potabilizadora-madin\\\/\"]}]},{\"@type\":\"ImageObject\",\"inLanguage\":\"es\",\"@id\":\"https:\\\/\\\/continuamosmx.com\\\/index.php\\\/2024\\\/06\\\/29\\\/corte-de-agua-en-tlalnepantla-por-mantenimiento-en-la-planta-potabilizadora-madin\\\/#primaryimage\",\"url\":\"https:\\\/\\\/continuamosmx.com\\\/wp-content\\\/uploads\\\/2024\\\/06\\\/IMG-20240628-WA0221.jpg\",\"contentUrl\":\"https:\\\/\\\/continuamosmx.com\\\/wp-content\\\/uploads\\\/2024\\\/06\\\/IMG-20240628-WA0221.jpg\",\"width\":768,\"height\":479},{\"@type\":\"BreadcrumbList\",\"@id\":\"https:\\\/\\\/continuamosmx.com\\\/index.php\\\/2024\\\/06\\\/29\\\/corte-de-agua-en-tlalnepantla-por-mantenimiento-en-la-planta-potabilizadora-madin\\\/#breadcrumb\",\"itemListElement\":[{\"@type\":\"ListItem\",\"position\":1,\"name\":\"Inicio\",\"item\":\"https:\\\/\\\/continuamosmx.com\\\/\"},{\"@type\":\"ListItem\",\"position\":2,\"name\":\"CORTE DE AGUA EN TLALNEPANTLA POR MANTENIMIENTO EN LA PLANTA POTABILIZADORA MAD\u00cdN\"}]},{\"@type\":\"WebSite\",\"@id\":\"https:\\\/\\\/continuamosmx.com\\\/#website\",\"url\":\"https:\\\/\\\/continuamosmx.com\\\/\",\"name\":\"www.continuamosmx.com\",\"description\":\"\",\"publisher\":{\"@id\":\"https:\\\/\\\/continuamosmx.com\\\/#organization\"},\"potentialAction\":[{\"@type\":\"SearchAction\",\"target\":{\"@type\":\"EntryPoint\",\"urlTemplate\":\"https:\\\/\\\/continuamosmx.com\\\/?s={search_term_string}\"},\"query-input\":{\"@type\":\"PropertyValueSpecification\",\"valueRequired\":true,\"valueName\":\"search_term_string\"}}],\"inLanguage\":\"es\"},{\"@type\":\"Organization\",\"@id\":\"https:\\\/\\\/continuamosmx.com\\\/#organization\",\"name\":\"ContinuamosMX\",\"url\":\"https:\\\/\\\/continuamosmx.com\\\/\",\"logo\":{\"@type\":\"ImageObject\",\"inLanguage\":\"es\",\"@id\":\"https:\\\/\\\/continuamosmx.com\\\/#\\\/schema\\\/logo\\\/image\\\/\",\"url\":\"https:\\\/\\\/continuamosmx.com\\\/wp-content\\\/uploads\\\/2023\\\/04\\\/cropped-LOGO-CONTI-NUEVO.png\",\"contentUrl\":\"https:\\\/\\\/continuamosmx.com\\\/wp-content\\\/uploads\\\/2023\\\/04\\\/cropped-LOGO-CONTI-NUEVO.png\",\"width\":1257,\"height\":430,\"caption\":\"ContinuamosMX\"},\"image\":{\"@id\":\"https:\\\/\\\/continuamosmx.com\\\/#\\\/schema\\\/logo\\\/image\\\/\"}},{\"@type\":\"Person\",\"@id\":\"https:\\\/\\\/continuamosmx.com\\\/#\\\/schema\\\/person\\\/597bf43bb6e9623635929d8de706669f\",\"name\":\"ContinuamosMX\",\"image\":{\"@type\":\"ImageObject\",\"inLanguage\":\"es\",\"@id\":\"https:\\\/\\\/secure.gravatar.com\\\/avatar\\\/559529727a6e1f51269882deb22b7cbf727c15cb0f7d75d495313386bc069382?s=96&d=mm&r=g\",\"url\":\"https:\\\/\\\/secure.gravatar.com\\\/avatar\\\/559529727a6e1f51269882deb22b7cbf727c15cb0f7d75d495313386bc069382?s=96&d=mm&r=g\",\"contentUrl\":\"https:\\\/\\\/secure.gravatar.com\\\/avatar\\\/559529727a6e1f51269882deb22b7cbf727c15cb0f7d75d495313386bc069382?s=96&d=mm&r=g\",\"caption\":\"ContinuamosMX\"},\"sameAs\":[\"http:\\\/\\\/continuamosmx.com\"],\"url\":\"https:\\\/\\\/continuamosmx.com\\\/index.php\\\/author\\\/cgbarnardhotmail-com\\\/\"}]}<\/script>\n<!-- \/ Yoast SEO plugin. -->","yoast_head_json":{"title":"CORTE DE AGUA EN TLALNEPANTLA POR MANTENIMIENTO EN LA PLANTA POTABILIZADORA MAD\u00cdN -","robots":{"index":"index","follow":"follow","max-snippet":"max-snippet:-1","max-image-preview":"max-image-preview:large","max-video-preview":"max-video-preview:-1"},"canonical":"https:\/\/continuamosmx.com\/index.php\/2024\/06\/29\/corte-de-agua-en-tlalnepantla-por-mantenimiento-en-la-planta-potabilizadora-madin\/","og_locale":"es_ES","og_type":"article","og_title":"CORTE DE AGUA EN TLALNEPANTLA POR MANTENIMIENTO EN LA PLANTA POTABILIZADORA MAD\u00cdN -","og_description":"*Se har\u00e1 la distribuci\u00f3n de agua en las zonas afectadas a trav\u00e9s de pipas gratuitas Redacci\u00f3n. TLALNEPANTLA, M\u00e9x.- La Comisi\u00f3n de Agua del Estado de M\u00e9xico (CAEM) inform\u00f3 que debido a labores de mantenimiento en el centro de control de motores de la Planta Potabilizadora Mad\u00edn, se suspender\u00e1 completamente la operatividad del sistema desde las [&hellip;]","og_url":"https:\/\/continuamosmx.com\/index.php\/2024\/06\/29\/corte-de-agua-en-tlalnepantla-por-mantenimiento-en-la-planta-potabilizadora-madin\/","article_published_time":"2024-06-29T03:08:34+00:00","og_image":[{"width":768,"height":479,"url":"https:\/\/continuamosmx.com\/wp-content\/uploads\/2024\/06\/IMG-20240628-WA0221.jpg","type":"image\/jpeg"}],"author":"ContinuamosMX","twitter_card":"summary_large_image","twitter_misc":{"Escrito por":"ContinuamosMX","Tiempo de lectura":"2 minutos"},"schema":{"@context":"https:\/\/schema.org","@graph":[{"@type":"Article","@id":"https:\/\/continuamosmx.com\/index.php\/2024\/06\/29\/corte-de-agua-en-tlalnepantla-por-mantenimiento-en-la-planta-potabilizadora-madin\/#article","isPartOf":{"@id":"https:\/\/continuamosmx.com\/index.php\/2024\/06\/29\/corte-de-agua-en-tlalnepantla-por-mantenimiento-en-la-planta-potabilizadora-madin\/"},"author":{"name":"ContinuamosMX","@id":"https:\/\/continuamosmx.com\/#\/schema\/person\/597bf43bb6e9623635929d8de706669f"},"headline":"CORTE DE AGUA EN TLALNEPANTLA POR MANTENIMIENTO EN LA PLANTA POTABILIZADORA MAD\u00cdN","datePublished":"2024-06-29T03:08:34+00:00","mainEntityOfPage":{"@id":"https:\/\/continuamosmx.com\/index.php\/2024\/06\/29\/corte-de-agua-en-tlalnepantla-por-mantenimiento-en-la-planta-potabilizadora-madin\/"},"wordCount":291,"commentCount":0,"publisher":{"@id":"https:\/\/continuamosmx.com\/#organization"},"image":{"@id":"https:\/\/continuamosmx.com\/index.php\/2024\/06\/29\/corte-de-agua-en-tlalnepantla-por-mantenimiento-en-la-planta-potabilizadora-madin\/#primaryimage"},"thumbnailUrl":"https:\/\/continuamosmx.com\/wp-content\/uploads\/2024\/06\/IMG-20240628-WA0221.jpg","keywords":["CAEM","Edomex","OPDM","Recorte de agua","Tlalnepantla"],"articleSection":["LOCALES","TLALNEPANTLA"],"inLanguage":"es"},{"@type":"WebPage","@id":"https:\/\/continuamosmx.com\/index.php\/2024\/06\/29\/corte-de-agua-en-tlalnepantla-por-mantenimiento-en-la-planta-potabilizadora-madin\/","url":"https:\/\/continuamosmx.com\/index.php\/2024\/06\/29\/corte-de-agua-en-tlalnepantla-por-mantenimiento-en-la-planta-potabilizadora-madin\/","name":"CORTE DE AGUA EN TLALNEPANTLA POR MANTENIMIENTO EN LA PLANTA POTABILIZADORA MAD\u00cdN -","isPartOf":{"@id":"https:\/\/continuamosmx.com\/#website"},"primaryImageOfPage":{"@id":"https:\/\/continuamosmx.com\/index.php\/2024\/06\/29\/corte-de-agua-en-tlalnepantla-por-mantenimiento-en-la-planta-potabilizadora-madin\/#primaryimage"},"image":{"@id":"https:\/\/continuamosmx.com\/index.php\/2024\/06\/29\/corte-de-agua-en-tlalnepantla-por-mantenimiento-en-la-planta-potabilizadora-madin\/#primaryimage"},"thumbnailUrl":"https:\/\/continuamosmx.com\/wp-content\/uploads\/2024\/06\/IMG-20240628-WA0221.jpg","datePublished":"2024-06-29T03:08:34+00:00","breadcrumb":{"@id":"https:\/\/continuamosmx.com\/index.php\/2024\/06\/29\/corte-de-agua-en-tlalnepantla-por-mantenimiento-en-la-planta-potabilizadora-madin\/#breadcrumb"},"inLanguage":"es","potentialAction":[{"@type":"ReadAction","target":["https:\/\/continuamosmx.com\/index.php\/2024\/06\/29\/corte-de-agua-en-tlalnepantla-por-mantenimiento-en-la-planta-potabilizadora-madin\/"]}]},{"@type":"ImageObject","inLanguage":"es","@id":"https:\/\/continuamosmx.com\/index.php\/2024\/06\/29\/corte-de-agua-en-tlalnepantla-por-mantenimiento-en-la-planta-potabilizadora-madin\/#primaryimage","url":"https:\/\/continuamosmx.com\/wp-content\/uploads\/2024\/06\/IMG-20240628-WA0221.jpg","contentUrl":"https:\/\/continuamosmx.com\/wp-content\/uploads\/2024\/06\/IMG-20240628-WA0221.jpg","width":768,"height":479},{"@type":"BreadcrumbList","@id":"https:\/\/continuamosmx.com\/index.php\/2024\/06\/29\/corte-de-agua-en-tlalnepantla-por-mantenimiento-en-la-planta-potabilizadora-madin\/#breadcrumb","itemListElement":[{"@type":"ListItem","position":1,"name":"Inicio","item":"https:\/\/continuamosmx.com\/"},{"@type":"ListItem","position":2,"name":"CORTE DE AGUA EN TLALNEPANTLA POR MANTENIMIENTO EN LA PLANTA POTABILIZADORA MAD\u00cdN"}]},{"@type":"WebSite","@id":"https:\/\/continuamosmx.com\/#website","url":"https:\/\/continuamosmx.com\/","name":"www.continuamosmx.com","description":"","publisher":{"@id":"https:\/\/continuamosmx.com\/#organization"},"potentialAction":[{"@type":"SearchAction","target":{"@type":"EntryPoint","urlTemplate":"https:\/\/continuamosmx.com\/?s={search_term_string}"},"query-input":{"@type":"PropertyValueSpecification","valueRequired":true,"valueName":"search_term_string"}}],"inLanguage":"es"},{"@type":"Organization","@id":"https:\/\/continuamosmx.com\/#organization","name":"ContinuamosMX","url":"https:\/\/continuamosmx.com\/","logo":{"@type":"ImageObject","inLanguage":"es","@id":"https:\/\/continuamosmx.com\/#\/schema\/logo\/image\/","url":"https:\/\/continuamosmx.com\/wp-content\/uploads\/2023\/04\/cropped-LOGO-CONTI-NUEVO.png","contentUrl":"https:\/\/continuamosmx.com\/wp-content\/uploads\/2023\/04\/cropped-LOGO-CONTI-NUEVO.png","width":1257,"height":430,"caption":"ContinuamosMX"},"image":{"@id":"https:\/\/continuamosmx.com\/#\/schema\/logo\/image\/"}},{"@type":"Person","@id":"https:\/\/continuamosmx.com\/#\/schema\/person\/597bf43bb6e9623635929d8de706669f","name":"ContinuamosMX","image":{"@type":"ImageObject","inLanguage":"es","@id":"https:\/\/secure.gravatar.com\/avatar\/559529727a6e1f51269882deb22b7cbf727c15cb0f7d75d495313386bc069382?s=96&d=mm&r=g","url":"https:\/\/secure.gravatar.com\/avatar\/559529727a6e1f51269882deb22b7cbf727c15cb0f7d75d495313386bc069382?s=96&d=mm&r=g","contentUrl":"https:\/\/secure.gravatar.com\/avatar\/559529727a6e1f51269882deb22b7cbf727c15cb0f7d75d495313386bc069382?s=96&d=mm&r=g","caption":"ContinuamosMX"},"sameAs":["http:\/\/continuamosmx.com"],"url":"https:\/\/continuamosmx.com\/index.php\/author\/cgbarnardhotmail-com\/"}]}},"_links":{"self":[{"href":"https:\/\/continuamosmx.com\/index.php\/wp-json\/wp\/v2\/posts\/47513","targetHints":{"allow":["GET"]}}],"collection":[{"href":"https:\/\/continuamosmx.com\/index.php\/wp-json\/wp\/v2\/posts"}],"about":[{"href":"https:\/\/continuamosmx.com\/index.php\/wp-json\/wp\/v2\/types\/post"}],"author":[{"embeddable":true,"href":"https:\/\/continuamosmx.com\/index.php\/wp-json\/wp\/v2\/users\/1"}],"replies":[{"embeddable":true,"href":"https:\/\/continuamosmx.com\/index.php\/wp-json\/wp\/v2\/comments?post=47513"}],"version-history":[{"count":1,"href":"https:\/\/continuamosmx.com\/index.php\/wp-json\/wp\/v2\/posts\/47513\/revisions"}],"predecessor-version":[{"id":47515,"href":"https:\/\/continuamosmx.com\/index.php\/wp-json\/wp\/v2\/posts\/47513\/revisions\/47515"}],"wp:featuredmedia":[{"embeddable":true,"href":"https:\/\/continuamosmx.com\/index.php\/wp-json\/wp\/v2\/media\/47514"}],"wp:attachment":[{"href":"https:\/\/continuamosmx.com\/index.php\/wp-json\/wp\/v2\/media?parent=47513"}],"wp:term":[{"taxonomy":"category","embeddable":true,"href":"https:\/\/continuamosmx.com\/index.php\/wp-json\/wp\/v2\/categories?post=47513"},{"taxonomy":"post_tag","embeddable":true,"href":"https:\/\/continuamosmx.com\/index.php\/wp-json\/wp\/v2\/tags?post=47513"}],"curies":[{"name":"wp","href":"https:\/\/api.w.org\/{rel}","templated":true}]}}