{"id":47407,"date":"2024-06-14T06:50:35","date_gmt":"2024-06-14T06:50:35","guid":{"rendered":"https:\/\/continuamosmx.com\/?p=47407"},"modified":"2024-06-14T06:50:36","modified_gmt":"2024-06-14T06:50:36","slug":"gobierno-de-acolman-promueve-decalogo-para-atender-el-maltrato-animal","status":"publish","type":"post","link":"https:\/\/continuamosmx.com\/index.php\/2024\/06\/14\/gobierno-de-acolman-promueve-decalogo-para-atender-el-maltrato-animal\/","title":{"rendered":"GOBIERNO DE ACOLMAN PROMUEVE DEC\u00c1LOGO PARA ATENDER El MALTRATO ANIMAL"},"content":{"rendered":"\n<p>*<strong>Trabajar\u00edan con el gobierno de la gobernadora Delfina G\u00f3mez y hacer conciencia<\/strong><\/p>\n\n\n\n<p>REDACCI\u00d3N<\/p>\n\n\n\n<p>ACOLMAN, M\u00e9x.- En un esfuerzo por combatir el maltrato animal en Acolman, el gobierno municipal ha anunciado la implementaci\u00f3n del Dec\u00e1logo de Acciones para la Atenci\u00f3n del Maltrato Animal.<\/p>\n\n\n\n<p>Esta iniciativa, impulsada por la gobernadora del Estado de M\u00e9xico, Delfina G\u00f3mez \u00c1lvarez, ser\u00e1 difundida a trav\u00e9s de foros organizados por autoridades auxiliares para concienciar a la sociedad Acolmense.<\/p>\n\n\n\n<p>El anuncio se produjo durante la D\u00e9cima Quinta Sesi\u00f3n Ordinaria del Consejo de Seguridad P\u00fablica Municipal, en la que particip\u00f3 el edil de Acolman, Rigoberto Cortes Melgoza, acompa\u00f1ado por representantes de la fiscal\u00eda del Estado de M\u00e9xico, la Secretar\u00eda de Seguridad del Estado de M\u00e9xico, la Guardia Nacional y la Preceptor\u00eda Juvenil. La sesi\u00f3n tuvo lugar en el sal\u00f3n 5 de la Casa de Cultura Zona Norte, donde se discutieron resultados en materia de seguridad y se escucharon los planteamientos de representantes vecinales.<\/p>\n\n\n\n<p>El Dec\u00e1logo de Acciones para la Atenci\u00f3n del Maltrato Animal fue lanzado por la gobernadora Delfina G\u00f3mez \u00c1lvarez el pasado 17 de octubre de 2023 en San Mart\u00edn de las Pir\u00e1mides. Este conjunto de acciones busca abordar de manera integral el problema del maltrato animal, el cual ha generado una creciente preocupaci\u00f3n en la entidad.<\/p>\n\n\n\n<p>Durante la sesi\u00f3n, Rigoberto Cortes Melgoza inst\u00f3 a los presentes a cumplir plenamente con los acuerdos establecidos para mejorar la seguridad y bienestar animal en el municipio. Se destac\u00f3 que la Procuradur\u00eda de Protecci\u00f3n al Ambiente del Estado de M\u00e9xico (PROPAEM) recibe mensualmente entre 80 y 100 denuncias por maltrato animal, de las cuales el 90% corresponde a agresiones contra perros, el 5% a felinos, el 4% a equinos y el 1% a otras especies.<\/p>\n\n\n\n<p>Adicionalmente, las autoridades de los tres niveles de gobierno en materia de seguridad p\u00fablica fueron instruidas para continuar con operativos disuasivos en colonias, comunidades y pueblos del municipio, con el objetivo de reducir actos delictivos y proteger a los animales.<\/p>\n\n\n\n<p>El gobierno municipal de Acolman reafirma su compromiso con la seguridad y el bienestar animal, promoviendo la responsabilidad y el respeto hacia todas las especies que conviven en el municipio.<\/p>\n","protected":false},"excerpt":{"rendered":"<p>*Trabajar\u00edan con el gobierno de la gobernadora Delfina G\u00f3mez y hacer conciencia REDACCI\u00d3N ACOLMAN, M\u00e9x.- En un esfuerzo por combatir el maltrato animal en Acolman, el gobierno municipal ha anunciado la implementaci\u00f3n del Dec\u00e1logo de Acciones para la Atenci\u00f3n del Maltrato Animal. Esta iniciativa, impulsada por la gobernadora del Estado de M\u00e9xico, Delfina G\u00f3mez \u00c1lvarez, [&hellip;]<\/p>\n","protected":false},"author":6,"featured_media":47408,"comment_status":"open","ping_status":"open","sticky":false,"template":"","format":"standard","meta":{"footnotes":""},"categories":[13,4],"tags":[],"class_list":["post-47407","post","type-post","status-publish","format-standard","has-post-thumbnail","hentry","category-acolman","category-locales"],"yoast_head":"<!-- This site is optimized with the Yoast SEO plugin v27.5 - https:\/\/yoast.com\/product\/yoast-seo-wordpress\/ -->\n<title>GOBIERNO DE ACOLMAN PROMUEVE DEC\u00c1LOGO PARA ATENDER El MALTRATO ANIMAL -<\/title>\n<meta name=\"robots\" content=\"index, follow, max-snippet:-1, max-image-preview:large, max-video-preview:-1\" \/>\n<link rel=\"canonical\" href=\"https:\/\/continuamosmx.com\/index.php\/2024\/06\/14\/gobierno-de-acolman-promueve-decalogo-para-atender-el-maltrato-animal\/\" \/>\n<meta property=\"og:locale\" content=\"es_ES\" \/>\n<meta property=\"og:type\" content=\"article\" \/>\n<meta property=\"og:title\" content=\"GOBIERNO DE ACOLMAN PROMUEVE DEC\u00c1LOGO PARA ATENDER El MALTRATO ANIMAL -\" \/>\n<meta property=\"og:description\" content=\"*Trabajar\u00edan con el gobierno de la gobernadora Delfina G\u00f3mez y hacer conciencia REDACCI\u00d3N ACOLMAN, M\u00e9x.- En un esfuerzo por combatir el maltrato animal en Acolman, el gobierno municipal ha anunciado la implementaci\u00f3n del Dec\u00e1logo de Acciones para la Atenci\u00f3n del Maltrato Animal. Esta iniciativa, impulsada por la gobernadora del Estado de M\u00e9xico, Delfina G\u00f3mez \u00c1lvarez, [&hellip;]\" \/>\n<meta property=\"og:url\" content=\"https:\/\/continuamosmx.com\/index.php\/2024\/06\/14\/gobierno-de-acolman-promueve-decalogo-para-atender-el-maltrato-animal\/\" \/>\n<meta property=\"article:published_time\" content=\"2024-06-14T06:50:35+00:00\" \/>\n<meta property=\"article:modified_time\" content=\"2024-06-14T06:50:36+00:00\" \/>\n<meta property=\"og:image\" content=\"https:\/\/continuamosmx.com\/wp-content\/uploads\/2024\/06\/foros.jpg\" \/>\n\t<meta property=\"og:image:width\" content=\"1600\" \/>\n\t<meta property=\"og:image:height\" content=\"963\" \/>\n\t<meta property=\"og:image:type\" content=\"image\/jpeg\" \/>\n<meta name=\"author\" content=\"Continuamos MX\" \/>\n<meta name=\"twitter:card\" content=\"summary_large_image\" \/>\n<meta name=\"twitter:label1\" content=\"Escrito por\" \/>\n\t<meta name=\"twitter:data1\" content=\"Continuamos MX\" \/>\n\t<meta name=\"twitter:label2\" content=\"Tiempo de lectura\" \/>\n\t<meta name=\"twitter:data2\" content=\"2 minutos\" \/>\n<script type=\"application\/ld+json\" class=\"yoast-schema-graph\">{\"@context\":\"https:\\\/\\\/schema.org\",\"@graph\":[{\"@type\":\"Article\",\"@id\":\"https:\\\/\\\/continuamosmx.com\\\/index.php\\\/2024\\\/06\\\/14\\\/gobierno-de-acolman-promueve-decalogo-para-atender-el-maltrato-animal\\\/#article\",\"isPartOf\":{\"@id\":\"https:\\\/\\\/continuamosmx.com\\\/index.php\\\/2024\\\/06\\\/14\\\/gobierno-de-acolman-promueve-decalogo-para-atender-el-maltrato-animal\\\/\"},\"author\":{\"name\":\"Continuamos MX\",\"@id\":\"https:\\\/\\\/continuamosmx.com\\\/#\\\/schema\\\/person\\\/5eb5356acb1fad784da407d14f0e8d89\"},\"headline\":\"GOBIERNO DE ACOLMAN PROMUEVE DEC\u00c1LOGO PARA ATENDER El MALTRATO ANIMAL\",\"datePublished\":\"2024-06-14T06:50:35+00:00\",\"dateModified\":\"2024-06-14T06:50:36+00:00\",\"mainEntityOfPage\":{\"@id\":\"https:\\\/\\\/continuamosmx.com\\\/index.php\\\/2024\\\/06\\\/14\\\/gobierno-de-acolman-promueve-decalogo-para-atender-el-maltrato-animal\\\/\"},\"wordCount\":389,\"commentCount\":0,\"publisher\":{\"@id\":\"https:\\\/\\\/continuamosmx.com\\\/#organization\"},\"image\":{\"@id\":\"https:\\\/\\\/continuamosmx.com\\\/index.php\\\/2024\\\/06\\\/14\\\/gobierno-de-acolman-promueve-decalogo-para-atender-el-maltrato-animal\\\/#primaryimage\"},\"thumbnailUrl\":\"https:\\\/\\\/continuamosmx.com\\\/wp-content\\\/uploads\\\/2024\\\/06\\\/foros.jpg\",\"articleSection\":[\"ACOLMAN\",\"LOCALES\"],\"inLanguage\":\"es\"},{\"@type\":\"WebPage\",\"@id\":\"https:\\\/\\\/continuamosmx.com\\\/index.php\\\/2024\\\/06\\\/14\\\/gobierno-de-acolman-promueve-decalogo-para-atender-el-maltrato-animal\\\/\",\"url\":\"https:\\\/\\\/continuamosmx.com\\\/index.php\\\/2024\\\/06\\\/14\\\/gobierno-de-acolman-promueve-decalogo-para-atender-el-maltrato-animal\\\/\",\"name\":\"GOBIERNO DE ACOLMAN PROMUEVE DEC\u00c1LOGO PARA ATENDER El MALTRATO ANIMAL -\",\"isPartOf\":{\"@id\":\"https:\\\/\\\/continuamosmx.com\\\/#website\"},\"primaryImageOfPage\":{\"@id\":\"https:\\\/\\\/continuamosmx.com\\\/index.php\\\/2024\\\/06\\\/14\\\/gobierno-de-acolman-promueve-decalogo-para-atender-el-maltrato-animal\\\/#primaryimage\"},\"image\":{\"@id\":\"https:\\\/\\\/continuamosmx.com\\\/index.php\\\/2024\\\/06\\\/14\\\/gobierno-de-acolman-promueve-decalogo-para-atender-el-maltrato-animal\\\/#primaryimage\"},\"thumbnailUrl\":\"https:\\\/\\\/continuamosmx.com\\\/wp-content\\\/uploads\\\/2024\\\/06\\\/foros.jpg\",\"datePublished\":\"2024-06-14T06:50:35+00:00\",\"dateModified\":\"2024-06-14T06:50:36+00:00\",\"breadcrumb\":{\"@id\":\"https:\\\/\\\/continuamosmx.com\\\/index.php\\\/2024\\\/06\\\/14\\\/gobierno-de-acolman-promueve-decalogo-para-atender-el-maltrato-animal\\\/#breadcrumb\"},\"inLanguage\":\"es\",\"potentialAction\":[{\"@type\":\"ReadAction\",\"target\":[\"https:\\\/\\\/continuamosmx.com\\\/index.php\\\/2024\\\/06\\\/14\\\/gobierno-de-acolman-promueve-decalogo-para-atender-el-maltrato-animal\\\/\"]}]},{\"@type\":\"ImageObject\",\"inLanguage\":\"es\",\"@id\":\"https:\\\/\\\/continuamosmx.com\\\/index.php\\\/2024\\\/06\\\/14\\\/gobierno-de-acolman-promueve-decalogo-para-atender-el-maltrato-animal\\\/#primaryimage\",\"url\":\"https:\\\/\\\/continuamosmx.com\\\/wp-content\\\/uploads\\\/2024\\\/06\\\/foros.jpg\",\"contentUrl\":\"https:\\\/\\\/continuamosmx.com\\\/wp-content\\\/uploads\\\/2024\\\/06\\\/foros.jpg\",\"width\":1600,\"height\":963},{\"@type\":\"BreadcrumbList\",\"@id\":\"https:\\\/\\\/continuamosmx.com\\\/index.php\\\/2024\\\/06\\\/14\\\/gobierno-de-acolman-promueve-decalogo-para-atender-el-maltrato-animal\\\/#breadcrumb\",\"itemListElement\":[{\"@type\":\"ListItem\",\"position\":1,\"name\":\"Inicio\",\"item\":\"https:\\\/\\\/continuamosmx.com\\\/\"},{\"@type\":\"ListItem\",\"position\":2,\"name\":\"GOBIERNO DE ACOLMAN PROMUEVE DEC\u00c1LOGO PARA ATENDER El MALTRATO ANIMAL\"}]},{\"@type\":\"WebSite\",\"@id\":\"https:\\\/\\\/continuamosmx.com\\\/#website\",\"url\":\"https:\\\/\\\/continuamosmx.com\\\/\",\"name\":\"www.continuamosmx.com\",\"description\":\"\",\"publisher\":{\"@id\":\"https:\\\/\\\/continuamosmx.com\\\/#organization\"},\"potentialAction\":[{\"@type\":\"SearchAction\",\"target\":{\"@type\":\"EntryPoint\",\"urlTemplate\":\"https:\\\/\\\/continuamosmx.com\\\/?s={search_term_string}\"},\"query-input\":{\"@type\":\"PropertyValueSpecification\",\"valueRequired\":true,\"valueName\":\"search_term_string\"}}],\"inLanguage\":\"es\"},{\"@type\":\"Organization\",\"@id\":\"https:\\\/\\\/continuamosmx.com\\\/#organization\",\"name\":\"ContinuamosMX\",\"url\":\"https:\\\/\\\/continuamosmx.com\\\/\",\"logo\":{\"@type\":\"ImageObject\",\"inLanguage\":\"es\",\"@id\":\"https:\\\/\\\/continuamosmx.com\\\/#\\\/schema\\\/logo\\\/image\\\/\",\"url\":\"https:\\\/\\\/continuamosmx.com\\\/wp-content\\\/uploads\\\/2023\\\/04\\\/cropped-LOGO-CONTI-NUEVO.png\",\"contentUrl\":\"https:\\\/\\\/continuamosmx.com\\\/wp-content\\\/uploads\\\/2023\\\/04\\\/cropped-LOGO-CONTI-NUEVO.png\",\"width\":1257,\"height\":430,\"caption\":\"ContinuamosMX\"},\"image\":{\"@id\":\"https:\\\/\\\/continuamosmx.com\\\/#\\\/schema\\\/logo\\\/image\\\/\"}},{\"@type\":\"Person\",\"@id\":\"https:\\\/\\\/continuamosmx.com\\\/#\\\/schema\\\/person\\\/5eb5356acb1fad784da407d14f0e8d89\",\"name\":\"Continuamos MX\",\"image\":{\"@type\":\"ImageObject\",\"inLanguage\":\"es\",\"@id\":\"https:\\\/\\\/secure.gravatar.com\\\/avatar\\\/30d4f9723476a15f4da34d35fb3501f08d2357016c76051c6a85c354c7489589?s=96&d=mm&r=g\",\"url\":\"https:\\\/\\\/secure.gravatar.com\\\/avatar\\\/30d4f9723476a15f4da34d35fb3501f08d2357016c76051c6a85c354c7489589?s=96&d=mm&r=g\",\"contentUrl\":\"https:\\\/\\\/secure.gravatar.com\\\/avatar\\\/30d4f9723476a15f4da34d35fb3501f08d2357016c76051c6a85c354c7489589?s=96&d=mm&r=g\",\"caption\":\"Continuamos MX\"},\"sameAs\":[\"http:\\\/\\\/www.continuamos.mx\"],\"url\":\"https:\\\/\\\/continuamosmx.com\\\/index.php\\\/author\\\/continuamos\\\/\"}]}<\/script>\n<!-- \/ Yoast SEO plugin. -->","yoast_head_json":{"title":"GOBIERNO DE ACOLMAN PROMUEVE DEC\u00c1LOGO PARA ATENDER El MALTRATO ANIMAL -","robots":{"index":"index","follow":"follow","max-snippet":"max-snippet:-1","max-image-preview":"max-image-preview:large","max-video-preview":"max-video-preview:-1"},"canonical":"https:\/\/continuamosmx.com\/index.php\/2024\/06\/14\/gobierno-de-acolman-promueve-decalogo-para-atender-el-maltrato-animal\/","og_locale":"es_ES","og_type":"article","og_title":"GOBIERNO DE ACOLMAN PROMUEVE DEC\u00c1LOGO PARA ATENDER El MALTRATO ANIMAL -","og_description":"*Trabajar\u00edan con el gobierno de la gobernadora Delfina G\u00f3mez y hacer conciencia REDACCI\u00d3N ACOLMAN, M\u00e9x.- En un esfuerzo por combatir el maltrato animal en Acolman, el gobierno municipal ha anunciado la implementaci\u00f3n del Dec\u00e1logo de Acciones para la Atenci\u00f3n del Maltrato Animal. Esta iniciativa, impulsada por la gobernadora del Estado de M\u00e9xico, Delfina G\u00f3mez \u00c1lvarez, [&hellip;]","og_url":"https:\/\/continuamosmx.com\/index.php\/2024\/06\/14\/gobierno-de-acolman-promueve-decalogo-para-atender-el-maltrato-animal\/","article_published_time":"2024-06-14T06:50:35+00:00","article_modified_time":"2024-06-14T06:50:36+00:00","og_image":[{"width":1600,"height":963,"url":"https:\/\/continuamosmx.com\/wp-content\/uploads\/2024\/06\/foros.jpg","type":"image\/jpeg"}],"author":"Continuamos MX","twitter_card":"summary_large_image","twitter_misc":{"Escrito por":"Continuamos MX","Tiempo de lectura":"2 minutos"},"schema":{"@context":"https:\/\/schema.org","@graph":[{"@type":"Article","@id":"https:\/\/continuamosmx.com\/index.php\/2024\/06\/14\/gobierno-de-acolman-promueve-decalogo-para-atender-el-maltrato-animal\/#article","isPartOf":{"@id":"https:\/\/continuamosmx.com\/index.php\/2024\/06\/14\/gobierno-de-acolman-promueve-decalogo-para-atender-el-maltrato-animal\/"},"author":{"name":"Continuamos MX","@id":"https:\/\/continuamosmx.com\/#\/schema\/person\/5eb5356acb1fad784da407d14f0e8d89"},"headline":"GOBIERNO DE ACOLMAN PROMUEVE DEC\u00c1LOGO PARA ATENDER El MALTRATO ANIMAL","datePublished":"2024-06-14T06:50:35+00:00","dateModified":"2024-06-14T06:50:36+00:00","mainEntityOfPage":{"@id":"https:\/\/continuamosmx.com\/index.php\/2024\/06\/14\/gobierno-de-acolman-promueve-decalogo-para-atender-el-maltrato-animal\/"},"wordCount":389,"commentCount":0,"publisher":{"@id":"https:\/\/continuamosmx.com\/#organization"},"image":{"@id":"https:\/\/continuamosmx.com\/index.php\/2024\/06\/14\/gobierno-de-acolman-promueve-decalogo-para-atender-el-maltrato-animal\/#primaryimage"},"thumbnailUrl":"https:\/\/continuamosmx.com\/wp-content\/uploads\/2024\/06\/foros.jpg","articleSection":["ACOLMAN","LOCALES"],"inLanguage":"es"},{"@type":"WebPage","@id":"https:\/\/continuamosmx.com\/index.php\/2024\/06\/14\/gobierno-de-acolman-promueve-decalogo-para-atender-el-maltrato-animal\/","url":"https:\/\/continuamosmx.com\/index.php\/2024\/06\/14\/gobierno-de-acolman-promueve-decalogo-para-atender-el-maltrato-animal\/","name":"GOBIERNO DE ACOLMAN PROMUEVE DEC\u00c1LOGO PARA ATENDER El MALTRATO ANIMAL -","isPartOf":{"@id":"https:\/\/continuamosmx.com\/#website"},"primaryImageOfPage":{"@id":"https:\/\/continuamosmx.com\/index.php\/2024\/06\/14\/gobierno-de-acolman-promueve-decalogo-para-atender-el-maltrato-animal\/#primaryimage"},"image":{"@id":"https:\/\/continuamosmx.com\/index.php\/2024\/06\/14\/gobierno-de-acolman-promueve-decalogo-para-atender-el-maltrato-animal\/#primaryimage"},"thumbnailUrl":"https:\/\/continuamosmx.com\/wp-content\/uploads\/2024\/06\/foros.jpg","datePublished":"2024-06-14T06:50:35+00:00","dateModified":"2024-06-14T06:50:36+00:00","breadcrumb":{"@id":"https:\/\/continuamosmx.com\/index.php\/2024\/06\/14\/gobierno-de-acolman-promueve-decalogo-para-atender-el-maltrato-animal\/#breadcrumb"},"inLanguage":"es","potentialAction":[{"@type":"ReadAction","target":["https:\/\/continuamosmx.com\/index.php\/2024\/06\/14\/gobierno-de-acolman-promueve-decalogo-para-atender-el-maltrato-animal\/"]}]},{"@type":"ImageObject","inLanguage":"es","@id":"https:\/\/continuamosmx.com\/index.php\/2024\/06\/14\/gobierno-de-acolman-promueve-decalogo-para-atender-el-maltrato-animal\/#primaryimage","url":"https:\/\/continuamosmx.com\/wp-content\/uploads\/2024\/06\/foros.jpg","contentUrl":"https:\/\/continuamosmx.com\/wp-content\/uploads\/2024\/06\/foros.jpg","width":1600,"height":963},{"@type":"BreadcrumbList","@id":"https:\/\/continuamosmx.com\/index.php\/2024\/06\/14\/gobierno-de-acolman-promueve-decalogo-para-atender-el-maltrato-animal\/#breadcrumb","itemListElement":[{"@type":"ListItem","position":1,"name":"Inicio","item":"https:\/\/continuamosmx.com\/"},{"@type":"ListItem","position":2,"name":"GOBIERNO DE ACOLMAN PROMUEVE DEC\u00c1LOGO PARA ATENDER El MALTRATO ANIMAL"}]},{"@type":"WebSite","@id":"https:\/\/continuamosmx.com\/#website","url":"https:\/\/continuamosmx.com\/","name":"www.continuamosmx.com","description":"","publisher":{"@id":"https:\/\/continuamosmx.com\/#organization"},"potentialAction":[{"@type":"SearchAction","target":{"@type":"EntryPoint","urlTemplate":"https:\/\/continuamosmx.com\/?s={search_term_string}"},"query-input":{"@type":"PropertyValueSpecification","valueRequired":true,"valueName":"search_term_string"}}],"inLanguage":"es"},{"@type":"Organization","@id":"https:\/\/continuamosmx.com\/#organization","name":"ContinuamosMX","url":"https:\/\/continuamosmx.com\/","logo":{"@type":"ImageObject","inLanguage":"es","@id":"https:\/\/continuamosmx.com\/#\/schema\/logo\/image\/","url":"https:\/\/continuamosmx.com\/wp-content\/uploads\/2023\/04\/cropped-LOGO-CONTI-NUEVO.png","contentUrl":"https:\/\/continuamosmx.com\/wp-content\/uploads\/2023\/04\/cropped-LOGO-CONTI-NUEVO.png","width":1257,"height":430,"caption":"ContinuamosMX"},"image":{"@id":"https:\/\/continuamosmx.com\/#\/schema\/logo\/image\/"}},{"@type":"Person","@id":"https:\/\/continuamosmx.com\/#\/schema\/person\/5eb5356acb1fad784da407d14f0e8d89","name":"Continuamos MX","image":{"@type":"ImageObject","inLanguage":"es","@id":"https:\/\/secure.gravatar.com\/avatar\/30d4f9723476a15f4da34d35fb3501f08d2357016c76051c6a85c354c7489589?s=96&d=mm&r=g","url":"https:\/\/secure.gravatar.com\/avatar\/30d4f9723476a15f4da34d35fb3501f08d2357016c76051c6a85c354c7489589?s=96&d=mm&r=g","contentUrl":"https:\/\/secure.gravatar.com\/avatar\/30d4f9723476a15f4da34d35fb3501f08d2357016c76051c6a85c354c7489589?s=96&d=mm&r=g","caption":"Continuamos MX"},"sameAs":["http:\/\/www.continuamos.mx"],"url":"https:\/\/continuamosmx.com\/index.php\/author\/continuamos\/"}]}},"_links":{"self":[{"href":"https:\/\/continuamosmx.com\/index.php\/wp-json\/wp\/v2\/posts\/47407","targetHints":{"allow":["GET"]}}],"collection":[{"href":"https:\/\/continuamosmx.com\/index.php\/wp-json\/wp\/v2\/posts"}],"about":[{"href":"https:\/\/continuamosmx.com\/index.php\/wp-json\/wp\/v2\/types\/post"}],"author":[{"embeddable":true,"href":"https:\/\/continuamosmx.com\/index.php\/wp-json\/wp\/v2\/users\/6"}],"replies":[{"embeddable":true,"href":"https:\/\/continuamosmx.com\/index.php\/wp-json\/wp\/v2\/comments?post=47407"}],"version-history":[{"count":1,"href":"https:\/\/continuamosmx.com\/index.php\/wp-json\/wp\/v2\/posts\/47407\/revisions"}],"predecessor-version":[{"id":47409,"href":"https:\/\/continuamosmx.com\/index.php\/wp-json\/wp\/v2\/posts\/47407\/revisions\/47409"}],"wp:featuredmedia":[{"embeddable":true,"href":"https:\/\/continuamosmx.com\/index.php\/wp-json\/wp\/v2\/media\/47408"}],"wp:attachment":[{"href":"https:\/\/continuamosmx.com\/index.php\/wp-json\/wp\/v2\/media?parent=47407"}],"wp:term":[{"taxonomy":"category","embeddable":true,"href":"https:\/\/continuamosmx.com\/index.php\/wp-json\/wp\/v2\/categories?post=47407"},{"taxonomy":"post_tag","embeddable":true,"href":"https:\/\/continuamosmx.com\/index.php\/wp-json\/wp\/v2\/tags?post=47407"}],"curies":[{"name":"wp","href":"https:\/\/api.w.org\/{rel}","templated":true}]}}