{"id":47316,"date":"2024-06-04T01:45:46","date_gmt":"2024-06-04T01:45:46","guid":{"rendered":"https:\/\/continuamosmx.com\/?p=47316"},"modified":"2024-06-04T01:45:46","modified_gmt":"2024-06-04T01:45:46","slug":"pedro-rodriguez-logra-la-reeleccion-con-triunfo-historico","status":"publish","type":"post","link":"https:\/\/continuamosmx.com\/index.php\/2024\/06\/04\/pedro-rodriguez-logra-la-reeleccion-con-triunfo-historico\/","title":{"rendered":"PEDRO RODR\u00cdGUEZ LOGRA LA REELECCI\u00d3N CON TRIUNFO HIST\u00d3RICO"},"content":{"rendered":"\n<p>*El panista logr\u00f3 una votaci\u00f3n con casi 140 mil sufragios (52%).<\/p>\n\n\n\n<p>Redacci\u00f3n.<\/p>\n\n\n\n<p>ATIZAP\u00c1N, M\u00e9x.- Con el 96.7% de las actas capturadas a trav\u00e9s del Programa de Resultados Electorales Preliminares (PREP) del Instituto Electoral del Estado de M\u00e9xico (IEEM), Pedro Rodr\u00edguez Villegas, candidato de la coalici\u00f3n \u201cFuerza y Coraz\u00f3n por el Estado de M\u00e9xico\u201d, ha obtenido una victoria contundente en las elecciones municipales, convirti\u00e9ndose en el Presidente Municipal electo m\u00e1s votado en la historia de Atizap\u00e1n de Zaragoza con casi 140 mil sufragios (52%).<\/p>\n\n\n\n<p>Este triunfo lo convierte tambi\u00e9n en el primero en reelegirse y en gobernar el municipio en tres periodos distintos.<\/p>\n\n\n\n<p>Representando a los partidos Acci\u00f3n Nacional (PAN), Revolucionario Institucional (PRI), de la Revoluci\u00f3n Democr\u00e1tica (PRD) y Nueva Alianza Estado de M\u00e9xico, Rodr\u00edguez Villegas encabezar\u00e1 el Ayuntamiento para el per\u00edodo 2025-2027, marcando su tercera administraci\u00f3n tras haber gobernado en los periodos 2013-2015 y 2022-2024.<\/p>\n\n\n\n<p>En una conferencia de prensa y en el festejo posterior a su victoria, el Presidente Municipal electo agradeci\u00f3 a los ciudadanos de Atizap\u00e1n por su apoyo.<\/p>\n\n\n\n<p>\u201cGracias a las y los atizapenses por confiar nuevamente en Pedro Rodr\u00edguez, saben que soy un hombre de resultados, un hombre de compromisos, un hombre que no les ha fallado. Gracias por darme esta oportunidad, gracias a todas y todos que me permitieron alcanzar este sue\u00f1o\u201d, expres\u00f3 visiblemente emocionado junto a su esposa, Patricia Ar\u00e9valo Rubio.<\/p>\n\n\n\n<p>Rodr\u00edguez Villegas record\u00f3 sus 26 a\u00f1os de lucha social y el esfuerzo dedicado para mejorar la calidad de vida de los atizapenses. Prometi\u00f3 continuar trabajando arduamente para que Atizap\u00e1n siga creciendo y se convierta en el mejor municipio del Estado de M\u00e9xico.<\/p>\n\n\n\n<p>\u201cHar\u00e9 mi m\u00e1ximo esfuerzo para hacer que Atizap\u00e1n siga creciendo, que se convierta en el mejor municipio del Estado de M\u00e9xico y que los atizapenses nos sintamos orgullosos de esta tierra de Aguas Blancas\u201d, afirm\u00f3.<\/p>\n\n\n\n<p>En su discurso, Rodr\u00edguez Villegas llam\u00f3 a la ciudadan\u00eda a trabajar unida para modernizar y mejorar el municipio.<\/p>\n\n\n\n<p>\u201cEste Gobierno no distingue a gente de diferentes partidos, es un Gobierno ciudadano, vamos a gobernar para todos por igual, sin distingo de ninguna creencia ideol\u00f3gica. Hoy vamos por todos los atizapenses, quiero que nos sumemos, que sumemos esfuerzos, lo he dicho siempre, que cuando nos unimos, damos mejores resultados\u201d, enfatiz\u00f3.<\/p>\n\n\n\n<p>Con su reelecci\u00f3n, Pedro Rodr\u00edguez Villegas se consolida como una figura hist\u00f3rica en Atizap\u00e1n de Zaragoza, siendo el \u00fanico Alcalde en gobernar en tres administraciones distintas y el primero en reelegirse como gobernante del municipio.<\/p>\n","protected":false},"excerpt":{"rendered":"<p>*El panista logr\u00f3 una votaci\u00f3n con casi 140 mil sufragios (52%). Redacci\u00f3n. ATIZAP\u00c1N, M\u00e9x.- Con el 96.7% de las actas capturadas a trav\u00e9s del Programa de Resultados Electorales Preliminares (PREP) del Instituto Electoral del Estado de M\u00e9xico (IEEM), Pedro Rodr\u00edguez Villegas, candidato de la coalici\u00f3n \u201cFuerza y Coraz\u00f3n por el Estado de M\u00e9xico\u201d, ha obtenido [&hellip;]<\/p>\n","protected":false},"author":1,"featured_media":47317,"comment_status":"open","ping_status":"open","sticky":false,"template":"","format":"standard","meta":{"footnotes":""},"categories":[29,121],"tags":[81,115,80,177],"class_list":["post-47316","post","type-post","status-publish","format-standard","has-post-thumbnail","hentry","category-cuautitlan","category-elecciones-2024","tag-atizapan","tag-eleccion-2024","tag-pedro-rodriguez","tag-reeleccion"],"yoast_head":"<!-- This site is optimized with the Yoast SEO plugin v27.4 - https:\/\/yoast.com\/product\/yoast-seo-wordpress\/ -->\n<title>PEDRO RODR\u00cdGUEZ LOGRA LA REELECCI\u00d3N CON TRIUNFO HIST\u00d3RICO -<\/title>\n<meta name=\"robots\" content=\"index, follow, max-snippet:-1, max-image-preview:large, max-video-preview:-1\" \/>\n<link rel=\"canonical\" href=\"https:\/\/continuamosmx.com\/index.php\/2024\/06\/04\/pedro-rodriguez-logra-la-reeleccion-con-triunfo-historico\/\" \/>\n<meta property=\"og:locale\" content=\"es_ES\" \/>\n<meta property=\"og:type\" content=\"article\" \/>\n<meta property=\"og:title\" content=\"PEDRO RODR\u00cdGUEZ LOGRA LA REELECCI\u00d3N CON TRIUNFO HIST\u00d3RICO -\" \/>\n<meta property=\"og:description\" content=\"*El panista logr\u00f3 una votaci\u00f3n con casi 140 mil sufragios (52%). Redacci\u00f3n. ATIZAP\u00c1N, M\u00e9x.- Con el 96.7% de las actas capturadas a trav\u00e9s del Programa de Resultados Electorales Preliminares (PREP) del Instituto Electoral del Estado de M\u00e9xico (IEEM), Pedro Rodr\u00edguez Villegas, candidato de la coalici\u00f3n \u201cFuerza y Coraz\u00f3n por el Estado de M\u00e9xico\u201d, ha obtenido [&hellip;]\" \/>\n<meta property=\"og:url\" content=\"https:\/\/continuamosmx.com\/index.php\/2024\/06\/04\/pedro-rodriguez-logra-la-reeleccion-con-triunfo-historico\/\" \/>\n<meta property=\"article:published_time\" content=\"2024-06-04T01:45:46+00:00\" \/>\n<meta property=\"og:image\" content=\"https:\/\/continuamosmx.com\/wp-content\/uploads\/2024\/06\/IMG-20240603-WA0260.jpg\" \/>\n\t<meta property=\"og:image:width\" content=\"1280\" \/>\n\t<meta property=\"og:image:height\" content=\"921\" \/>\n\t<meta property=\"og:image:type\" content=\"image\/jpeg\" \/>\n<meta name=\"author\" content=\"ContinuamosMX\" \/>\n<meta name=\"twitter:card\" content=\"summary_large_image\" \/>\n<meta name=\"twitter:label1\" content=\"Escrito por\" \/>\n\t<meta name=\"twitter:data1\" content=\"ContinuamosMX\" \/>\n\t<meta name=\"twitter:label2\" content=\"Tiempo de lectura\" \/>\n\t<meta name=\"twitter:data2\" content=\"2 minutos\" \/>\n<script type=\"application\/ld+json\" class=\"yoast-schema-graph\">{\"@context\":\"https:\\\/\\\/schema.org\",\"@graph\":[{\"@type\":\"Article\",\"@id\":\"https:\\\/\\\/continuamosmx.com\\\/index.php\\\/2024\\\/06\\\/04\\\/pedro-rodriguez-logra-la-reeleccion-con-triunfo-historico\\\/#article\",\"isPartOf\":{\"@id\":\"https:\\\/\\\/continuamosmx.com\\\/index.php\\\/2024\\\/06\\\/04\\\/pedro-rodriguez-logra-la-reeleccion-con-triunfo-historico\\\/\"},\"author\":{\"name\":\"ContinuamosMX\",\"@id\":\"https:\\\/\\\/continuamosmx.com\\\/#\\\/schema\\\/person\\\/597bf43bb6e9623635929d8de706669f\"},\"headline\":\"PEDRO RODR\u00cdGUEZ LOGRA LA REELECCI\u00d3N CON TRIUNFO HIST\u00d3RICO\",\"datePublished\":\"2024-06-04T01:45:46+00:00\",\"mainEntityOfPage\":{\"@id\":\"https:\\\/\\\/continuamosmx.com\\\/index.php\\\/2024\\\/06\\\/04\\\/pedro-rodriguez-logra-la-reeleccion-con-triunfo-historico\\\/\"},\"wordCount\":453,\"commentCount\":0,\"publisher\":{\"@id\":\"https:\\\/\\\/continuamosmx.com\\\/#organization\"},\"image\":{\"@id\":\"https:\\\/\\\/continuamosmx.com\\\/index.php\\\/2024\\\/06\\\/04\\\/pedro-rodriguez-logra-la-reeleccion-con-triunfo-historico\\\/#primaryimage\"},\"thumbnailUrl\":\"https:\\\/\\\/continuamosmx.com\\\/wp-content\\\/uploads\\\/2024\\\/06\\\/IMG-20240603-WA0260.jpg\",\"keywords\":[\"ATIZAP\u00c1N\",\"Elecci\u00f3n 2024\",\"Pedro Rodr\u00edguez\",\"Reelecci\u00f3n\"],\"articleSection\":[\"CUAUTITL\u00c1N\",\"ELECCIONES 2024\"],\"inLanguage\":\"es\"},{\"@type\":\"WebPage\",\"@id\":\"https:\\\/\\\/continuamosmx.com\\\/index.php\\\/2024\\\/06\\\/04\\\/pedro-rodriguez-logra-la-reeleccion-con-triunfo-historico\\\/\",\"url\":\"https:\\\/\\\/continuamosmx.com\\\/index.php\\\/2024\\\/06\\\/04\\\/pedro-rodriguez-logra-la-reeleccion-con-triunfo-historico\\\/\",\"name\":\"PEDRO RODR\u00cdGUEZ LOGRA LA REELECCI\u00d3N CON TRIUNFO HIST\u00d3RICO -\",\"isPartOf\":{\"@id\":\"https:\\\/\\\/continuamosmx.com\\\/#website\"},\"primaryImageOfPage\":{\"@id\":\"https:\\\/\\\/continuamosmx.com\\\/index.php\\\/2024\\\/06\\\/04\\\/pedro-rodriguez-logra-la-reeleccion-con-triunfo-historico\\\/#primaryimage\"},\"image\":{\"@id\":\"https:\\\/\\\/continuamosmx.com\\\/index.php\\\/2024\\\/06\\\/04\\\/pedro-rodriguez-logra-la-reeleccion-con-triunfo-historico\\\/#primaryimage\"},\"thumbnailUrl\":\"https:\\\/\\\/continuamosmx.com\\\/wp-content\\\/uploads\\\/2024\\\/06\\\/IMG-20240603-WA0260.jpg\",\"datePublished\":\"2024-06-04T01:45:46+00:00\",\"breadcrumb\":{\"@id\":\"https:\\\/\\\/continuamosmx.com\\\/index.php\\\/2024\\\/06\\\/04\\\/pedro-rodriguez-logra-la-reeleccion-con-triunfo-historico\\\/#breadcrumb\"},\"inLanguage\":\"es\",\"potentialAction\":[{\"@type\":\"ReadAction\",\"target\":[\"https:\\\/\\\/continuamosmx.com\\\/index.php\\\/2024\\\/06\\\/04\\\/pedro-rodriguez-logra-la-reeleccion-con-triunfo-historico\\\/\"]}]},{\"@type\":\"ImageObject\",\"inLanguage\":\"es\",\"@id\":\"https:\\\/\\\/continuamosmx.com\\\/index.php\\\/2024\\\/06\\\/04\\\/pedro-rodriguez-logra-la-reeleccion-con-triunfo-historico\\\/#primaryimage\",\"url\":\"https:\\\/\\\/continuamosmx.com\\\/wp-content\\\/uploads\\\/2024\\\/06\\\/IMG-20240603-WA0260.jpg\",\"contentUrl\":\"https:\\\/\\\/continuamosmx.com\\\/wp-content\\\/uploads\\\/2024\\\/06\\\/IMG-20240603-WA0260.jpg\",\"width\":1280,\"height\":921},{\"@type\":\"BreadcrumbList\",\"@id\":\"https:\\\/\\\/continuamosmx.com\\\/index.php\\\/2024\\\/06\\\/04\\\/pedro-rodriguez-logra-la-reeleccion-con-triunfo-historico\\\/#breadcrumb\",\"itemListElement\":[{\"@type\":\"ListItem\",\"position\":1,\"name\":\"Inicio\",\"item\":\"https:\\\/\\\/continuamosmx.com\\\/\"},{\"@type\":\"ListItem\",\"position\":2,\"name\":\"PEDRO RODR\u00cdGUEZ LOGRA LA REELECCI\u00d3N CON TRIUNFO HIST\u00d3RICO\"}]},{\"@type\":\"WebSite\",\"@id\":\"https:\\\/\\\/continuamosmx.com\\\/#website\",\"url\":\"https:\\\/\\\/continuamosmx.com\\\/\",\"name\":\"www.continuamosmx.com\",\"description\":\"\",\"publisher\":{\"@id\":\"https:\\\/\\\/continuamosmx.com\\\/#organization\"},\"potentialAction\":[{\"@type\":\"SearchAction\",\"target\":{\"@type\":\"EntryPoint\",\"urlTemplate\":\"https:\\\/\\\/continuamosmx.com\\\/?s={search_term_string}\"},\"query-input\":{\"@type\":\"PropertyValueSpecification\",\"valueRequired\":true,\"valueName\":\"search_term_string\"}}],\"inLanguage\":\"es\"},{\"@type\":\"Organization\",\"@id\":\"https:\\\/\\\/continuamosmx.com\\\/#organization\",\"name\":\"ContinuamosMX\",\"url\":\"https:\\\/\\\/continuamosmx.com\\\/\",\"logo\":{\"@type\":\"ImageObject\",\"inLanguage\":\"es\",\"@id\":\"https:\\\/\\\/continuamosmx.com\\\/#\\\/schema\\\/logo\\\/image\\\/\",\"url\":\"https:\\\/\\\/continuamosmx.com\\\/wp-content\\\/uploads\\\/2023\\\/04\\\/cropped-LOGO-CONTI-NUEVO.png\",\"contentUrl\":\"https:\\\/\\\/continuamosmx.com\\\/wp-content\\\/uploads\\\/2023\\\/04\\\/cropped-LOGO-CONTI-NUEVO.png\",\"width\":1257,\"height\":430,\"caption\":\"ContinuamosMX\"},\"image\":{\"@id\":\"https:\\\/\\\/continuamosmx.com\\\/#\\\/schema\\\/logo\\\/image\\\/\"}},{\"@type\":\"Person\",\"@id\":\"https:\\\/\\\/continuamosmx.com\\\/#\\\/schema\\\/person\\\/597bf43bb6e9623635929d8de706669f\",\"name\":\"ContinuamosMX\",\"image\":{\"@type\":\"ImageObject\",\"inLanguage\":\"es\",\"@id\":\"https:\\\/\\\/secure.gravatar.com\\\/avatar\\\/559529727a6e1f51269882deb22b7cbf727c15cb0f7d75d495313386bc069382?s=96&d=mm&r=g\",\"url\":\"https:\\\/\\\/secure.gravatar.com\\\/avatar\\\/559529727a6e1f51269882deb22b7cbf727c15cb0f7d75d495313386bc069382?s=96&d=mm&r=g\",\"contentUrl\":\"https:\\\/\\\/secure.gravatar.com\\\/avatar\\\/559529727a6e1f51269882deb22b7cbf727c15cb0f7d75d495313386bc069382?s=96&d=mm&r=g\",\"caption\":\"ContinuamosMX\"},\"sameAs\":[\"http:\\\/\\\/continuamosmx.com\"],\"url\":\"https:\\\/\\\/continuamosmx.com\\\/index.php\\\/author\\\/cgbarnardhotmail-com\\\/\"}]}<\/script>\n<!-- \/ Yoast SEO plugin. -->","yoast_head_json":{"title":"PEDRO RODR\u00cdGUEZ LOGRA LA REELECCI\u00d3N CON TRIUNFO HIST\u00d3RICO -","robots":{"index":"index","follow":"follow","max-snippet":"max-snippet:-1","max-image-preview":"max-image-preview:large","max-video-preview":"max-video-preview:-1"},"canonical":"https:\/\/continuamosmx.com\/index.php\/2024\/06\/04\/pedro-rodriguez-logra-la-reeleccion-con-triunfo-historico\/","og_locale":"es_ES","og_type":"article","og_title":"PEDRO RODR\u00cdGUEZ LOGRA LA REELECCI\u00d3N CON TRIUNFO HIST\u00d3RICO -","og_description":"*El panista logr\u00f3 una votaci\u00f3n con casi 140 mil sufragios (52%). Redacci\u00f3n. ATIZAP\u00c1N, M\u00e9x.- Con el 96.7% de las actas capturadas a trav\u00e9s del Programa de Resultados Electorales Preliminares (PREP) del Instituto Electoral del Estado de M\u00e9xico (IEEM), Pedro Rodr\u00edguez Villegas, candidato de la coalici\u00f3n \u201cFuerza y Coraz\u00f3n por el Estado de M\u00e9xico\u201d, ha obtenido [&hellip;]","og_url":"https:\/\/continuamosmx.com\/index.php\/2024\/06\/04\/pedro-rodriguez-logra-la-reeleccion-con-triunfo-historico\/","article_published_time":"2024-06-04T01:45:46+00:00","og_image":[{"width":1280,"height":921,"url":"https:\/\/continuamosmx.com\/wp-content\/uploads\/2024\/06\/IMG-20240603-WA0260.jpg","type":"image\/jpeg"}],"author":"ContinuamosMX","twitter_card":"summary_large_image","twitter_misc":{"Escrito por":"ContinuamosMX","Tiempo de lectura":"2 minutos"},"schema":{"@context":"https:\/\/schema.org","@graph":[{"@type":"Article","@id":"https:\/\/continuamosmx.com\/index.php\/2024\/06\/04\/pedro-rodriguez-logra-la-reeleccion-con-triunfo-historico\/#article","isPartOf":{"@id":"https:\/\/continuamosmx.com\/index.php\/2024\/06\/04\/pedro-rodriguez-logra-la-reeleccion-con-triunfo-historico\/"},"author":{"name":"ContinuamosMX","@id":"https:\/\/continuamosmx.com\/#\/schema\/person\/597bf43bb6e9623635929d8de706669f"},"headline":"PEDRO RODR\u00cdGUEZ LOGRA LA REELECCI\u00d3N CON TRIUNFO HIST\u00d3RICO","datePublished":"2024-06-04T01:45:46+00:00","mainEntityOfPage":{"@id":"https:\/\/continuamosmx.com\/index.php\/2024\/06\/04\/pedro-rodriguez-logra-la-reeleccion-con-triunfo-historico\/"},"wordCount":453,"commentCount":0,"publisher":{"@id":"https:\/\/continuamosmx.com\/#organization"},"image":{"@id":"https:\/\/continuamosmx.com\/index.php\/2024\/06\/04\/pedro-rodriguez-logra-la-reeleccion-con-triunfo-historico\/#primaryimage"},"thumbnailUrl":"https:\/\/continuamosmx.com\/wp-content\/uploads\/2024\/06\/IMG-20240603-WA0260.jpg","keywords":["ATIZAP\u00c1N","Elecci\u00f3n 2024","Pedro Rodr\u00edguez","Reelecci\u00f3n"],"articleSection":["CUAUTITL\u00c1N","ELECCIONES 2024"],"inLanguage":"es"},{"@type":"WebPage","@id":"https:\/\/continuamosmx.com\/index.php\/2024\/06\/04\/pedro-rodriguez-logra-la-reeleccion-con-triunfo-historico\/","url":"https:\/\/continuamosmx.com\/index.php\/2024\/06\/04\/pedro-rodriguez-logra-la-reeleccion-con-triunfo-historico\/","name":"PEDRO RODR\u00cdGUEZ LOGRA LA REELECCI\u00d3N CON TRIUNFO HIST\u00d3RICO -","isPartOf":{"@id":"https:\/\/continuamosmx.com\/#website"},"primaryImageOfPage":{"@id":"https:\/\/continuamosmx.com\/index.php\/2024\/06\/04\/pedro-rodriguez-logra-la-reeleccion-con-triunfo-historico\/#primaryimage"},"image":{"@id":"https:\/\/continuamosmx.com\/index.php\/2024\/06\/04\/pedro-rodriguez-logra-la-reeleccion-con-triunfo-historico\/#primaryimage"},"thumbnailUrl":"https:\/\/continuamosmx.com\/wp-content\/uploads\/2024\/06\/IMG-20240603-WA0260.jpg","datePublished":"2024-06-04T01:45:46+00:00","breadcrumb":{"@id":"https:\/\/continuamosmx.com\/index.php\/2024\/06\/04\/pedro-rodriguez-logra-la-reeleccion-con-triunfo-historico\/#breadcrumb"},"inLanguage":"es","potentialAction":[{"@type":"ReadAction","target":["https:\/\/continuamosmx.com\/index.php\/2024\/06\/04\/pedro-rodriguez-logra-la-reeleccion-con-triunfo-historico\/"]}]},{"@type":"ImageObject","inLanguage":"es","@id":"https:\/\/continuamosmx.com\/index.php\/2024\/06\/04\/pedro-rodriguez-logra-la-reeleccion-con-triunfo-historico\/#primaryimage","url":"https:\/\/continuamosmx.com\/wp-content\/uploads\/2024\/06\/IMG-20240603-WA0260.jpg","contentUrl":"https:\/\/continuamosmx.com\/wp-content\/uploads\/2024\/06\/IMG-20240603-WA0260.jpg","width":1280,"height":921},{"@type":"BreadcrumbList","@id":"https:\/\/continuamosmx.com\/index.php\/2024\/06\/04\/pedro-rodriguez-logra-la-reeleccion-con-triunfo-historico\/#breadcrumb","itemListElement":[{"@type":"ListItem","position":1,"name":"Inicio","item":"https:\/\/continuamosmx.com\/"},{"@type":"ListItem","position":2,"name":"PEDRO RODR\u00cdGUEZ LOGRA LA REELECCI\u00d3N CON TRIUNFO HIST\u00d3RICO"}]},{"@type":"WebSite","@id":"https:\/\/continuamosmx.com\/#website","url":"https:\/\/continuamosmx.com\/","name":"www.continuamosmx.com","description":"","publisher":{"@id":"https:\/\/continuamosmx.com\/#organization"},"potentialAction":[{"@type":"SearchAction","target":{"@type":"EntryPoint","urlTemplate":"https:\/\/continuamosmx.com\/?s={search_term_string}"},"query-input":{"@type":"PropertyValueSpecification","valueRequired":true,"valueName":"search_term_string"}}],"inLanguage":"es"},{"@type":"Organization","@id":"https:\/\/continuamosmx.com\/#organization","name":"ContinuamosMX","url":"https:\/\/continuamosmx.com\/","logo":{"@type":"ImageObject","inLanguage":"es","@id":"https:\/\/continuamosmx.com\/#\/schema\/logo\/image\/","url":"https:\/\/continuamosmx.com\/wp-content\/uploads\/2023\/04\/cropped-LOGO-CONTI-NUEVO.png","contentUrl":"https:\/\/continuamosmx.com\/wp-content\/uploads\/2023\/04\/cropped-LOGO-CONTI-NUEVO.png","width":1257,"height":430,"caption":"ContinuamosMX"},"image":{"@id":"https:\/\/continuamosmx.com\/#\/schema\/logo\/image\/"}},{"@type":"Person","@id":"https:\/\/continuamosmx.com\/#\/schema\/person\/597bf43bb6e9623635929d8de706669f","name":"ContinuamosMX","image":{"@type":"ImageObject","inLanguage":"es","@id":"https:\/\/secure.gravatar.com\/avatar\/559529727a6e1f51269882deb22b7cbf727c15cb0f7d75d495313386bc069382?s=96&d=mm&r=g","url":"https:\/\/secure.gravatar.com\/avatar\/559529727a6e1f51269882deb22b7cbf727c15cb0f7d75d495313386bc069382?s=96&d=mm&r=g","contentUrl":"https:\/\/secure.gravatar.com\/avatar\/559529727a6e1f51269882deb22b7cbf727c15cb0f7d75d495313386bc069382?s=96&d=mm&r=g","caption":"ContinuamosMX"},"sameAs":["http:\/\/continuamosmx.com"],"url":"https:\/\/continuamosmx.com\/index.php\/author\/cgbarnardhotmail-com\/"}]}},"_links":{"self":[{"href":"https:\/\/continuamosmx.com\/index.php\/wp-json\/wp\/v2\/posts\/47316","targetHints":{"allow":["GET"]}}],"collection":[{"href":"https:\/\/continuamosmx.com\/index.php\/wp-json\/wp\/v2\/posts"}],"about":[{"href":"https:\/\/continuamosmx.com\/index.php\/wp-json\/wp\/v2\/types\/post"}],"author":[{"embeddable":true,"href":"https:\/\/continuamosmx.com\/index.php\/wp-json\/wp\/v2\/users\/1"}],"replies":[{"embeddable":true,"href":"https:\/\/continuamosmx.com\/index.php\/wp-json\/wp\/v2\/comments?post=47316"}],"version-history":[{"count":1,"href":"https:\/\/continuamosmx.com\/index.php\/wp-json\/wp\/v2\/posts\/47316\/revisions"}],"predecessor-version":[{"id":47318,"href":"https:\/\/continuamosmx.com\/index.php\/wp-json\/wp\/v2\/posts\/47316\/revisions\/47318"}],"wp:featuredmedia":[{"embeddable":true,"href":"https:\/\/continuamosmx.com\/index.php\/wp-json\/wp\/v2\/media\/47317"}],"wp:attachment":[{"href":"https:\/\/continuamosmx.com\/index.php\/wp-json\/wp\/v2\/media?parent=47316"}],"wp:term":[{"taxonomy":"category","embeddable":true,"href":"https:\/\/continuamosmx.com\/index.php\/wp-json\/wp\/v2\/categories?post=47316"},{"taxonomy":"post_tag","embeddable":true,"href":"https:\/\/continuamosmx.com\/index.php\/wp-json\/wp\/v2\/tags?post=47316"}],"curies":[{"name":"wp","href":"https:\/\/api.w.org\/{rel}","templated":true}]}}