{"id":47303,"date":"2024-06-03T15:45:51","date_gmt":"2024-06-03T15:45:51","guid":{"rendered":"https:\/\/continuamosmx.com\/?p=47303"},"modified":"2024-06-03T15:45:52","modified_gmt":"2024-06-03T15:45:52","slug":"el-segundo-piso-de-la-4t-llega-a-cuautitlan-con-el-triunfo-irrefutable-de-juanita-carrillo-para-el-periodo-2025-2027","status":"publish","type":"post","link":"https:\/\/continuamosmx.com\/index.php\/2024\/06\/03\/el-segundo-piso-de-la-4t-llega-a-cuautitlan-con-el-triunfo-irrefutable-de-juanita-carrillo-para-el-periodo-2025-2027\/","title":{"rendered":"EL SEGUNDO PISO DE LA 4T LLEGA A CUAUTITL\u00c1N CON EL TRIUNFO IRREFUTABLE DE JUANITA CARRILLO PARA EL PERIODO 2025-2027"},"content":{"rendered":"\n<ul class=\"wp-block-list\">\n<li><strong>Juanita Carrilla Virtual ganadora de la Elecci\u00f3n para el periodo 2025-2027<\/strong><\/li>\n<\/ul>\n\n\n\n<p>Con el 92% de las casillas contabilizadas, los datos del Programa de Resultados Preliminares confirman que el cambio verdadero ha llegado a Cuautitl\u00e1n. Las propuestas de Juanita Carrillo se convertir\u00e1n en una realidad a partir del 1 de enero de 2025.<\/p>\n\n\n\n<p>Con un total de 32,123 votos a favor, la candidata de la coalici\u00f3n \u00abSigamos Haciendo Historia en el Estado de M\u00e9xico\u00bb, Juanita Carrillo, se alza como la virtual ganadora de esta elecci\u00f3n.<\/p>\n\n\n\n<p>De acuerdo con los datos arrojados por el sistema de conteo r\u00e1pido, la diferencia de votos entre Juanita Carrillo y el candidato de la coalici\u00f3n \u00abFuerza y Coraz\u00f3n por M\u00e9xico\u00bb, Aldo Ledezma, es de m\u00e1s de 3,000 sufragios, lo que hace irrefutable el triunfo de Carrillo.<\/p>\n\n\n\n<p>Al dar a conocer estos resultados, Juanita Carrillo asegur\u00f3 que este es el triunfo de todos los cuautitlenses que apostaron por la transformaci\u00f3n de Cuautitl\u00e1n. Expres\u00f3 que el municipio merece convertirse en una metr\u00f3poli acorde a las necesidades de sus habitantes, dejando atr\u00e1s el rezago que han padecido por d\u00e9cadas.<\/p>\n\n\n\n<p>En su mensaje de agradecimiento al pueblo de Cuautitl\u00e1n por la esperanza y confianza depositadas en su persona, Juanita Carrillo asegur\u00f3 que, de la mano de Claudia Sheinbaum, virtual ganadora de la presidencia de la Rep\u00fablica, y de la gobernadora Delfina G\u00f3mez, la<br>Cuarta Transformaci\u00f3n del municipio ser\u00e1 palpable.<\/p>\n","protected":false},"excerpt":{"rendered":"<p>Con el 92% de las casillas contabilizadas, los datos del Programa de Resultados Preliminares confirman que el cambio verdadero ha llegado a Cuautitl\u00e1n. Las propuestas de Juanita Carrillo se convertir\u00e1n en una realidad a partir del 1 de enero de 2025. Con un total de 32,123 votos a favor, la candidata de la coalici\u00f3n \u00abSigamos [&hellip;]<\/p>\n","protected":false},"author":6,"featured_media":47304,"comment_status":"open","ping_status":"open","sticky":false,"template":"","format":"standard","meta":{"footnotes":""},"categories":[29,121,4],"tags":[],"class_list":["post-47303","post","type-post","status-publish","format-standard","has-post-thumbnail","hentry","category-cuautitlan","category-elecciones-2024","category-locales"],"yoast_head":"<!-- This site is optimized with the Yoast SEO plugin v27.5 - https:\/\/yoast.com\/product\/yoast-seo-wordpress\/ -->\n<title>EL SEGUNDO PISO DE LA 4T LLEGA A CUAUTITL\u00c1N CON EL TRIUNFO IRREFUTABLE DE JUANITA CARRILLO PARA EL PERIODO 2025-2027 -<\/title>\n<meta name=\"robots\" content=\"index, follow, max-snippet:-1, max-image-preview:large, max-video-preview:-1\" \/>\n<link rel=\"canonical\" href=\"https:\/\/continuamosmx.com\/index.php\/2024\/06\/03\/el-segundo-piso-de-la-4t-llega-a-cuautitlan-con-el-triunfo-irrefutable-de-juanita-carrillo-para-el-periodo-2025-2027\/\" \/>\n<meta property=\"og:locale\" content=\"es_ES\" \/>\n<meta property=\"og:type\" content=\"article\" \/>\n<meta property=\"og:title\" content=\"EL SEGUNDO PISO DE LA 4T LLEGA A CUAUTITL\u00c1N CON EL TRIUNFO IRREFUTABLE DE JUANITA CARRILLO PARA EL PERIODO 2025-2027 -\" \/>\n<meta property=\"og:description\" content=\"Con el 92% de las casillas contabilizadas, los datos del Programa de Resultados Preliminares confirman que el cambio verdadero ha llegado a Cuautitl\u00e1n. Las propuestas de Juanita Carrillo se convertir\u00e1n en una realidad a partir del 1 de enero de 2025. Con un total de 32,123 votos a favor, la candidata de la coalici\u00f3n \u00abSigamos [&hellip;]\" \/>\n<meta property=\"og:url\" content=\"https:\/\/continuamosmx.com\/index.php\/2024\/06\/03\/el-segundo-piso-de-la-4t-llega-a-cuautitlan-con-el-triunfo-irrefutable-de-juanita-carrillo-para-el-periodo-2025-2027\/\" \/>\n<meta property=\"article:published_time\" content=\"2024-06-03T15:45:51+00:00\" \/>\n<meta property=\"article:modified_time\" content=\"2024-06-03T15:45:52+00:00\" \/>\n<meta property=\"og:image\" content=\"https:\/\/continuamosmx.com\/wp-content\/uploads\/2024\/06\/ganamos.jpg\" \/>\n\t<meta property=\"og:image:width\" content=\"1080\" \/>\n\t<meta property=\"og:image:height\" content=\"1080\" \/>\n\t<meta property=\"og:image:type\" content=\"image\/jpeg\" \/>\n<meta name=\"author\" content=\"Continuamos MX\" \/>\n<meta name=\"twitter:card\" content=\"summary_large_image\" \/>\n<meta name=\"twitter:label1\" content=\"Escrito por\" \/>\n\t<meta name=\"twitter:data1\" content=\"Continuamos MX\" \/>\n\t<meta name=\"twitter:label2\" content=\"Tiempo de lectura\" \/>\n\t<meta name=\"twitter:data2\" content=\"2 minutos\" \/>\n<script type=\"application\/ld+json\" class=\"yoast-schema-graph\">{\"@context\":\"https:\\\/\\\/schema.org\",\"@graph\":[{\"@type\":\"Article\",\"@id\":\"https:\\\/\\\/continuamosmx.com\\\/index.php\\\/2024\\\/06\\\/03\\\/el-segundo-piso-de-la-4t-llega-a-cuautitlan-con-el-triunfo-irrefutable-de-juanita-carrillo-para-el-periodo-2025-2027\\\/#article\",\"isPartOf\":{\"@id\":\"https:\\\/\\\/continuamosmx.com\\\/index.php\\\/2024\\\/06\\\/03\\\/el-segundo-piso-de-la-4t-llega-a-cuautitlan-con-el-triunfo-irrefutable-de-juanita-carrillo-para-el-periodo-2025-2027\\\/\"},\"author\":{\"name\":\"Continuamos MX\",\"@id\":\"https:\\\/\\\/continuamosmx.com\\\/#\\\/schema\\\/person\\\/5eb5356acb1fad784da407d14f0e8d89\"},\"headline\":\"EL SEGUNDO PISO DE LA 4T LLEGA A CUAUTITL\u00c1N CON EL TRIUNFO IRREFUTABLE DE JUANITA CARRILLO PARA EL PERIODO 2025-2027\",\"datePublished\":\"2024-06-03T15:45:51+00:00\",\"dateModified\":\"2024-06-03T15:45:52+00:00\",\"mainEntityOfPage\":{\"@id\":\"https:\\\/\\\/continuamosmx.com\\\/index.php\\\/2024\\\/06\\\/03\\\/el-segundo-piso-de-la-4t-llega-a-cuautitlan-con-el-triunfo-irrefutable-de-juanita-carrillo-para-el-periodo-2025-2027\\\/\"},\"wordCount\":264,\"commentCount\":0,\"publisher\":{\"@id\":\"https:\\\/\\\/continuamosmx.com\\\/#organization\"},\"image\":{\"@id\":\"https:\\\/\\\/continuamosmx.com\\\/index.php\\\/2024\\\/06\\\/03\\\/el-segundo-piso-de-la-4t-llega-a-cuautitlan-con-el-triunfo-irrefutable-de-juanita-carrillo-para-el-periodo-2025-2027\\\/#primaryimage\"},\"thumbnailUrl\":\"https:\\\/\\\/continuamosmx.com\\\/wp-content\\\/uploads\\\/2024\\\/06\\\/ganamos.jpg\",\"articleSection\":[\"CUAUTITL\u00c1N\",\"ELECCIONES 2024\",\"LOCALES\"],\"inLanguage\":\"es\"},{\"@type\":\"WebPage\",\"@id\":\"https:\\\/\\\/continuamosmx.com\\\/index.php\\\/2024\\\/06\\\/03\\\/el-segundo-piso-de-la-4t-llega-a-cuautitlan-con-el-triunfo-irrefutable-de-juanita-carrillo-para-el-periodo-2025-2027\\\/\",\"url\":\"https:\\\/\\\/continuamosmx.com\\\/index.php\\\/2024\\\/06\\\/03\\\/el-segundo-piso-de-la-4t-llega-a-cuautitlan-con-el-triunfo-irrefutable-de-juanita-carrillo-para-el-periodo-2025-2027\\\/\",\"name\":\"EL SEGUNDO PISO DE LA 4T LLEGA A CUAUTITL\u00c1N CON EL TRIUNFO IRREFUTABLE DE JUANITA CARRILLO PARA EL PERIODO 2025-2027 -\",\"isPartOf\":{\"@id\":\"https:\\\/\\\/continuamosmx.com\\\/#website\"},\"primaryImageOfPage\":{\"@id\":\"https:\\\/\\\/continuamosmx.com\\\/index.php\\\/2024\\\/06\\\/03\\\/el-segundo-piso-de-la-4t-llega-a-cuautitlan-con-el-triunfo-irrefutable-de-juanita-carrillo-para-el-periodo-2025-2027\\\/#primaryimage\"},\"image\":{\"@id\":\"https:\\\/\\\/continuamosmx.com\\\/index.php\\\/2024\\\/06\\\/03\\\/el-segundo-piso-de-la-4t-llega-a-cuautitlan-con-el-triunfo-irrefutable-de-juanita-carrillo-para-el-periodo-2025-2027\\\/#primaryimage\"},\"thumbnailUrl\":\"https:\\\/\\\/continuamosmx.com\\\/wp-content\\\/uploads\\\/2024\\\/06\\\/ganamos.jpg\",\"datePublished\":\"2024-06-03T15:45:51+00:00\",\"dateModified\":\"2024-06-03T15:45:52+00:00\",\"breadcrumb\":{\"@id\":\"https:\\\/\\\/continuamosmx.com\\\/index.php\\\/2024\\\/06\\\/03\\\/el-segundo-piso-de-la-4t-llega-a-cuautitlan-con-el-triunfo-irrefutable-de-juanita-carrillo-para-el-periodo-2025-2027\\\/#breadcrumb\"},\"inLanguage\":\"es\",\"potentialAction\":[{\"@type\":\"ReadAction\",\"target\":[\"https:\\\/\\\/continuamosmx.com\\\/index.php\\\/2024\\\/06\\\/03\\\/el-segundo-piso-de-la-4t-llega-a-cuautitlan-con-el-triunfo-irrefutable-de-juanita-carrillo-para-el-periodo-2025-2027\\\/\"]}]},{\"@type\":\"ImageObject\",\"inLanguage\":\"es\",\"@id\":\"https:\\\/\\\/continuamosmx.com\\\/index.php\\\/2024\\\/06\\\/03\\\/el-segundo-piso-de-la-4t-llega-a-cuautitlan-con-el-triunfo-irrefutable-de-juanita-carrillo-para-el-periodo-2025-2027\\\/#primaryimage\",\"url\":\"https:\\\/\\\/continuamosmx.com\\\/wp-content\\\/uploads\\\/2024\\\/06\\\/ganamos.jpg\",\"contentUrl\":\"https:\\\/\\\/continuamosmx.com\\\/wp-content\\\/uploads\\\/2024\\\/06\\\/ganamos.jpg\",\"width\":1080,\"height\":1080},{\"@type\":\"BreadcrumbList\",\"@id\":\"https:\\\/\\\/continuamosmx.com\\\/index.php\\\/2024\\\/06\\\/03\\\/el-segundo-piso-de-la-4t-llega-a-cuautitlan-con-el-triunfo-irrefutable-de-juanita-carrillo-para-el-periodo-2025-2027\\\/#breadcrumb\",\"itemListElement\":[{\"@type\":\"ListItem\",\"position\":1,\"name\":\"Inicio\",\"item\":\"https:\\\/\\\/continuamosmx.com\\\/\"},{\"@type\":\"ListItem\",\"position\":2,\"name\":\"EL SEGUNDO PISO DE LA 4T LLEGA A CUAUTITL\u00c1N CON EL TRIUNFO IRREFUTABLE DE JUANITA CARRILLO PARA EL PERIODO 2025-2027\"}]},{\"@type\":\"WebSite\",\"@id\":\"https:\\\/\\\/continuamosmx.com\\\/#website\",\"url\":\"https:\\\/\\\/continuamosmx.com\\\/\",\"name\":\"www.continuamosmx.com\",\"description\":\"\",\"publisher\":{\"@id\":\"https:\\\/\\\/continuamosmx.com\\\/#organization\"},\"potentialAction\":[{\"@type\":\"SearchAction\",\"target\":{\"@type\":\"EntryPoint\",\"urlTemplate\":\"https:\\\/\\\/continuamosmx.com\\\/?s={search_term_string}\"},\"query-input\":{\"@type\":\"PropertyValueSpecification\",\"valueRequired\":true,\"valueName\":\"search_term_string\"}}],\"inLanguage\":\"es\"},{\"@type\":\"Organization\",\"@id\":\"https:\\\/\\\/continuamosmx.com\\\/#organization\",\"name\":\"ContinuamosMX\",\"url\":\"https:\\\/\\\/continuamosmx.com\\\/\",\"logo\":{\"@type\":\"ImageObject\",\"inLanguage\":\"es\",\"@id\":\"https:\\\/\\\/continuamosmx.com\\\/#\\\/schema\\\/logo\\\/image\\\/\",\"url\":\"https:\\\/\\\/continuamosmx.com\\\/wp-content\\\/uploads\\\/2023\\\/04\\\/cropped-LOGO-CONTI-NUEVO.png\",\"contentUrl\":\"https:\\\/\\\/continuamosmx.com\\\/wp-content\\\/uploads\\\/2023\\\/04\\\/cropped-LOGO-CONTI-NUEVO.png\",\"width\":1257,\"height\":430,\"caption\":\"ContinuamosMX\"},\"image\":{\"@id\":\"https:\\\/\\\/continuamosmx.com\\\/#\\\/schema\\\/logo\\\/image\\\/\"}},{\"@type\":\"Person\",\"@id\":\"https:\\\/\\\/continuamosmx.com\\\/#\\\/schema\\\/person\\\/5eb5356acb1fad784da407d14f0e8d89\",\"name\":\"Continuamos MX\",\"image\":{\"@type\":\"ImageObject\",\"inLanguage\":\"es\",\"@id\":\"https:\\\/\\\/secure.gravatar.com\\\/avatar\\\/30d4f9723476a15f4da34d35fb3501f08d2357016c76051c6a85c354c7489589?s=96&d=mm&r=g\",\"url\":\"https:\\\/\\\/secure.gravatar.com\\\/avatar\\\/30d4f9723476a15f4da34d35fb3501f08d2357016c76051c6a85c354c7489589?s=96&d=mm&r=g\",\"contentUrl\":\"https:\\\/\\\/secure.gravatar.com\\\/avatar\\\/30d4f9723476a15f4da34d35fb3501f08d2357016c76051c6a85c354c7489589?s=96&d=mm&r=g\",\"caption\":\"Continuamos MX\"},\"sameAs\":[\"http:\\\/\\\/www.continuamos.mx\"],\"url\":\"https:\\\/\\\/continuamosmx.com\\\/index.php\\\/author\\\/continuamos\\\/\"}]}<\/script>\n<!-- \/ Yoast SEO plugin. -->","yoast_head_json":{"title":"EL SEGUNDO PISO DE LA 4T LLEGA A CUAUTITL\u00c1N CON EL TRIUNFO IRREFUTABLE DE JUANITA CARRILLO PARA EL PERIODO 2025-2027 -","robots":{"index":"index","follow":"follow","max-snippet":"max-snippet:-1","max-image-preview":"max-image-preview:large","max-video-preview":"max-video-preview:-1"},"canonical":"https:\/\/continuamosmx.com\/index.php\/2024\/06\/03\/el-segundo-piso-de-la-4t-llega-a-cuautitlan-con-el-triunfo-irrefutable-de-juanita-carrillo-para-el-periodo-2025-2027\/","og_locale":"es_ES","og_type":"article","og_title":"EL SEGUNDO PISO DE LA 4T LLEGA A CUAUTITL\u00c1N CON EL TRIUNFO IRREFUTABLE DE JUANITA CARRILLO PARA EL PERIODO 2025-2027 -","og_description":"Con el 92% de las casillas contabilizadas, los datos del Programa de Resultados Preliminares confirman que el cambio verdadero ha llegado a Cuautitl\u00e1n. Las propuestas de Juanita Carrillo se convertir\u00e1n en una realidad a partir del 1 de enero de 2025. Con un total de 32,123 votos a favor, la candidata de la coalici\u00f3n \u00abSigamos [&hellip;]","og_url":"https:\/\/continuamosmx.com\/index.php\/2024\/06\/03\/el-segundo-piso-de-la-4t-llega-a-cuautitlan-con-el-triunfo-irrefutable-de-juanita-carrillo-para-el-periodo-2025-2027\/","article_published_time":"2024-06-03T15:45:51+00:00","article_modified_time":"2024-06-03T15:45:52+00:00","og_image":[{"width":1080,"height":1080,"url":"https:\/\/continuamosmx.com\/wp-content\/uploads\/2024\/06\/ganamos.jpg","type":"image\/jpeg"}],"author":"Continuamos MX","twitter_card":"summary_large_image","twitter_misc":{"Escrito por":"Continuamos MX","Tiempo de lectura":"2 minutos"},"schema":{"@context":"https:\/\/schema.org","@graph":[{"@type":"Article","@id":"https:\/\/continuamosmx.com\/index.php\/2024\/06\/03\/el-segundo-piso-de-la-4t-llega-a-cuautitlan-con-el-triunfo-irrefutable-de-juanita-carrillo-para-el-periodo-2025-2027\/#article","isPartOf":{"@id":"https:\/\/continuamosmx.com\/index.php\/2024\/06\/03\/el-segundo-piso-de-la-4t-llega-a-cuautitlan-con-el-triunfo-irrefutable-de-juanita-carrillo-para-el-periodo-2025-2027\/"},"author":{"name":"Continuamos MX","@id":"https:\/\/continuamosmx.com\/#\/schema\/person\/5eb5356acb1fad784da407d14f0e8d89"},"headline":"EL SEGUNDO PISO DE LA 4T LLEGA A CUAUTITL\u00c1N CON EL TRIUNFO IRREFUTABLE DE JUANITA CARRILLO PARA EL PERIODO 2025-2027","datePublished":"2024-06-03T15:45:51+00:00","dateModified":"2024-06-03T15:45:52+00:00","mainEntityOfPage":{"@id":"https:\/\/continuamosmx.com\/index.php\/2024\/06\/03\/el-segundo-piso-de-la-4t-llega-a-cuautitlan-con-el-triunfo-irrefutable-de-juanita-carrillo-para-el-periodo-2025-2027\/"},"wordCount":264,"commentCount":0,"publisher":{"@id":"https:\/\/continuamosmx.com\/#organization"},"image":{"@id":"https:\/\/continuamosmx.com\/index.php\/2024\/06\/03\/el-segundo-piso-de-la-4t-llega-a-cuautitlan-con-el-triunfo-irrefutable-de-juanita-carrillo-para-el-periodo-2025-2027\/#primaryimage"},"thumbnailUrl":"https:\/\/continuamosmx.com\/wp-content\/uploads\/2024\/06\/ganamos.jpg","articleSection":["CUAUTITL\u00c1N","ELECCIONES 2024","LOCALES"],"inLanguage":"es"},{"@type":"WebPage","@id":"https:\/\/continuamosmx.com\/index.php\/2024\/06\/03\/el-segundo-piso-de-la-4t-llega-a-cuautitlan-con-el-triunfo-irrefutable-de-juanita-carrillo-para-el-periodo-2025-2027\/","url":"https:\/\/continuamosmx.com\/index.php\/2024\/06\/03\/el-segundo-piso-de-la-4t-llega-a-cuautitlan-con-el-triunfo-irrefutable-de-juanita-carrillo-para-el-periodo-2025-2027\/","name":"EL SEGUNDO PISO DE LA 4T LLEGA A CUAUTITL\u00c1N CON EL TRIUNFO IRREFUTABLE DE JUANITA CARRILLO PARA EL PERIODO 2025-2027 -","isPartOf":{"@id":"https:\/\/continuamosmx.com\/#website"},"primaryImageOfPage":{"@id":"https:\/\/continuamosmx.com\/index.php\/2024\/06\/03\/el-segundo-piso-de-la-4t-llega-a-cuautitlan-con-el-triunfo-irrefutable-de-juanita-carrillo-para-el-periodo-2025-2027\/#primaryimage"},"image":{"@id":"https:\/\/continuamosmx.com\/index.php\/2024\/06\/03\/el-segundo-piso-de-la-4t-llega-a-cuautitlan-con-el-triunfo-irrefutable-de-juanita-carrillo-para-el-periodo-2025-2027\/#primaryimage"},"thumbnailUrl":"https:\/\/continuamosmx.com\/wp-content\/uploads\/2024\/06\/ganamos.jpg","datePublished":"2024-06-03T15:45:51+00:00","dateModified":"2024-06-03T15:45:52+00:00","breadcrumb":{"@id":"https:\/\/continuamosmx.com\/index.php\/2024\/06\/03\/el-segundo-piso-de-la-4t-llega-a-cuautitlan-con-el-triunfo-irrefutable-de-juanita-carrillo-para-el-periodo-2025-2027\/#breadcrumb"},"inLanguage":"es","potentialAction":[{"@type":"ReadAction","target":["https:\/\/continuamosmx.com\/index.php\/2024\/06\/03\/el-segundo-piso-de-la-4t-llega-a-cuautitlan-con-el-triunfo-irrefutable-de-juanita-carrillo-para-el-periodo-2025-2027\/"]}]},{"@type":"ImageObject","inLanguage":"es","@id":"https:\/\/continuamosmx.com\/index.php\/2024\/06\/03\/el-segundo-piso-de-la-4t-llega-a-cuautitlan-con-el-triunfo-irrefutable-de-juanita-carrillo-para-el-periodo-2025-2027\/#primaryimage","url":"https:\/\/continuamosmx.com\/wp-content\/uploads\/2024\/06\/ganamos.jpg","contentUrl":"https:\/\/continuamosmx.com\/wp-content\/uploads\/2024\/06\/ganamos.jpg","width":1080,"height":1080},{"@type":"BreadcrumbList","@id":"https:\/\/continuamosmx.com\/index.php\/2024\/06\/03\/el-segundo-piso-de-la-4t-llega-a-cuautitlan-con-el-triunfo-irrefutable-de-juanita-carrillo-para-el-periodo-2025-2027\/#breadcrumb","itemListElement":[{"@type":"ListItem","position":1,"name":"Inicio","item":"https:\/\/continuamosmx.com\/"},{"@type":"ListItem","position":2,"name":"EL SEGUNDO PISO DE LA 4T LLEGA A CUAUTITL\u00c1N CON EL TRIUNFO IRREFUTABLE DE JUANITA CARRILLO PARA EL PERIODO 2025-2027"}]},{"@type":"WebSite","@id":"https:\/\/continuamosmx.com\/#website","url":"https:\/\/continuamosmx.com\/","name":"www.continuamosmx.com","description":"","publisher":{"@id":"https:\/\/continuamosmx.com\/#organization"},"potentialAction":[{"@type":"SearchAction","target":{"@type":"EntryPoint","urlTemplate":"https:\/\/continuamosmx.com\/?s={search_term_string}"},"query-input":{"@type":"PropertyValueSpecification","valueRequired":true,"valueName":"search_term_string"}}],"inLanguage":"es"},{"@type":"Organization","@id":"https:\/\/continuamosmx.com\/#organization","name":"ContinuamosMX","url":"https:\/\/continuamosmx.com\/","logo":{"@type":"ImageObject","inLanguage":"es","@id":"https:\/\/continuamosmx.com\/#\/schema\/logo\/image\/","url":"https:\/\/continuamosmx.com\/wp-content\/uploads\/2023\/04\/cropped-LOGO-CONTI-NUEVO.png","contentUrl":"https:\/\/continuamosmx.com\/wp-content\/uploads\/2023\/04\/cropped-LOGO-CONTI-NUEVO.png","width":1257,"height":430,"caption":"ContinuamosMX"},"image":{"@id":"https:\/\/continuamosmx.com\/#\/schema\/logo\/image\/"}},{"@type":"Person","@id":"https:\/\/continuamosmx.com\/#\/schema\/person\/5eb5356acb1fad784da407d14f0e8d89","name":"Continuamos MX","image":{"@type":"ImageObject","inLanguage":"es","@id":"https:\/\/secure.gravatar.com\/avatar\/30d4f9723476a15f4da34d35fb3501f08d2357016c76051c6a85c354c7489589?s=96&d=mm&r=g","url":"https:\/\/secure.gravatar.com\/avatar\/30d4f9723476a15f4da34d35fb3501f08d2357016c76051c6a85c354c7489589?s=96&d=mm&r=g","contentUrl":"https:\/\/secure.gravatar.com\/avatar\/30d4f9723476a15f4da34d35fb3501f08d2357016c76051c6a85c354c7489589?s=96&d=mm&r=g","caption":"Continuamos MX"},"sameAs":["http:\/\/www.continuamos.mx"],"url":"https:\/\/continuamosmx.com\/index.php\/author\/continuamos\/"}]}},"_links":{"self":[{"href":"https:\/\/continuamosmx.com\/index.php\/wp-json\/wp\/v2\/posts\/47303","targetHints":{"allow":["GET"]}}],"collection":[{"href":"https:\/\/continuamosmx.com\/index.php\/wp-json\/wp\/v2\/posts"}],"about":[{"href":"https:\/\/continuamosmx.com\/index.php\/wp-json\/wp\/v2\/types\/post"}],"author":[{"embeddable":true,"href":"https:\/\/continuamosmx.com\/index.php\/wp-json\/wp\/v2\/users\/6"}],"replies":[{"embeddable":true,"href":"https:\/\/continuamosmx.com\/index.php\/wp-json\/wp\/v2\/comments?post=47303"}],"version-history":[{"count":1,"href":"https:\/\/continuamosmx.com\/index.php\/wp-json\/wp\/v2\/posts\/47303\/revisions"}],"predecessor-version":[{"id":47305,"href":"https:\/\/continuamosmx.com\/index.php\/wp-json\/wp\/v2\/posts\/47303\/revisions\/47305"}],"wp:featuredmedia":[{"embeddable":true,"href":"https:\/\/continuamosmx.com\/index.php\/wp-json\/wp\/v2\/media\/47304"}],"wp:attachment":[{"href":"https:\/\/continuamosmx.com\/index.php\/wp-json\/wp\/v2\/media?parent=47303"}],"wp:term":[{"taxonomy":"category","embeddable":true,"href":"https:\/\/continuamosmx.com\/index.php\/wp-json\/wp\/v2\/categories?post=47303"},{"taxonomy":"post_tag","embeddable":true,"href":"https:\/\/continuamosmx.com\/index.php\/wp-json\/wp\/v2\/tags?post=47303"}],"curies":[{"name":"wp","href":"https:\/\/api.w.org\/{rel}","templated":true}]}}