{"id":47294,"date":"2024-05-29T05:50:56","date_gmt":"2024-05-29T05:50:56","guid":{"rendered":"https:\/\/continuamosmx.com\/?p=47294"},"modified":"2024-05-30T06:15:56","modified_gmt":"2024-05-30T06:15:56","slug":"consejera-de-morena-apoyara-a-la-panista-romina-contreras","status":"publish","type":"post","link":"https:\/\/continuamosmx.com\/index.php\/2024\/05\/29\/consejera-de-morena-apoyara-a-la-panista-romina-contreras\/","title":{"rendered":"CONSEJERA DE MORENA APOYAR\u00c1 A LA PANISTA ROMINA CONTRERAS"},"content":{"rendered":"\n<p>*<strong>Anachel Ju\u00e1rez se une al PAN en Huixquilucan para impulsar el progreso municipal<\/strong><\/p>\n\n\n\n<p>REDACCI\u00d3N<\/p>\n\n\n\n<p>HUIXQUILUCAN, M\u00e9x.- En un movimiento pol\u00edtico significativo, Anachel Ju\u00e1rez, consejera estatal y ex candidata a s\u00edndico municipal de Morena, ha decidido unirse al Partido Acci\u00f3n Nacional (PAN) en Huixquilucan.<\/p>\n\n\n\n<p>Ju\u00e1rez destac\u00f3 que su decisi\u00f3n se basa en el reconocimiento de los logros que el PAN ha obtenido en el municipio y en su convicci\u00f3n de que este partido es la mejor opci\u00f3n para continuar mejorando la calidad de vida de los ciudadanos.<\/p>\n\n\n\n<p>\u00abHoy estoy muy contenta de poder tomar decisiones importantes para este bello municipio. Desafortunadamente, esta contienda electoral fue complicada para muchos, pero el PAN de Huixquilucan es la mejor opci\u00f3n en este momento. As\u00ed que hoy todo el equipo y yo decidimos sumarnos a este gran proyecto por un mejor Huixquilucan\u00bb, expres\u00f3 Ju\u00e1rez.<\/p>\n\n\n\n<p>Durante una reuni\u00f3n con expertos inmobiliarios, l\u00edderes empresariales y vecinos de la Zona Residencial, Romina Contreras Carrasco, candidata del PAN a la Presidencia Municipal de Huixquilucan, agradeci\u00f3 el respaldo recibido.<\/p>\n\n\n\n<p>Contreras subray\u00f3 que su proyecto est\u00e1 basado en el trabajo, la honradez, la disciplina y, sobre todo, el humanismo, enfoc\u00e1ndose en las necesidades de la gente.<\/p>\n\n\n\n<p>\u00abQuiero invitarlos a votar este domingo por la mejor opci\u00f3n, por un partido serio que est\u00e1 lejos de improvisaciones. Estamos a pocos d\u00edas de la elecci\u00f3n m\u00e1s importante de la historia de nuestro pa\u00eds, por lo que este 02 de junio no dejen de votar, lleven a su familia, a sus hijos, sobrinos y abuelos\u00bb, exhort\u00f3 Contreras.<\/p>\n\n\n\n<p>Sary Sutton Cattan, presidenta del Grupo Inmobiliario Zona Poniente (GIZP), reconoci\u00f3 el impulso que la candidata panista brinda al desarrollo en Huixquilucan, facilitando el crecimiento del sector empresarial y haciendo de la demarcaci\u00f3n un atractivo para los inversionistas.<\/p>\n\n\n\n<p>Por su parte, Germ\u00e1n Miguel Jalil Hern\u00e1ndez, presidente del Consejo Coordinador Empresarial del Estado de M\u00e9xico (CCEM), expres\u00f3 su apoyo a Romina Contreras, destacando su labor durante su primera gesti\u00f3n, en la que promovi\u00f3 la competitividad y garantiz\u00f3 la seguridad de los habitantes.<\/p>\n\n\n\n<p>Al concluir el encuentro, Romina Contreras reiter\u00f3 la invitaci\u00f3n a los presentes para seguir difundiendo el proyecto del PAN y llenar las urnas con el voto azul este 02 de junio, apoyando a candidatos como X\u00f3chitl G\u00e1lvez, Enrique Vargas, Josefina V\u00e1zquez Mota y Pablo Fern\u00e1ndez de Cevallos, para que Huixquilucan siga siendo un referente a nivel nacional.<\/p>\n","protected":false},"excerpt":{"rendered":"<p>*Anachel Ju\u00e1rez se une al PAN en Huixquilucan para impulsar el progreso municipal REDACCI\u00d3N HUIXQUILUCAN, M\u00e9x.- En un movimiento pol\u00edtico significativo, Anachel Ju\u00e1rez, consejera estatal y ex candidata a s\u00edndico municipal de Morena, ha decidido unirse al Partido Acci\u00f3n Nacional (PAN) en Huixquilucan. Ju\u00e1rez destac\u00f3 que su decisi\u00f3n se basa en el reconocimiento de los [&hellip;]<\/p>\n","protected":false},"author":1,"featured_media":47295,"comment_status":"open","ping_status":"open","sticky":false,"template":"","format":"standard","meta":{"footnotes":""},"categories":[121,5],"tags":[7,115,88,8,89],"class_list":["post-47294","post","type-post","status-publish","format-standard","has-post-thumbnail","hentry","category-elecciones-2024","category-huixquilucan","tag-edomex","tag-eleccion-2024","tag-huixquilucan","tag-morena","tag-romina-contreras"],"yoast_head":"<!-- This site is optimized with the Yoast SEO plugin v27.4 - https:\/\/yoast.com\/product\/yoast-seo-wordpress\/ -->\n<title>CONSEJERA DE MORENA APOYAR\u00c1 A LA PANISTA ROMINA CONTRERAS -<\/title>\n<meta name=\"robots\" content=\"index, follow, max-snippet:-1, max-image-preview:large, max-video-preview:-1\" \/>\n<link rel=\"canonical\" href=\"https:\/\/continuamosmx.com\/index.php\/2024\/05\/29\/consejera-de-morena-apoyara-a-la-panista-romina-contreras\/\" \/>\n<meta property=\"og:locale\" content=\"es_ES\" \/>\n<meta property=\"og:type\" content=\"article\" \/>\n<meta property=\"og:title\" content=\"CONSEJERA DE MORENA APOYAR\u00c1 A LA PANISTA ROMINA CONTRERAS -\" \/>\n<meta property=\"og:description\" content=\"*Anachel Ju\u00e1rez se une al PAN en Huixquilucan para impulsar el progreso municipal REDACCI\u00d3N HUIXQUILUCAN, M\u00e9x.- En un movimiento pol\u00edtico significativo, Anachel Ju\u00e1rez, consejera estatal y ex candidata a s\u00edndico municipal de Morena, ha decidido unirse al Partido Acci\u00f3n Nacional (PAN) en Huixquilucan. Ju\u00e1rez destac\u00f3 que su decisi\u00f3n se basa en el reconocimiento de los [&hellip;]\" \/>\n<meta property=\"og:url\" content=\"https:\/\/continuamosmx.com\/index.php\/2024\/05\/29\/consejera-de-morena-apoyara-a-la-panista-romina-contreras\/\" \/>\n<meta property=\"article:published_time\" content=\"2024-05-29T05:50:56+00:00\" \/>\n<meta property=\"article:modified_time\" content=\"2024-05-30T06:15:56+00:00\" \/>\n<meta property=\"og:image\" content=\"https:\/\/continuamosmx.com\/wp-content\/uploads\/2024\/05\/Comunicado-RC-036-2-scaled.jpeg\" \/>\n\t<meta property=\"og:image:width\" content=\"2560\" \/>\n\t<meta property=\"og:image:height\" content=\"1707\" \/>\n\t<meta property=\"og:image:type\" content=\"image\/jpeg\" \/>\n<meta name=\"author\" content=\"ContinuamosMX\" \/>\n<meta name=\"twitter:card\" content=\"summary_large_image\" \/>\n<meta name=\"twitter:label1\" content=\"Escrito por\" \/>\n\t<meta name=\"twitter:data1\" content=\"ContinuamosMX\" \/>\n\t<meta name=\"twitter:label2\" content=\"Tiempo de lectura\" \/>\n\t<meta name=\"twitter:data2\" content=\"2 minutos\" \/>\n<script type=\"application\/ld+json\" class=\"yoast-schema-graph\">{\"@context\":\"https:\\\/\\\/schema.org\",\"@graph\":[{\"@type\":\"Article\",\"@id\":\"https:\\\/\\\/continuamosmx.com\\\/index.php\\\/2024\\\/05\\\/29\\\/consejera-de-morena-apoyara-a-la-panista-romina-contreras\\\/#article\",\"isPartOf\":{\"@id\":\"https:\\\/\\\/continuamosmx.com\\\/index.php\\\/2024\\\/05\\\/29\\\/consejera-de-morena-apoyara-a-la-panista-romina-contreras\\\/\"},\"author\":{\"name\":\"ContinuamosMX\",\"@id\":\"https:\\\/\\\/continuamosmx.com\\\/#\\\/schema\\\/person\\\/597bf43bb6e9623635929d8de706669f\"},\"headline\":\"CONSEJERA DE MORENA APOYAR\u00c1 A LA PANISTA ROMINA CONTRERAS\",\"datePublished\":\"2024-05-29T05:50:56+00:00\",\"dateModified\":\"2024-05-30T06:15:56+00:00\",\"mainEntityOfPage\":{\"@id\":\"https:\\\/\\\/continuamosmx.com\\\/index.php\\\/2024\\\/05\\\/29\\\/consejera-de-morena-apoyara-a-la-panista-romina-contreras\\\/\"},\"wordCount\":429,\"commentCount\":0,\"publisher\":{\"@id\":\"https:\\\/\\\/continuamosmx.com\\\/#organization\"},\"image\":{\"@id\":\"https:\\\/\\\/continuamosmx.com\\\/index.php\\\/2024\\\/05\\\/29\\\/consejera-de-morena-apoyara-a-la-panista-romina-contreras\\\/#primaryimage\"},\"thumbnailUrl\":\"https:\\\/\\\/continuamosmx.com\\\/wp-content\\\/uploads\\\/2024\\\/05\\\/Comunicado-RC-036-2-scaled.jpeg\",\"keywords\":[\"Edomex\",\"Elecci\u00f3n 2024\",\"Huixquilucan\",\"Morena\",\"Romina Contreras\"],\"articleSection\":[\"ELECCIONES 2024\",\"HUIXQUILUCAN\"],\"inLanguage\":\"es\"},{\"@type\":\"WebPage\",\"@id\":\"https:\\\/\\\/continuamosmx.com\\\/index.php\\\/2024\\\/05\\\/29\\\/consejera-de-morena-apoyara-a-la-panista-romina-contreras\\\/\",\"url\":\"https:\\\/\\\/continuamosmx.com\\\/index.php\\\/2024\\\/05\\\/29\\\/consejera-de-morena-apoyara-a-la-panista-romina-contreras\\\/\",\"name\":\"CONSEJERA DE MORENA APOYAR\u00c1 A LA PANISTA ROMINA CONTRERAS -\",\"isPartOf\":{\"@id\":\"https:\\\/\\\/continuamosmx.com\\\/#website\"},\"primaryImageOfPage\":{\"@id\":\"https:\\\/\\\/continuamosmx.com\\\/index.php\\\/2024\\\/05\\\/29\\\/consejera-de-morena-apoyara-a-la-panista-romina-contreras\\\/#primaryimage\"},\"image\":{\"@id\":\"https:\\\/\\\/continuamosmx.com\\\/index.php\\\/2024\\\/05\\\/29\\\/consejera-de-morena-apoyara-a-la-panista-romina-contreras\\\/#primaryimage\"},\"thumbnailUrl\":\"https:\\\/\\\/continuamosmx.com\\\/wp-content\\\/uploads\\\/2024\\\/05\\\/Comunicado-RC-036-2-scaled.jpeg\",\"datePublished\":\"2024-05-29T05:50:56+00:00\",\"dateModified\":\"2024-05-30T06:15:56+00:00\",\"breadcrumb\":{\"@id\":\"https:\\\/\\\/continuamosmx.com\\\/index.php\\\/2024\\\/05\\\/29\\\/consejera-de-morena-apoyara-a-la-panista-romina-contreras\\\/#breadcrumb\"},\"inLanguage\":\"es\",\"potentialAction\":[{\"@type\":\"ReadAction\",\"target\":[\"https:\\\/\\\/continuamosmx.com\\\/index.php\\\/2024\\\/05\\\/29\\\/consejera-de-morena-apoyara-a-la-panista-romina-contreras\\\/\"]}]},{\"@type\":\"ImageObject\",\"inLanguage\":\"es\",\"@id\":\"https:\\\/\\\/continuamosmx.com\\\/index.php\\\/2024\\\/05\\\/29\\\/consejera-de-morena-apoyara-a-la-panista-romina-contreras\\\/#primaryimage\",\"url\":\"https:\\\/\\\/continuamosmx.com\\\/wp-content\\\/uploads\\\/2024\\\/05\\\/Comunicado-RC-036-2-scaled.jpeg\",\"contentUrl\":\"https:\\\/\\\/continuamosmx.com\\\/wp-content\\\/uploads\\\/2024\\\/05\\\/Comunicado-RC-036-2-scaled.jpeg\",\"width\":2560,\"height\":1707},{\"@type\":\"BreadcrumbList\",\"@id\":\"https:\\\/\\\/continuamosmx.com\\\/index.php\\\/2024\\\/05\\\/29\\\/consejera-de-morena-apoyara-a-la-panista-romina-contreras\\\/#breadcrumb\",\"itemListElement\":[{\"@type\":\"ListItem\",\"position\":1,\"name\":\"Inicio\",\"item\":\"https:\\\/\\\/continuamosmx.com\\\/\"},{\"@type\":\"ListItem\",\"position\":2,\"name\":\"CONSEJERA DE MORENA APOYAR\u00c1 A LA PANISTA ROMINA CONTRERAS\"}]},{\"@type\":\"WebSite\",\"@id\":\"https:\\\/\\\/continuamosmx.com\\\/#website\",\"url\":\"https:\\\/\\\/continuamosmx.com\\\/\",\"name\":\"www.continuamosmx.com\",\"description\":\"\",\"publisher\":{\"@id\":\"https:\\\/\\\/continuamosmx.com\\\/#organization\"},\"potentialAction\":[{\"@type\":\"SearchAction\",\"target\":{\"@type\":\"EntryPoint\",\"urlTemplate\":\"https:\\\/\\\/continuamosmx.com\\\/?s={search_term_string}\"},\"query-input\":{\"@type\":\"PropertyValueSpecification\",\"valueRequired\":true,\"valueName\":\"search_term_string\"}}],\"inLanguage\":\"es\"},{\"@type\":\"Organization\",\"@id\":\"https:\\\/\\\/continuamosmx.com\\\/#organization\",\"name\":\"ContinuamosMX\",\"url\":\"https:\\\/\\\/continuamosmx.com\\\/\",\"logo\":{\"@type\":\"ImageObject\",\"inLanguage\":\"es\",\"@id\":\"https:\\\/\\\/continuamosmx.com\\\/#\\\/schema\\\/logo\\\/image\\\/\",\"url\":\"https:\\\/\\\/continuamosmx.com\\\/wp-content\\\/uploads\\\/2023\\\/04\\\/cropped-LOGO-CONTI-NUEVO.png\",\"contentUrl\":\"https:\\\/\\\/continuamosmx.com\\\/wp-content\\\/uploads\\\/2023\\\/04\\\/cropped-LOGO-CONTI-NUEVO.png\",\"width\":1257,\"height\":430,\"caption\":\"ContinuamosMX\"},\"image\":{\"@id\":\"https:\\\/\\\/continuamosmx.com\\\/#\\\/schema\\\/logo\\\/image\\\/\"}},{\"@type\":\"Person\",\"@id\":\"https:\\\/\\\/continuamosmx.com\\\/#\\\/schema\\\/person\\\/597bf43bb6e9623635929d8de706669f\",\"name\":\"ContinuamosMX\",\"image\":{\"@type\":\"ImageObject\",\"inLanguage\":\"es\",\"@id\":\"https:\\\/\\\/secure.gravatar.com\\\/avatar\\\/559529727a6e1f51269882deb22b7cbf727c15cb0f7d75d495313386bc069382?s=96&d=mm&r=g\",\"url\":\"https:\\\/\\\/secure.gravatar.com\\\/avatar\\\/559529727a6e1f51269882deb22b7cbf727c15cb0f7d75d495313386bc069382?s=96&d=mm&r=g\",\"contentUrl\":\"https:\\\/\\\/secure.gravatar.com\\\/avatar\\\/559529727a6e1f51269882deb22b7cbf727c15cb0f7d75d495313386bc069382?s=96&d=mm&r=g\",\"caption\":\"ContinuamosMX\"},\"sameAs\":[\"http:\\\/\\\/continuamosmx.com\"],\"url\":\"https:\\\/\\\/continuamosmx.com\\\/index.php\\\/author\\\/cgbarnardhotmail-com\\\/\"}]}<\/script>\n<!-- \/ Yoast SEO plugin. -->","yoast_head_json":{"title":"CONSEJERA DE MORENA APOYAR\u00c1 A LA PANISTA ROMINA CONTRERAS -","robots":{"index":"index","follow":"follow","max-snippet":"max-snippet:-1","max-image-preview":"max-image-preview:large","max-video-preview":"max-video-preview:-1"},"canonical":"https:\/\/continuamosmx.com\/index.php\/2024\/05\/29\/consejera-de-morena-apoyara-a-la-panista-romina-contreras\/","og_locale":"es_ES","og_type":"article","og_title":"CONSEJERA DE MORENA APOYAR\u00c1 A LA PANISTA ROMINA CONTRERAS -","og_description":"*Anachel Ju\u00e1rez se une al PAN en Huixquilucan para impulsar el progreso municipal REDACCI\u00d3N HUIXQUILUCAN, M\u00e9x.- En un movimiento pol\u00edtico significativo, Anachel Ju\u00e1rez, consejera estatal y ex candidata a s\u00edndico municipal de Morena, ha decidido unirse al Partido Acci\u00f3n Nacional (PAN) en Huixquilucan. Ju\u00e1rez destac\u00f3 que su decisi\u00f3n se basa en el reconocimiento de los [&hellip;]","og_url":"https:\/\/continuamosmx.com\/index.php\/2024\/05\/29\/consejera-de-morena-apoyara-a-la-panista-romina-contreras\/","article_published_time":"2024-05-29T05:50:56+00:00","article_modified_time":"2024-05-30T06:15:56+00:00","og_image":[{"width":2560,"height":1707,"url":"https:\/\/continuamosmx.com\/wp-content\/uploads\/2024\/05\/Comunicado-RC-036-2-scaled.jpeg","type":"image\/jpeg"}],"author":"ContinuamosMX","twitter_card":"summary_large_image","twitter_misc":{"Escrito por":"ContinuamosMX","Tiempo de lectura":"2 minutos"},"schema":{"@context":"https:\/\/schema.org","@graph":[{"@type":"Article","@id":"https:\/\/continuamosmx.com\/index.php\/2024\/05\/29\/consejera-de-morena-apoyara-a-la-panista-romina-contreras\/#article","isPartOf":{"@id":"https:\/\/continuamosmx.com\/index.php\/2024\/05\/29\/consejera-de-morena-apoyara-a-la-panista-romina-contreras\/"},"author":{"name":"ContinuamosMX","@id":"https:\/\/continuamosmx.com\/#\/schema\/person\/597bf43bb6e9623635929d8de706669f"},"headline":"CONSEJERA DE MORENA APOYAR\u00c1 A LA PANISTA ROMINA CONTRERAS","datePublished":"2024-05-29T05:50:56+00:00","dateModified":"2024-05-30T06:15:56+00:00","mainEntityOfPage":{"@id":"https:\/\/continuamosmx.com\/index.php\/2024\/05\/29\/consejera-de-morena-apoyara-a-la-panista-romina-contreras\/"},"wordCount":429,"commentCount":0,"publisher":{"@id":"https:\/\/continuamosmx.com\/#organization"},"image":{"@id":"https:\/\/continuamosmx.com\/index.php\/2024\/05\/29\/consejera-de-morena-apoyara-a-la-panista-romina-contreras\/#primaryimage"},"thumbnailUrl":"https:\/\/continuamosmx.com\/wp-content\/uploads\/2024\/05\/Comunicado-RC-036-2-scaled.jpeg","keywords":["Edomex","Elecci\u00f3n 2024","Huixquilucan","Morena","Romina Contreras"],"articleSection":["ELECCIONES 2024","HUIXQUILUCAN"],"inLanguage":"es"},{"@type":"WebPage","@id":"https:\/\/continuamosmx.com\/index.php\/2024\/05\/29\/consejera-de-morena-apoyara-a-la-panista-romina-contreras\/","url":"https:\/\/continuamosmx.com\/index.php\/2024\/05\/29\/consejera-de-morena-apoyara-a-la-panista-romina-contreras\/","name":"CONSEJERA DE MORENA APOYAR\u00c1 A LA PANISTA ROMINA CONTRERAS -","isPartOf":{"@id":"https:\/\/continuamosmx.com\/#website"},"primaryImageOfPage":{"@id":"https:\/\/continuamosmx.com\/index.php\/2024\/05\/29\/consejera-de-morena-apoyara-a-la-panista-romina-contreras\/#primaryimage"},"image":{"@id":"https:\/\/continuamosmx.com\/index.php\/2024\/05\/29\/consejera-de-morena-apoyara-a-la-panista-romina-contreras\/#primaryimage"},"thumbnailUrl":"https:\/\/continuamosmx.com\/wp-content\/uploads\/2024\/05\/Comunicado-RC-036-2-scaled.jpeg","datePublished":"2024-05-29T05:50:56+00:00","dateModified":"2024-05-30T06:15:56+00:00","breadcrumb":{"@id":"https:\/\/continuamosmx.com\/index.php\/2024\/05\/29\/consejera-de-morena-apoyara-a-la-panista-romina-contreras\/#breadcrumb"},"inLanguage":"es","potentialAction":[{"@type":"ReadAction","target":["https:\/\/continuamosmx.com\/index.php\/2024\/05\/29\/consejera-de-morena-apoyara-a-la-panista-romina-contreras\/"]}]},{"@type":"ImageObject","inLanguage":"es","@id":"https:\/\/continuamosmx.com\/index.php\/2024\/05\/29\/consejera-de-morena-apoyara-a-la-panista-romina-contreras\/#primaryimage","url":"https:\/\/continuamosmx.com\/wp-content\/uploads\/2024\/05\/Comunicado-RC-036-2-scaled.jpeg","contentUrl":"https:\/\/continuamosmx.com\/wp-content\/uploads\/2024\/05\/Comunicado-RC-036-2-scaled.jpeg","width":2560,"height":1707},{"@type":"BreadcrumbList","@id":"https:\/\/continuamosmx.com\/index.php\/2024\/05\/29\/consejera-de-morena-apoyara-a-la-panista-romina-contreras\/#breadcrumb","itemListElement":[{"@type":"ListItem","position":1,"name":"Inicio","item":"https:\/\/continuamosmx.com\/"},{"@type":"ListItem","position":2,"name":"CONSEJERA DE MORENA APOYAR\u00c1 A LA PANISTA ROMINA CONTRERAS"}]},{"@type":"WebSite","@id":"https:\/\/continuamosmx.com\/#website","url":"https:\/\/continuamosmx.com\/","name":"www.continuamosmx.com","description":"","publisher":{"@id":"https:\/\/continuamosmx.com\/#organization"},"potentialAction":[{"@type":"SearchAction","target":{"@type":"EntryPoint","urlTemplate":"https:\/\/continuamosmx.com\/?s={search_term_string}"},"query-input":{"@type":"PropertyValueSpecification","valueRequired":true,"valueName":"search_term_string"}}],"inLanguage":"es"},{"@type":"Organization","@id":"https:\/\/continuamosmx.com\/#organization","name":"ContinuamosMX","url":"https:\/\/continuamosmx.com\/","logo":{"@type":"ImageObject","inLanguage":"es","@id":"https:\/\/continuamosmx.com\/#\/schema\/logo\/image\/","url":"https:\/\/continuamosmx.com\/wp-content\/uploads\/2023\/04\/cropped-LOGO-CONTI-NUEVO.png","contentUrl":"https:\/\/continuamosmx.com\/wp-content\/uploads\/2023\/04\/cropped-LOGO-CONTI-NUEVO.png","width":1257,"height":430,"caption":"ContinuamosMX"},"image":{"@id":"https:\/\/continuamosmx.com\/#\/schema\/logo\/image\/"}},{"@type":"Person","@id":"https:\/\/continuamosmx.com\/#\/schema\/person\/597bf43bb6e9623635929d8de706669f","name":"ContinuamosMX","image":{"@type":"ImageObject","inLanguage":"es","@id":"https:\/\/secure.gravatar.com\/avatar\/559529727a6e1f51269882deb22b7cbf727c15cb0f7d75d495313386bc069382?s=96&d=mm&r=g","url":"https:\/\/secure.gravatar.com\/avatar\/559529727a6e1f51269882deb22b7cbf727c15cb0f7d75d495313386bc069382?s=96&d=mm&r=g","contentUrl":"https:\/\/secure.gravatar.com\/avatar\/559529727a6e1f51269882deb22b7cbf727c15cb0f7d75d495313386bc069382?s=96&d=mm&r=g","caption":"ContinuamosMX"},"sameAs":["http:\/\/continuamosmx.com"],"url":"https:\/\/continuamosmx.com\/index.php\/author\/cgbarnardhotmail-com\/"}]}},"_links":{"self":[{"href":"https:\/\/continuamosmx.com\/index.php\/wp-json\/wp\/v2\/posts\/47294","targetHints":{"allow":["GET"]}}],"collection":[{"href":"https:\/\/continuamosmx.com\/index.php\/wp-json\/wp\/v2\/posts"}],"about":[{"href":"https:\/\/continuamosmx.com\/index.php\/wp-json\/wp\/v2\/types\/post"}],"author":[{"embeddable":true,"href":"https:\/\/continuamosmx.com\/index.php\/wp-json\/wp\/v2\/users\/1"}],"replies":[{"embeddable":true,"href":"https:\/\/continuamosmx.com\/index.php\/wp-json\/wp\/v2\/comments?post=47294"}],"version-history":[{"count":1,"href":"https:\/\/continuamosmx.com\/index.php\/wp-json\/wp\/v2\/posts\/47294\/revisions"}],"predecessor-version":[{"id":47296,"href":"https:\/\/continuamosmx.com\/index.php\/wp-json\/wp\/v2\/posts\/47294\/revisions\/47296"}],"wp:featuredmedia":[{"embeddable":true,"href":"https:\/\/continuamosmx.com\/index.php\/wp-json\/wp\/v2\/media\/47295"}],"wp:attachment":[{"href":"https:\/\/continuamosmx.com\/index.php\/wp-json\/wp\/v2\/media?parent=47294"}],"wp:term":[{"taxonomy":"category","embeddable":true,"href":"https:\/\/continuamosmx.com\/index.php\/wp-json\/wp\/v2\/categories?post=47294"},{"taxonomy":"post_tag","embeddable":true,"href":"https:\/\/continuamosmx.com\/index.php\/wp-json\/wp\/v2\/tags?post=47294"}],"curies":[{"name":"wp","href":"https:\/\/api.w.org\/{rel}","templated":true}]}}