{"id":47288,"date":"2024-05-29T05:24:42","date_gmt":"2024-05-29T05:24:42","guid":{"rendered":"https:\/\/continuamosmx.com\/?p=47288"},"modified":"2024-05-30T05:43:34","modified_gmt":"2024-05-30T05:43:34","slug":"tony-rodriguez-signa-pacto-por-la-primera-infancia-y-reafirma-su-compromiso-con-los-ninos-de-tlalnepantla","status":"publish","type":"post","link":"https:\/\/continuamosmx.com\/index.php\/2024\/05\/29\/tony-rodriguez-signa-pacto-por-la-primera-infancia-y-reafirma-su-compromiso-con-los-ninos-de-tlalnepantla\/","title":{"rendered":"TONY RODR\u00cdGUEZ SIGNA PACTO POR LA PRIMERA INFANCIA Y REAFIRMA SU COMPROMISO CON LOS NI\u00d1OS DE TLALNEPANTLA"},"content":{"rendered":"\n<p><strong>*Destac\u00f3 que se abrir\u00e1n m\u00e1s comedores comunitarios y el programa Salud de 10.<\/strong><\/p>\n\n\n\n<p>Redacci\u00f3n.<\/p>\n\n\n\n<p>TLALNEPANTLA, M\u00e9x.- En un acto significativo, Tony Rodr\u00edguez, candidato de la coalici\u00f3n Fuerza y Coraz\u00f3n por el Estado de M\u00e9xico, firm\u00f3 el Pacto por la Primera Infancia, consolidando su compromiso con el bienestar de las ni\u00f1as y los ni\u00f1os de Tlalnepantla.<\/p>\n\n\n\n<p>Durante la firma, Rodr\u00edguez subray\u00f3 su intenci\u00f3n de continuar impulsando programas clave como las Caravanas por tu Salud, Educaci\u00f3n de 10 y la apertura de m\u00e1s comedores comunitarios.<\/p>\n\n\n\n<p>El candidato destac\u00f3 la apertura de 80 comedores comunitarios, destinados a proporcionar comida nutritiva a familias de escasos recursos. \u00abEn estos espacios se alimentan ni\u00f1os y ni\u00f1as con alimentos revisados por un nutri\u00f3logo, buscando as\u00ed disminuir la desnutrici\u00f3n infantil\u00bb, afirm\u00f3 Rodr\u00edguez.<\/p>\n\n\n\n<p>El evento cont\u00f3 con la presencia de representantes del Pacto por la Primera Infancia, Canitas y Caritas Felices A. C., Fundaci\u00f3n Criantia A.C., e Iluminando m\u00e1s Gente. Rodr\u00edguez, abanderado por la coalici\u00f3n conformada por el PRI, PAN, PRD y Nueva Alianza, explic\u00f3 que el programa Salud de 10 eval\u00faa la salud de los estudiantes para garantizar su mejor desarrollo y aprendizaje.<\/p>\n\n\n\n<p>\u00abLa salud de las ni\u00f1as, los ni\u00f1os y de toda la familia ha sido una prioridad. Si el voto me favorece el pr\u00f3ximo 2 de junio, seguiremos llevando a las colonias las Caravanas por tu Salud, ofreciendo servicios m\u00e9dicos gratuitos\u00bb, prometi\u00f3 Rodr\u00edguez.<\/p>\n\n\n\n<p>Abril Torres, Coordinadora del Pacto por la Primera Infancia, elogi\u00f3 a Rodr\u00edguez por la rehabilitaci\u00f3n de parques recreativos, donde los ni\u00f1os de Tlalnepantla pueden realizar actividades con sus padres, mejorando as\u00ed su estado f\u00edsico y emocional.<\/p>\n\n\n\n<p>Con esta firma, Tony Rodr\u00edguez reafirma su compromiso con la primera infancia y se posiciona como un candidato enfocado en mejorar la calidad de vida de las familias en Tlalnepantla.<\/p>\n\n\n\n<p><\/p>\n","protected":false},"excerpt":{"rendered":"<p>*Destac\u00f3 que se abrir\u00e1n m\u00e1s comedores comunitarios y el programa Salud de 10. Redacci\u00f3n. TLALNEPANTLA, M\u00e9x.- En un acto significativo, Tony Rodr\u00edguez, candidato de la coalici\u00f3n Fuerza y Coraz\u00f3n por el Estado de M\u00e9xico, firm\u00f3 el Pacto por la Primera Infancia, consolidando su compromiso con el bienestar de las ni\u00f1as y los ni\u00f1os de Tlalnepantla. [&hellip;]<\/p>\n","protected":false},"author":1,"featured_media":47289,"comment_status":"open","ping_status":"open","sticky":false,"template":"","format":"standard","meta":{"footnotes":""},"categories":[121,79],"tags":[7,115,176,94,95],"class_list":["post-47288","post","type-post","status-publish","format-standard","has-post-thumbnail","hentry","category-elecciones-2024","category-tlalne","tag-edomex","tag-eleccion-2024","tag-signa-acuerdo","tag-tlalnepantla","tag-tony-rodriguez"],"yoast_head":"<!-- This site is optimized with the Yoast SEO plugin v27.4 - https:\/\/yoast.com\/product\/yoast-seo-wordpress\/ -->\n<title>TONY RODR\u00cdGUEZ SIGNA PACTO POR LA PRIMERA INFANCIA Y REAFIRMA SU COMPROMISO CON LOS NI\u00d1OS DE TLALNEPANTLA -<\/title>\n<meta name=\"robots\" content=\"index, follow, max-snippet:-1, max-image-preview:large, max-video-preview:-1\" \/>\n<link rel=\"canonical\" href=\"https:\/\/continuamosmx.com\/index.php\/2024\/05\/29\/tony-rodriguez-signa-pacto-por-la-primera-infancia-y-reafirma-su-compromiso-con-los-ninos-de-tlalnepantla\/\" \/>\n<meta property=\"og:locale\" content=\"es_ES\" \/>\n<meta property=\"og:type\" content=\"article\" \/>\n<meta property=\"og:title\" content=\"TONY RODR\u00cdGUEZ SIGNA PACTO POR LA PRIMERA INFANCIA Y REAFIRMA SU COMPROMISO CON LOS NI\u00d1OS DE TLALNEPANTLA -\" \/>\n<meta property=\"og:description\" content=\"*Destac\u00f3 que se abrir\u00e1n m\u00e1s comedores comunitarios y el programa Salud de 10. Redacci\u00f3n. TLALNEPANTLA, M\u00e9x.- En un acto significativo, Tony Rodr\u00edguez, candidato de la coalici\u00f3n Fuerza y Coraz\u00f3n por el Estado de M\u00e9xico, firm\u00f3 el Pacto por la Primera Infancia, consolidando su compromiso con el bienestar de las ni\u00f1as y los ni\u00f1os de Tlalnepantla. [&hellip;]\" \/>\n<meta property=\"og:url\" content=\"https:\/\/continuamosmx.com\/index.php\/2024\/05\/29\/tony-rodriguez-signa-pacto-por-la-primera-infancia-y-reafirma-su-compromiso-con-los-ninos-de-tlalnepantla\/\" \/>\n<meta property=\"article:published_time\" content=\"2024-05-29T05:24:42+00:00\" \/>\n<meta property=\"article:modified_time\" content=\"2024-05-30T05:43:34+00:00\" \/>\n<meta property=\"og:image\" content=\"https:\/\/continuamosmx.com\/wp-content\/uploads\/2024\/05\/IMG-20240529-WA0214.jpg\" \/>\n\t<meta property=\"og:image:width\" content=\"1280\" \/>\n\t<meta property=\"og:image:height\" content=\"853\" \/>\n\t<meta property=\"og:image:type\" content=\"image\/jpeg\" \/>\n<meta name=\"author\" content=\"ContinuamosMX\" \/>\n<meta name=\"twitter:card\" content=\"summary_large_image\" \/>\n<meta name=\"twitter:label1\" content=\"Escrito por\" \/>\n\t<meta name=\"twitter:data1\" content=\"ContinuamosMX\" \/>\n\t<meta name=\"twitter:label2\" content=\"Tiempo de lectura\" \/>\n\t<meta name=\"twitter:data2\" content=\"2 minutos\" \/>\n<script type=\"application\/ld+json\" class=\"yoast-schema-graph\">{\"@context\":\"https:\\\/\\\/schema.org\",\"@graph\":[{\"@type\":\"Article\",\"@id\":\"https:\\\/\\\/continuamosmx.com\\\/index.php\\\/2024\\\/05\\\/29\\\/tony-rodriguez-signa-pacto-por-la-primera-infancia-y-reafirma-su-compromiso-con-los-ninos-de-tlalnepantla\\\/#article\",\"isPartOf\":{\"@id\":\"https:\\\/\\\/continuamosmx.com\\\/index.php\\\/2024\\\/05\\\/29\\\/tony-rodriguez-signa-pacto-por-la-primera-infancia-y-reafirma-su-compromiso-con-los-ninos-de-tlalnepantla\\\/\"},\"author\":{\"name\":\"ContinuamosMX\",\"@id\":\"https:\\\/\\\/continuamosmx.com\\\/#\\\/schema\\\/person\\\/597bf43bb6e9623635929d8de706669f\"},\"headline\":\"TONY RODR\u00cdGUEZ SIGNA PACTO POR LA PRIMERA INFANCIA Y REAFIRMA SU COMPROMISO CON LOS NI\u00d1OS DE TLALNEPANTLA\",\"datePublished\":\"2024-05-29T05:24:42+00:00\",\"dateModified\":\"2024-05-30T05:43:34+00:00\",\"mainEntityOfPage\":{\"@id\":\"https:\\\/\\\/continuamosmx.com\\\/index.php\\\/2024\\\/05\\\/29\\\/tony-rodriguez-signa-pacto-por-la-primera-infancia-y-reafirma-su-compromiso-con-los-ninos-de-tlalnepantla\\\/\"},\"wordCount\":343,\"commentCount\":0,\"publisher\":{\"@id\":\"https:\\\/\\\/continuamosmx.com\\\/#organization\"},\"image\":{\"@id\":\"https:\\\/\\\/continuamosmx.com\\\/index.php\\\/2024\\\/05\\\/29\\\/tony-rodriguez-signa-pacto-por-la-primera-infancia-y-reafirma-su-compromiso-con-los-ninos-de-tlalnepantla\\\/#primaryimage\"},\"thumbnailUrl\":\"https:\\\/\\\/continuamosmx.com\\\/wp-content\\\/uploads\\\/2024\\\/05\\\/IMG-20240529-WA0214.jpg\",\"keywords\":[\"Edomex\",\"Elecci\u00f3n 2024\",\"Signa acuerdo\",\"Tlalnepantla\",\"Tony Rodr\u00edguez\"],\"articleSection\":[\"ELECCIONES 2024\",\"TLALNEPANTLA\"],\"inLanguage\":\"es\"},{\"@type\":\"WebPage\",\"@id\":\"https:\\\/\\\/continuamosmx.com\\\/index.php\\\/2024\\\/05\\\/29\\\/tony-rodriguez-signa-pacto-por-la-primera-infancia-y-reafirma-su-compromiso-con-los-ninos-de-tlalnepantla\\\/\",\"url\":\"https:\\\/\\\/continuamosmx.com\\\/index.php\\\/2024\\\/05\\\/29\\\/tony-rodriguez-signa-pacto-por-la-primera-infancia-y-reafirma-su-compromiso-con-los-ninos-de-tlalnepantla\\\/\",\"name\":\"TONY RODR\u00cdGUEZ SIGNA PACTO POR LA PRIMERA INFANCIA Y REAFIRMA SU COMPROMISO CON LOS NI\u00d1OS DE TLALNEPANTLA -\",\"isPartOf\":{\"@id\":\"https:\\\/\\\/continuamosmx.com\\\/#website\"},\"primaryImageOfPage\":{\"@id\":\"https:\\\/\\\/continuamosmx.com\\\/index.php\\\/2024\\\/05\\\/29\\\/tony-rodriguez-signa-pacto-por-la-primera-infancia-y-reafirma-su-compromiso-con-los-ninos-de-tlalnepantla\\\/#primaryimage\"},\"image\":{\"@id\":\"https:\\\/\\\/continuamosmx.com\\\/index.php\\\/2024\\\/05\\\/29\\\/tony-rodriguez-signa-pacto-por-la-primera-infancia-y-reafirma-su-compromiso-con-los-ninos-de-tlalnepantla\\\/#primaryimage\"},\"thumbnailUrl\":\"https:\\\/\\\/continuamosmx.com\\\/wp-content\\\/uploads\\\/2024\\\/05\\\/IMG-20240529-WA0214.jpg\",\"datePublished\":\"2024-05-29T05:24:42+00:00\",\"dateModified\":\"2024-05-30T05:43:34+00:00\",\"breadcrumb\":{\"@id\":\"https:\\\/\\\/continuamosmx.com\\\/index.php\\\/2024\\\/05\\\/29\\\/tony-rodriguez-signa-pacto-por-la-primera-infancia-y-reafirma-su-compromiso-con-los-ninos-de-tlalnepantla\\\/#breadcrumb\"},\"inLanguage\":\"es\",\"potentialAction\":[{\"@type\":\"ReadAction\",\"target\":[\"https:\\\/\\\/continuamosmx.com\\\/index.php\\\/2024\\\/05\\\/29\\\/tony-rodriguez-signa-pacto-por-la-primera-infancia-y-reafirma-su-compromiso-con-los-ninos-de-tlalnepantla\\\/\"]}]},{\"@type\":\"ImageObject\",\"inLanguage\":\"es\",\"@id\":\"https:\\\/\\\/continuamosmx.com\\\/index.php\\\/2024\\\/05\\\/29\\\/tony-rodriguez-signa-pacto-por-la-primera-infancia-y-reafirma-su-compromiso-con-los-ninos-de-tlalnepantla\\\/#primaryimage\",\"url\":\"https:\\\/\\\/continuamosmx.com\\\/wp-content\\\/uploads\\\/2024\\\/05\\\/IMG-20240529-WA0214.jpg\",\"contentUrl\":\"https:\\\/\\\/continuamosmx.com\\\/wp-content\\\/uploads\\\/2024\\\/05\\\/IMG-20240529-WA0214.jpg\",\"width\":1280,\"height\":853},{\"@type\":\"BreadcrumbList\",\"@id\":\"https:\\\/\\\/continuamosmx.com\\\/index.php\\\/2024\\\/05\\\/29\\\/tony-rodriguez-signa-pacto-por-la-primera-infancia-y-reafirma-su-compromiso-con-los-ninos-de-tlalnepantla\\\/#breadcrumb\",\"itemListElement\":[{\"@type\":\"ListItem\",\"position\":1,\"name\":\"Inicio\",\"item\":\"https:\\\/\\\/continuamosmx.com\\\/\"},{\"@type\":\"ListItem\",\"position\":2,\"name\":\"TONY RODR\u00cdGUEZ SIGNA PACTO POR LA PRIMERA INFANCIA Y REAFIRMA SU COMPROMISO CON LOS NI\u00d1OS DE TLALNEPANTLA\"}]},{\"@type\":\"WebSite\",\"@id\":\"https:\\\/\\\/continuamosmx.com\\\/#website\",\"url\":\"https:\\\/\\\/continuamosmx.com\\\/\",\"name\":\"www.continuamosmx.com\",\"description\":\"\",\"publisher\":{\"@id\":\"https:\\\/\\\/continuamosmx.com\\\/#organization\"},\"potentialAction\":[{\"@type\":\"SearchAction\",\"target\":{\"@type\":\"EntryPoint\",\"urlTemplate\":\"https:\\\/\\\/continuamosmx.com\\\/?s={search_term_string}\"},\"query-input\":{\"@type\":\"PropertyValueSpecification\",\"valueRequired\":true,\"valueName\":\"search_term_string\"}}],\"inLanguage\":\"es\"},{\"@type\":\"Organization\",\"@id\":\"https:\\\/\\\/continuamosmx.com\\\/#organization\",\"name\":\"ContinuamosMX\",\"url\":\"https:\\\/\\\/continuamosmx.com\\\/\",\"logo\":{\"@type\":\"ImageObject\",\"inLanguage\":\"es\",\"@id\":\"https:\\\/\\\/continuamosmx.com\\\/#\\\/schema\\\/logo\\\/image\\\/\",\"url\":\"https:\\\/\\\/continuamosmx.com\\\/wp-content\\\/uploads\\\/2023\\\/04\\\/cropped-LOGO-CONTI-NUEVO.png\",\"contentUrl\":\"https:\\\/\\\/continuamosmx.com\\\/wp-content\\\/uploads\\\/2023\\\/04\\\/cropped-LOGO-CONTI-NUEVO.png\",\"width\":1257,\"height\":430,\"caption\":\"ContinuamosMX\"},\"image\":{\"@id\":\"https:\\\/\\\/continuamosmx.com\\\/#\\\/schema\\\/logo\\\/image\\\/\"}},{\"@type\":\"Person\",\"@id\":\"https:\\\/\\\/continuamosmx.com\\\/#\\\/schema\\\/person\\\/597bf43bb6e9623635929d8de706669f\",\"name\":\"ContinuamosMX\",\"image\":{\"@type\":\"ImageObject\",\"inLanguage\":\"es\",\"@id\":\"https:\\\/\\\/secure.gravatar.com\\\/avatar\\\/559529727a6e1f51269882deb22b7cbf727c15cb0f7d75d495313386bc069382?s=96&d=mm&r=g\",\"url\":\"https:\\\/\\\/secure.gravatar.com\\\/avatar\\\/559529727a6e1f51269882deb22b7cbf727c15cb0f7d75d495313386bc069382?s=96&d=mm&r=g\",\"contentUrl\":\"https:\\\/\\\/secure.gravatar.com\\\/avatar\\\/559529727a6e1f51269882deb22b7cbf727c15cb0f7d75d495313386bc069382?s=96&d=mm&r=g\",\"caption\":\"ContinuamosMX\"},\"sameAs\":[\"http:\\\/\\\/continuamosmx.com\"],\"url\":\"https:\\\/\\\/continuamosmx.com\\\/index.php\\\/author\\\/cgbarnardhotmail-com\\\/\"}]}<\/script>\n<!-- \/ Yoast SEO plugin. -->","yoast_head_json":{"title":"TONY RODR\u00cdGUEZ SIGNA PACTO POR LA PRIMERA INFANCIA Y REAFIRMA SU COMPROMISO CON LOS NI\u00d1OS DE TLALNEPANTLA -","robots":{"index":"index","follow":"follow","max-snippet":"max-snippet:-1","max-image-preview":"max-image-preview:large","max-video-preview":"max-video-preview:-1"},"canonical":"https:\/\/continuamosmx.com\/index.php\/2024\/05\/29\/tony-rodriguez-signa-pacto-por-la-primera-infancia-y-reafirma-su-compromiso-con-los-ninos-de-tlalnepantla\/","og_locale":"es_ES","og_type":"article","og_title":"TONY RODR\u00cdGUEZ SIGNA PACTO POR LA PRIMERA INFANCIA Y REAFIRMA SU COMPROMISO CON LOS NI\u00d1OS DE TLALNEPANTLA -","og_description":"*Destac\u00f3 que se abrir\u00e1n m\u00e1s comedores comunitarios y el programa Salud de 10. Redacci\u00f3n. TLALNEPANTLA, M\u00e9x.- En un acto significativo, Tony Rodr\u00edguez, candidato de la coalici\u00f3n Fuerza y Coraz\u00f3n por el Estado de M\u00e9xico, firm\u00f3 el Pacto por la Primera Infancia, consolidando su compromiso con el bienestar de las ni\u00f1as y los ni\u00f1os de Tlalnepantla. [&hellip;]","og_url":"https:\/\/continuamosmx.com\/index.php\/2024\/05\/29\/tony-rodriguez-signa-pacto-por-la-primera-infancia-y-reafirma-su-compromiso-con-los-ninos-de-tlalnepantla\/","article_published_time":"2024-05-29T05:24:42+00:00","article_modified_time":"2024-05-30T05:43:34+00:00","og_image":[{"width":1280,"height":853,"url":"https:\/\/continuamosmx.com\/wp-content\/uploads\/2024\/05\/IMG-20240529-WA0214.jpg","type":"image\/jpeg"}],"author":"ContinuamosMX","twitter_card":"summary_large_image","twitter_misc":{"Escrito por":"ContinuamosMX","Tiempo de lectura":"2 minutos"},"schema":{"@context":"https:\/\/schema.org","@graph":[{"@type":"Article","@id":"https:\/\/continuamosmx.com\/index.php\/2024\/05\/29\/tony-rodriguez-signa-pacto-por-la-primera-infancia-y-reafirma-su-compromiso-con-los-ninos-de-tlalnepantla\/#article","isPartOf":{"@id":"https:\/\/continuamosmx.com\/index.php\/2024\/05\/29\/tony-rodriguez-signa-pacto-por-la-primera-infancia-y-reafirma-su-compromiso-con-los-ninos-de-tlalnepantla\/"},"author":{"name":"ContinuamosMX","@id":"https:\/\/continuamosmx.com\/#\/schema\/person\/597bf43bb6e9623635929d8de706669f"},"headline":"TONY RODR\u00cdGUEZ SIGNA PACTO POR LA PRIMERA INFANCIA Y REAFIRMA SU COMPROMISO CON LOS NI\u00d1OS DE TLALNEPANTLA","datePublished":"2024-05-29T05:24:42+00:00","dateModified":"2024-05-30T05:43:34+00:00","mainEntityOfPage":{"@id":"https:\/\/continuamosmx.com\/index.php\/2024\/05\/29\/tony-rodriguez-signa-pacto-por-la-primera-infancia-y-reafirma-su-compromiso-con-los-ninos-de-tlalnepantla\/"},"wordCount":343,"commentCount":0,"publisher":{"@id":"https:\/\/continuamosmx.com\/#organization"},"image":{"@id":"https:\/\/continuamosmx.com\/index.php\/2024\/05\/29\/tony-rodriguez-signa-pacto-por-la-primera-infancia-y-reafirma-su-compromiso-con-los-ninos-de-tlalnepantla\/#primaryimage"},"thumbnailUrl":"https:\/\/continuamosmx.com\/wp-content\/uploads\/2024\/05\/IMG-20240529-WA0214.jpg","keywords":["Edomex","Elecci\u00f3n 2024","Signa acuerdo","Tlalnepantla","Tony Rodr\u00edguez"],"articleSection":["ELECCIONES 2024","TLALNEPANTLA"],"inLanguage":"es"},{"@type":"WebPage","@id":"https:\/\/continuamosmx.com\/index.php\/2024\/05\/29\/tony-rodriguez-signa-pacto-por-la-primera-infancia-y-reafirma-su-compromiso-con-los-ninos-de-tlalnepantla\/","url":"https:\/\/continuamosmx.com\/index.php\/2024\/05\/29\/tony-rodriguez-signa-pacto-por-la-primera-infancia-y-reafirma-su-compromiso-con-los-ninos-de-tlalnepantla\/","name":"TONY RODR\u00cdGUEZ SIGNA PACTO POR LA PRIMERA INFANCIA Y REAFIRMA SU COMPROMISO CON LOS NI\u00d1OS DE TLALNEPANTLA -","isPartOf":{"@id":"https:\/\/continuamosmx.com\/#website"},"primaryImageOfPage":{"@id":"https:\/\/continuamosmx.com\/index.php\/2024\/05\/29\/tony-rodriguez-signa-pacto-por-la-primera-infancia-y-reafirma-su-compromiso-con-los-ninos-de-tlalnepantla\/#primaryimage"},"image":{"@id":"https:\/\/continuamosmx.com\/index.php\/2024\/05\/29\/tony-rodriguez-signa-pacto-por-la-primera-infancia-y-reafirma-su-compromiso-con-los-ninos-de-tlalnepantla\/#primaryimage"},"thumbnailUrl":"https:\/\/continuamosmx.com\/wp-content\/uploads\/2024\/05\/IMG-20240529-WA0214.jpg","datePublished":"2024-05-29T05:24:42+00:00","dateModified":"2024-05-30T05:43:34+00:00","breadcrumb":{"@id":"https:\/\/continuamosmx.com\/index.php\/2024\/05\/29\/tony-rodriguez-signa-pacto-por-la-primera-infancia-y-reafirma-su-compromiso-con-los-ninos-de-tlalnepantla\/#breadcrumb"},"inLanguage":"es","potentialAction":[{"@type":"ReadAction","target":["https:\/\/continuamosmx.com\/index.php\/2024\/05\/29\/tony-rodriguez-signa-pacto-por-la-primera-infancia-y-reafirma-su-compromiso-con-los-ninos-de-tlalnepantla\/"]}]},{"@type":"ImageObject","inLanguage":"es","@id":"https:\/\/continuamosmx.com\/index.php\/2024\/05\/29\/tony-rodriguez-signa-pacto-por-la-primera-infancia-y-reafirma-su-compromiso-con-los-ninos-de-tlalnepantla\/#primaryimage","url":"https:\/\/continuamosmx.com\/wp-content\/uploads\/2024\/05\/IMG-20240529-WA0214.jpg","contentUrl":"https:\/\/continuamosmx.com\/wp-content\/uploads\/2024\/05\/IMG-20240529-WA0214.jpg","width":1280,"height":853},{"@type":"BreadcrumbList","@id":"https:\/\/continuamosmx.com\/index.php\/2024\/05\/29\/tony-rodriguez-signa-pacto-por-la-primera-infancia-y-reafirma-su-compromiso-con-los-ninos-de-tlalnepantla\/#breadcrumb","itemListElement":[{"@type":"ListItem","position":1,"name":"Inicio","item":"https:\/\/continuamosmx.com\/"},{"@type":"ListItem","position":2,"name":"TONY RODR\u00cdGUEZ SIGNA PACTO POR LA PRIMERA INFANCIA Y REAFIRMA SU COMPROMISO CON LOS NI\u00d1OS DE TLALNEPANTLA"}]},{"@type":"WebSite","@id":"https:\/\/continuamosmx.com\/#website","url":"https:\/\/continuamosmx.com\/","name":"www.continuamosmx.com","description":"","publisher":{"@id":"https:\/\/continuamosmx.com\/#organization"},"potentialAction":[{"@type":"SearchAction","target":{"@type":"EntryPoint","urlTemplate":"https:\/\/continuamosmx.com\/?s={search_term_string}"},"query-input":{"@type":"PropertyValueSpecification","valueRequired":true,"valueName":"search_term_string"}}],"inLanguage":"es"},{"@type":"Organization","@id":"https:\/\/continuamosmx.com\/#organization","name":"ContinuamosMX","url":"https:\/\/continuamosmx.com\/","logo":{"@type":"ImageObject","inLanguage":"es","@id":"https:\/\/continuamosmx.com\/#\/schema\/logo\/image\/","url":"https:\/\/continuamosmx.com\/wp-content\/uploads\/2023\/04\/cropped-LOGO-CONTI-NUEVO.png","contentUrl":"https:\/\/continuamosmx.com\/wp-content\/uploads\/2023\/04\/cropped-LOGO-CONTI-NUEVO.png","width":1257,"height":430,"caption":"ContinuamosMX"},"image":{"@id":"https:\/\/continuamosmx.com\/#\/schema\/logo\/image\/"}},{"@type":"Person","@id":"https:\/\/continuamosmx.com\/#\/schema\/person\/597bf43bb6e9623635929d8de706669f","name":"ContinuamosMX","image":{"@type":"ImageObject","inLanguage":"es","@id":"https:\/\/secure.gravatar.com\/avatar\/559529727a6e1f51269882deb22b7cbf727c15cb0f7d75d495313386bc069382?s=96&d=mm&r=g","url":"https:\/\/secure.gravatar.com\/avatar\/559529727a6e1f51269882deb22b7cbf727c15cb0f7d75d495313386bc069382?s=96&d=mm&r=g","contentUrl":"https:\/\/secure.gravatar.com\/avatar\/559529727a6e1f51269882deb22b7cbf727c15cb0f7d75d495313386bc069382?s=96&d=mm&r=g","caption":"ContinuamosMX"},"sameAs":["http:\/\/continuamosmx.com"],"url":"https:\/\/continuamosmx.com\/index.php\/author\/cgbarnardhotmail-com\/"}]}},"_links":{"self":[{"href":"https:\/\/continuamosmx.com\/index.php\/wp-json\/wp\/v2\/posts\/47288","targetHints":{"allow":["GET"]}}],"collection":[{"href":"https:\/\/continuamosmx.com\/index.php\/wp-json\/wp\/v2\/posts"}],"about":[{"href":"https:\/\/continuamosmx.com\/index.php\/wp-json\/wp\/v2\/types\/post"}],"author":[{"embeddable":true,"href":"https:\/\/continuamosmx.com\/index.php\/wp-json\/wp\/v2\/users\/1"}],"replies":[{"embeddable":true,"href":"https:\/\/continuamosmx.com\/index.php\/wp-json\/wp\/v2\/comments?post=47288"}],"version-history":[{"count":1,"href":"https:\/\/continuamosmx.com\/index.php\/wp-json\/wp\/v2\/posts\/47288\/revisions"}],"predecessor-version":[{"id":47290,"href":"https:\/\/continuamosmx.com\/index.php\/wp-json\/wp\/v2\/posts\/47288\/revisions\/47290"}],"wp:featuredmedia":[{"embeddable":true,"href":"https:\/\/continuamosmx.com\/index.php\/wp-json\/wp\/v2\/media\/47289"}],"wp:attachment":[{"href":"https:\/\/continuamosmx.com\/index.php\/wp-json\/wp\/v2\/media?parent=47288"}],"wp:term":[{"taxonomy":"category","embeddable":true,"href":"https:\/\/continuamosmx.com\/index.php\/wp-json\/wp\/v2\/categories?post=47288"},{"taxonomy":"post_tag","embeddable":true,"href":"https:\/\/continuamosmx.com\/index.php\/wp-json\/wp\/v2\/tags?post=47288"}],"curies":[{"name":"wp","href":"https:\/\/api.w.org\/{rel}","templated":true}]}}