{"id":47277,"date":"2024-05-29T03:50:02","date_gmt":"2024-05-29T03:50:02","guid":{"rendered":"https:\/\/continuamosmx.com\/?p=47277"},"modified":"2024-05-30T05:45:05","modified_gmt":"2024-05-30T05:45:05","slug":"azucena-cisneros-y-raciel-perez-firman-convenio-para-mejorar-seguridad-de-ecatepec-y-tlalnepantla","status":"publish","type":"post","link":"https:\/\/continuamosmx.com\/index.php\/2024\/05\/29\/azucena-cisneros-y-raciel-perez-firman-convenio-para-mejorar-seguridad-de-ecatepec-y-tlalnepantla\/","title":{"rendered":"AZUCENA CISNEROS Y RACIEL P\u00c9REZ FIRMAN CONVENIO PARA MEJORAR SEGURIDAD DE ECATEPEC Y TLALNEPANTLA"},"content":{"rendered":"\n<p><strong>*Adem\u00e1s buscan recuperar el tejido social al restaurar espacios p\u00fablicos abandonados<\/strong><\/p>\n\n\n\n<p>Redacci\u00f3n <\/p>\n\n\n\n<p>ECATEPEC, M\u00e9x.- En un esfuerzo por mejorar la calidad de vida en el Valle de M\u00e9xico, los candidatos a la alcald\u00eda de Tlalnepantla de Baz y Ecatepec de Morelos, Raciel P\u00e9rez Cruz y Azucena Cisneros Coss, respectivamente, han suscrito el Convenio de Colaboraci\u00f3n Metropolitana en Materia de Seguridad y Recuperaci\u00f3n de Espacios P\u00fablicos.<\/p>\n\n\n\n<p>Este acuerdo busca atender de manera coordinada problemas comunes que afectan a ambos municipios, como la inseguridad y el deterioro de \u00e1reas p\u00fablicas.<\/p>\n\n\n\n<p>Durante la firma del convenio, Raciel P\u00e9rez Cruz subray\u00f3 la necesidad de evitar la falta de coordinaci\u00f3n que hist\u00f3ricamente ha llevado a que los gobiernos locales se \u00abechen la bolita\u00bb en los tr\u00e1mites y problemas en zonas lim\u00edtrofes.<\/p>\n\n\n\n<p>\u00abNo me toca a m\u00ed, le toca a Ecatepec, le toca a Tlalnepantla, veanlo por all\u00e1. Ya no hay que llegar a eso\u00bb, enfatiz\u00f3 P\u00e9rez Cruz, resaltando que este convenio es un paso importante para evitar esas situaciones.<\/p>\n\n\n\n<p>Raciel P\u00e9rez tambi\u00e9n expres\u00f3 su admiraci\u00f3n por Azucena Cisneros Coss, la candidata a la Presidencia Municipal de Ecatepec, a quien considera una futura alcaldesa excepcional.<\/p>\n\n\n\n<p>\u00abEcatepec necesita representantes populares que est\u00e9n cercanos y no distantes, pero sobre todo, que resuelvan los problemas\u00bb, afirm\u00f3.<\/p>\n\n\n\n<p>Ambos municipios enfrentan desaf\u00edos similares por compartir una frontera, como la falta de movilidad, alumbrado, basura, inseguridad y el abandono de espacios p\u00fablicos. Estos problemas, si no se abordan adecuadamente, pueden convertir las zonas lim\u00edtrofes en \u00abtierra de nadie\u00bb.<\/p>\n\n\n\n<p>Por ello, los candidatos de la coalici\u00f3n \u201cSigamos Haciendo Historia en el Estado de M\u00e9xico\u201d han decidido unir esfuerzos y coordinar acciones.<\/p>\n\n\n\n<p>Durante el primer gobierno de izquierda en Tlalnepantla, encabezado por Raciel P\u00e9rez entre 2019 y 2021, se intent\u00f3 colaborar con Ecatepec, pero la pandemia de COVID-19 detuvo muchos programas y acciones. Sin embargo, ahora, con este nuevo compromiso, no habr\u00e1 excusas ni evasi\u00f3n de responsabilidades.<\/p>\n\n\n\n<p>\u00abAqu\u00ed, vamos a estar los responsables directos, sin pretextos, sin evadir nuestras responsabilidades\u00bb, afirm\u00f3 P\u00e9rez Cruz.<\/p>\n\n\n\n<p>Por su parte, Azucena Cisneros asegur\u00f3 que el convenio ser\u00e1 el punto de partida para un trabajo coordinado entre ambos municipios.<\/p>\n\n\n\n<p>\u00abVamos a ganar y, a partir del lunes, estaremos trabajando de la mano, porque ocupamos lugares y problem\u00e1ticas comunes, y se deben atender con una visi\u00f3n metropolitana\u00bb, declar\u00f3 Cisneros.<\/p>\n\n\n\n<p>Ambos candidatos se comprometieron a invertir en el mejoramiento de la Avenida Ejidos, que conecta a los municipios en las colonias Arbolitos Xalostoc y San Pedro Xalostoc, en Ecatepec, y del lado de Tlalnepantla, en las colonias Jorge Jim\u00e9nez Cant\u00fa y Constituci\u00f3n de 1917.<\/p>\n\n\n\n<p>Raciel P\u00e9rez confi\u00f3 en que durante el primer a\u00f1o de ambos gobiernos, se ver\u00e1 un cambio significativo en estas zonas lim\u00edtrofes.<\/p>\n\n\n\n<p>Finalmente, Raciel P\u00e9rez agradeci\u00f3 a Azucena Cisneros por firmar este compromiso conjunto que traer\u00e1 beneficio a dos de los municipios m\u00e1s importantes del Estado de M\u00e9xico.<\/p>\n\n\n\n<p>Ambos candidatos manifestaron su voluntad de resolver los problemas comunes y mejorar la calidad de vida de los habitantes de Tlalnepantla y Ecatepec mediante esta colaboraci\u00f3n hist\u00f3rica.<\/p>\n\n\n\n<p><\/p>\n","protected":false},"excerpt":{"rendered":"<p>*Adem\u00e1s buscan recuperar el tejido social al restaurar espacios p\u00fablicos abandonados Redacci\u00f3n ECATEPEC, M\u00e9x.- En un esfuerzo por mejorar la calidad de vida en el Valle de M\u00e9xico, los candidatos a la alcald\u00eda de Tlalnepantla de Baz y Ecatepec de Morelos, Raciel P\u00e9rez Cruz y Azucena Cisneros Coss, respectivamente, han suscrito el Convenio de Colaboraci\u00f3n [&hellip;]<\/p>\n","protected":false},"author":1,"featured_media":47279,"comment_status":"open","ping_status":"open","sticky":false,"template":"","format":"standard","meta":{"footnotes":""},"categories":[121,79],"tags":[175,7,115,162,8,124,94],"class_list":["post-47277","post","type-post","status-publish","format-standard","has-post-thumbnail","hentry","category-elecciones-2024","category-tlalne","tag-azucena-cisneros","tag-edomex","tag-eleccion-2024","tag-inseguridad","tag-morena","tag-raciel-perez","tag-tlalnepantla"],"yoast_head":"<!-- This site is optimized with the Yoast SEO plugin v27.4 - https:\/\/yoast.com\/product\/yoast-seo-wordpress\/ -->\n<title>AZUCENA CISNEROS Y RACIEL P\u00c9REZ FIRMAN CONVENIO PARA MEJORAR SEGURIDAD DE ECATEPEC Y TLALNEPANTLA -<\/title>\n<meta name=\"robots\" content=\"index, follow, max-snippet:-1, max-image-preview:large, max-video-preview:-1\" \/>\n<link rel=\"canonical\" href=\"https:\/\/continuamosmx.com\/index.php\/2024\/05\/29\/azucena-cisneros-y-raciel-perez-firman-convenio-para-mejorar-seguridad-de-ecatepec-y-tlalnepantla\/\" \/>\n<meta property=\"og:locale\" content=\"es_ES\" \/>\n<meta property=\"og:type\" content=\"article\" \/>\n<meta property=\"og:title\" content=\"AZUCENA CISNEROS Y RACIEL P\u00c9REZ FIRMAN CONVENIO PARA MEJORAR SEGURIDAD DE ECATEPEC Y TLALNEPANTLA -\" \/>\n<meta property=\"og:description\" content=\"*Adem\u00e1s buscan recuperar el tejido social al restaurar espacios p\u00fablicos abandonados Redacci\u00f3n ECATEPEC, M\u00e9x.- En un esfuerzo por mejorar la calidad de vida en el Valle de M\u00e9xico, los candidatos a la alcald\u00eda de Tlalnepantla de Baz y Ecatepec de Morelos, Raciel P\u00e9rez Cruz y Azucena Cisneros Coss, respectivamente, han suscrito el Convenio de Colaboraci\u00f3n [&hellip;]\" \/>\n<meta property=\"og:url\" content=\"https:\/\/continuamosmx.com\/index.php\/2024\/05\/29\/azucena-cisneros-y-raciel-perez-firman-convenio-para-mejorar-seguridad-de-ecatepec-y-tlalnepantla\/\" \/>\n<meta property=\"article:published_time\" content=\"2024-05-29T03:50:02+00:00\" \/>\n<meta property=\"article:modified_time\" content=\"2024-05-30T05:45:05+00:00\" \/>\n<meta property=\"og:image\" content=\"https:\/\/continuamosmx.com\/wp-content\/uploads\/2024\/05\/IMG-20240529-WA0347.jpg\" \/>\n\t<meta property=\"og:image:width\" content=\"1280\" \/>\n\t<meta property=\"og:image:height\" content=\"1280\" \/>\n\t<meta property=\"og:image:type\" content=\"image\/jpeg\" \/>\n<meta name=\"author\" content=\"ContinuamosMX\" \/>\n<meta name=\"twitter:card\" content=\"summary_large_image\" \/>\n<meta name=\"twitter:label1\" content=\"Escrito por\" \/>\n\t<meta name=\"twitter:data1\" content=\"ContinuamosMX\" \/>\n\t<meta name=\"twitter:label2\" content=\"Tiempo de lectura\" \/>\n\t<meta name=\"twitter:data2\" content=\"3 minutos\" \/>\n<script type=\"application\/ld+json\" class=\"yoast-schema-graph\">{\"@context\":\"https:\\\/\\\/schema.org\",\"@graph\":[{\"@type\":\"Article\",\"@id\":\"https:\\\/\\\/continuamosmx.com\\\/index.php\\\/2024\\\/05\\\/29\\\/azucena-cisneros-y-raciel-perez-firman-convenio-para-mejorar-seguridad-de-ecatepec-y-tlalnepantla\\\/#article\",\"isPartOf\":{\"@id\":\"https:\\\/\\\/continuamosmx.com\\\/index.php\\\/2024\\\/05\\\/29\\\/azucena-cisneros-y-raciel-perez-firman-convenio-para-mejorar-seguridad-de-ecatepec-y-tlalnepantla\\\/\"},\"author\":{\"name\":\"ContinuamosMX\",\"@id\":\"https:\\\/\\\/continuamosmx.com\\\/#\\\/schema\\\/person\\\/597bf43bb6e9623635929d8de706669f\"},\"headline\":\"AZUCENA CISNEROS Y RACIEL P\u00c9REZ FIRMAN CONVENIO PARA MEJORAR SEGURIDAD DE ECATEPEC Y TLALNEPANTLA\",\"datePublished\":\"2024-05-29T03:50:02+00:00\",\"dateModified\":\"2024-05-30T05:45:05+00:00\",\"mainEntityOfPage\":{\"@id\":\"https:\\\/\\\/continuamosmx.com\\\/index.php\\\/2024\\\/05\\\/29\\\/azucena-cisneros-y-raciel-perez-firman-convenio-para-mejorar-seguridad-de-ecatepec-y-tlalnepantla\\\/\"},\"wordCount\":551,\"commentCount\":0,\"publisher\":{\"@id\":\"https:\\\/\\\/continuamosmx.com\\\/#organization\"},\"image\":{\"@id\":\"https:\\\/\\\/continuamosmx.com\\\/index.php\\\/2024\\\/05\\\/29\\\/azucena-cisneros-y-raciel-perez-firman-convenio-para-mejorar-seguridad-de-ecatepec-y-tlalnepantla\\\/#primaryimage\"},\"thumbnailUrl\":\"https:\\\/\\\/continuamosmx.com\\\/wp-content\\\/uploads\\\/2024\\\/05\\\/IMG-20240529-WA0347.jpg\",\"keywords\":[\"Azucena Cisneros\",\"Edomex\",\"Elecci\u00f3n 2024\",\"Inseguridad\",\"Morena\",\"Raciel P\u00e9rez\",\"Tlalnepantla\"],\"articleSection\":[\"ELECCIONES 2024\",\"TLALNEPANTLA\"],\"inLanguage\":\"es\"},{\"@type\":\"WebPage\",\"@id\":\"https:\\\/\\\/continuamosmx.com\\\/index.php\\\/2024\\\/05\\\/29\\\/azucena-cisneros-y-raciel-perez-firman-convenio-para-mejorar-seguridad-de-ecatepec-y-tlalnepantla\\\/\",\"url\":\"https:\\\/\\\/continuamosmx.com\\\/index.php\\\/2024\\\/05\\\/29\\\/azucena-cisneros-y-raciel-perez-firman-convenio-para-mejorar-seguridad-de-ecatepec-y-tlalnepantla\\\/\",\"name\":\"AZUCENA CISNEROS Y RACIEL P\u00c9REZ FIRMAN CONVENIO PARA MEJORAR SEGURIDAD DE ECATEPEC Y TLALNEPANTLA -\",\"isPartOf\":{\"@id\":\"https:\\\/\\\/continuamosmx.com\\\/#website\"},\"primaryImageOfPage\":{\"@id\":\"https:\\\/\\\/continuamosmx.com\\\/index.php\\\/2024\\\/05\\\/29\\\/azucena-cisneros-y-raciel-perez-firman-convenio-para-mejorar-seguridad-de-ecatepec-y-tlalnepantla\\\/#primaryimage\"},\"image\":{\"@id\":\"https:\\\/\\\/continuamosmx.com\\\/index.php\\\/2024\\\/05\\\/29\\\/azucena-cisneros-y-raciel-perez-firman-convenio-para-mejorar-seguridad-de-ecatepec-y-tlalnepantla\\\/#primaryimage\"},\"thumbnailUrl\":\"https:\\\/\\\/continuamosmx.com\\\/wp-content\\\/uploads\\\/2024\\\/05\\\/IMG-20240529-WA0347.jpg\",\"datePublished\":\"2024-05-29T03:50:02+00:00\",\"dateModified\":\"2024-05-30T05:45:05+00:00\",\"breadcrumb\":{\"@id\":\"https:\\\/\\\/continuamosmx.com\\\/index.php\\\/2024\\\/05\\\/29\\\/azucena-cisneros-y-raciel-perez-firman-convenio-para-mejorar-seguridad-de-ecatepec-y-tlalnepantla\\\/#breadcrumb\"},\"inLanguage\":\"es\",\"potentialAction\":[{\"@type\":\"ReadAction\",\"target\":[\"https:\\\/\\\/continuamosmx.com\\\/index.php\\\/2024\\\/05\\\/29\\\/azucena-cisneros-y-raciel-perez-firman-convenio-para-mejorar-seguridad-de-ecatepec-y-tlalnepantla\\\/\"]}]},{\"@type\":\"ImageObject\",\"inLanguage\":\"es\",\"@id\":\"https:\\\/\\\/continuamosmx.com\\\/index.php\\\/2024\\\/05\\\/29\\\/azucena-cisneros-y-raciel-perez-firman-convenio-para-mejorar-seguridad-de-ecatepec-y-tlalnepantla\\\/#primaryimage\",\"url\":\"https:\\\/\\\/continuamosmx.com\\\/wp-content\\\/uploads\\\/2024\\\/05\\\/IMG-20240529-WA0347.jpg\",\"contentUrl\":\"https:\\\/\\\/continuamosmx.com\\\/wp-content\\\/uploads\\\/2024\\\/05\\\/IMG-20240529-WA0347.jpg\",\"width\":1280,\"height\":1280},{\"@type\":\"BreadcrumbList\",\"@id\":\"https:\\\/\\\/continuamosmx.com\\\/index.php\\\/2024\\\/05\\\/29\\\/azucena-cisneros-y-raciel-perez-firman-convenio-para-mejorar-seguridad-de-ecatepec-y-tlalnepantla\\\/#breadcrumb\",\"itemListElement\":[{\"@type\":\"ListItem\",\"position\":1,\"name\":\"Inicio\",\"item\":\"https:\\\/\\\/continuamosmx.com\\\/\"},{\"@type\":\"ListItem\",\"position\":2,\"name\":\"AZUCENA CISNEROS Y RACIEL P\u00c9REZ FIRMAN CONVENIO PARA MEJORAR SEGURIDAD DE ECATEPEC Y TLALNEPANTLA\"}]},{\"@type\":\"WebSite\",\"@id\":\"https:\\\/\\\/continuamosmx.com\\\/#website\",\"url\":\"https:\\\/\\\/continuamosmx.com\\\/\",\"name\":\"www.continuamosmx.com\",\"description\":\"\",\"publisher\":{\"@id\":\"https:\\\/\\\/continuamosmx.com\\\/#organization\"},\"potentialAction\":[{\"@type\":\"SearchAction\",\"target\":{\"@type\":\"EntryPoint\",\"urlTemplate\":\"https:\\\/\\\/continuamosmx.com\\\/?s={search_term_string}\"},\"query-input\":{\"@type\":\"PropertyValueSpecification\",\"valueRequired\":true,\"valueName\":\"search_term_string\"}}],\"inLanguage\":\"es\"},{\"@type\":\"Organization\",\"@id\":\"https:\\\/\\\/continuamosmx.com\\\/#organization\",\"name\":\"ContinuamosMX\",\"url\":\"https:\\\/\\\/continuamosmx.com\\\/\",\"logo\":{\"@type\":\"ImageObject\",\"inLanguage\":\"es\",\"@id\":\"https:\\\/\\\/continuamosmx.com\\\/#\\\/schema\\\/logo\\\/image\\\/\",\"url\":\"https:\\\/\\\/continuamosmx.com\\\/wp-content\\\/uploads\\\/2023\\\/04\\\/cropped-LOGO-CONTI-NUEVO.png\",\"contentUrl\":\"https:\\\/\\\/continuamosmx.com\\\/wp-content\\\/uploads\\\/2023\\\/04\\\/cropped-LOGO-CONTI-NUEVO.png\",\"width\":1257,\"height\":430,\"caption\":\"ContinuamosMX\"},\"image\":{\"@id\":\"https:\\\/\\\/continuamosmx.com\\\/#\\\/schema\\\/logo\\\/image\\\/\"}},{\"@type\":\"Person\",\"@id\":\"https:\\\/\\\/continuamosmx.com\\\/#\\\/schema\\\/person\\\/597bf43bb6e9623635929d8de706669f\",\"name\":\"ContinuamosMX\",\"image\":{\"@type\":\"ImageObject\",\"inLanguage\":\"es\",\"@id\":\"https:\\\/\\\/secure.gravatar.com\\\/avatar\\\/559529727a6e1f51269882deb22b7cbf727c15cb0f7d75d495313386bc069382?s=96&d=mm&r=g\",\"url\":\"https:\\\/\\\/secure.gravatar.com\\\/avatar\\\/559529727a6e1f51269882deb22b7cbf727c15cb0f7d75d495313386bc069382?s=96&d=mm&r=g\",\"contentUrl\":\"https:\\\/\\\/secure.gravatar.com\\\/avatar\\\/559529727a6e1f51269882deb22b7cbf727c15cb0f7d75d495313386bc069382?s=96&d=mm&r=g\",\"caption\":\"ContinuamosMX\"},\"sameAs\":[\"http:\\\/\\\/continuamosmx.com\"],\"url\":\"https:\\\/\\\/continuamosmx.com\\\/index.php\\\/author\\\/cgbarnardhotmail-com\\\/\"}]}<\/script>\n<!-- \/ Yoast SEO plugin. -->","yoast_head_json":{"title":"AZUCENA CISNEROS Y RACIEL P\u00c9REZ FIRMAN CONVENIO PARA MEJORAR SEGURIDAD DE ECATEPEC Y TLALNEPANTLA -","robots":{"index":"index","follow":"follow","max-snippet":"max-snippet:-1","max-image-preview":"max-image-preview:large","max-video-preview":"max-video-preview:-1"},"canonical":"https:\/\/continuamosmx.com\/index.php\/2024\/05\/29\/azucena-cisneros-y-raciel-perez-firman-convenio-para-mejorar-seguridad-de-ecatepec-y-tlalnepantla\/","og_locale":"es_ES","og_type":"article","og_title":"AZUCENA CISNEROS Y RACIEL P\u00c9REZ FIRMAN CONVENIO PARA MEJORAR SEGURIDAD DE ECATEPEC Y TLALNEPANTLA -","og_description":"*Adem\u00e1s buscan recuperar el tejido social al restaurar espacios p\u00fablicos abandonados Redacci\u00f3n ECATEPEC, M\u00e9x.- En un esfuerzo por mejorar la calidad de vida en el Valle de M\u00e9xico, los candidatos a la alcald\u00eda de Tlalnepantla de Baz y Ecatepec de Morelos, Raciel P\u00e9rez Cruz y Azucena Cisneros Coss, respectivamente, han suscrito el Convenio de Colaboraci\u00f3n [&hellip;]","og_url":"https:\/\/continuamosmx.com\/index.php\/2024\/05\/29\/azucena-cisneros-y-raciel-perez-firman-convenio-para-mejorar-seguridad-de-ecatepec-y-tlalnepantla\/","article_published_time":"2024-05-29T03:50:02+00:00","article_modified_time":"2024-05-30T05:45:05+00:00","og_image":[{"width":1280,"height":1280,"url":"https:\/\/continuamosmx.com\/wp-content\/uploads\/2024\/05\/IMG-20240529-WA0347.jpg","type":"image\/jpeg"}],"author":"ContinuamosMX","twitter_card":"summary_large_image","twitter_misc":{"Escrito por":"ContinuamosMX","Tiempo de lectura":"3 minutos"},"schema":{"@context":"https:\/\/schema.org","@graph":[{"@type":"Article","@id":"https:\/\/continuamosmx.com\/index.php\/2024\/05\/29\/azucena-cisneros-y-raciel-perez-firman-convenio-para-mejorar-seguridad-de-ecatepec-y-tlalnepantla\/#article","isPartOf":{"@id":"https:\/\/continuamosmx.com\/index.php\/2024\/05\/29\/azucena-cisneros-y-raciel-perez-firman-convenio-para-mejorar-seguridad-de-ecatepec-y-tlalnepantla\/"},"author":{"name":"ContinuamosMX","@id":"https:\/\/continuamosmx.com\/#\/schema\/person\/597bf43bb6e9623635929d8de706669f"},"headline":"AZUCENA CISNEROS Y RACIEL P\u00c9REZ FIRMAN CONVENIO PARA MEJORAR SEGURIDAD DE ECATEPEC Y TLALNEPANTLA","datePublished":"2024-05-29T03:50:02+00:00","dateModified":"2024-05-30T05:45:05+00:00","mainEntityOfPage":{"@id":"https:\/\/continuamosmx.com\/index.php\/2024\/05\/29\/azucena-cisneros-y-raciel-perez-firman-convenio-para-mejorar-seguridad-de-ecatepec-y-tlalnepantla\/"},"wordCount":551,"commentCount":0,"publisher":{"@id":"https:\/\/continuamosmx.com\/#organization"},"image":{"@id":"https:\/\/continuamosmx.com\/index.php\/2024\/05\/29\/azucena-cisneros-y-raciel-perez-firman-convenio-para-mejorar-seguridad-de-ecatepec-y-tlalnepantla\/#primaryimage"},"thumbnailUrl":"https:\/\/continuamosmx.com\/wp-content\/uploads\/2024\/05\/IMG-20240529-WA0347.jpg","keywords":["Azucena Cisneros","Edomex","Elecci\u00f3n 2024","Inseguridad","Morena","Raciel P\u00e9rez","Tlalnepantla"],"articleSection":["ELECCIONES 2024","TLALNEPANTLA"],"inLanguage":"es"},{"@type":"WebPage","@id":"https:\/\/continuamosmx.com\/index.php\/2024\/05\/29\/azucena-cisneros-y-raciel-perez-firman-convenio-para-mejorar-seguridad-de-ecatepec-y-tlalnepantla\/","url":"https:\/\/continuamosmx.com\/index.php\/2024\/05\/29\/azucena-cisneros-y-raciel-perez-firman-convenio-para-mejorar-seguridad-de-ecatepec-y-tlalnepantla\/","name":"AZUCENA CISNEROS Y RACIEL P\u00c9REZ FIRMAN CONVENIO PARA MEJORAR SEGURIDAD DE ECATEPEC Y TLALNEPANTLA -","isPartOf":{"@id":"https:\/\/continuamosmx.com\/#website"},"primaryImageOfPage":{"@id":"https:\/\/continuamosmx.com\/index.php\/2024\/05\/29\/azucena-cisneros-y-raciel-perez-firman-convenio-para-mejorar-seguridad-de-ecatepec-y-tlalnepantla\/#primaryimage"},"image":{"@id":"https:\/\/continuamosmx.com\/index.php\/2024\/05\/29\/azucena-cisneros-y-raciel-perez-firman-convenio-para-mejorar-seguridad-de-ecatepec-y-tlalnepantla\/#primaryimage"},"thumbnailUrl":"https:\/\/continuamosmx.com\/wp-content\/uploads\/2024\/05\/IMG-20240529-WA0347.jpg","datePublished":"2024-05-29T03:50:02+00:00","dateModified":"2024-05-30T05:45:05+00:00","breadcrumb":{"@id":"https:\/\/continuamosmx.com\/index.php\/2024\/05\/29\/azucena-cisneros-y-raciel-perez-firman-convenio-para-mejorar-seguridad-de-ecatepec-y-tlalnepantla\/#breadcrumb"},"inLanguage":"es","potentialAction":[{"@type":"ReadAction","target":["https:\/\/continuamosmx.com\/index.php\/2024\/05\/29\/azucena-cisneros-y-raciel-perez-firman-convenio-para-mejorar-seguridad-de-ecatepec-y-tlalnepantla\/"]}]},{"@type":"ImageObject","inLanguage":"es","@id":"https:\/\/continuamosmx.com\/index.php\/2024\/05\/29\/azucena-cisneros-y-raciel-perez-firman-convenio-para-mejorar-seguridad-de-ecatepec-y-tlalnepantla\/#primaryimage","url":"https:\/\/continuamosmx.com\/wp-content\/uploads\/2024\/05\/IMG-20240529-WA0347.jpg","contentUrl":"https:\/\/continuamosmx.com\/wp-content\/uploads\/2024\/05\/IMG-20240529-WA0347.jpg","width":1280,"height":1280},{"@type":"BreadcrumbList","@id":"https:\/\/continuamosmx.com\/index.php\/2024\/05\/29\/azucena-cisneros-y-raciel-perez-firman-convenio-para-mejorar-seguridad-de-ecatepec-y-tlalnepantla\/#breadcrumb","itemListElement":[{"@type":"ListItem","position":1,"name":"Inicio","item":"https:\/\/continuamosmx.com\/"},{"@type":"ListItem","position":2,"name":"AZUCENA CISNEROS Y RACIEL P\u00c9REZ FIRMAN CONVENIO PARA MEJORAR SEGURIDAD DE ECATEPEC Y TLALNEPANTLA"}]},{"@type":"WebSite","@id":"https:\/\/continuamosmx.com\/#website","url":"https:\/\/continuamosmx.com\/","name":"www.continuamosmx.com","description":"","publisher":{"@id":"https:\/\/continuamosmx.com\/#organization"},"potentialAction":[{"@type":"SearchAction","target":{"@type":"EntryPoint","urlTemplate":"https:\/\/continuamosmx.com\/?s={search_term_string}"},"query-input":{"@type":"PropertyValueSpecification","valueRequired":true,"valueName":"search_term_string"}}],"inLanguage":"es"},{"@type":"Organization","@id":"https:\/\/continuamosmx.com\/#organization","name":"ContinuamosMX","url":"https:\/\/continuamosmx.com\/","logo":{"@type":"ImageObject","inLanguage":"es","@id":"https:\/\/continuamosmx.com\/#\/schema\/logo\/image\/","url":"https:\/\/continuamosmx.com\/wp-content\/uploads\/2023\/04\/cropped-LOGO-CONTI-NUEVO.png","contentUrl":"https:\/\/continuamosmx.com\/wp-content\/uploads\/2023\/04\/cropped-LOGO-CONTI-NUEVO.png","width":1257,"height":430,"caption":"ContinuamosMX"},"image":{"@id":"https:\/\/continuamosmx.com\/#\/schema\/logo\/image\/"}},{"@type":"Person","@id":"https:\/\/continuamosmx.com\/#\/schema\/person\/597bf43bb6e9623635929d8de706669f","name":"ContinuamosMX","image":{"@type":"ImageObject","inLanguage":"es","@id":"https:\/\/secure.gravatar.com\/avatar\/559529727a6e1f51269882deb22b7cbf727c15cb0f7d75d495313386bc069382?s=96&d=mm&r=g","url":"https:\/\/secure.gravatar.com\/avatar\/559529727a6e1f51269882deb22b7cbf727c15cb0f7d75d495313386bc069382?s=96&d=mm&r=g","contentUrl":"https:\/\/secure.gravatar.com\/avatar\/559529727a6e1f51269882deb22b7cbf727c15cb0f7d75d495313386bc069382?s=96&d=mm&r=g","caption":"ContinuamosMX"},"sameAs":["http:\/\/continuamosmx.com"],"url":"https:\/\/continuamosmx.com\/index.php\/author\/cgbarnardhotmail-com\/"}]}},"_links":{"self":[{"href":"https:\/\/continuamosmx.com\/index.php\/wp-json\/wp\/v2\/posts\/47277","targetHints":{"allow":["GET"]}}],"collection":[{"href":"https:\/\/continuamosmx.com\/index.php\/wp-json\/wp\/v2\/posts"}],"about":[{"href":"https:\/\/continuamosmx.com\/index.php\/wp-json\/wp\/v2\/types\/post"}],"author":[{"embeddable":true,"href":"https:\/\/continuamosmx.com\/index.php\/wp-json\/wp\/v2\/users\/1"}],"replies":[{"embeddable":true,"href":"https:\/\/continuamosmx.com\/index.php\/wp-json\/wp\/v2\/comments?post=47277"}],"version-history":[{"count":1,"href":"https:\/\/continuamosmx.com\/index.php\/wp-json\/wp\/v2\/posts\/47277\/revisions"}],"predecessor-version":[{"id":47280,"href":"https:\/\/continuamosmx.com\/index.php\/wp-json\/wp\/v2\/posts\/47277\/revisions\/47280"}],"wp:featuredmedia":[{"embeddable":true,"href":"https:\/\/continuamosmx.com\/index.php\/wp-json\/wp\/v2\/media\/47279"}],"wp:attachment":[{"href":"https:\/\/continuamosmx.com\/index.php\/wp-json\/wp\/v2\/media?parent=47277"}],"wp:term":[{"taxonomy":"category","embeddable":true,"href":"https:\/\/continuamosmx.com\/index.php\/wp-json\/wp\/v2\/categories?post=47277"},{"taxonomy":"post_tag","embeddable":true,"href":"https:\/\/continuamosmx.com\/index.php\/wp-json\/wp\/v2\/tags?post=47277"}],"curies":[{"name":"wp","href":"https:\/\/api.w.org\/{rel}","templated":true}]}}