{"id":47270,"date":"2024-05-29T01:43:17","date_gmt":"2024-05-29T01:43:17","guid":{"rendered":"https:\/\/continuamosmx.com\/?p=47270"},"modified":"2024-05-30T05:44:10","modified_gmt":"2024-05-30T05:44:10","slug":"multitudinario-apoyo-a-alma-alcantara-a-dias-de-las-elecciones","status":"publish","type":"post","link":"https:\/\/continuamosmx.com\/index.php\/2024\/05\/29\/multitudinario-apoyo-a-alma-alcantara-a-dias-de-las-elecciones\/","title":{"rendered":"MULTITUDINARIO APOYO A ALMA ALC\u00c1NTARA A D\u00cdAS DE LAS ELECCIONES"},"content":{"rendered":"\n<p><strong>*La morenista se\u00f1al\u00f3 que todo la cargada de la estructura del gobierno local brind\u00f3 log\u00edstica a su contrincante del PRIAN<\/strong><\/p>\n\n\n\n<p>Redacci\u00f3n<\/p>\n\n\n\n<p>TEZOYUCA, M\u00e9x.- En una jornada pol\u00edtica marcada por la movilizaci\u00f3n ciudadana, m\u00e1s de mil 800 personas y decenas de veh\u00edculos recorrieron los Ejidos de Tequisistl\u00e1n y la comunidad de Tequisistl\u00e1n en apoyo a la candidata de Morena a la Alcald\u00eda, Alma Alc\u00e1ntara.<\/p>\n\n\n\n<p>La marcha concluy\u00f3 en el kiosco de la localidad, donde Alc\u00e1ntara, visiblemente emocionada, agradeci\u00f3 el respaldo recibido y asegur\u00f3 que, con este apoyo, \u00absaldremos victoriosos este pr\u00f3ximo domingo\u00bb.<\/p>\n\n\n\n<p>En su discurso, Alc\u00e1ntara rechaz\u00f3 las acusaciones de que los asistentes eran \u00abacarreados\u00bb y, para demostrar la autenticidad del apoyo, pidi\u00f3 a los participantes de diversas comunidades que se separaran, evidenciando que la asistencia proven\u00eda de convicci\u00f3n y no de coerci\u00f3n.<\/p>\n\n\n\n<p>Gente de Ejidos, de Tequisistl\u00e1n, de los barrios de la Cabecera Municipal y de Buenos Aires, entre otras comunidades, conformaron un nutrido grupo de m\u00e1s de 1800 simpatizantes, que refuerzan d\u00eda a d\u00eda la presencia de Morena en Tezoyuca.<\/p>\n\n\n\n<p>Simult\u00e1neamente, en la misma comunidad, Edgar Morales, aspirante del PAN y la coalici\u00f3n con el PRI y PRD, junto con candidatos a diputados locales y federales por el distrito, realizaron una caravana de veh\u00edculos.<\/p>\n\n\n\n<p>La estructura del gobierno local brind\u00f3 log\u00edstica al exedil y ahora candidato, facilitando el tr\u00e1nsito de la caravana por la carretera Texcoco-Lecher\u00eda mediante la intervenci\u00f3n de patrullas de la polic\u00eda municipal, que detuvieron el tr\u00e1fico para permitir el libre paso del contingente.<\/p>\n\n\n\n<p>Mientras tanto, la marcha morenista enfrent\u00f3 dificultades en el tr\u00e1nsito. Al llegar a la comunidad de Tequisistl\u00e1n, los participantes encontraron a un uniformado en el m\u00f3dulo de seguridad, quien inicialmente se mostr\u00f3 reticente a dirigir el tr\u00e1fico. Tras los reclamos de los morenistas, el polic\u00eda comenz\u00f3 a facilitar el paso de la marcha multitudinaria.<\/p>\n\n\n\n<p>Despu\u00e9s de varias horas de recorrido, la marcha concluy\u00f3 en el kiosco de Tequisistl\u00e1n, donde, entre porras y vivas, Alma Alc\u00e1ntara exhort\u00f3 a sus simpatizantes a acudir a votar el 2 de junio, subrayando la importancia de cada voto en la elecci\u00f3n.<\/p>\n\n\n\n<p>El clima electoral en Tezoyuca se intensifica con estas demostraciones de apoyo, evidenciando la polarizaci\u00f3n y el entusiasmo entre los partidarios de las distintas fuerzas pol\u00edticas a pocos d\u00edas de la elecci\u00f3n.<\/p>\n","protected":false},"excerpt":{"rendered":"<p>*La morenista se\u00f1al\u00f3 que todo la cargada de la estructura del gobierno local brind\u00f3 log\u00edstica a su contrincante del PRIAN Redacci\u00f3n TEZOYUCA, M\u00e9x.- En una jornada pol\u00edtica marcada por la movilizaci\u00f3n ciudadana, m\u00e1s de mil 800 personas y decenas de veh\u00edculos recorrieron los Ejidos de Tequisistl\u00e1n y la comunidad de Tequisistl\u00e1n en apoyo a la [&hellip;]<\/p>\n","protected":false},"author":1,"featured_media":47271,"comment_status":"open","ping_status":"open","sticky":false,"template":"","format":"standard","meta":{"footnotes":""},"categories":[121,46],"tags":[174,7,115,127],"class_list":["post-47270","post","type-post","status-publish","format-standard","has-post-thumbnail","hentry","category-elecciones-2024","category-tezoyuca","tag-cierre-de-campana","tag-edomex","tag-eleccion-2024","tag-tezoyuca"],"yoast_head":"<!-- This site is optimized with the Yoast SEO plugin v27.4 - https:\/\/yoast.com\/product\/yoast-seo-wordpress\/ -->\n<title>MULTITUDINARIO APOYO A ALMA ALC\u00c1NTARA A D\u00cdAS DE LAS ELECCIONES -<\/title>\n<meta name=\"robots\" content=\"index, follow, max-snippet:-1, max-image-preview:large, max-video-preview:-1\" \/>\n<link rel=\"canonical\" href=\"https:\/\/continuamosmx.com\/index.php\/2024\/05\/29\/multitudinario-apoyo-a-alma-alcantara-a-dias-de-las-elecciones\/\" \/>\n<meta property=\"og:locale\" content=\"es_ES\" \/>\n<meta property=\"og:type\" content=\"article\" \/>\n<meta property=\"og:title\" content=\"MULTITUDINARIO APOYO A ALMA ALC\u00c1NTARA A D\u00cdAS DE LAS ELECCIONES -\" \/>\n<meta property=\"og:description\" content=\"*La morenista se\u00f1al\u00f3 que todo la cargada de la estructura del gobierno local brind\u00f3 log\u00edstica a su contrincante del PRIAN Redacci\u00f3n TEZOYUCA, M\u00e9x.- En una jornada pol\u00edtica marcada por la movilizaci\u00f3n ciudadana, m\u00e1s de mil 800 personas y decenas de veh\u00edculos recorrieron los Ejidos de Tequisistl\u00e1n y la comunidad de Tequisistl\u00e1n en apoyo a la [&hellip;]\" \/>\n<meta property=\"og:url\" content=\"https:\/\/continuamosmx.com\/index.php\/2024\/05\/29\/multitudinario-apoyo-a-alma-alcantara-a-dias-de-las-elecciones\/\" \/>\n<meta property=\"article:published_time\" content=\"2024-05-29T01:43:17+00:00\" \/>\n<meta property=\"article:modified_time\" content=\"2024-05-30T05:44:10+00:00\" \/>\n<meta property=\"og:image\" content=\"https:\/\/continuamosmx.com\/wp-content\/uploads\/2024\/05\/IMG-20240528-WA0055.jpg\" \/>\n\t<meta property=\"og:image:width\" content=\"1280\" \/>\n\t<meta property=\"og:image:height\" content=\"720\" \/>\n\t<meta property=\"og:image:type\" content=\"image\/jpeg\" \/>\n<meta name=\"author\" content=\"ContinuamosMX\" \/>\n<meta name=\"twitter:card\" content=\"summary_large_image\" \/>\n<meta name=\"twitter:label1\" content=\"Escrito por\" \/>\n\t<meta name=\"twitter:data1\" content=\"ContinuamosMX\" \/>\n\t<meta name=\"twitter:label2\" content=\"Tiempo de lectura\" \/>\n\t<meta name=\"twitter:data2\" content=\"2 minutos\" \/>\n<script type=\"application\/ld+json\" class=\"yoast-schema-graph\">{\"@context\":\"https:\\\/\\\/schema.org\",\"@graph\":[{\"@type\":\"Article\",\"@id\":\"https:\\\/\\\/continuamosmx.com\\\/index.php\\\/2024\\\/05\\\/29\\\/multitudinario-apoyo-a-alma-alcantara-a-dias-de-las-elecciones\\\/#article\",\"isPartOf\":{\"@id\":\"https:\\\/\\\/continuamosmx.com\\\/index.php\\\/2024\\\/05\\\/29\\\/multitudinario-apoyo-a-alma-alcantara-a-dias-de-las-elecciones\\\/\"},\"author\":{\"name\":\"ContinuamosMX\",\"@id\":\"https:\\\/\\\/continuamosmx.com\\\/#\\\/schema\\\/person\\\/597bf43bb6e9623635929d8de706669f\"},\"headline\":\"MULTITUDINARIO APOYO A ALMA ALC\u00c1NTARA A D\u00cdAS DE LAS ELECCIONES\",\"datePublished\":\"2024-05-29T01:43:17+00:00\",\"dateModified\":\"2024-05-30T05:44:10+00:00\",\"mainEntityOfPage\":{\"@id\":\"https:\\\/\\\/continuamosmx.com\\\/index.php\\\/2024\\\/05\\\/29\\\/multitudinario-apoyo-a-alma-alcantara-a-dias-de-las-elecciones\\\/\"},\"wordCount\":429,\"commentCount\":0,\"publisher\":{\"@id\":\"https:\\\/\\\/continuamosmx.com\\\/#organization\"},\"image\":{\"@id\":\"https:\\\/\\\/continuamosmx.com\\\/index.php\\\/2024\\\/05\\\/29\\\/multitudinario-apoyo-a-alma-alcantara-a-dias-de-las-elecciones\\\/#primaryimage\"},\"thumbnailUrl\":\"https:\\\/\\\/continuamosmx.com\\\/wp-content\\\/uploads\\\/2024\\\/05\\\/IMG-20240528-WA0055.jpg\",\"keywords\":[\"Cierre de campa\u00f1a\",\"Edomex\",\"Elecci\u00f3n 2024\",\"Tezoyuca\"],\"articleSection\":[\"ELECCIONES 2024\",\"TEZOYUCA\"],\"inLanguage\":\"es\"},{\"@type\":\"WebPage\",\"@id\":\"https:\\\/\\\/continuamosmx.com\\\/index.php\\\/2024\\\/05\\\/29\\\/multitudinario-apoyo-a-alma-alcantara-a-dias-de-las-elecciones\\\/\",\"url\":\"https:\\\/\\\/continuamosmx.com\\\/index.php\\\/2024\\\/05\\\/29\\\/multitudinario-apoyo-a-alma-alcantara-a-dias-de-las-elecciones\\\/\",\"name\":\"MULTITUDINARIO APOYO A ALMA ALC\u00c1NTARA A D\u00cdAS DE LAS ELECCIONES -\",\"isPartOf\":{\"@id\":\"https:\\\/\\\/continuamosmx.com\\\/#website\"},\"primaryImageOfPage\":{\"@id\":\"https:\\\/\\\/continuamosmx.com\\\/index.php\\\/2024\\\/05\\\/29\\\/multitudinario-apoyo-a-alma-alcantara-a-dias-de-las-elecciones\\\/#primaryimage\"},\"image\":{\"@id\":\"https:\\\/\\\/continuamosmx.com\\\/index.php\\\/2024\\\/05\\\/29\\\/multitudinario-apoyo-a-alma-alcantara-a-dias-de-las-elecciones\\\/#primaryimage\"},\"thumbnailUrl\":\"https:\\\/\\\/continuamosmx.com\\\/wp-content\\\/uploads\\\/2024\\\/05\\\/IMG-20240528-WA0055.jpg\",\"datePublished\":\"2024-05-29T01:43:17+00:00\",\"dateModified\":\"2024-05-30T05:44:10+00:00\",\"breadcrumb\":{\"@id\":\"https:\\\/\\\/continuamosmx.com\\\/index.php\\\/2024\\\/05\\\/29\\\/multitudinario-apoyo-a-alma-alcantara-a-dias-de-las-elecciones\\\/#breadcrumb\"},\"inLanguage\":\"es\",\"potentialAction\":[{\"@type\":\"ReadAction\",\"target\":[\"https:\\\/\\\/continuamosmx.com\\\/index.php\\\/2024\\\/05\\\/29\\\/multitudinario-apoyo-a-alma-alcantara-a-dias-de-las-elecciones\\\/\"]}]},{\"@type\":\"ImageObject\",\"inLanguage\":\"es\",\"@id\":\"https:\\\/\\\/continuamosmx.com\\\/index.php\\\/2024\\\/05\\\/29\\\/multitudinario-apoyo-a-alma-alcantara-a-dias-de-las-elecciones\\\/#primaryimage\",\"url\":\"https:\\\/\\\/continuamosmx.com\\\/wp-content\\\/uploads\\\/2024\\\/05\\\/IMG-20240528-WA0055.jpg\",\"contentUrl\":\"https:\\\/\\\/continuamosmx.com\\\/wp-content\\\/uploads\\\/2024\\\/05\\\/IMG-20240528-WA0055.jpg\",\"width\":1280,\"height\":720},{\"@type\":\"BreadcrumbList\",\"@id\":\"https:\\\/\\\/continuamosmx.com\\\/index.php\\\/2024\\\/05\\\/29\\\/multitudinario-apoyo-a-alma-alcantara-a-dias-de-las-elecciones\\\/#breadcrumb\",\"itemListElement\":[{\"@type\":\"ListItem\",\"position\":1,\"name\":\"Inicio\",\"item\":\"https:\\\/\\\/continuamosmx.com\\\/\"},{\"@type\":\"ListItem\",\"position\":2,\"name\":\"MULTITUDINARIO APOYO A ALMA ALC\u00c1NTARA A D\u00cdAS DE LAS ELECCIONES\"}]},{\"@type\":\"WebSite\",\"@id\":\"https:\\\/\\\/continuamosmx.com\\\/#website\",\"url\":\"https:\\\/\\\/continuamosmx.com\\\/\",\"name\":\"www.continuamosmx.com\",\"description\":\"\",\"publisher\":{\"@id\":\"https:\\\/\\\/continuamosmx.com\\\/#organization\"},\"potentialAction\":[{\"@type\":\"SearchAction\",\"target\":{\"@type\":\"EntryPoint\",\"urlTemplate\":\"https:\\\/\\\/continuamosmx.com\\\/?s={search_term_string}\"},\"query-input\":{\"@type\":\"PropertyValueSpecification\",\"valueRequired\":true,\"valueName\":\"search_term_string\"}}],\"inLanguage\":\"es\"},{\"@type\":\"Organization\",\"@id\":\"https:\\\/\\\/continuamosmx.com\\\/#organization\",\"name\":\"ContinuamosMX\",\"url\":\"https:\\\/\\\/continuamosmx.com\\\/\",\"logo\":{\"@type\":\"ImageObject\",\"inLanguage\":\"es\",\"@id\":\"https:\\\/\\\/continuamosmx.com\\\/#\\\/schema\\\/logo\\\/image\\\/\",\"url\":\"https:\\\/\\\/continuamosmx.com\\\/wp-content\\\/uploads\\\/2023\\\/04\\\/cropped-LOGO-CONTI-NUEVO.png\",\"contentUrl\":\"https:\\\/\\\/continuamosmx.com\\\/wp-content\\\/uploads\\\/2023\\\/04\\\/cropped-LOGO-CONTI-NUEVO.png\",\"width\":1257,\"height\":430,\"caption\":\"ContinuamosMX\"},\"image\":{\"@id\":\"https:\\\/\\\/continuamosmx.com\\\/#\\\/schema\\\/logo\\\/image\\\/\"}},{\"@type\":\"Person\",\"@id\":\"https:\\\/\\\/continuamosmx.com\\\/#\\\/schema\\\/person\\\/597bf43bb6e9623635929d8de706669f\",\"name\":\"ContinuamosMX\",\"image\":{\"@type\":\"ImageObject\",\"inLanguage\":\"es\",\"@id\":\"https:\\\/\\\/secure.gravatar.com\\\/avatar\\\/559529727a6e1f51269882deb22b7cbf727c15cb0f7d75d495313386bc069382?s=96&d=mm&r=g\",\"url\":\"https:\\\/\\\/secure.gravatar.com\\\/avatar\\\/559529727a6e1f51269882deb22b7cbf727c15cb0f7d75d495313386bc069382?s=96&d=mm&r=g\",\"contentUrl\":\"https:\\\/\\\/secure.gravatar.com\\\/avatar\\\/559529727a6e1f51269882deb22b7cbf727c15cb0f7d75d495313386bc069382?s=96&d=mm&r=g\",\"caption\":\"ContinuamosMX\"},\"sameAs\":[\"http:\\\/\\\/continuamosmx.com\"],\"url\":\"https:\\\/\\\/continuamosmx.com\\\/index.php\\\/author\\\/cgbarnardhotmail-com\\\/\"}]}<\/script>\n<!-- \/ Yoast SEO plugin. -->","yoast_head_json":{"title":"MULTITUDINARIO APOYO A ALMA ALC\u00c1NTARA A D\u00cdAS DE LAS ELECCIONES -","robots":{"index":"index","follow":"follow","max-snippet":"max-snippet:-1","max-image-preview":"max-image-preview:large","max-video-preview":"max-video-preview:-1"},"canonical":"https:\/\/continuamosmx.com\/index.php\/2024\/05\/29\/multitudinario-apoyo-a-alma-alcantara-a-dias-de-las-elecciones\/","og_locale":"es_ES","og_type":"article","og_title":"MULTITUDINARIO APOYO A ALMA ALC\u00c1NTARA A D\u00cdAS DE LAS ELECCIONES -","og_description":"*La morenista se\u00f1al\u00f3 que todo la cargada de la estructura del gobierno local brind\u00f3 log\u00edstica a su contrincante del PRIAN Redacci\u00f3n TEZOYUCA, M\u00e9x.- En una jornada pol\u00edtica marcada por la movilizaci\u00f3n ciudadana, m\u00e1s de mil 800 personas y decenas de veh\u00edculos recorrieron los Ejidos de Tequisistl\u00e1n y la comunidad de Tequisistl\u00e1n en apoyo a la [&hellip;]","og_url":"https:\/\/continuamosmx.com\/index.php\/2024\/05\/29\/multitudinario-apoyo-a-alma-alcantara-a-dias-de-las-elecciones\/","article_published_time":"2024-05-29T01:43:17+00:00","article_modified_time":"2024-05-30T05:44:10+00:00","og_image":[{"width":1280,"height":720,"url":"https:\/\/continuamosmx.com\/wp-content\/uploads\/2024\/05\/IMG-20240528-WA0055.jpg","type":"image\/jpeg"}],"author":"ContinuamosMX","twitter_card":"summary_large_image","twitter_misc":{"Escrito por":"ContinuamosMX","Tiempo de lectura":"2 minutos"},"schema":{"@context":"https:\/\/schema.org","@graph":[{"@type":"Article","@id":"https:\/\/continuamosmx.com\/index.php\/2024\/05\/29\/multitudinario-apoyo-a-alma-alcantara-a-dias-de-las-elecciones\/#article","isPartOf":{"@id":"https:\/\/continuamosmx.com\/index.php\/2024\/05\/29\/multitudinario-apoyo-a-alma-alcantara-a-dias-de-las-elecciones\/"},"author":{"name":"ContinuamosMX","@id":"https:\/\/continuamosmx.com\/#\/schema\/person\/597bf43bb6e9623635929d8de706669f"},"headline":"MULTITUDINARIO APOYO A ALMA ALC\u00c1NTARA A D\u00cdAS DE LAS ELECCIONES","datePublished":"2024-05-29T01:43:17+00:00","dateModified":"2024-05-30T05:44:10+00:00","mainEntityOfPage":{"@id":"https:\/\/continuamosmx.com\/index.php\/2024\/05\/29\/multitudinario-apoyo-a-alma-alcantara-a-dias-de-las-elecciones\/"},"wordCount":429,"commentCount":0,"publisher":{"@id":"https:\/\/continuamosmx.com\/#organization"},"image":{"@id":"https:\/\/continuamosmx.com\/index.php\/2024\/05\/29\/multitudinario-apoyo-a-alma-alcantara-a-dias-de-las-elecciones\/#primaryimage"},"thumbnailUrl":"https:\/\/continuamosmx.com\/wp-content\/uploads\/2024\/05\/IMG-20240528-WA0055.jpg","keywords":["Cierre de campa\u00f1a","Edomex","Elecci\u00f3n 2024","Tezoyuca"],"articleSection":["ELECCIONES 2024","TEZOYUCA"],"inLanguage":"es"},{"@type":"WebPage","@id":"https:\/\/continuamosmx.com\/index.php\/2024\/05\/29\/multitudinario-apoyo-a-alma-alcantara-a-dias-de-las-elecciones\/","url":"https:\/\/continuamosmx.com\/index.php\/2024\/05\/29\/multitudinario-apoyo-a-alma-alcantara-a-dias-de-las-elecciones\/","name":"MULTITUDINARIO APOYO A ALMA ALC\u00c1NTARA A D\u00cdAS DE LAS ELECCIONES -","isPartOf":{"@id":"https:\/\/continuamosmx.com\/#website"},"primaryImageOfPage":{"@id":"https:\/\/continuamosmx.com\/index.php\/2024\/05\/29\/multitudinario-apoyo-a-alma-alcantara-a-dias-de-las-elecciones\/#primaryimage"},"image":{"@id":"https:\/\/continuamosmx.com\/index.php\/2024\/05\/29\/multitudinario-apoyo-a-alma-alcantara-a-dias-de-las-elecciones\/#primaryimage"},"thumbnailUrl":"https:\/\/continuamosmx.com\/wp-content\/uploads\/2024\/05\/IMG-20240528-WA0055.jpg","datePublished":"2024-05-29T01:43:17+00:00","dateModified":"2024-05-30T05:44:10+00:00","breadcrumb":{"@id":"https:\/\/continuamosmx.com\/index.php\/2024\/05\/29\/multitudinario-apoyo-a-alma-alcantara-a-dias-de-las-elecciones\/#breadcrumb"},"inLanguage":"es","potentialAction":[{"@type":"ReadAction","target":["https:\/\/continuamosmx.com\/index.php\/2024\/05\/29\/multitudinario-apoyo-a-alma-alcantara-a-dias-de-las-elecciones\/"]}]},{"@type":"ImageObject","inLanguage":"es","@id":"https:\/\/continuamosmx.com\/index.php\/2024\/05\/29\/multitudinario-apoyo-a-alma-alcantara-a-dias-de-las-elecciones\/#primaryimage","url":"https:\/\/continuamosmx.com\/wp-content\/uploads\/2024\/05\/IMG-20240528-WA0055.jpg","contentUrl":"https:\/\/continuamosmx.com\/wp-content\/uploads\/2024\/05\/IMG-20240528-WA0055.jpg","width":1280,"height":720},{"@type":"BreadcrumbList","@id":"https:\/\/continuamosmx.com\/index.php\/2024\/05\/29\/multitudinario-apoyo-a-alma-alcantara-a-dias-de-las-elecciones\/#breadcrumb","itemListElement":[{"@type":"ListItem","position":1,"name":"Inicio","item":"https:\/\/continuamosmx.com\/"},{"@type":"ListItem","position":2,"name":"MULTITUDINARIO APOYO A ALMA ALC\u00c1NTARA A D\u00cdAS DE LAS ELECCIONES"}]},{"@type":"WebSite","@id":"https:\/\/continuamosmx.com\/#website","url":"https:\/\/continuamosmx.com\/","name":"www.continuamosmx.com","description":"","publisher":{"@id":"https:\/\/continuamosmx.com\/#organization"},"potentialAction":[{"@type":"SearchAction","target":{"@type":"EntryPoint","urlTemplate":"https:\/\/continuamosmx.com\/?s={search_term_string}"},"query-input":{"@type":"PropertyValueSpecification","valueRequired":true,"valueName":"search_term_string"}}],"inLanguage":"es"},{"@type":"Organization","@id":"https:\/\/continuamosmx.com\/#organization","name":"ContinuamosMX","url":"https:\/\/continuamosmx.com\/","logo":{"@type":"ImageObject","inLanguage":"es","@id":"https:\/\/continuamosmx.com\/#\/schema\/logo\/image\/","url":"https:\/\/continuamosmx.com\/wp-content\/uploads\/2023\/04\/cropped-LOGO-CONTI-NUEVO.png","contentUrl":"https:\/\/continuamosmx.com\/wp-content\/uploads\/2023\/04\/cropped-LOGO-CONTI-NUEVO.png","width":1257,"height":430,"caption":"ContinuamosMX"},"image":{"@id":"https:\/\/continuamosmx.com\/#\/schema\/logo\/image\/"}},{"@type":"Person","@id":"https:\/\/continuamosmx.com\/#\/schema\/person\/597bf43bb6e9623635929d8de706669f","name":"ContinuamosMX","image":{"@type":"ImageObject","inLanguage":"es","@id":"https:\/\/secure.gravatar.com\/avatar\/559529727a6e1f51269882deb22b7cbf727c15cb0f7d75d495313386bc069382?s=96&d=mm&r=g","url":"https:\/\/secure.gravatar.com\/avatar\/559529727a6e1f51269882deb22b7cbf727c15cb0f7d75d495313386bc069382?s=96&d=mm&r=g","contentUrl":"https:\/\/secure.gravatar.com\/avatar\/559529727a6e1f51269882deb22b7cbf727c15cb0f7d75d495313386bc069382?s=96&d=mm&r=g","caption":"ContinuamosMX"},"sameAs":["http:\/\/continuamosmx.com"],"url":"https:\/\/continuamosmx.com\/index.php\/author\/cgbarnardhotmail-com\/"}]}},"_links":{"self":[{"href":"https:\/\/continuamosmx.com\/index.php\/wp-json\/wp\/v2\/posts\/47270","targetHints":{"allow":["GET"]}}],"collection":[{"href":"https:\/\/continuamosmx.com\/index.php\/wp-json\/wp\/v2\/posts"}],"about":[{"href":"https:\/\/continuamosmx.com\/index.php\/wp-json\/wp\/v2\/types\/post"}],"author":[{"embeddable":true,"href":"https:\/\/continuamosmx.com\/index.php\/wp-json\/wp\/v2\/users\/1"}],"replies":[{"embeddable":true,"href":"https:\/\/continuamosmx.com\/index.php\/wp-json\/wp\/v2\/comments?post=47270"}],"version-history":[{"count":2,"href":"https:\/\/continuamosmx.com\/index.php\/wp-json\/wp\/v2\/posts\/47270\/revisions"}],"predecessor-version":[{"id":47273,"href":"https:\/\/continuamosmx.com\/index.php\/wp-json\/wp\/v2\/posts\/47270\/revisions\/47273"}],"wp:featuredmedia":[{"embeddable":true,"href":"https:\/\/continuamosmx.com\/index.php\/wp-json\/wp\/v2\/media\/47271"}],"wp:attachment":[{"href":"https:\/\/continuamosmx.com\/index.php\/wp-json\/wp\/v2\/media?parent=47270"}],"wp:term":[{"taxonomy":"category","embeddable":true,"href":"https:\/\/continuamosmx.com\/index.php\/wp-json\/wp\/v2\/categories?post=47270"},{"taxonomy":"post_tag","embeddable":true,"href":"https:\/\/continuamosmx.com\/index.php\/wp-json\/wp\/v2\/tags?post=47270"}],"curies":[{"name":"wp","href":"https:\/\/api.w.org\/{rel}","templated":true}]}}