{"id":47257,"date":"2024-05-29T17:19:19","date_gmt":"2024-05-29T17:19:19","guid":{"rendered":"https:\/\/continuamosmx.com\/?p=47257"},"modified":"2024-05-29T17:19:20","modified_gmt":"2024-05-29T17:19:20","slug":"continua-la-guerra-sucia-por-parte-del-pri-en-acolman","status":"publish","type":"post","link":"https:\/\/continuamosmx.com\/index.php\/2024\/05\/29\/continua-la-guerra-sucia-por-parte-del-pri-en-acolman\/","title":{"rendered":"CONTIN\u00daA LA GUERRA SUCIA POR PARTE DEL PRI EN ACOLMAN"},"content":{"rendered":"\n<p>*<strong>Detenidos reproducen propaganda calumniosa, violan el C\u00f3digo electoral y son presentados ante el juez c\u00edvico de Acolman<\/strong><\/p>\n\n\n\n<p>Redacci\u00f3n.<\/p>\n\n\n\n<p>ACOLMAN, M\u00e9x.- Polic\u00edas municipales de Acolman, detuvieron en flagrancia y presentaron ante el juez c\u00edvico de la localidad a dos masculinos por reproducir propaganda calumniosa a bordo de un autom\u00f3vil sedan, en clara violaci\u00f3n al C\u00f3digo Electoral del Estado de M\u00e9xico.<\/p>\n\n\n\n<p>Ambas personas fueron puestas a disposici\u00f3n del juez c\u00edvico de Acolman, luego de ser detenidos en flagrancia, cuando con apoyo de un veh\u00edculo Nissan tipo March color negro y un equipo de perifoneo, reproduc\u00edan propaganda calumniosa en perjuicio del candidato a la diputaci\u00f3n local del Distrito 39 por la Coalici\u00f3n Sigamos Haciendo Historia, Osvaldo Cortes Contreras.<\/p>\n\n\n\n<p>A trav\u00e9s de un video se puede observar y escuchar como los seguidores de la Coalici\u00f3n Fuerza y Coraz\u00f3n por M\u00e9xico integrada por el PRI, PAN, PRD, NA y que respaldan la candidatura de Ivon Roldan Ju\u00e1rez, reproduc\u00edan propaganda calumniosa en perjuicio de los candidatos de Morena y sus aliados.<\/p>\n\n\n\n<p>La acci\u00f3n realizada por los presentados ante el juez c\u00edvico de la localidad est\u00e1 prohibida por el C\u00f3digo Electoral del Estado de M\u00e9xico vigente en la entidad en su art\u00edculo 260, p\u00e1rrafos cuarto y quinto.<\/p>\n\n\n\n<p>Al respecto, Jes\u00fas Miranda Espadas, Coordinador de Campa\u00f1a del abanderado a la diputaci\u00f3n local por el distrito local 39, record\u00f3 que los partidos pol\u00edticos, las coaliciones y los candidatos, tienen prohibido incluir en su propaganda electoral, cualquier tipo de calumnia que denigre a las y los candidatos.<\/p>\n\n\n\n<p>Cabe destacar que Brandon \u201cN\u201d y Mauricio \u201cN\u201d, tripulaban el veh\u00edculo compacto que visiblemente mostraba propaganda pol\u00edtica de la candidata aliancista compuesta por los partidos PRI-PAN y PRD, Ivon Roldan Ju\u00e1rez, cuando con apoyo de un veh\u00edculo Nissan tipo March color negro y un equipo de perifoneo, reproduc\u00edan propaganda calumniosa.<\/p>\n\n\n\n<p>Adem\u00e1s del articulo arriba referido, el c\u00f3digo electoral vigente en la entidad, en el Capitulo Segundo de los sujetos, conductas y sanciones refiere en el art\u00edculo 460, fracci\u00f3n VII, la difusi\u00f3n de propaganda pol\u00edtica o electoral que contenga expresiones de calumnias a las instituciones, autoridades electorales, partidos pol\u00edticos, coaliciones o candidatos independientes.<\/p>\n\n\n\n<p>Finalmente, cabe destacar que la candidata aliancista del PRI-PAN-PRD y NA Ivon Roldan Ju\u00e1rez, lejos de deslindarse de la violaci\u00f3n flagrante del C\u00f3digo Electoral del Estado de M\u00e9xico, mando a personajes del viejo PRI para tratar la liberaci\u00f3n de los dos asegurados.<\/p>\n\n\n\n<figure class=\"wp-block-video\"><video height=\"850\" style=\"aspect-ratio: 478 \/ 850;\" width=\"478\" controls src=\"https:\/\/continuamosmx.com\/wp-content\/uploads\/2024\/05\/acolman.mp4\"><\/video><\/figure>\n","protected":false},"excerpt":{"rendered":"<p>*Detenidos reproducen propaganda calumniosa, violan el C\u00f3digo electoral y son presentados ante el juez c\u00edvico de Acolman Redacci\u00f3n. ACOLMAN, M\u00e9x.- Polic\u00edas municipales de Acolman, detuvieron en flagrancia y presentaron ante el juez c\u00edvico de la localidad a dos masculinos por reproducir propaganda calumniosa a bordo de un autom\u00f3vil sedan, en clara violaci\u00f3n al C\u00f3digo Electoral [&hellip;]<\/p>\n","protected":false},"author":6,"featured_media":47258,"comment_status":"open","ping_status":"open","sticky":false,"template":"","format":"standard","meta":{"footnotes":""},"categories":[13,4],"tags":[],"class_list":["post-47257","post","type-post","status-publish","format-standard","has-post-thumbnail","hentry","category-acolman","category-locales"],"yoast_head":"<!-- This site is optimized with the Yoast SEO plugin v27.5 - https:\/\/yoast.com\/product\/yoast-seo-wordpress\/ -->\n<title>CONTIN\u00daA LA GUERRA SUCIA POR PARTE DEL PRI EN ACOLMAN -<\/title>\n<meta name=\"robots\" content=\"index, follow, max-snippet:-1, max-image-preview:large, max-video-preview:-1\" \/>\n<link rel=\"canonical\" href=\"https:\/\/continuamosmx.com\/index.php\/2024\/05\/29\/continua-la-guerra-sucia-por-parte-del-pri-en-acolman\/\" \/>\n<meta property=\"og:locale\" content=\"es_ES\" \/>\n<meta property=\"og:type\" content=\"article\" \/>\n<meta property=\"og:title\" content=\"CONTIN\u00daA LA GUERRA SUCIA POR PARTE DEL PRI EN ACOLMAN -\" \/>\n<meta property=\"og:description\" content=\"*Detenidos reproducen propaganda calumniosa, violan el C\u00f3digo electoral y son presentados ante el juez c\u00edvico de Acolman Redacci\u00f3n. ACOLMAN, M\u00e9x.- Polic\u00edas municipales de Acolman, detuvieron en flagrancia y presentaron ante el juez c\u00edvico de la localidad a dos masculinos por reproducir propaganda calumniosa a bordo de un autom\u00f3vil sedan, en clara violaci\u00f3n al C\u00f3digo Electoral [&hellip;]\" \/>\n<meta property=\"og:url\" content=\"https:\/\/continuamosmx.com\/index.php\/2024\/05\/29\/continua-la-guerra-sucia-por-parte-del-pri-en-acolman\/\" \/>\n<meta property=\"article:published_time\" content=\"2024-05-29T17:19:19+00:00\" \/>\n<meta property=\"article:modified_time\" content=\"2024-05-29T17:19:20+00:00\" \/>\n<meta property=\"og:image\" content=\"https:\/\/continuamosmx.com\/wp-content\/uploads\/2024\/05\/acolman.png\" \/>\n\t<meta property=\"og:image:width\" content=\"295\" \/>\n\t<meta property=\"og:image:height\" content=\"289\" \/>\n\t<meta property=\"og:image:type\" content=\"image\/png\" \/>\n<meta name=\"author\" content=\"Continuamos MX\" \/>\n<meta name=\"twitter:card\" content=\"summary_large_image\" \/>\n<meta name=\"twitter:label1\" content=\"Escrito por\" \/>\n\t<meta name=\"twitter:data1\" content=\"Continuamos MX\" \/>\n\t<meta name=\"twitter:label2\" content=\"Tiempo de lectura\" \/>\n\t<meta name=\"twitter:data2\" content=\"2 minutos\" \/>\n<script type=\"application\/ld+json\" class=\"yoast-schema-graph\">{\"@context\":\"https:\\\/\\\/schema.org\",\"@graph\":[{\"@type\":\"Article\",\"@id\":\"https:\\\/\\\/continuamosmx.com\\\/index.php\\\/2024\\\/05\\\/29\\\/continua-la-guerra-sucia-por-parte-del-pri-en-acolman\\\/#article\",\"isPartOf\":{\"@id\":\"https:\\\/\\\/continuamosmx.com\\\/index.php\\\/2024\\\/05\\\/29\\\/continua-la-guerra-sucia-por-parte-del-pri-en-acolman\\\/\"},\"author\":{\"name\":\"Continuamos MX\",\"@id\":\"https:\\\/\\\/continuamosmx.com\\\/#\\\/schema\\\/person\\\/5eb5356acb1fad784da407d14f0e8d89\"},\"headline\":\"CONTIN\u00daA LA GUERRA SUCIA POR PARTE DEL PRI EN ACOLMAN\",\"datePublished\":\"2024-05-29T17:19:19+00:00\",\"dateModified\":\"2024-05-29T17:19:20+00:00\",\"mainEntityOfPage\":{\"@id\":\"https:\\\/\\\/continuamosmx.com\\\/index.php\\\/2024\\\/05\\\/29\\\/continua-la-guerra-sucia-por-parte-del-pri-en-acolman\\\/\"},\"wordCount\":448,\"commentCount\":0,\"publisher\":{\"@id\":\"https:\\\/\\\/continuamosmx.com\\\/#organization\"},\"image\":{\"@id\":\"https:\\\/\\\/continuamosmx.com\\\/index.php\\\/2024\\\/05\\\/29\\\/continua-la-guerra-sucia-por-parte-del-pri-en-acolman\\\/#primaryimage\"},\"thumbnailUrl\":\"https:\\\/\\\/continuamosmx.com\\\/wp-content\\\/uploads\\\/2024\\\/05\\\/acolman.png\",\"articleSection\":[\"ACOLMAN\",\"LOCALES\"],\"inLanguage\":\"es\"},{\"@type\":\"WebPage\",\"@id\":\"https:\\\/\\\/continuamosmx.com\\\/index.php\\\/2024\\\/05\\\/29\\\/continua-la-guerra-sucia-por-parte-del-pri-en-acolman\\\/\",\"url\":\"https:\\\/\\\/continuamosmx.com\\\/index.php\\\/2024\\\/05\\\/29\\\/continua-la-guerra-sucia-por-parte-del-pri-en-acolman\\\/\",\"name\":\"CONTIN\u00daA LA GUERRA SUCIA POR PARTE DEL PRI EN ACOLMAN -\",\"isPartOf\":{\"@id\":\"https:\\\/\\\/continuamosmx.com\\\/#website\"},\"primaryImageOfPage\":{\"@id\":\"https:\\\/\\\/continuamosmx.com\\\/index.php\\\/2024\\\/05\\\/29\\\/continua-la-guerra-sucia-por-parte-del-pri-en-acolman\\\/#primaryimage\"},\"image\":{\"@id\":\"https:\\\/\\\/continuamosmx.com\\\/index.php\\\/2024\\\/05\\\/29\\\/continua-la-guerra-sucia-por-parte-del-pri-en-acolman\\\/#primaryimage\"},\"thumbnailUrl\":\"https:\\\/\\\/continuamosmx.com\\\/wp-content\\\/uploads\\\/2024\\\/05\\\/acolman.png\",\"datePublished\":\"2024-05-29T17:19:19+00:00\",\"dateModified\":\"2024-05-29T17:19:20+00:00\",\"breadcrumb\":{\"@id\":\"https:\\\/\\\/continuamosmx.com\\\/index.php\\\/2024\\\/05\\\/29\\\/continua-la-guerra-sucia-por-parte-del-pri-en-acolman\\\/#breadcrumb\"},\"inLanguage\":\"es\",\"potentialAction\":[{\"@type\":\"ReadAction\",\"target\":[\"https:\\\/\\\/continuamosmx.com\\\/index.php\\\/2024\\\/05\\\/29\\\/continua-la-guerra-sucia-por-parte-del-pri-en-acolman\\\/\"]}]},{\"@type\":\"ImageObject\",\"inLanguage\":\"es\",\"@id\":\"https:\\\/\\\/continuamosmx.com\\\/index.php\\\/2024\\\/05\\\/29\\\/continua-la-guerra-sucia-por-parte-del-pri-en-acolman\\\/#primaryimage\",\"url\":\"https:\\\/\\\/continuamosmx.com\\\/wp-content\\\/uploads\\\/2024\\\/05\\\/acolman.png\",\"contentUrl\":\"https:\\\/\\\/continuamosmx.com\\\/wp-content\\\/uploads\\\/2024\\\/05\\\/acolman.png\",\"width\":295,\"height\":289},{\"@type\":\"BreadcrumbList\",\"@id\":\"https:\\\/\\\/continuamosmx.com\\\/index.php\\\/2024\\\/05\\\/29\\\/continua-la-guerra-sucia-por-parte-del-pri-en-acolman\\\/#breadcrumb\",\"itemListElement\":[{\"@type\":\"ListItem\",\"position\":1,\"name\":\"Inicio\",\"item\":\"https:\\\/\\\/continuamosmx.com\\\/\"},{\"@type\":\"ListItem\",\"position\":2,\"name\":\"CONTIN\u00daA LA GUERRA SUCIA POR PARTE DEL PRI EN ACOLMAN\"}]},{\"@type\":\"WebSite\",\"@id\":\"https:\\\/\\\/continuamosmx.com\\\/#website\",\"url\":\"https:\\\/\\\/continuamosmx.com\\\/\",\"name\":\"www.continuamosmx.com\",\"description\":\"\",\"publisher\":{\"@id\":\"https:\\\/\\\/continuamosmx.com\\\/#organization\"},\"potentialAction\":[{\"@type\":\"SearchAction\",\"target\":{\"@type\":\"EntryPoint\",\"urlTemplate\":\"https:\\\/\\\/continuamosmx.com\\\/?s={search_term_string}\"},\"query-input\":{\"@type\":\"PropertyValueSpecification\",\"valueRequired\":true,\"valueName\":\"search_term_string\"}}],\"inLanguage\":\"es\"},{\"@type\":\"Organization\",\"@id\":\"https:\\\/\\\/continuamosmx.com\\\/#organization\",\"name\":\"ContinuamosMX\",\"url\":\"https:\\\/\\\/continuamosmx.com\\\/\",\"logo\":{\"@type\":\"ImageObject\",\"inLanguage\":\"es\",\"@id\":\"https:\\\/\\\/continuamosmx.com\\\/#\\\/schema\\\/logo\\\/image\\\/\",\"url\":\"https:\\\/\\\/continuamosmx.com\\\/wp-content\\\/uploads\\\/2023\\\/04\\\/cropped-LOGO-CONTI-NUEVO.png\",\"contentUrl\":\"https:\\\/\\\/continuamosmx.com\\\/wp-content\\\/uploads\\\/2023\\\/04\\\/cropped-LOGO-CONTI-NUEVO.png\",\"width\":1257,\"height\":430,\"caption\":\"ContinuamosMX\"},\"image\":{\"@id\":\"https:\\\/\\\/continuamosmx.com\\\/#\\\/schema\\\/logo\\\/image\\\/\"}},{\"@type\":\"Person\",\"@id\":\"https:\\\/\\\/continuamosmx.com\\\/#\\\/schema\\\/person\\\/5eb5356acb1fad784da407d14f0e8d89\",\"name\":\"Continuamos MX\",\"image\":{\"@type\":\"ImageObject\",\"inLanguage\":\"es\",\"@id\":\"https:\\\/\\\/secure.gravatar.com\\\/avatar\\\/30d4f9723476a15f4da34d35fb3501f08d2357016c76051c6a85c354c7489589?s=96&d=mm&r=g\",\"url\":\"https:\\\/\\\/secure.gravatar.com\\\/avatar\\\/30d4f9723476a15f4da34d35fb3501f08d2357016c76051c6a85c354c7489589?s=96&d=mm&r=g\",\"contentUrl\":\"https:\\\/\\\/secure.gravatar.com\\\/avatar\\\/30d4f9723476a15f4da34d35fb3501f08d2357016c76051c6a85c354c7489589?s=96&d=mm&r=g\",\"caption\":\"Continuamos MX\"},\"sameAs\":[\"http:\\\/\\\/www.continuamos.mx\"],\"url\":\"https:\\\/\\\/continuamosmx.com\\\/index.php\\\/author\\\/continuamos\\\/\"}]}<\/script>\n<!-- \/ Yoast SEO plugin. -->","yoast_head_json":{"title":"CONTIN\u00daA LA GUERRA SUCIA POR PARTE DEL PRI EN ACOLMAN -","robots":{"index":"index","follow":"follow","max-snippet":"max-snippet:-1","max-image-preview":"max-image-preview:large","max-video-preview":"max-video-preview:-1"},"canonical":"https:\/\/continuamosmx.com\/index.php\/2024\/05\/29\/continua-la-guerra-sucia-por-parte-del-pri-en-acolman\/","og_locale":"es_ES","og_type":"article","og_title":"CONTIN\u00daA LA GUERRA SUCIA POR PARTE DEL PRI EN ACOLMAN -","og_description":"*Detenidos reproducen propaganda calumniosa, violan el C\u00f3digo electoral y son presentados ante el juez c\u00edvico de Acolman Redacci\u00f3n. ACOLMAN, M\u00e9x.- Polic\u00edas municipales de Acolman, detuvieron en flagrancia y presentaron ante el juez c\u00edvico de la localidad a dos masculinos por reproducir propaganda calumniosa a bordo de un autom\u00f3vil sedan, en clara violaci\u00f3n al C\u00f3digo Electoral [&hellip;]","og_url":"https:\/\/continuamosmx.com\/index.php\/2024\/05\/29\/continua-la-guerra-sucia-por-parte-del-pri-en-acolman\/","article_published_time":"2024-05-29T17:19:19+00:00","article_modified_time":"2024-05-29T17:19:20+00:00","og_image":[{"width":295,"height":289,"url":"https:\/\/continuamosmx.com\/wp-content\/uploads\/2024\/05\/acolman.png","type":"image\/png"}],"author":"Continuamos MX","twitter_card":"summary_large_image","twitter_misc":{"Escrito por":"Continuamos MX","Tiempo de lectura":"2 minutos"},"schema":{"@context":"https:\/\/schema.org","@graph":[{"@type":"Article","@id":"https:\/\/continuamosmx.com\/index.php\/2024\/05\/29\/continua-la-guerra-sucia-por-parte-del-pri-en-acolman\/#article","isPartOf":{"@id":"https:\/\/continuamosmx.com\/index.php\/2024\/05\/29\/continua-la-guerra-sucia-por-parte-del-pri-en-acolman\/"},"author":{"name":"Continuamos MX","@id":"https:\/\/continuamosmx.com\/#\/schema\/person\/5eb5356acb1fad784da407d14f0e8d89"},"headline":"CONTIN\u00daA LA GUERRA SUCIA POR PARTE DEL PRI EN ACOLMAN","datePublished":"2024-05-29T17:19:19+00:00","dateModified":"2024-05-29T17:19:20+00:00","mainEntityOfPage":{"@id":"https:\/\/continuamosmx.com\/index.php\/2024\/05\/29\/continua-la-guerra-sucia-por-parte-del-pri-en-acolman\/"},"wordCount":448,"commentCount":0,"publisher":{"@id":"https:\/\/continuamosmx.com\/#organization"},"image":{"@id":"https:\/\/continuamosmx.com\/index.php\/2024\/05\/29\/continua-la-guerra-sucia-por-parte-del-pri-en-acolman\/#primaryimage"},"thumbnailUrl":"https:\/\/continuamosmx.com\/wp-content\/uploads\/2024\/05\/acolman.png","articleSection":["ACOLMAN","LOCALES"],"inLanguage":"es"},{"@type":"WebPage","@id":"https:\/\/continuamosmx.com\/index.php\/2024\/05\/29\/continua-la-guerra-sucia-por-parte-del-pri-en-acolman\/","url":"https:\/\/continuamosmx.com\/index.php\/2024\/05\/29\/continua-la-guerra-sucia-por-parte-del-pri-en-acolman\/","name":"CONTIN\u00daA LA GUERRA SUCIA POR PARTE DEL PRI EN ACOLMAN -","isPartOf":{"@id":"https:\/\/continuamosmx.com\/#website"},"primaryImageOfPage":{"@id":"https:\/\/continuamosmx.com\/index.php\/2024\/05\/29\/continua-la-guerra-sucia-por-parte-del-pri-en-acolman\/#primaryimage"},"image":{"@id":"https:\/\/continuamosmx.com\/index.php\/2024\/05\/29\/continua-la-guerra-sucia-por-parte-del-pri-en-acolman\/#primaryimage"},"thumbnailUrl":"https:\/\/continuamosmx.com\/wp-content\/uploads\/2024\/05\/acolman.png","datePublished":"2024-05-29T17:19:19+00:00","dateModified":"2024-05-29T17:19:20+00:00","breadcrumb":{"@id":"https:\/\/continuamosmx.com\/index.php\/2024\/05\/29\/continua-la-guerra-sucia-por-parte-del-pri-en-acolman\/#breadcrumb"},"inLanguage":"es","potentialAction":[{"@type":"ReadAction","target":["https:\/\/continuamosmx.com\/index.php\/2024\/05\/29\/continua-la-guerra-sucia-por-parte-del-pri-en-acolman\/"]}]},{"@type":"ImageObject","inLanguage":"es","@id":"https:\/\/continuamosmx.com\/index.php\/2024\/05\/29\/continua-la-guerra-sucia-por-parte-del-pri-en-acolman\/#primaryimage","url":"https:\/\/continuamosmx.com\/wp-content\/uploads\/2024\/05\/acolman.png","contentUrl":"https:\/\/continuamosmx.com\/wp-content\/uploads\/2024\/05\/acolman.png","width":295,"height":289},{"@type":"BreadcrumbList","@id":"https:\/\/continuamosmx.com\/index.php\/2024\/05\/29\/continua-la-guerra-sucia-por-parte-del-pri-en-acolman\/#breadcrumb","itemListElement":[{"@type":"ListItem","position":1,"name":"Inicio","item":"https:\/\/continuamosmx.com\/"},{"@type":"ListItem","position":2,"name":"CONTIN\u00daA LA GUERRA SUCIA POR PARTE DEL PRI EN ACOLMAN"}]},{"@type":"WebSite","@id":"https:\/\/continuamosmx.com\/#website","url":"https:\/\/continuamosmx.com\/","name":"www.continuamosmx.com","description":"","publisher":{"@id":"https:\/\/continuamosmx.com\/#organization"},"potentialAction":[{"@type":"SearchAction","target":{"@type":"EntryPoint","urlTemplate":"https:\/\/continuamosmx.com\/?s={search_term_string}"},"query-input":{"@type":"PropertyValueSpecification","valueRequired":true,"valueName":"search_term_string"}}],"inLanguage":"es"},{"@type":"Organization","@id":"https:\/\/continuamosmx.com\/#organization","name":"ContinuamosMX","url":"https:\/\/continuamosmx.com\/","logo":{"@type":"ImageObject","inLanguage":"es","@id":"https:\/\/continuamosmx.com\/#\/schema\/logo\/image\/","url":"https:\/\/continuamosmx.com\/wp-content\/uploads\/2023\/04\/cropped-LOGO-CONTI-NUEVO.png","contentUrl":"https:\/\/continuamosmx.com\/wp-content\/uploads\/2023\/04\/cropped-LOGO-CONTI-NUEVO.png","width":1257,"height":430,"caption":"ContinuamosMX"},"image":{"@id":"https:\/\/continuamosmx.com\/#\/schema\/logo\/image\/"}},{"@type":"Person","@id":"https:\/\/continuamosmx.com\/#\/schema\/person\/5eb5356acb1fad784da407d14f0e8d89","name":"Continuamos MX","image":{"@type":"ImageObject","inLanguage":"es","@id":"https:\/\/secure.gravatar.com\/avatar\/30d4f9723476a15f4da34d35fb3501f08d2357016c76051c6a85c354c7489589?s=96&d=mm&r=g","url":"https:\/\/secure.gravatar.com\/avatar\/30d4f9723476a15f4da34d35fb3501f08d2357016c76051c6a85c354c7489589?s=96&d=mm&r=g","contentUrl":"https:\/\/secure.gravatar.com\/avatar\/30d4f9723476a15f4da34d35fb3501f08d2357016c76051c6a85c354c7489589?s=96&d=mm&r=g","caption":"Continuamos MX"},"sameAs":["http:\/\/www.continuamos.mx"],"url":"https:\/\/continuamosmx.com\/index.php\/author\/continuamos\/"}]}},"_links":{"self":[{"href":"https:\/\/continuamosmx.com\/index.php\/wp-json\/wp\/v2\/posts\/47257","targetHints":{"allow":["GET"]}}],"collection":[{"href":"https:\/\/continuamosmx.com\/index.php\/wp-json\/wp\/v2\/posts"}],"about":[{"href":"https:\/\/continuamosmx.com\/index.php\/wp-json\/wp\/v2\/types\/post"}],"author":[{"embeddable":true,"href":"https:\/\/continuamosmx.com\/index.php\/wp-json\/wp\/v2\/users\/6"}],"replies":[{"embeddable":true,"href":"https:\/\/continuamosmx.com\/index.php\/wp-json\/wp\/v2\/comments?post=47257"}],"version-history":[{"count":1,"href":"https:\/\/continuamosmx.com\/index.php\/wp-json\/wp\/v2\/posts\/47257\/revisions"}],"predecessor-version":[{"id":47260,"href":"https:\/\/continuamosmx.com\/index.php\/wp-json\/wp\/v2\/posts\/47257\/revisions\/47260"}],"wp:featuredmedia":[{"embeddable":true,"href":"https:\/\/continuamosmx.com\/index.php\/wp-json\/wp\/v2\/media\/47258"}],"wp:attachment":[{"href":"https:\/\/continuamosmx.com\/index.php\/wp-json\/wp\/v2\/media?parent=47257"}],"wp:term":[{"taxonomy":"category","embeddable":true,"href":"https:\/\/continuamosmx.com\/index.php\/wp-json\/wp\/v2\/categories?post=47257"},{"taxonomy":"post_tag","embeddable":true,"href":"https:\/\/continuamosmx.com\/index.php\/wp-json\/wp\/v2\/tags?post=47257"}],"curies":[{"name":"wp","href":"https:\/\/api.w.org\/{rel}","templated":true}]}}