{"id":47244,"date":"2024-05-28T18:33:49","date_gmt":"2024-05-28T18:33:49","guid":{"rendered":"https:\/\/continuamosmx.com\/?p=47244"},"modified":"2024-05-28T18:33:50","modified_gmt":"2024-05-28T18:33:50","slug":"cierre-de-campana-en-acolman-morena-asegura-victoria","status":"publish","type":"post","link":"https:\/\/continuamosmx.com\/index.php\/2024\/05\/28\/cierre-de-campana-en-acolman-morena-asegura-victoria\/","title":{"rendered":"CIERRE DE CAMPA\u00d1A EN ACOLMAN: MORENA ASEGURA VICTORIA"},"content":{"rendered":"\n<p><strong>*La 4T repetir\u00eda en el municipio y ganar\u00e1 la diputaci\u00f3n local<\/strong><\/p>\n\n\n\n<p>Por Xavier Sandoval<\/p>\n\n\n\n<p>ACOLMAN, M\u00e9x.- En un evento de cierre de campa\u00f1a marcado por una gran afluencia de simpatizantes, Blanca Osorio, candidata de Morena a la alcald\u00eda de Acolman, y Osvaldo Cort\u00e9s, candidato a la Diputaci\u00f3n Local por el Distrito XXXIX, expresaron su confianza en una victoria contundente en las pr\u00f3ximas elecciones del domingo 2 de junio.<\/p>\n\n\n\n<p>Osorio, dirigi\u00e9ndose a miles de personas en la explanada del Palacio Municipal, reafirm\u00f3 su compromiso con los ciudadanos de Acolman: \u00abNo les vamos a fallar y aqu\u00ed como los hombres empe\u00f1an su palabra, esta mujer que est\u00e1 aqu\u00ed, que est\u00e1 chiquita, pero es bien picosa y no les voy a fallar\u00bb.<\/p>\n\n\n\n<p>El evento, que inicialmente contaba con una modesta concurrencia, vio de repente la llegada de miles de personas que marcharon desde diferentes partes del municipio, llenando el espacio donde se realiz\u00f3 el cierre de campa\u00f1a. Esta demostraci\u00f3n de apoyo masivo subraya el creciente respaldo hacia Morena en Acolman.<\/p>\n\n\n\n<p>Osvaldo Cort\u00e9s, por su parte, critic\u00f3 la estrategia de los opositores, calific\u00e1ndola de desesperada: \u00abLa desesperaci\u00f3n de los opositores d\u00eda a d\u00eda aumenta m\u00e1s y lo \u00fanico que saben hacer es aumentar sus denostaciones e infamias, pero no importa lo que hagan, no importa lo que digan, el pr\u00f3ximo domingo 2 de junio Morena va a ganar\u00bb.<\/p>\n\n\n\n<p>El candidato a la Senadur\u00eda por el Estado de M\u00e9xico, Higinio Mart\u00ednez Miranda, tambi\u00e9n estuvo presente y pronostic\u00f3 una victoria segura para Morena, afirmando que los resultados son irreversibles y que tanto Osorio como Cort\u00e9s ya pueden ser llamados Presidenta y Diputado, respectivamente.<\/p>\n\n\n\n<p>Osorio, consciente de las tensiones electorales, exhort\u00f3 a sus seguidores a extremar precauciones en los d\u00edas previos a la elecci\u00f3n: \u00abEsta semana va a ser dif\u00edcil porque ellos est\u00e1n muy enojados y desesperados, pero no les vamos a permitir que regresen a robar lo que es del pueblo\u00bb.<\/p>\n\n\n\n<p>El acto cont\u00f3 adem\u00e1s con la presencia de los candidatos a S\u00edndico y Regidores, tanto titulares como suplentes, quienes acompa\u00f1aron a Osorio y Cort\u00e9s en el escenario, solidificando la unidad y la fuerza del movimiento de Morena en Acolman.<\/p>\n\n\n\n<p>El cierre de campa\u00f1a dej\u00f3 en claro que Morena se siente confiada y lista para enfrentar las elecciones, con un fuerte respaldo popular que promete un resultado favorable este pr\u00f3ximo domingo.<\/p>\n","protected":false},"excerpt":{"rendered":"<p>*La 4T repetir\u00eda en el municipio y ganar\u00e1 la diputaci\u00f3n local Por Xavier Sandoval ACOLMAN, M\u00e9x.- En un evento de cierre de campa\u00f1a marcado por una gran afluencia de simpatizantes, Blanca Osorio, candidata de Morena a la alcald\u00eda de Acolman, y Osvaldo Cort\u00e9s, candidato a la Diputaci\u00f3n Local por el Distrito XXXIX, expresaron su confianza [&hellip;]<\/p>\n","protected":false},"author":6,"featured_media":47245,"comment_status":"open","ping_status":"open","sticky":false,"template":"","format":"standard","meta":{"footnotes":""},"categories":[13,121,4],"tags":[],"class_list":["post-47244","post","type-post","status-publish","format-standard","has-post-thumbnail","hentry","category-acolman","category-elecciones-2024","category-locales"],"yoast_head":"<!-- This site is optimized with the Yoast SEO plugin v27.4 - https:\/\/yoast.com\/product\/yoast-seo-wordpress\/ -->\n<title>CIERRE DE CAMPA\u00d1A EN ACOLMAN: MORENA ASEGURA VICTORIA -<\/title>\n<meta name=\"robots\" content=\"index, follow, max-snippet:-1, max-image-preview:large, max-video-preview:-1\" \/>\n<link rel=\"canonical\" href=\"https:\/\/continuamosmx.com\/index.php\/2024\/05\/28\/cierre-de-campana-en-acolman-morena-asegura-victoria\/\" \/>\n<meta property=\"og:locale\" content=\"es_ES\" \/>\n<meta property=\"og:type\" content=\"article\" \/>\n<meta property=\"og:title\" content=\"CIERRE DE CAMPA\u00d1A EN ACOLMAN: MORENA ASEGURA VICTORIA -\" \/>\n<meta property=\"og:description\" content=\"*La 4T repetir\u00eda en el municipio y ganar\u00e1 la diputaci\u00f3n local Por Xavier Sandoval ACOLMAN, M\u00e9x.- En un evento de cierre de campa\u00f1a marcado por una gran afluencia de simpatizantes, Blanca Osorio, candidata de Morena a la alcald\u00eda de Acolman, y Osvaldo Cort\u00e9s, candidato a la Diputaci\u00f3n Local por el Distrito XXXIX, expresaron su confianza [&hellip;]\" \/>\n<meta property=\"og:url\" content=\"https:\/\/continuamosmx.com\/index.php\/2024\/05\/28\/cierre-de-campana-en-acolman-morena-asegura-victoria\/\" \/>\n<meta property=\"article:published_time\" content=\"2024-05-28T18:33:49+00:00\" \/>\n<meta property=\"article:modified_time\" content=\"2024-05-28T18:33:50+00:00\" \/>\n<meta property=\"og:image\" content=\"https:\/\/continuamosmx.com\/wp-content\/uploads\/2024\/05\/os.jpg\" \/>\n\t<meta property=\"og:image:width\" content=\"596\" \/>\n\t<meta property=\"og:image:height\" content=\"395\" \/>\n\t<meta property=\"og:image:type\" content=\"image\/jpeg\" \/>\n<meta name=\"author\" content=\"Continuamos MX\" \/>\n<meta name=\"twitter:card\" content=\"summary_large_image\" \/>\n<meta name=\"twitter:label1\" content=\"Escrito por\" \/>\n\t<meta name=\"twitter:data1\" content=\"Continuamos MX\" \/>\n\t<meta name=\"twitter:label2\" content=\"Tiempo de lectura\" \/>\n\t<meta name=\"twitter:data2\" content=\"2 minutos\" \/>\n<script type=\"application\/ld+json\" class=\"yoast-schema-graph\">{\"@context\":\"https:\\\/\\\/schema.org\",\"@graph\":[{\"@type\":\"Article\",\"@id\":\"https:\\\/\\\/continuamosmx.com\\\/index.php\\\/2024\\\/05\\\/28\\\/cierre-de-campana-en-acolman-morena-asegura-victoria\\\/#article\",\"isPartOf\":{\"@id\":\"https:\\\/\\\/continuamosmx.com\\\/index.php\\\/2024\\\/05\\\/28\\\/cierre-de-campana-en-acolman-morena-asegura-victoria\\\/\"},\"author\":{\"name\":\"Continuamos MX\",\"@id\":\"https:\\\/\\\/continuamosmx.com\\\/#\\\/schema\\\/person\\\/5eb5356acb1fad784da407d14f0e8d89\"},\"headline\":\"CIERRE DE CAMPA\u00d1A EN ACOLMAN: MORENA ASEGURA VICTORIA\",\"datePublished\":\"2024-05-28T18:33:49+00:00\",\"dateModified\":\"2024-05-28T18:33:50+00:00\",\"mainEntityOfPage\":{\"@id\":\"https:\\\/\\\/continuamosmx.com\\\/index.php\\\/2024\\\/05\\\/28\\\/cierre-de-campana-en-acolman-morena-asegura-victoria\\\/\"},\"wordCount\":427,\"commentCount\":0,\"publisher\":{\"@id\":\"https:\\\/\\\/continuamosmx.com\\\/#organization\"},\"image\":{\"@id\":\"https:\\\/\\\/continuamosmx.com\\\/index.php\\\/2024\\\/05\\\/28\\\/cierre-de-campana-en-acolman-morena-asegura-victoria\\\/#primaryimage\"},\"thumbnailUrl\":\"https:\\\/\\\/continuamosmx.com\\\/wp-content\\\/uploads\\\/2024\\\/05\\\/os.jpg\",\"articleSection\":[\"ACOLMAN\",\"ELECCIONES 2024\",\"LOCALES\"],\"inLanguage\":\"es\"},{\"@type\":\"WebPage\",\"@id\":\"https:\\\/\\\/continuamosmx.com\\\/index.php\\\/2024\\\/05\\\/28\\\/cierre-de-campana-en-acolman-morena-asegura-victoria\\\/\",\"url\":\"https:\\\/\\\/continuamosmx.com\\\/index.php\\\/2024\\\/05\\\/28\\\/cierre-de-campana-en-acolman-morena-asegura-victoria\\\/\",\"name\":\"CIERRE DE CAMPA\u00d1A EN ACOLMAN: MORENA ASEGURA VICTORIA -\",\"isPartOf\":{\"@id\":\"https:\\\/\\\/continuamosmx.com\\\/#website\"},\"primaryImageOfPage\":{\"@id\":\"https:\\\/\\\/continuamosmx.com\\\/index.php\\\/2024\\\/05\\\/28\\\/cierre-de-campana-en-acolman-morena-asegura-victoria\\\/#primaryimage\"},\"image\":{\"@id\":\"https:\\\/\\\/continuamosmx.com\\\/index.php\\\/2024\\\/05\\\/28\\\/cierre-de-campana-en-acolman-morena-asegura-victoria\\\/#primaryimage\"},\"thumbnailUrl\":\"https:\\\/\\\/continuamosmx.com\\\/wp-content\\\/uploads\\\/2024\\\/05\\\/os.jpg\",\"datePublished\":\"2024-05-28T18:33:49+00:00\",\"dateModified\":\"2024-05-28T18:33:50+00:00\",\"breadcrumb\":{\"@id\":\"https:\\\/\\\/continuamosmx.com\\\/index.php\\\/2024\\\/05\\\/28\\\/cierre-de-campana-en-acolman-morena-asegura-victoria\\\/#breadcrumb\"},\"inLanguage\":\"es\",\"potentialAction\":[{\"@type\":\"ReadAction\",\"target\":[\"https:\\\/\\\/continuamosmx.com\\\/index.php\\\/2024\\\/05\\\/28\\\/cierre-de-campana-en-acolman-morena-asegura-victoria\\\/\"]}]},{\"@type\":\"ImageObject\",\"inLanguage\":\"es\",\"@id\":\"https:\\\/\\\/continuamosmx.com\\\/index.php\\\/2024\\\/05\\\/28\\\/cierre-de-campana-en-acolman-morena-asegura-victoria\\\/#primaryimage\",\"url\":\"https:\\\/\\\/continuamosmx.com\\\/wp-content\\\/uploads\\\/2024\\\/05\\\/os.jpg\",\"contentUrl\":\"https:\\\/\\\/continuamosmx.com\\\/wp-content\\\/uploads\\\/2024\\\/05\\\/os.jpg\",\"width\":596,\"height\":395},{\"@type\":\"BreadcrumbList\",\"@id\":\"https:\\\/\\\/continuamosmx.com\\\/index.php\\\/2024\\\/05\\\/28\\\/cierre-de-campana-en-acolman-morena-asegura-victoria\\\/#breadcrumb\",\"itemListElement\":[{\"@type\":\"ListItem\",\"position\":1,\"name\":\"Inicio\",\"item\":\"https:\\\/\\\/continuamosmx.com\\\/\"},{\"@type\":\"ListItem\",\"position\":2,\"name\":\"CIERRE DE CAMPA\u00d1A EN ACOLMAN: MORENA ASEGURA VICTORIA\"}]},{\"@type\":\"WebSite\",\"@id\":\"https:\\\/\\\/continuamosmx.com\\\/#website\",\"url\":\"https:\\\/\\\/continuamosmx.com\\\/\",\"name\":\"www.continuamosmx.com\",\"description\":\"\",\"publisher\":{\"@id\":\"https:\\\/\\\/continuamosmx.com\\\/#organization\"},\"potentialAction\":[{\"@type\":\"SearchAction\",\"target\":{\"@type\":\"EntryPoint\",\"urlTemplate\":\"https:\\\/\\\/continuamosmx.com\\\/?s={search_term_string}\"},\"query-input\":{\"@type\":\"PropertyValueSpecification\",\"valueRequired\":true,\"valueName\":\"search_term_string\"}}],\"inLanguage\":\"es\"},{\"@type\":\"Organization\",\"@id\":\"https:\\\/\\\/continuamosmx.com\\\/#organization\",\"name\":\"ContinuamosMX\",\"url\":\"https:\\\/\\\/continuamosmx.com\\\/\",\"logo\":{\"@type\":\"ImageObject\",\"inLanguage\":\"es\",\"@id\":\"https:\\\/\\\/continuamosmx.com\\\/#\\\/schema\\\/logo\\\/image\\\/\",\"url\":\"https:\\\/\\\/continuamosmx.com\\\/wp-content\\\/uploads\\\/2023\\\/04\\\/cropped-LOGO-CONTI-NUEVO.png\",\"contentUrl\":\"https:\\\/\\\/continuamosmx.com\\\/wp-content\\\/uploads\\\/2023\\\/04\\\/cropped-LOGO-CONTI-NUEVO.png\",\"width\":1257,\"height\":430,\"caption\":\"ContinuamosMX\"},\"image\":{\"@id\":\"https:\\\/\\\/continuamosmx.com\\\/#\\\/schema\\\/logo\\\/image\\\/\"}},{\"@type\":\"Person\",\"@id\":\"https:\\\/\\\/continuamosmx.com\\\/#\\\/schema\\\/person\\\/5eb5356acb1fad784da407d14f0e8d89\",\"name\":\"Continuamos MX\",\"image\":{\"@type\":\"ImageObject\",\"inLanguage\":\"es\",\"@id\":\"https:\\\/\\\/secure.gravatar.com\\\/avatar\\\/30d4f9723476a15f4da34d35fb3501f08d2357016c76051c6a85c354c7489589?s=96&d=mm&r=g\",\"url\":\"https:\\\/\\\/secure.gravatar.com\\\/avatar\\\/30d4f9723476a15f4da34d35fb3501f08d2357016c76051c6a85c354c7489589?s=96&d=mm&r=g\",\"contentUrl\":\"https:\\\/\\\/secure.gravatar.com\\\/avatar\\\/30d4f9723476a15f4da34d35fb3501f08d2357016c76051c6a85c354c7489589?s=96&d=mm&r=g\",\"caption\":\"Continuamos MX\"},\"sameAs\":[\"http:\\\/\\\/www.continuamos.mx\"],\"url\":\"https:\\\/\\\/continuamosmx.com\\\/index.php\\\/author\\\/continuamos\\\/\"}]}<\/script>\n<!-- \/ Yoast SEO plugin. -->","yoast_head_json":{"title":"CIERRE DE CAMPA\u00d1A EN ACOLMAN: MORENA ASEGURA VICTORIA -","robots":{"index":"index","follow":"follow","max-snippet":"max-snippet:-1","max-image-preview":"max-image-preview:large","max-video-preview":"max-video-preview:-1"},"canonical":"https:\/\/continuamosmx.com\/index.php\/2024\/05\/28\/cierre-de-campana-en-acolman-morena-asegura-victoria\/","og_locale":"es_ES","og_type":"article","og_title":"CIERRE DE CAMPA\u00d1A EN ACOLMAN: MORENA ASEGURA VICTORIA -","og_description":"*La 4T repetir\u00eda en el municipio y ganar\u00e1 la diputaci\u00f3n local Por Xavier Sandoval ACOLMAN, M\u00e9x.- En un evento de cierre de campa\u00f1a marcado por una gran afluencia de simpatizantes, Blanca Osorio, candidata de Morena a la alcald\u00eda de Acolman, y Osvaldo Cort\u00e9s, candidato a la Diputaci\u00f3n Local por el Distrito XXXIX, expresaron su confianza [&hellip;]","og_url":"https:\/\/continuamosmx.com\/index.php\/2024\/05\/28\/cierre-de-campana-en-acolman-morena-asegura-victoria\/","article_published_time":"2024-05-28T18:33:49+00:00","article_modified_time":"2024-05-28T18:33:50+00:00","og_image":[{"width":596,"height":395,"url":"https:\/\/continuamosmx.com\/wp-content\/uploads\/2024\/05\/os.jpg","type":"image\/jpeg"}],"author":"Continuamos MX","twitter_card":"summary_large_image","twitter_misc":{"Escrito por":"Continuamos MX","Tiempo de lectura":"2 minutos"},"schema":{"@context":"https:\/\/schema.org","@graph":[{"@type":"Article","@id":"https:\/\/continuamosmx.com\/index.php\/2024\/05\/28\/cierre-de-campana-en-acolman-morena-asegura-victoria\/#article","isPartOf":{"@id":"https:\/\/continuamosmx.com\/index.php\/2024\/05\/28\/cierre-de-campana-en-acolman-morena-asegura-victoria\/"},"author":{"name":"Continuamos MX","@id":"https:\/\/continuamosmx.com\/#\/schema\/person\/5eb5356acb1fad784da407d14f0e8d89"},"headline":"CIERRE DE CAMPA\u00d1A EN ACOLMAN: MORENA ASEGURA VICTORIA","datePublished":"2024-05-28T18:33:49+00:00","dateModified":"2024-05-28T18:33:50+00:00","mainEntityOfPage":{"@id":"https:\/\/continuamosmx.com\/index.php\/2024\/05\/28\/cierre-de-campana-en-acolman-morena-asegura-victoria\/"},"wordCount":427,"commentCount":0,"publisher":{"@id":"https:\/\/continuamosmx.com\/#organization"},"image":{"@id":"https:\/\/continuamosmx.com\/index.php\/2024\/05\/28\/cierre-de-campana-en-acolman-morena-asegura-victoria\/#primaryimage"},"thumbnailUrl":"https:\/\/continuamosmx.com\/wp-content\/uploads\/2024\/05\/os.jpg","articleSection":["ACOLMAN","ELECCIONES 2024","LOCALES"],"inLanguage":"es"},{"@type":"WebPage","@id":"https:\/\/continuamosmx.com\/index.php\/2024\/05\/28\/cierre-de-campana-en-acolman-morena-asegura-victoria\/","url":"https:\/\/continuamosmx.com\/index.php\/2024\/05\/28\/cierre-de-campana-en-acolman-morena-asegura-victoria\/","name":"CIERRE DE CAMPA\u00d1A EN ACOLMAN: MORENA ASEGURA VICTORIA -","isPartOf":{"@id":"https:\/\/continuamosmx.com\/#website"},"primaryImageOfPage":{"@id":"https:\/\/continuamosmx.com\/index.php\/2024\/05\/28\/cierre-de-campana-en-acolman-morena-asegura-victoria\/#primaryimage"},"image":{"@id":"https:\/\/continuamosmx.com\/index.php\/2024\/05\/28\/cierre-de-campana-en-acolman-morena-asegura-victoria\/#primaryimage"},"thumbnailUrl":"https:\/\/continuamosmx.com\/wp-content\/uploads\/2024\/05\/os.jpg","datePublished":"2024-05-28T18:33:49+00:00","dateModified":"2024-05-28T18:33:50+00:00","breadcrumb":{"@id":"https:\/\/continuamosmx.com\/index.php\/2024\/05\/28\/cierre-de-campana-en-acolman-morena-asegura-victoria\/#breadcrumb"},"inLanguage":"es","potentialAction":[{"@type":"ReadAction","target":["https:\/\/continuamosmx.com\/index.php\/2024\/05\/28\/cierre-de-campana-en-acolman-morena-asegura-victoria\/"]}]},{"@type":"ImageObject","inLanguage":"es","@id":"https:\/\/continuamosmx.com\/index.php\/2024\/05\/28\/cierre-de-campana-en-acolman-morena-asegura-victoria\/#primaryimage","url":"https:\/\/continuamosmx.com\/wp-content\/uploads\/2024\/05\/os.jpg","contentUrl":"https:\/\/continuamosmx.com\/wp-content\/uploads\/2024\/05\/os.jpg","width":596,"height":395},{"@type":"BreadcrumbList","@id":"https:\/\/continuamosmx.com\/index.php\/2024\/05\/28\/cierre-de-campana-en-acolman-morena-asegura-victoria\/#breadcrumb","itemListElement":[{"@type":"ListItem","position":1,"name":"Inicio","item":"https:\/\/continuamosmx.com\/"},{"@type":"ListItem","position":2,"name":"CIERRE DE CAMPA\u00d1A EN ACOLMAN: MORENA ASEGURA VICTORIA"}]},{"@type":"WebSite","@id":"https:\/\/continuamosmx.com\/#website","url":"https:\/\/continuamosmx.com\/","name":"www.continuamosmx.com","description":"","publisher":{"@id":"https:\/\/continuamosmx.com\/#organization"},"potentialAction":[{"@type":"SearchAction","target":{"@type":"EntryPoint","urlTemplate":"https:\/\/continuamosmx.com\/?s={search_term_string}"},"query-input":{"@type":"PropertyValueSpecification","valueRequired":true,"valueName":"search_term_string"}}],"inLanguage":"es"},{"@type":"Organization","@id":"https:\/\/continuamosmx.com\/#organization","name":"ContinuamosMX","url":"https:\/\/continuamosmx.com\/","logo":{"@type":"ImageObject","inLanguage":"es","@id":"https:\/\/continuamosmx.com\/#\/schema\/logo\/image\/","url":"https:\/\/continuamosmx.com\/wp-content\/uploads\/2023\/04\/cropped-LOGO-CONTI-NUEVO.png","contentUrl":"https:\/\/continuamosmx.com\/wp-content\/uploads\/2023\/04\/cropped-LOGO-CONTI-NUEVO.png","width":1257,"height":430,"caption":"ContinuamosMX"},"image":{"@id":"https:\/\/continuamosmx.com\/#\/schema\/logo\/image\/"}},{"@type":"Person","@id":"https:\/\/continuamosmx.com\/#\/schema\/person\/5eb5356acb1fad784da407d14f0e8d89","name":"Continuamos MX","image":{"@type":"ImageObject","inLanguage":"es","@id":"https:\/\/secure.gravatar.com\/avatar\/30d4f9723476a15f4da34d35fb3501f08d2357016c76051c6a85c354c7489589?s=96&d=mm&r=g","url":"https:\/\/secure.gravatar.com\/avatar\/30d4f9723476a15f4da34d35fb3501f08d2357016c76051c6a85c354c7489589?s=96&d=mm&r=g","contentUrl":"https:\/\/secure.gravatar.com\/avatar\/30d4f9723476a15f4da34d35fb3501f08d2357016c76051c6a85c354c7489589?s=96&d=mm&r=g","caption":"Continuamos MX"},"sameAs":["http:\/\/www.continuamos.mx"],"url":"https:\/\/continuamosmx.com\/index.php\/author\/continuamos\/"}]}},"_links":{"self":[{"href":"https:\/\/continuamosmx.com\/index.php\/wp-json\/wp\/v2\/posts\/47244","targetHints":{"allow":["GET"]}}],"collection":[{"href":"https:\/\/continuamosmx.com\/index.php\/wp-json\/wp\/v2\/posts"}],"about":[{"href":"https:\/\/continuamosmx.com\/index.php\/wp-json\/wp\/v2\/types\/post"}],"author":[{"embeddable":true,"href":"https:\/\/continuamosmx.com\/index.php\/wp-json\/wp\/v2\/users\/6"}],"replies":[{"embeddable":true,"href":"https:\/\/continuamosmx.com\/index.php\/wp-json\/wp\/v2\/comments?post=47244"}],"version-history":[{"count":1,"href":"https:\/\/continuamosmx.com\/index.php\/wp-json\/wp\/v2\/posts\/47244\/revisions"}],"predecessor-version":[{"id":47246,"href":"https:\/\/continuamosmx.com\/index.php\/wp-json\/wp\/v2\/posts\/47244\/revisions\/47246"}],"wp:featuredmedia":[{"embeddable":true,"href":"https:\/\/continuamosmx.com\/index.php\/wp-json\/wp\/v2\/media\/47245"}],"wp:attachment":[{"href":"https:\/\/continuamosmx.com\/index.php\/wp-json\/wp\/v2\/media?parent=47244"}],"wp:term":[{"taxonomy":"category","embeddable":true,"href":"https:\/\/continuamosmx.com\/index.php\/wp-json\/wp\/v2\/categories?post=47244"},{"taxonomy":"post_tag","embeddable":true,"href":"https:\/\/continuamosmx.com\/index.php\/wp-json\/wp\/v2\/tags?post=47244"}],"curies":[{"name":"wp","href":"https:\/\/api.w.org\/{rel}","templated":true}]}}