{"id":47204,"date":"2024-05-26T14:38:16","date_gmt":"2024-05-26T14:38:16","guid":{"rendered":"https:\/\/continuamosmx.com\/?p=47204"},"modified":"2024-05-26T14:38:17","modified_gmt":"2024-05-26T14:38:17","slug":"raciel-perez-da-respaldo-a-emilio-manzanilla-en-tlalnepantla","status":"publish","type":"post","link":"https:\/\/continuamosmx.com\/index.php\/2024\/05\/26\/raciel-perez-da-respaldo-a-emilio-manzanilla-en-tlalnepantla\/","title":{"rendered":"RACIEL P\u00c9REZ DA RESPALDO A EMILIO MANZANILLA EN TLALNEPANTLA"},"content":{"rendered":"\n<p><strong>El morenista lament\u00f3 la agresi\u00f3n que recibi\u00f3 el candidato a diputado federal de la 4T por parte de simpatizantes del PRI<\/strong><\/p>\n\n\n\n<p>Redacci\u00f3n.<\/p>\n\n\n\n<p>TLALNEPANTLA, M\u00e9x.- En un fervoroso cierre de campa\u00f1a, Raciel P\u00e9rez Cruz, candidato a la Presidencia Municipal de Tlalnepantla por la coalici\u00f3n \u201cSigamos Haciendo Historia\u201d, reafirm\u00f3 su compromiso con las causas del pueblo y expres\u00f3 su respaldo a Emilio Manzanilla T\u00e9llez, candidato a Diputado Federal por el Distrito 16 del Estado de M\u00e9xico.<\/p>\n\n\n\n<p>El evento, realizado en la colonia L\u00e1zaro C\u00e1rdenas, congreg\u00f3 a militantes y simpatizantes del PT, Morena y PVEM. Durante su discurso, P\u00e9rez Cruz destac\u00f3 la trayectoria y la vocaci\u00f3n pol\u00edtica de Manzanilla T\u00e9llez, asegurando que ser\u00e1 un representante digno y fiel a los intereses del pueblo en el Congreso de la Uni\u00f3n.<\/p>\n\n\n\n<p>\u201cEmilio Manzanilla subir\u00e1 a la tribuna de San L\u00e1zaro a abogar por la gente. No les fallar\u00e1 como legislador. Ha madurado, tiene m\u00e1s experiencia y se debe a su pueblo. Es un hombre aut\u00e9ntico y surgido del pueblo, a quien conozco desde hace 15 a\u00f1os y siempre ha demostrado tener sensibilidad para estar del lado del humillado y ponerse al frente en acciones de injusticia\u201d, enfatiz\u00f3 P\u00e9rez Cruz.<\/p>\n\n\n\n<p>El candidato a la presidencia municipal subray\u00f3 que M\u00e9xico est\u00e1 viviendo una primavera de transformaci\u00f3n y esperanza, en una batalla democr\u00e1tica crucial para definir el futuro del pa\u00eds. \u201cEstamos ante una decisi\u00f3n hist\u00f3rica: permitir una regresi\u00f3n que devuelva los privilegios a unos pocos o continuar con la transformaci\u00f3n, la justicia y la inclusi\u00f3n que propone la Cuarta Transformaci\u00f3n\u201d, reflexion\u00f3.<\/p>\n\n\n\n<p>P\u00e9rez Cruz resalt\u00f3 la importancia de avanzar en la justicia y resarcir 40 a\u00f1os de neoliberalismo impuesto por los gobiernos del PRI y el PAN, periodos caracterizados por miseria, abuso e injusticia. Reconoci\u00f3 los logros del Presidente Andr\u00e9s Manuel L\u00f3pez Obrador y la necesidad de continuidad del proyecto transformador, el cual se espera que sea encabezado por Claudia Sheinbaum Pardo.<\/p>\n\n\n\n<p>Asimismo, advirti\u00f3 sobre la guerra sucia emprendida por la oposici\u00f3n, que intenta comprar votos de un sector minoritario de la sociedad. \u201cNo permitamos que el PRI y sus aliados lucren con la necesidad y la pobreza. Vender el voto significa m\u00e1s hambre, m\u00e1s desesperanza y abandono. No podemos condenar a la sociedad al retraso por la prepotencia y el abuso de la oposici\u00f3n\u201d, concluy\u00f3 P\u00e9rez Cruz.<\/p>\n\n\n\n<p>El cierre de campa\u00f1a de P\u00e9rez Cruz se caracteriz\u00f3 por un fuerte llamado a la unidad y la movilizaci\u00f3n de la militancia para asegurar la continuidad del proyecto de transformaci\u00f3n social y pol\u00edtica en M\u00e9xico.<\/p>\n","protected":false},"excerpt":{"rendered":"<p>El morenista lament\u00f3 la agresi\u00f3n que recibi\u00f3 el candidato a diputado federal de la 4T por parte de simpatizantes del PRI Redacci\u00f3n. TLALNEPANTLA, M\u00e9x.- En un fervoroso cierre de campa\u00f1a, Raciel P\u00e9rez Cruz, candidato a la Presidencia Municipal de Tlalnepantla por la coalici\u00f3n \u201cSigamos Haciendo Historia\u201d, reafirm\u00f3 su compromiso con las causas del pueblo y [&hellip;]<\/p>\n","protected":false},"author":1,"featured_media":47205,"comment_status":"open","ping_status":"open","sticky":false,"template":"","format":"standard","meta":{"footnotes":""},"categories":[121,79],"tags":[7,115,172,124,94],"class_list":["post-47204","post","type-post","status-publish","format-standard","has-post-thumbnail","hentry","category-elecciones-2024","category-tlalne","tag-edomex","tag-eleccion-2024","tag-emilio-manzanilla","tag-raciel-perez","tag-tlalnepantla"],"yoast_head":"<!-- This site is optimized with the Yoast SEO plugin v27.4 - https:\/\/yoast.com\/product\/yoast-seo-wordpress\/ -->\n<title>RACIEL P\u00c9REZ DA RESPALDO A EMILIO MANZANILLA EN TLALNEPANTLA -<\/title>\n<meta name=\"robots\" content=\"index, follow, max-snippet:-1, max-image-preview:large, max-video-preview:-1\" \/>\n<link rel=\"canonical\" href=\"https:\/\/continuamosmx.com\/index.php\/2024\/05\/26\/raciel-perez-da-respaldo-a-emilio-manzanilla-en-tlalnepantla\/\" \/>\n<meta property=\"og:locale\" content=\"es_ES\" \/>\n<meta property=\"og:type\" content=\"article\" \/>\n<meta property=\"og:title\" content=\"RACIEL P\u00c9REZ DA RESPALDO A EMILIO MANZANILLA EN TLALNEPANTLA -\" \/>\n<meta property=\"og:description\" content=\"El morenista lament\u00f3 la agresi\u00f3n que recibi\u00f3 el candidato a diputado federal de la 4T por parte de simpatizantes del PRI Redacci\u00f3n. TLALNEPANTLA, M\u00e9x.- En un fervoroso cierre de campa\u00f1a, Raciel P\u00e9rez Cruz, candidato a la Presidencia Municipal de Tlalnepantla por la coalici\u00f3n \u201cSigamos Haciendo Historia\u201d, reafirm\u00f3 su compromiso con las causas del pueblo y [&hellip;]\" \/>\n<meta property=\"og:url\" content=\"https:\/\/continuamosmx.com\/index.php\/2024\/05\/26\/raciel-perez-da-respaldo-a-emilio-manzanilla-en-tlalnepantla\/\" \/>\n<meta property=\"article:published_time\" content=\"2024-05-26T14:38:16+00:00\" \/>\n<meta property=\"article:modified_time\" content=\"2024-05-26T14:38:17+00:00\" \/>\n<meta property=\"og:image\" content=\"https:\/\/continuamosmx.com\/wp-content\/uploads\/2024\/05\/IMG-20240526-WA0037.jpg\" \/>\n\t<meta property=\"og:image:width\" content=\"1280\" \/>\n\t<meta property=\"og:image:height\" content=\"853\" \/>\n\t<meta property=\"og:image:type\" content=\"image\/jpeg\" \/>\n<meta name=\"author\" content=\"ContinuamosMX\" \/>\n<meta name=\"twitter:card\" content=\"summary_large_image\" \/>\n<meta name=\"twitter:label1\" content=\"Escrito por\" \/>\n\t<meta name=\"twitter:data1\" content=\"ContinuamosMX\" \/>\n\t<meta name=\"twitter:label2\" content=\"Tiempo de lectura\" \/>\n\t<meta name=\"twitter:data2\" content=\"2 minutos\" \/>\n<script type=\"application\/ld+json\" class=\"yoast-schema-graph\">{\"@context\":\"https:\\\/\\\/schema.org\",\"@graph\":[{\"@type\":\"Article\",\"@id\":\"https:\\\/\\\/continuamosmx.com\\\/index.php\\\/2024\\\/05\\\/26\\\/raciel-perez-da-respaldo-a-emilio-manzanilla-en-tlalnepantla\\\/#article\",\"isPartOf\":{\"@id\":\"https:\\\/\\\/continuamosmx.com\\\/index.php\\\/2024\\\/05\\\/26\\\/raciel-perez-da-respaldo-a-emilio-manzanilla-en-tlalnepantla\\\/\"},\"author\":{\"name\":\"ContinuamosMX\",\"@id\":\"https:\\\/\\\/continuamosmx.com\\\/#\\\/schema\\\/person\\\/597bf43bb6e9623635929d8de706669f\"},\"headline\":\"RACIEL P\u00c9REZ DA RESPALDO A EMILIO MANZANILLA EN TLALNEPANTLA\",\"datePublished\":\"2024-05-26T14:38:16+00:00\",\"dateModified\":\"2024-05-26T14:38:17+00:00\",\"mainEntityOfPage\":{\"@id\":\"https:\\\/\\\/continuamosmx.com\\\/index.php\\\/2024\\\/05\\\/26\\\/raciel-perez-da-respaldo-a-emilio-manzanilla-en-tlalnepantla\\\/\"},\"wordCount\":467,\"commentCount\":0,\"publisher\":{\"@id\":\"https:\\\/\\\/continuamosmx.com\\\/#organization\"},\"image\":{\"@id\":\"https:\\\/\\\/continuamosmx.com\\\/index.php\\\/2024\\\/05\\\/26\\\/raciel-perez-da-respaldo-a-emilio-manzanilla-en-tlalnepantla\\\/#primaryimage\"},\"thumbnailUrl\":\"https:\\\/\\\/continuamosmx.com\\\/wp-content\\\/uploads\\\/2024\\\/05\\\/IMG-20240526-WA0037.jpg\",\"keywords\":[\"Edomex\",\"Elecci\u00f3n 2024\",\"Emilio Manzanilla\",\"Raciel P\u00e9rez\",\"Tlalnepantla\"],\"articleSection\":[\"ELECCIONES 2024\",\"TLALNEPANTLA\"],\"inLanguage\":\"es\"},{\"@type\":\"WebPage\",\"@id\":\"https:\\\/\\\/continuamosmx.com\\\/index.php\\\/2024\\\/05\\\/26\\\/raciel-perez-da-respaldo-a-emilio-manzanilla-en-tlalnepantla\\\/\",\"url\":\"https:\\\/\\\/continuamosmx.com\\\/index.php\\\/2024\\\/05\\\/26\\\/raciel-perez-da-respaldo-a-emilio-manzanilla-en-tlalnepantla\\\/\",\"name\":\"RACIEL P\u00c9REZ DA RESPALDO A EMILIO MANZANILLA EN TLALNEPANTLA -\",\"isPartOf\":{\"@id\":\"https:\\\/\\\/continuamosmx.com\\\/#website\"},\"primaryImageOfPage\":{\"@id\":\"https:\\\/\\\/continuamosmx.com\\\/index.php\\\/2024\\\/05\\\/26\\\/raciel-perez-da-respaldo-a-emilio-manzanilla-en-tlalnepantla\\\/#primaryimage\"},\"image\":{\"@id\":\"https:\\\/\\\/continuamosmx.com\\\/index.php\\\/2024\\\/05\\\/26\\\/raciel-perez-da-respaldo-a-emilio-manzanilla-en-tlalnepantla\\\/#primaryimage\"},\"thumbnailUrl\":\"https:\\\/\\\/continuamosmx.com\\\/wp-content\\\/uploads\\\/2024\\\/05\\\/IMG-20240526-WA0037.jpg\",\"datePublished\":\"2024-05-26T14:38:16+00:00\",\"dateModified\":\"2024-05-26T14:38:17+00:00\",\"breadcrumb\":{\"@id\":\"https:\\\/\\\/continuamosmx.com\\\/index.php\\\/2024\\\/05\\\/26\\\/raciel-perez-da-respaldo-a-emilio-manzanilla-en-tlalnepantla\\\/#breadcrumb\"},\"inLanguage\":\"es\",\"potentialAction\":[{\"@type\":\"ReadAction\",\"target\":[\"https:\\\/\\\/continuamosmx.com\\\/index.php\\\/2024\\\/05\\\/26\\\/raciel-perez-da-respaldo-a-emilio-manzanilla-en-tlalnepantla\\\/\"]}]},{\"@type\":\"ImageObject\",\"inLanguage\":\"es\",\"@id\":\"https:\\\/\\\/continuamosmx.com\\\/index.php\\\/2024\\\/05\\\/26\\\/raciel-perez-da-respaldo-a-emilio-manzanilla-en-tlalnepantla\\\/#primaryimage\",\"url\":\"https:\\\/\\\/continuamosmx.com\\\/wp-content\\\/uploads\\\/2024\\\/05\\\/IMG-20240526-WA0037.jpg\",\"contentUrl\":\"https:\\\/\\\/continuamosmx.com\\\/wp-content\\\/uploads\\\/2024\\\/05\\\/IMG-20240526-WA0037.jpg\",\"width\":1280,\"height\":853},{\"@type\":\"BreadcrumbList\",\"@id\":\"https:\\\/\\\/continuamosmx.com\\\/index.php\\\/2024\\\/05\\\/26\\\/raciel-perez-da-respaldo-a-emilio-manzanilla-en-tlalnepantla\\\/#breadcrumb\",\"itemListElement\":[{\"@type\":\"ListItem\",\"position\":1,\"name\":\"Inicio\",\"item\":\"https:\\\/\\\/continuamosmx.com\\\/\"},{\"@type\":\"ListItem\",\"position\":2,\"name\":\"RACIEL P\u00c9REZ DA RESPALDO A EMILIO MANZANILLA EN TLALNEPANTLA\"}]},{\"@type\":\"WebSite\",\"@id\":\"https:\\\/\\\/continuamosmx.com\\\/#website\",\"url\":\"https:\\\/\\\/continuamosmx.com\\\/\",\"name\":\"www.continuamosmx.com\",\"description\":\"\",\"publisher\":{\"@id\":\"https:\\\/\\\/continuamosmx.com\\\/#organization\"},\"potentialAction\":[{\"@type\":\"SearchAction\",\"target\":{\"@type\":\"EntryPoint\",\"urlTemplate\":\"https:\\\/\\\/continuamosmx.com\\\/?s={search_term_string}\"},\"query-input\":{\"@type\":\"PropertyValueSpecification\",\"valueRequired\":true,\"valueName\":\"search_term_string\"}}],\"inLanguage\":\"es\"},{\"@type\":\"Organization\",\"@id\":\"https:\\\/\\\/continuamosmx.com\\\/#organization\",\"name\":\"ContinuamosMX\",\"url\":\"https:\\\/\\\/continuamosmx.com\\\/\",\"logo\":{\"@type\":\"ImageObject\",\"inLanguage\":\"es\",\"@id\":\"https:\\\/\\\/continuamosmx.com\\\/#\\\/schema\\\/logo\\\/image\\\/\",\"url\":\"https:\\\/\\\/continuamosmx.com\\\/wp-content\\\/uploads\\\/2023\\\/04\\\/cropped-LOGO-CONTI-NUEVO.png\",\"contentUrl\":\"https:\\\/\\\/continuamosmx.com\\\/wp-content\\\/uploads\\\/2023\\\/04\\\/cropped-LOGO-CONTI-NUEVO.png\",\"width\":1257,\"height\":430,\"caption\":\"ContinuamosMX\"},\"image\":{\"@id\":\"https:\\\/\\\/continuamosmx.com\\\/#\\\/schema\\\/logo\\\/image\\\/\"}},{\"@type\":\"Person\",\"@id\":\"https:\\\/\\\/continuamosmx.com\\\/#\\\/schema\\\/person\\\/597bf43bb6e9623635929d8de706669f\",\"name\":\"ContinuamosMX\",\"image\":{\"@type\":\"ImageObject\",\"inLanguage\":\"es\",\"@id\":\"https:\\\/\\\/secure.gravatar.com\\\/avatar\\\/559529727a6e1f51269882deb22b7cbf727c15cb0f7d75d495313386bc069382?s=96&d=mm&r=g\",\"url\":\"https:\\\/\\\/secure.gravatar.com\\\/avatar\\\/559529727a6e1f51269882deb22b7cbf727c15cb0f7d75d495313386bc069382?s=96&d=mm&r=g\",\"contentUrl\":\"https:\\\/\\\/secure.gravatar.com\\\/avatar\\\/559529727a6e1f51269882deb22b7cbf727c15cb0f7d75d495313386bc069382?s=96&d=mm&r=g\",\"caption\":\"ContinuamosMX\"},\"sameAs\":[\"http:\\\/\\\/continuamosmx.com\"],\"url\":\"https:\\\/\\\/continuamosmx.com\\\/index.php\\\/author\\\/cgbarnardhotmail-com\\\/\"}]}<\/script>\n<!-- \/ Yoast SEO plugin. -->","yoast_head_json":{"title":"RACIEL P\u00c9REZ DA RESPALDO A EMILIO MANZANILLA EN TLALNEPANTLA -","robots":{"index":"index","follow":"follow","max-snippet":"max-snippet:-1","max-image-preview":"max-image-preview:large","max-video-preview":"max-video-preview:-1"},"canonical":"https:\/\/continuamosmx.com\/index.php\/2024\/05\/26\/raciel-perez-da-respaldo-a-emilio-manzanilla-en-tlalnepantla\/","og_locale":"es_ES","og_type":"article","og_title":"RACIEL P\u00c9REZ DA RESPALDO A EMILIO MANZANILLA EN TLALNEPANTLA -","og_description":"El morenista lament\u00f3 la agresi\u00f3n que recibi\u00f3 el candidato a diputado federal de la 4T por parte de simpatizantes del PRI Redacci\u00f3n. TLALNEPANTLA, M\u00e9x.- En un fervoroso cierre de campa\u00f1a, Raciel P\u00e9rez Cruz, candidato a la Presidencia Municipal de Tlalnepantla por la coalici\u00f3n \u201cSigamos Haciendo Historia\u201d, reafirm\u00f3 su compromiso con las causas del pueblo y [&hellip;]","og_url":"https:\/\/continuamosmx.com\/index.php\/2024\/05\/26\/raciel-perez-da-respaldo-a-emilio-manzanilla-en-tlalnepantla\/","article_published_time":"2024-05-26T14:38:16+00:00","article_modified_time":"2024-05-26T14:38:17+00:00","og_image":[{"width":1280,"height":853,"url":"https:\/\/continuamosmx.com\/wp-content\/uploads\/2024\/05\/IMG-20240526-WA0037.jpg","type":"image\/jpeg"}],"author":"ContinuamosMX","twitter_card":"summary_large_image","twitter_misc":{"Escrito por":"ContinuamosMX","Tiempo de lectura":"2 minutos"},"schema":{"@context":"https:\/\/schema.org","@graph":[{"@type":"Article","@id":"https:\/\/continuamosmx.com\/index.php\/2024\/05\/26\/raciel-perez-da-respaldo-a-emilio-manzanilla-en-tlalnepantla\/#article","isPartOf":{"@id":"https:\/\/continuamosmx.com\/index.php\/2024\/05\/26\/raciel-perez-da-respaldo-a-emilio-manzanilla-en-tlalnepantla\/"},"author":{"name":"ContinuamosMX","@id":"https:\/\/continuamosmx.com\/#\/schema\/person\/597bf43bb6e9623635929d8de706669f"},"headline":"RACIEL P\u00c9REZ DA RESPALDO A EMILIO MANZANILLA EN TLALNEPANTLA","datePublished":"2024-05-26T14:38:16+00:00","dateModified":"2024-05-26T14:38:17+00:00","mainEntityOfPage":{"@id":"https:\/\/continuamosmx.com\/index.php\/2024\/05\/26\/raciel-perez-da-respaldo-a-emilio-manzanilla-en-tlalnepantla\/"},"wordCount":467,"commentCount":0,"publisher":{"@id":"https:\/\/continuamosmx.com\/#organization"},"image":{"@id":"https:\/\/continuamosmx.com\/index.php\/2024\/05\/26\/raciel-perez-da-respaldo-a-emilio-manzanilla-en-tlalnepantla\/#primaryimage"},"thumbnailUrl":"https:\/\/continuamosmx.com\/wp-content\/uploads\/2024\/05\/IMG-20240526-WA0037.jpg","keywords":["Edomex","Elecci\u00f3n 2024","Emilio Manzanilla","Raciel P\u00e9rez","Tlalnepantla"],"articleSection":["ELECCIONES 2024","TLALNEPANTLA"],"inLanguage":"es"},{"@type":"WebPage","@id":"https:\/\/continuamosmx.com\/index.php\/2024\/05\/26\/raciel-perez-da-respaldo-a-emilio-manzanilla-en-tlalnepantla\/","url":"https:\/\/continuamosmx.com\/index.php\/2024\/05\/26\/raciel-perez-da-respaldo-a-emilio-manzanilla-en-tlalnepantla\/","name":"RACIEL P\u00c9REZ DA RESPALDO A EMILIO MANZANILLA EN TLALNEPANTLA -","isPartOf":{"@id":"https:\/\/continuamosmx.com\/#website"},"primaryImageOfPage":{"@id":"https:\/\/continuamosmx.com\/index.php\/2024\/05\/26\/raciel-perez-da-respaldo-a-emilio-manzanilla-en-tlalnepantla\/#primaryimage"},"image":{"@id":"https:\/\/continuamosmx.com\/index.php\/2024\/05\/26\/raciel-perez-da-respaldo-a-emilio-manzanilla-en-tlalnepantla\/#primaryimage"},"thumbnailUrl":"https:\/\/continuamosmx.com\/wp-content\/uploads\/2024\/05\/IMG-20240526-WA0037.jpg","datePublished":"2024-05-26T14:38:16+00:00","dateModified":"2024-05-26T14:38:17+00:00","breadcrumb":{"@id":"https:\/\/continuamosmx.com\/index.php\/2024\/05\/26\/raciel-perez-da-respaldo-a-emilio-manzanilla-en-tlalnepantla\/#breadcrumb"},"inLanguage":"es","potentialAction":[{"@type":"ReadAction","target":["https:\/\/continuamosmx.com\/index.php\/2024\/05\/26\/raciel-perez-da-respaldo-a-emilio-manzanilla-en-tlalnepantla\/"]}]},{"@type":"ImageObject","inLanguage":"es","@id":"https:\/\/continuamosmx.com\/index.php\/2024\/05\/26\/raciel-perez-da-respaldo-a-emilio-manzanilla-en-tlalnepantla\/#primaryimage","url":"https:\/\/continuamosmx.com\/wp-content\/uploads\/2024\/05\/IMG-20240526-WA0037.jpg","contentUrl":"https:\/\/continuamosmx.com\/wp-content\/uploads\/2024\/05\/IMG-20240526-WA0037.jpg","width":1280,"height":853},{"@type":"BreadcrumbList","@id":"https:\/\/continuamosmx.com\/index.php\/2024\/05\/26\/raciel-perez-da-respaldo-a-emilio-manzanilla-en-tlalnepantla\/#breadcrumb","itemListElement":[{"@type":"ListItem","position":1,"name":"Inicio","item":"https:\/\/continuamosmx.com\/"},{"@type":"ListItem","position":2,"name":"RACIEL P\u00c9REZ DA RESPALDO A EMILIO MANZANILLA EN TLALNEPANTLA"}]},{"@type":"WebSite","@id":"https:\/\/continuamosmx.com\/#website","url":"https:\/\/continuamosmx.com\/","name":"www.continuamosmx.com","description":"","publisher":{"@id":"https:\/\/continuamosmx.com\/#organization"},"potentialAction":[{"@type":"SearchAction","target":{"@type":"EntryPoint","urlTemplate":"https:\/\/continuamosmx.com\/?s={search_term_string}"},"query-input":{"@type":"PropertyValueSpecification","valueRequired":true,"valueName":"search_term_string"}}],"inLanguage":"es"},{"@type":"Organization","@id":"https:\/\/continuamosmx.com\/#organization","name":"ContinuamosMX","url":"https:\/\/continuamosmx.com\/","logo":{"@type":"ImageObject","inLanguage":"es","@id":"https:\/\/continuamosmx.com\/#\/schema\/logo\/image\/","url":"https:\/\/continuamosmx.com\/wp-content\/uploads\/2023\/04\/cropped-LOGO-CONTI-NUEVO.png","contentUrl":"https:\/\/continuamosmx.com\/wp-content\/uploads\/2023\/04\/cropped-LOGO-CONTI-NUEVO.png","width":1257,"height":430,"caption":"ContinuamosMX"},"image":{"@id":"https:\/\/continuamosmx.com\/#\/schema\/logo\/image\/"}},{"@type":"Person","@id":"https:\/\/continuamosmx.com\/#\/schema\/person\/597bf43bb6e9623635929d8de706669f","name":"ContinuamosMX","image":{"@type":"ImageObject","inLanguage":"es","@id":"https:\/\/secure.gravatar.com\/avatar\/559529727a6e1f51269882deb22b7cbf727c15cb0f7d75d495313386bc069382?s=96&d=mm&r=g","url":"https:\/\/secure.gravatar.com\/avatar\/559529727a6e1f51269882deb22b7cbf727c15cb0f7d75d495313386bc069382?s=96&d=mm&r=g","contentUrl":"https:\/\/secure.gravatar.com\/avatar\/559529727a6e1f51269882deb22b7cbf727c15cb0f7d75d495313386bc069382?s=96&d=mm&r=g","caption":"ContinuamosMX"},"sameAs":["http:\/\/continuamosmx.com"],"url":"https:\/\/continuamosmx.com\/index.php\/author\/cgbarnardhotmail-com\/"}]}},"_links":{"self":[{"href":"https:\/\/continuamosmx.com\/index.php\/wp-json\/wp\/v2\/posts\/47204","targetHints":{"allow":["GET"]}}],"collection":[{"href":"https:\/\/continuamosmx.com\/index.php\/wp-json\/wp\/v2\/posts"}],"about":[{"href":"https:\/\/continuamosmx.com\/index.php\/wp-json\/wp\/v2\/types\/post"}],"author":[{"embeddable":true,"href":"https:\/\/continuamosmx.com\/index.php\/wp-json\/wp\/v2\/users\/1"}],"replies":[{"embeddable":true,"href":"https:\/\/continuamosmx.com\/index.php\/wp-json\/wp\/v2\/comments?post=47204"}],"version-history":[{"count":1,"href":"https:\/\/continuamosmx.com\/index.php\/wp-json\/wp\/v2\/posts\/47204\/revisions"}],"predecessor-version":[{"id":47206,"href":"https:\/\/continuamosmx.com\/index.php\/wp-json\/wp\/v2\/posts\/47204\/revisions\/47206"}],"wp:featuredmedia":[{"embeddable":true,"href":"https:\/\/continuamosmx.com\/index.php\/wp-json\/wp\/v2\/media\/47205"}],"wp:attachment":[{"href":"https:\/\/continuamosmx.com\/index.php\/wp-json\/wp\/v2\/media?parent=47204"}],"wp:term":[{"taxonomy":"category","embeddable":true,"href":"https:\/\/continuamosmx.com\/index.php\/wp-json\/wp\/v2\/categories?post=47204"},{"taxonomy":"post_tag","embeddable":true,"href":"https:\/\/continuamosmx.com\/index.php\/wp-json\/wp\/v2\/tags?post=47204"}],"curies":[{"name":"wp","href":"https:\/\/api.w.org\/{rel}","templated":true}]}}