{"id":46980,"date":"2024-05-13T20:03:59","date_gmt":"2024-05-13T20:03:59","guid":{"rendered":"https:\/\/continuamosmx.com\/?p=46980"},"modified":"2024-05-13T20:04:00","modified_gmt":"2024-05-13T20:04:00","slug":"ola-guinda-imparable-en-la-caminata-por-la-continuidad-en-acolman","status":"publish","type":"post","link":"https:\/\/continuamosmx.com\/index.php\/2024\/05\/13\/ola-guinda-imparable-en-la-caminata-por-la-continuidad-en-acolman\/","title":{"rendered":"\u00bb OLA\u00bb GUINDA IMPARABLE EN LA CAMINATA POR LA CONTINUIDAD EN ACOLMAN"},"content":{"rendered":"\n<ul class=\"wp-block-list\">\n<li>Cientos de vecinos de Chipiltepec, Zacango y Cuanalan, abrazan el proyecto de la 4T.<\/li>\n<\/ul>\n\n\n\n<ul class=\"wp-block-list\">\n<li>Ciudadanos reciben a los candidatos en sus domicilios y ofrecen votar por Blanca Osorio y Osvaldo Cort\u00e9s<\/li>\n<\/ul>\n\n\n\n<p>ACOLMAN.- Blanca Osorio y Osvaldo Cort\u00e9s, abanderados de la Coalici\u00f3n Sigamos Haciendo Historia con puesta por Morena,Pt y Verde ecologista a la presidencia y a la diputaci\u00f3n local por el distrito XXXIX, respectivamente, encabezaron la caminata por la continuidad.<\/p>\n\n\n\n<p>Ambientados por \u00abchineros\u00bb, m\u00fasica de viento y acompa\u00f1ados por seguidores de morena, partido del trabajo y verde ecologista, ambos abanderados se apostaron al frente de la enorme columna de la caminata por la continuidad.<\/p>\n\n\n\n<p>La caminata por la continuidad, comenz\u00f3 en la plaza p\u00fablica de Chipiltepec, d\u00f3nde su pueblo se caracteriza hist\u00f3ricamente por ser cuna de la izquierda.<\/p>\n\n\n\n<p>Durante su pas\u00f3 por las poblaciones de Chipiltepec, Zacango y Cuanalan, tanto Blanca Osorio como Osvaldo Cort\u00e9s, saludaron, estrecharon la mano de cientos de ciudadanos que sal\u00edan de sus domicilios a qui\u00e9nes los invitaron a votar el pr\u00f3ximo 2 de junio por los candidatos de Morena y sus aliados.<\/p>\n\n\n\n<p>Fue en la plaza p\u00fablica de Cuanalan, d\u00f3nde ambos candidatos y sus huestes de morena, verde ecologista y PT, coincidieron en qu\u00e9 el segundo piso de la cuarta transformaci\u00f3n ya nadie lo detiene en el municipio de Acolman y en el distrito local XXXIX.<\/p>\n\n\n\n<p>Con el pueblo todo, sin el pueblo nada, expres\u00f3 Blanca Osorio, frente a m\u00fasicos, artesanos, l\u00edderes de organizaciones, amas de casa, j\u00f3venes y personas de la tercera edad.<\/p>\n\n\n\n<p>Por su parte, Osvaldo Cort\u00e9s Contreras, se\u00f1al\u00f3 que el segundo piso de la cuarta transformaci\u00f3n, se construye con paso firme y de la mano del pueblo, \u00abrecorriendo calles, escuchando a los ciudadanos de los pueblos y colonias de Acolman y de los municipios de Otumba, Tepetlaxtoc, Atenco y Tezoyuca.<\/p>\n\n\n\n<p>Finalmente, tanto Blanca Osorio como Osvaldo Cort\u00e9s Contreras, exhortaron a los presentes a qu\u00e9 el pr\u00f3ximo 2 de junio, voten 5 de 5 por los candidatos de Morena y sus aliados.<\/p>\n","protected":false},"excerpt":{"rendered":"<p>ACOLMAN.- Blanca Osorio y Osvaldo Cort\u00e9s, abanderados de la Coalici\u00f3n Sigamos Haciendo Historia con puesta por Morena,Pt y Verde ecologista a la presidencia y a la diputaci\u00f3n local por el distrito XXXIX, respectivamente, encabezaron la caminata por la continuidad. Ambientados por \u00abchineros\u00bb, m\u00fasica de viento y acompa\u00f1ados por seguidores de morena, partido del trabajo y [&hellip;]<\/p>\n","protected":false},"author":6,"featured_media":46981,"comment_status":"open","ping_status":"open","sticky":false,"template":"","format":"standard","meta":{"footnotes":""},"categories":[13,4],"tags":[],"class_list":["post-46980","post","type-post","status-publish","format-standard","has-post-thumbnail","hentry","category-acolman","category-locales"],"yoast_head":"<!-- This site is optimized with the Yoast SEO plugin v27.5 - https:\/\/yoast.com\/product\/yoast-seo-wordpress\/ -->\n<title>&quot; OLA&quot; GUINDA IMPARABLE EN LA CAMINATA POR LA CONTINUIDAD EN ACOLMAN -<\/title>\n<meta name=\"robots\" content=\"index, follow, max-snippet:-1, max-image-preview:large, max-video-preview:-1\" \/>\n<link rel=\"canonical\" href=\"https:\/\/continuamosmx.com\/index.php\/2024\/05\/13\/ola-guinda-imparable-en-la-caminata-por-la-continuidad-en-acolman\/\" \/>\n<meta property=\"og:locale\" content=\"es_ES\" \/>\n<meta property=\"og:type\" content=\"article\" \/>\n<meta property=\"og:title\" content=\"&quot; OLA&quot; GUINDA IMPARABLE EN LA CAMINATA POR LA CONTINUIDAD EN ACOLMAN -\" \/>\n<meta property=\"og:description\" content=\"ACOLMAN.- Blanca Osorio y Osvaldo Cort\u00e9s, abanderados de la Coalici\u00f3n Sigamos Haciendo Historia con puesta por Morena,Pt y Verde ecologista a la presidencia y a la diputaci\u00f3n local por el distrito XXXIX, respectivamente, encabezaron la caminata por la continuidad. Ambientados por \u00abchineros\u00bb, m\u00fasica de viento y acompa\u00f1ados por seguidores de morena, partido del trabajo y [&hellip;]\" \/>\n<meta property=\"og:url\" content=\"https:\/\/continuamosmx.com\/index.php\/2024\/05\/13\/ola-guinda-imparable-en-la-caminata-por-la-continuidad-en-acolman\/\" \/>\n<meta property=\"article:published_time\" content=\"2024-05-13T20:03:59+00:00\" \/>\n<meta property=\"article:modified_time\" content=\"2024-05-13T20:04:00+00:00\" \/>\n<meta property=\"og:image\" content=\"https:\/\/continuamosmx.com\/wp-content\/uploads\/2024\/05\/ACO.jpg\" \/>\n\t<meta property=\"og:image:width\" content=\"1600\" \/>\n\t<meta property=\"og:image:height\" content=\"902\" \/>\n\t<meta property=\"og:image:type\" content=\"image\/jpeg\" \/>\n<meta name=\"author\" content=\"Continuamos MX\" \/>\n<meta name=\"twitter:card\" content=\"summary_large_image\" \/>\n<meta name=\"twitter:label1\" content=\"Escrito por\" \/>\n\t<meta name=\"twitter:data1\" content=\"Continuamos MX\" \/>\n\t<meta name=\"twitter:label2\" content=\"Tiempo de lectura\" \/>\n\t<meta name=\"twitter:data2\" content=\"2 minutos\" \/>\n<script type=\"application\/ld+json\" class=\"yoast-schema-graph\">{\"@context\":\"https:\\\/\\\/schema.org\",\"@graph\":[{\"@type\":\"Article\",\"@id\":\"https:\\\/\\\/continuamosmx.com\\\/index.php\\\/2024\\\/05\\\/13\\\/ola-guinda-imparable-en-la-caminata-por-la-continuidad-en-acolman\\\/#article\",\"isPartOf\":{\"@id\":\"https:\\\/\\\/continuamosmx.com\\\/index.php\\\/2024\\\/05\\\/13\\\/ola-guinda-imparable-en-la-caminata-por-la-continuidad-en-acolman\\\/\"},\"author\":{\"name\":\"Continuamos MX\",\"@id\":\"https:\\\/\\\/continuamosmx.com\\\/#\\\/schema\\\/person\\\/5eb5356acb1fad784da407d14f0e8d89\"},\"headline\":\"\u00bb OLA\u00bb GUINDA IMPARABLE EN LA CAMINATA POR LA CONTINUIDAD EN ACOLMAN\",\"datePublished\":\"2024-05-13T20:03:59+00:00\",\"dateModified\":\"2024-05-13T20:04:00+00:00\",\"mainEntityOfPage\":{\"@id\":\"https:\\\/\\\/continuamosmx.com\\\/index.php\\\/2024\\\/05\\\/13\\\/ola-guinda-imparable-en-la-caminata-por-la-continuidad-en-acolman\\\/\"},\"wordCount\":362,\"commentCount\":0,\"publisher\":{\"@id\":\"https:\\\/\\\/continuamosmx.com\\\/#organization\"},\"image\":{\"@id\":\"https:\\\/\\\/continuamosmx.com\\\/index.php\\\/2024\\\/05\\\/13\\\/ola-guinda-imparable-en-la-caminata-por-la-continuidad-en-acolman\\\/#primaryimage\"},\"thumbnailUrl\":\"https:\\\/\\\/continuamosmx.com\\\/wp-content\\\/uploads\\\/2024\\\/05\\\/ACO.jpg\",\"articleSection\":[\"ACOLMAN\",\"LOCALES\"],\"inLanguage\":\"es\"},{\"@type\":\"WebPage\",\"@id\":\"https:\\\/\\\/continuamosmx.com\\\/index.php\\\/2024\\\/05\\\/13\\\/ola-guinda-imparable-en-la-caminata-por-la-continuidad-en-acolman\\\/\",\"url\":\"https:\\\/\\\/continuamosmx.com\\\/index.php\\\/2024\\\/05\\\/13\\\/ola-guinda-imparable-en-la-caminata-por-la-continuidad-en-acolman\\\/\",\"name\":\"\\\" OLA\\\" GUINDA IMPARABLE EN LA CAMINATA POR LA CONTINUIDAD EN ACOLMAN -\",\"isPartOf\":{\"@id\":\"https:\\\/\\\/continuamosmx.com\\\/#website\"},\"primaryImageOfPage\":{\"@id\":\"https:\\\/\\\/continuamosmx.com\\\/index.php\\\/2024\\\/05\\\/13\\\/ola-guinda-imparable-en-la-caminata-por-la-continuidad-en-acolman\\\/#primaryimage\"},\"image\":{\"@id\":\"https:\\\/\\\/continuamosmx.com\\\/index.php\\\/2024\\\/05\\\/13\\\/ola-guinda-imparable-en-la-caminata-por-la-continuidad-en-acolman\\\/#primaryimage\"},\"thumbnailUrl\":\"https:\\\/\\\/continuamosmx.com\\\/wp-content\\\/uploads\\\/2024\\\/05\\\/ACO.jpg\",\"datePublished\":\"2024-05-13T20:03:59+00:00\",\"dateModified\":\"2024-05-13T20:04:00+00:00\",\"breadcrumb\":{\"@id\":\"https:\\\/\\\/continuamosmx.com\\\/index.php\\\/2024\\\/05\\\/13\\\/ola-guinda-imparable-en-la-caminata-por-la-continuidad-en-acolman\\\/#breadcrumb\"},\"inLanguage\":\"es\",\"potentialAction\":[{\"@type\":\"ReadAction\",\"target\":[\"https:\\\/\\\/continuamosmx.com\\\/index.php\\\/2024\\\/05\\\/13\\\/ola-guinda-imparable-en-la-caminata-por-la-continuidad-en-acolman\\\/\"]}]},{\"@type\":\"ImageObject\",\"inLanguage\":\"es\",\"@id\":\"https:\\\/\\\/continuamosmx.com\\\/index.php\\\/2024\\\/05\\\/13\\\/ola-guinda-imparable-en-la-caminata-por-la-continuidad-en-acolman\\\/#primaryimage\",\"url\":\"https:\\\/\\\/continuamosmx.com\\\/wp-content\\\/uploads\\\/2024\\\/05\\\/ACO.jpg\",\"contentUrl\":\"https:\\\/\\\/continuamosmx.com\\\/wp-content\\\/uploads\\\/2024\\\/05\\\/ACO.jpg\",\"width\":1600,\"height\":902},{\"@type\":\"BreadcrumbList\",\"@id\":\"https:\\\/\\\/continuamosmx.com\\\/index.php\\\/2024\\\/05\\\/13\\\/ola-guinda-imparable-en-la-caminata-por-la-continuidad-en-acolman\\\/#breadcrumb\",\"itemListElement\":[{\"@type\":\"ListItem\",\"position\":1,\"name\":\"Inicio\",\"item\":\"https:\\\/\\\/continuamosmx.com\\\/\"},{\"@type\":\"ListItem\",\"position\":2,\"name\":\"&#8221; OLA&#8221; GUINDA IMPARABLE EN LA CAMINATA POR LA CONTINUIDAD EN ACOLMAN\"}]},{\"@type\":\"WebSite\",\"@id\":\"https:\\\/\\\/continuamosmx.com\\\/#website\",\"url\":\"https:\\\/\\\/continuamosmx.com\\\/\",\"name\":\"www.continuamosmx.com\",\"description\":\"\",\"publisher\":{\"@id\":\"https:\\\/\\\/continuamosmx.com\\\/#organization\"},\"potentialAction\":[{\"@type\":\"SearchAction\",\"target\":{\"@type\":\"EntryPoint\",\"urlTemplate\":\"https:\\\/\\\/continuamosmx.com\\\/?s={search_term_string}\"},\"query-input\":{\"@type\":\"PropertyValueSpecification\",\"valueRequired\":true,\"valueName\":\"search_term_string\"}}],\"inLanguage\":\"es\"},{\"@type\":\"Organization\",\"@id\":\"https:\\\/\\\/continuamosmx.com\\\/#organization\",\"name\":\"ContinuamosMX\",\"url\":\"https:\\\/\\\/continuamosmx.com\\\/\",\"logo\":{\"@type\":\"ImageObject\",\"inLanguage\":\"es\",\"@id\":\"https:\\\/\\\/continuamosmx.com\\\/#\\\/schema\\\/logo\\\/image\\\/\",\"url\":\"https:\\\/\\\/continuamosmx.com\\\/wp-content\\\/uploads\\\/2023\\\/04\\\/cropped-LOGO-CONTI-NUEVO.png\",\"contentUrl\":\"https:\\\/\\\/continuamosmx.com\\\/wp-content\\\/uploads\\\/2023\\\/04\\\/cropped-LOGO-CONTI-NUEVO.png\",\"width\":1257,\"height\":430,\"caption\":\"ContinuamosMX\"},\"image\":{\"@id\":\"https:\\\/\\\/continuamosmx.com\\\/#\\\/schema\\\/logo\\\/image\\\/\"}},{\"@type\":\"Person\",\"@id\":\"https:\\\/\\\/continuamosmx.com\\\/#\\\/schema\\\/person\\\/5eb5356acb1fad784da407d14f0e8d89\",\"name\":\"Continuamos MX\",\"image\":{\"@type\":\"ImageObject\",\"inLanguage\":\"es\",\"@id\":\"https:\\\/\\\/secure.gravatar.com\\\/avatar\\\/30d4f9723476a15f4da34d35fb3501f08d2357016c76051c6a85c354c7489589?s=96&d=mm&r=g\",\"url\":\"https:\\\/\\\/secure.gravatar.com\\\/avatar\\\/30d4f9723476a15f4da34d35fb3501f08d2357016c76051c6a85c354c7489589?s=96&d=mm&r=g\",\"contentUrl\":\"https:\\\/\\\/secure.gravatar.com\\\/avatar\\\/30d4f9723476a15f4da34d35fb3501f08d2357016c76051c6a85c354c7489589?s=96&d=mm&r=g\",\"caption\":\"Continuamos MX\"},\"sameAs\":[\"http:\\\/\\\/www.continuamos.mx\"],\"url\":\"https:\\\/\\\/continuamosmx.com\\\/index.php\\\/author\\\/continuamos\\\/\"}]}<\/script>\n<!-- \/ Yoast SEO plugin. -->","yoast_head_json":{"title":"\" OLA\" GUINDA IMPARABLE EN LA CAMINATA POR LA CONTINUIDAD EN ACOLMAN -","robots":{"index":"index","follow":"follow","max-snippet":"max-snippet:-1","max-image-preview":"max-image-preview:large","max-video-preview":"max-video-preview:-1"},"canonical":"https:\/\/continuamosmx.com\/index.php\/2024\/05\/13\/ola-guinda-imparable-en-la-caminata-por-la-continuidad-en-acolman\/","og_locale":"es_ES","og_type":"article","og_title":"\" OLA\" GUINDA IMPARABLE EN LA CAMINATA POR LA CONTINUIDAD EN ACOLMAN -","og_description":"ACOLMAN.- Blanca Osorio y Osvaldo Cort\u00e9s, abanderados de la Coalici\u00f3n Sigamos Haciendo Historia con puesta por Morena,Pt y Verde ecologista a la presidencia y a la diputaci\u00f3n local por el distrito XXXIX, respectivamente, encabezaron la caminata por la continuidad. Ambientados por \u00abchineros\u00bb, m\u00fasica de viento y acompa\u00f1ados por seguidores de morena, partido del trabajo y [&hellip;]","og_url":"https:\/\/continuamosmx.com\/index.php\/2024\/05\/13\/ola-guinda-imparable-en-la-caminata-por-la-continuidad-en-acolman\/","article_published_time":"2024-05-13T20:03:59+00:00","article_modified_time":"2024-05-13T20:04:00+00:00","og_image":[{"width":1600,"height":902,"url":"https:\/\/continuamosmx.com\/wp-content\/uploads\/2024\/05\/ACO.jpg","type":"image\/jpeg"}],"author":"Continuamos MX","twitter_card":"summary_large_image","twitter_misc":{"Escrito por":"Continuamos MX","Tiempo de lectura":"2 minutos"},"schema":{"@context":"https:\/\/schema.org","@graph":[{"@type":"Article","@id":"https:\/\/continuamosmx.com\/index.php\/2024\/05\/13\/ola-guinda-imparable-en-la-caminata-por-la-continuidad-en-acolman\/#article","isPartOf":{"@id":"https:\/\/continuamosmx.com\/index.php\/2024\/05\/13\/ola-guinda-imparable-en-la-caminata-por-la-continuidad-en-acolman\/"},"author":{"name":"Continuamos MX","@id":"https:\/\/continuamosmx.com\/#\/schema\/person\/5eb5356acb1fad784da407d14f0e8d89"},"headline":"\u00bb OLA\u00bb GUINDA IMPARABLE EN LA CAMINATA POR LA CONTINUIDAD EN ACOLMAN","datePublished":"2024-05-13T20:03:59+00:00","dateModified":"2024-05-13T20:04:00+00:00","mainEntityOfPage":{"@id":"https:\/\/continuamosmx.com\/index.php\/2024\/05\/13\/ola-guinda-imparable-en-la-caminata-por-la-continuidad-en-acolman\/"},"wordCount":362,"commentCount":0,"publisher":{"@id":"https:\/\/continuamosmx.com\/#organization"},"image":{"@id":"https:\/\/continuamosmx.com\/index.php\/2024\/05\/13\/ola-guinda-imparable-en-la-caminata-por-la-continuidad-en-acolman\/#primaryimage"},"thumbnailUrl":"https:\/\/continuamosmx.com\/wp-content\/uploads\/2024\/05\/ACO.jpg","articleSection":["ACOLMAN","LOCALES"],"inLanguage":"es"},{"@type":"WebPage","@id":"https:\/\/continuamosmx.com\/index.php\/2024\/05\/13\/ola-guinda-imparable-en-la-caminata-por-la-continuidad-en-acolman\/","url":"https:\/\/continuamosmx.com\/index.php\/2024\/05\/13\/ola-guinda-imparable-en-la-caminata-por-la-continuidad-en-acolman\/","name":"\" OLA\" GUINDA IMPARABLE EN LA CAMINATA POR LA CONTINUIDAD EN ACOLMAN -","isPartOf":{"@id":"https:\/\/continuamosmx.com\/#website"},"primaryImageOfPage":{"@id":"https:\/\/continuamosmx.com\/index.php\/2024\/05\/13\/ola-guinda-imparable-en-la-caminata-por-la-continuidad-en-acolman\/#primaryimage"},"image":{"@id":"https:\/\/continuamosmx.com\/index.php\/2024\/05\/13\/ola-guinda-imparable-en-la-caminata-por-la-continuidad-en-acolman\/#primaryimage"},"thumbnailUrl":"https:\/\/continuamosmx.com\/wp-content\/uploads\/2024\/05\/ACO.jpg","datePublished":"2024-05-13T20:03:59+00:00","dateModified":"2024-05-13T20:04:00+00:00","breadcrumb":{"@id":"https:\/\/continuamosmx.com\/index.php\/2024\/05\/13\/ola-guinda-imparable-en-la-caminata-por-la-continuidad-en-acolman\/#breadcrumb"},"inLanguage":"es","potentialAction":[{"@type":"ReadAction","target":["https:\/\/continuamosmx.com\/index.php\/2024\/05\/13\/ola-guinda-imparable-en-la-caminata-por-la-continuidad-en-acolman\/"]}]},{"@type":"ImageObject","inLanguage":"es","@id":"https:\/\/continuamosmx.com\/index.php\/2024\/05\/13\/ola-guinda-imparable-en-la-caminata-por-la-continuidad-en-acolman\/#primaryimage","url":"https:\/\/continuamosmx.com\/wp-content\/uploads\/2024\/05\/ACO.jpg","contentUrl":"https:\/\/continuamosmx.com\/wp-content\/uploads\/2024\/05\/ACO.jpg","width":1600,"height":902},{"@type":"BreadcrumbList","@id":"https:\/\/continuamosmx.com\/index.php\/2024\/05\/13\/ola-guinda-imparable-en-la-caminata-por-la-continuidad-en-acolman\/#breadcrumb","itemListElement":[{"@type":"ListItem","position":1,"name":"Inicio","item":"https:\/\/continuamosmx.com\/"},{"@type":"ListItem","position":2,"name":"&#8221; OLA&#8221; GUINDA IMPARABLE EN LA CAMINATA POR LA CONTINUIDAD EN ACOLMAN"}]},{"@type":"WebSite","@id":"https:\/\/continuamosmx.com\/#website","url":"https:\/\/continuamosmx.com\/","name":"www.continuamosmx.com","description":"","publisher":{"@id":"https:\/\/continuamosmx.com\/#organization"},"potentialAction":[{"@type":"SearchAction","target":{"@type":"EntryPoint","urlTemplate":"https:\/\/continuamosmx.com\/?s={search_term_string}"},"query-input":{"@type":"PropertyValueSpecification","valueRequired":true,"valueName":"search_term_string"}}],"inLanguage":"es"},{"@type":"Organization","@id":"https:\/\/continuamosmx.com\/#organization","name":"ContinuamosMX","url":"https:\/\/continuamosmx.com\/","logo":{"@type":"ImageObject","inLanguage":"es","@id":"https:\/\/continuamosmx.com\/#\/schema\/logo\/image\/","url":"https:\/\/continuamosmx.com\/wp-content\/uploads\/2023\/04\/cropped-LOGO-CONTI-NUEVO.png","contentUrl":"https:\/\/continuamosmx.com\/wp-content\/uploads\/2023\/04\/cropped-LOGO-CONTI-NUEVO.png","width":1257,"height":430,"caption":"ContinuamosMX"},"image":{"@id":"https:\/\/continuamosmx.com\/#\/schema\/logo\/image\/"}},{"@type":"Person","@id":"https:\/\/continuamosmx.com\/#\/schema\/person\/5eb5356acb1fad784da407d14f0e8d89","name":"Continuamos MX","image":{"@type":"ImageObject","inLanguage":"es","@id":"https:\/\/secure.gravatar.com\/avatar\/30d4f9723476a15f4da34d35fb3501f08d2357016c76051c6a85c354c7489589?s=96&d=mm&r=g","url":"https:\/\/secure.gravatar.com\/avatar\/30d4f9723476a15f4da34d35fb3501f08d2357016c76051c6a85c354c7489589?s=96&d=mm&r=g","contentUrl":"https:\/\/secure.gravatar.com\/avatar\/30d4f9723476a15f4da34d35fb3501f08d2357016c76051c6a85c354c7489589?s=96&d=mm&r=g","caption":"Continuamos MX"},"sameAs":["http:\/\/www.continuamos.mx"],"url":"https:\/\/continuamosmx.com\/index.php\/author\/continuamos\/"}]}},"_links":{"self":[{"href":"https:\/\/continuamosmx.com\/index.php\/wp-json\/wp\/v2\/posts\/46980","targetHints":{"allow":["GET"]}}],"collection":[{"href":"https:\/\/continuamosmx.com\/index.php\/wp-json\/wp\/v2\/posts"}],"about":[{"href":"https:\/\/continuamosmx.com\/index.php\/wp-json\/wp\/v2\/types\/post"}],"author":[{"embeddable":true,"href":"https:\/\/continuamosmx.com\/index.php\/wp-json\/wp\/v2\/users\/6"}],"replies":[{"embeddable":true,"href":"https:\/\/continuamosmx.com\/index.php\/wp-json\/wp\/v2\/comments?post=46980"}],"version-history":[{"count":1,"href":"https:\/\/continuamosmx.com\/index.php\/wp-json\/wp\/v2\/posts\/46980\/revisions"}],"predecessor-version":[{"id":46982,"href":"https:\/\/continuamosmx.com\/index.php\/wp-json\/wp\/v2\/posts\/46980\/revisions\/46982"}],"wp:featuredmedia":[{"embeddable":true,"href":"https:\/\/continuamosmx.com\/index.php\/wp-json\/wp\/v2\/media\/46981"}],"wp:attachment":[{"href":"https:\/\/continuamosmx.com\/index.php\/wp-json\/wp\/v2\/media?parent=46980"}],"wp:term":[{"taxonomy":"category","embeddable":true,"href":"https:\/\/continuamosmx.com\/index.php\/wp-json\/wp\/v2\/categories?post=46980"},{"taxonomy":"post_tag","embeddable":true,"href":"https:\/\/continuamosmx.com\/index.php\/wp-json\/wp\/v2\/tags?post=46980"}],"curies":[{"name":"wp","href":"https:\/\/api.w.org\/{rel}","templated":true}]}}