{"id":46950,"date":"2024-05-10T16:57:59","date_gmt":"2024-05-10T16:57:59","guid":{"rendered":"https:\/\/continuamosmx.com\/?p=46950"},"modified":"2024-05-10T16:58:00","modified_gmt":"2024-05-10T16:58:00","slug":"tony-rodriguez-reitero-su-compromiso-contra-la-falta-de-agua-en-tlalnepantla","status":"publish","type":"post","link":"https:\/\/continuamosmx.com\/index.php\/2024\/05\/10\/tony-rodriguez-reitero-su-compromiso-contra-la-falta-de-agua-en-tlalnepantla\/","title":{"rendered":"TONY RODR\u00cdGUEZ REITER\u00d3 SU COMPROMISO CONTRA LA FALTA DE AGUA EN TLALNEPANTLA"},"content":{"rendered":"\n<p><strong>*Recibe el respaldo de transportistas del municipio<\/strong><\/p>\n\n\n\n<p>Redacci\u00f3n.<\/p>\n\n\n\n<p>TLALNEPANTLA, M\u00e9x.- El compromiso con el bienestar y la seguridad de los habitantes de Tlalnepantla se ve reflejado en las acciones del candidato Tony Rodr\u00edguez, quien ha liderado importantes proyectos para mejorar la calidad de vida en la regi\u00f3n.<\/p>\n\n\n\n<p>En un encuentro con vecinos de diversas colonias, Rodr\u00edguez anunci\u00f3 la perforaci\u00f3n de siete nuevos pozos de agua y la rehabilitaci\u00f3n de 22 m\u00e1s, asegurando as\u00ed el suministro constante del vital l\u00edquido a los hogares locales.<\/p>\n\n\n\n<p>Adem\u00e1s, destac\u00f3 el fortalecimiento de la seguridad p\u00fablica con la construcci\u00f3n del C4 y la implementaci\u00f3n de un sistema de videovigilancia en 22 colonias, medidas que han contribuido significativamente a reducir la incidencia delictiva y brindar mayor tranquilidad a la comunidad.<\/p>\n\n\n\n<p>El respaldo y reconocimiento de los ciudadanos no se hicieron esperar, como lo expres\u00f3 la se\u00f1ora Guadalupe Mej\u00eda de la colonia Jorge Jim\u00e9nez Cant\u00fa, quien resalt\u00f3 los avances en seguridad y agradeci\u00f3 la rehabilitaci\u00f3n de espacios para adultos mayores.<\/p>\n\n\n\n<p>Por otro lado, durante la ma\u00f1ana, Rodr\u00edguez recibi\u00f3 el respaldo de 450 l\u00edderes y operadores del transporte, quienes conf\u00edan en su capacidad para seguir impulsando el progreso y el desarrollo en Tlalnepantla.<\/p>\n\n\n\n<p>Con acciones concretas y el respaldo de diversos sectores, Tony Rodr\u00edguez demuestra su compromiso firme con el bienestar y el progreso de Tlalnepantla, consolid\u00e1ndose como una opci\u00f3n confiable para liderar el municipio hacia un futuro prometedor.<\/p>\n","protected":false},"excerpt":{"rendered":"<p>*Recibe el respaldo de transportistas del municipio Redacci\u00f3n. TLALNEPANTLA, M\u00e9x.- El compromiso con el bienestar y la seguridad de los habitantes de Tlalnepantla se ve reflejado en las acciones del candidato Tony Rodr\u00edguez, quien ha liderado importantes proyectos para mejorar la calidad de vida en la regi\u00f3n. En un encuentro con vecinos de diversas colonias, [&hellip;]<\/p>\n","protected":false},"author":6,"featured_media":46951,"comment_status":"open","ping_status":"open","sticky":false,"template":"","format":"standard","meta":{"footnotes":""},"categories":[4,79],"tags":[],"class_list":["post-46950","post","type-post","status-publish","format-standard","has-post-thumbnail","hentry","category-locales","category-tlalne"],"yoast_head":"<!-- This site is optimized with the Yoast SEO plugin v27.5 - https:\/\/yoast.com\/product\/yoast-seo-wordpress\/ -->\n<title>TONY RODR\u00cdGUEZ REITER\u00d3 SU COMPROMISO CONTRA LA FALTA DE AGUA EN TLALNEPANTLA -<\/title>\n<meta name=\"robots\" content=\"index, follow, max-snippet:-1, max-image-preview:large, max-video-preview:-1\" \/>\n<link rel=\"canonical\" href=\"https:\/\/continuamosmx.com\/index.php\/2024\/05\/10\/tony-rodriguez-reitero-su-compromiso-contra-la-falta-de-agua-en-tlalnepantla\/\" \/>\n<meta property=\"og:locale\" content=\"es_ES\" \/>\n<meta property=\"og:type\" content=\"article\" \/>\n<meta property=\"og:title\" content=\"TONY RODR\u00cdGUEZ REITER\u00d3 SU COMPROMISO CONTRA LA FALTA DE AGUA EN TLALNEPANTLA -\" \/>\n<meta property=\"og:description\" content=\"*Recibe el respaldo de transportistas del municipio Redacci\u00f3n. TLALNEPANTLA, M\u00e9x.- El compromiso con el bienestar y la seguridad de los habitantes de Tlalnepantla se ve reflejado en las acciones del candidato Tony Rodr\u00edguez, quien ha liderado importantes proyectos para mejorar la calidad de vida en la regi\u00f3n. En un encuentro con vecinos de diversas colonias, [&hellip;]\" \/>\n<meta property=\"og:url\" content=\"https:\/\/continuamosmx.com\/index.php\/2024\/05\/10\/tony-rodriguez-reitero-su-compromiso-contra-la-falta-de-agua-en-tlalnepantla\/\" \/>\n<meta property=\"article:published_time\" content=\"2024-05-10T16:57:59+00:00\" \/>\n<meta property=\"article:modified_time\" content=\"2024-05-10T16:58:00+00:00\" \/>\n<meta property=\"og:image\" content=\"https:\/\/continuamosmx.com\/wp-content\/uploads\/2024\/05\/recibe.jpg\" \/>\n\t<meta property=\"og:image:width\" content=\"1280\" \/>\n\t<meta property=\"og:image:height\" content=\"853\" \/>\n\t<meta property=\"og:image:type\" content=\"image\/jpeg\" \/>\n<meta name=\"author\" content=\"Continuamos MX\" \/>\n<meta name=\"twitter:card\" content=\"summary_large_image\" \/>\n<meta name=\"twitter:label1\" content=\"Escrito por\" \/>\n\t<meta name=\"twitter:data1\" content=\"Continuamos MX\" \/>\n\t<meta name=\"twitter:label2\" content=\"Tiempo de lectura\" \/>\n\t<meta name=\"twitter:data2\" content=\"2 minutos\" \/>\n<script type=\"application\/ld+json\" class=\"yoast-schema-graph\">{\"@context\":\"https:\\\/\\\/schema.org\",\"@graph\":[{\"@type\":\"Article\",\"@id\":\"https:\\\/\\\/continuamosmx.com\\\/index.php\\\/2024\\\/05\\\/10\\\/tony-rodriguez-reitero-su-compromiso-contra-la-falta-de-agua-en-tlalnepantla\\\/#article\",\"isPartOf\":{\"@id\":\"https:\\\/\\\/continuamosmx.com\\\/index.php\\\/2024\\\/05\\\/10\\\/tony-rodriguez-reitero-su-compromiso-contra-la-falta-de-agua-en-tlalnepantla\\\/\"},\"author\":{\"name\":\"Continuamos MX\",\"@id\":\"https:\\\/\\\/continuamosmx.com\\\/#\\\/schema\\\/person\\\/5eb5356acb1fad784da407d14f0e8d89\"},\"headline\":\"TONY RODR\u00cdGUEZ REITER\u00d3 SU COMPROMISO CONTRA LA FALTA DE AGUA EN TLALNEPANTLA\",\"datePublished\":\"2024-05-10T16:57:59+00:00\",\"dateModified\":\"2024-05-10T16:58:00+00:00\",\"mainEntityOfPage\":{\"@id\":\"https:\\\/\\\/continuamosmx.com\\\/index.php\\\/2024\\\/05\\\/10\\\/tony-rodriguez-reitero-su-compromiso-contra-la-falta-de-agua-en-tlalnepantla\\\/\"},\"wordCount\":266,\"commentCount\":0,\"publisher\":{\"@id\":\"https:\\\/\\\/continuamosmx.com\\\/#organization\"},\"image\":{\"@id\":\"https:\\\/\\\/continuamosmx.com\\\/index.php\\\/2024\\\/05\\\/10\\\/tony-rodriguez-reitero-su-compromiso-contra-la-falta-de-agua-en-tlalnepantla\\\/#primaryimage\"},\"thumbnailUrl\":\"https:\\\/\\\/continuamosmx.com\\\/wp-content\\\/uploads\\\/2024\\\/05\\\/recibe.jpg\",\"articleSection\":[\"LOCALES\",\"TLALNEPANTLA\"],\"inLanguage\":\"es\"},{\"@type\":\"WebPage\",\"@id\":\"https:\\\/\\\/continuamosmx.com\\\/index.php\\\/2024\\\/05\\\/10\\\/tony-rodriguez-reitero-su-compromiso-contra-la-falta-de-agua-en-tlalnepantla\\\/\",\"url\":\"https:\\\/\\\/continuamosmx.com\\\/index.php\\\/2024\\\/05\\\/10\\\/tony-rodriguez-reitero-su-compromiso-contra-la-falta-de-agua-en-tlalnepantla\\\/\",\"name\":\"TONY RODR\u00cdGUEZ REITER\u00d3 SU COMPROMISO CONTRA LA FALTA DE AGUA EN TLALNEPANTLA -\",\"isPartOf\":{\"@id\":\"https:\\\/\\\/continuamosmx.com\\\/#website\"},\"primaryImageOfPage\":{\"@id\":\"https:\\\/\\\/continuamosmx.com\\\/index.php\\\/2024\\\/05\\\/10\\\/tony-rodriguez-reitero-su-compromiso-contra-la-falta-de-agua-en-tlalnepantla\\\/#primaryimage\"},\"image\":{\"@id\":\"https:\\\/\\\/continuamosmx.com\\\/index.php\\\/2024\\\/05\\\/10\\\/tony-rodriguez-reitero-su-compromiso-contra-la-falta-de-agua-en-tlalnepantla\\\/#primaryimage\"},\"thumbnailUrl\":\"https:\\\/\\\/continuamosmx.com\\\/wp-content\\\/uploads\\\/2024\\\/05\\\/recibe.jpg\",\"datePublished\":\"2024-05-10T16:57:59+00:00\",\"dateModified\":\"2024-05-10T16:58:00+00:00\",\"breadcrumb\":{\"@id\":\"https:\\\/\\\/continuamosmx.com\\\/index.php\\\/2024\\\/05\\\/10\\\/tony-rodriguez-reitero-su-compromiso-contra-la-falta-de-agua-en-tlalnepantla\\\/#breadcrumb\"},\"inLanguage\":\"es\",\"potentialAction\":[{\"@type\":\"ReadAction\",\"target\":[\"https:\\\/\\\/continuamosmx.com\\\/index.php\\\/2024\\\/05\\\/10\\\/tony-rodriguez-reitero-su-compromiso-contra-la-falta-de-agua-en-tlalnepantla\\\/\"]}]},{\"@type\":\"ImageObject\",\"inLanguage\":\"es\",\"@id\":\"https:\\\/\\\/continuamosmx.com\\\/index.php\\\/2024\\\/05\\\/10\\\/tony-rodriguez-reitero-su-compromiso-contra-la-falta-de-agua-en-tlalnepantla\\\/#primaryimage\",\"url\":\"https:\\\/\\\/continuamosmx.com\\\/wp-content\\\/uploads\\\/2024\\\/05\\\/recibe.jpg\",\"contentUrl\":\"https:\\\/\\\/continuamosmx.com\\\/wp-content\\\/uploads\\\/2024\\\/05\\\/recibe.jpg\",\"width\":1280,\"height\":853},{\"@type\":\"BreadcrumbList\",\"@id\":\"https:\\\/\\\/continuamosmx.com\\\/index.php\\\/2024\\\/05\\\/10\\\/tony-rodriguez-reitero-su-compromiso-contra-la-falta-de-agua-en-tlalnepantla\\\/#breadcrumb\",\"itemListElement\":[{\"@type\":\"ListItem\",\"position\":1,\"name\":\"Inicio\",\"item\":\"https:\\\/\\\/continuamosmx.com\\\/\"},{\"@type\":\"ListItem\",\"position\":2,\"name\":\"TONY RODR\u00cdGUEZ REITER\u00d3 SU COMPROMISO CONTRA LA FALTA DE AGUA EN TLALNEPANTLA\"}]},{\"@type\":\"WebSite\",\"@id\":\"https:\\\/\\\/continuamosmx.com\\\/#website\",\"url\":\"https:\\\/\\\/continuamosmx.com\\\/\",\"name\":\"www.continuamosmx.com\",\"description\":\"\",\"publisher\":{\"@id\":\"https:\\\/\\\/continuamosmx.com\\\/#organization\"},\"potentialAction\":[{\"@type\":\"SearchAction\",\"target\":{\"@type\":\"EntryPoint\",\"urlTemplate\":\"https:\\\/\\\/continuamosmx.com\\\/?s={search_term_string}\"},\"query-input\":{\"@type\":\"PropertyValueSpecification\",\"valueRequired\":true,\"valueName\":\"search_term_string\"}}],\"inLanguage\":\"es\"},{\"@type\":\"Organization\",\"@id\":\"https:\\\/\\\/continuamosmx.com\\\/#organization\",\"name\":\"ContinuamosMX\",\"url\":\"https:\\\/\\\/continuamosmx.com\\\/\",\"logo\":{\"@type\":\"ImageObject\",\"inLanguage\":\"es\",\"@id\":\"https:\\\/\\\/continuamosmx.com\\\/#\\\/schema\\\/logo\\\/image\\\/\",\"url\":\"https:\\\/\\\/continuamosmx.com\\\/wp-content\\\/uploads\\\/2023\\\/04\\\/cropped-LOGO-CONTI-NUEVO.png\",\"contentUrl\":\"https:\\\/\\\/continuamosmx.com\\\/wp-content\\\/uploads\\\/2023\\\/04\\\/cropped-LOGO-CONTI-NUEVO.png\",\"width\":1257,\"height\":430,\"caption\":\"ContinuamosMX\"},\"image\":{\"@id\":\"https:\\\/\\\/continuamosmx.com\\\/#\\\/schema\\\/logo\\\/image\\\/\"}},{\"@type\":\"Person\",\"@id\":\"https:\\\/\\\/continuamosmx.com\\\/#\\\/schema\\\/person\\\/5eb5356acb1fad784da407d14f0e8d89\",\"name\":\"Continuamos MX\",\"image\":{\"@type\":\"ImageObject\",\"inLanguage\":\"es\",\"@id\":\"https:\\\/\\\/secure.gravatar.com\\\/avatar\\\/30d4f9723476a15f4da34d35fb3501f08d2357016c76051c6a85c354c7489589?s=96&d=mm&r=g\",\"url\":\"https:\\\/\\\/secure.gravatar.com\\\/avatar\\\/30d4f9723476a15f4da34d35fb3501f08d2357016c76051c6a85c354c7489589?s=96&d=mm&r=g\",\"contentUrl\":\"https:\\\/\\\/secure.gravatar.com\\\/avatar\\\/30d4f9723476a15f4da34d35fb3501f08d2357016c76051c6a85c354c7489589?s=96&d=mm&r=g\",\"caption\":\"Continuamos MX\"},\"sameAs\":[\"http:\\\/\\\/www.continuamos.mx\"],\"url\":\"https:\\\/\\\/continuamosmx.com\\\/index.php\\\/author\\\/continuamos\\\/\"}]}<\/script>\n<!-- \/ Yoast SEO plugin. -->","yoast_head_json":{"title":"TONY RODR\u00cdGUEZ REITER\u00d3 SU COMPROMISO CONTRA LA FALTA DE AGUA EN TLALNEPANTLA -","robots":{"index":"index","follow":"follow","max-snippet":"max-snippet:-1","max-image-preview":"max-image-preview:large","max-video-preview":"max-video-preview:-1"},"canonical":"https:\/\/continuamosmx.com\/index.php\/2024\/05\/10\/tony-rodriguez-reitero-su-compromiso-contra-la-falta-de-agua-en-tlalnepantla\/","og_locale":"es_ES","og_type":"article","og_title":"TONY RODR\u00cdGUEZ REITER\u00d3 SU COMPROMISO CONTRA LA FALTA DE AGUA EN TLALNEPANTLA -","og_description":"*Recibe el respaldo de transportistas del municipio Redacci\u00f3n. TLALNEPANTLA, M\u00e9x.- El compromiso con el bienestar y la seguridad de los habitantes de Tlalnepantla se ve reflejado en las acciones del candidato Tony Rodr\u00edguez, quien ha liderado importantes proyectos para mejorar la calidad de vida en la regi\u00f3n. En un encuentro con vecinos de diversas colonias, [&hellip;]","og_url":"https:\/\/continuamosmx.com\/index.php\/2024\/05\/10\/tony-rodriguez-reitero-su-compromiso-contra-la-falta-de-agua-en-tlalnepantla\/","article_published_time":"2024-05-10T16:57:59+00:00","article_modified_time":"2024-05-10T16:58:00+00:00","og_image":[{"width":1280,"height":853,"url":"https:\/\/continuamosmx.com\/wp-content\/uploads\/2024\/05\/recibe.jpg","type":"image\/jpeg"}],"author":"Continuamos MX","twitter_card":"summary_large_image","twitter_misc":{"Escrito por":"Continuamos MX","Tiempo de lectura":"2 minutos"},"schema":{"@context":"https:\/\/schema.org","@graph":[{"@type":"Article","@id":"https:\/\/continuamosmx.com\/index.php\/2024\/05\/10\/tony-rodriguez-reitero-su-compromiso-contra-la-falta-de-agua-en-tlalnepantla\/#article","isPartOf":{"@id":"https:\/\/continuamosmx.com\/index.php\/2024\/05\/10\/tony-rodriguez-reitero-su-compromiso-contra-la-falta-de-agua-en-tlalnepantla\/"},"author":{"name":"Continuamos MX","@id":"https:\/\/continuamosmx.com\/#\/schema\/person\/5eb5356acb1fad784da407d14f0e8d89"},"headline":"TONY RODR\u00cdGUEZ REITER\u00d3 SU COMPROMISO CONTRA LA FALTA DE AGUA EN TLALNEPANTLA","datePublished":"2024-05-10T16:57:59+00:00","dateModified":"2024-05-10T16:58:00+00:00","mainEntityOfPage":{"@id":"https:\/\/continuamosmx.com\/index.php\/2024\/05\/10\/tony-rodriguez-reitero-su-compromiso-contra-la-falta-de-agua-en-tlalnepantla\/"},"wordCount":266,"commentCount":0,"publisher":{"@id":"https:\/\/continuamosmx.com\/#organization"},"image":{"@id":"https:\/\/continuamosmx.com\/index.php\/2024\/05\/10\/tony-rodriguez-reitero-su-compromiso-contra-la-falta-de-agua-en-tlalnepantla\/#primaryimage"},"thumbnailUrl":"https:\/\/continuamosmx.com\/wp-content\/uploads\/2024\/05\/recibe.jpg","articleSection":["LOCALES","TLALNEPANTLA"],"inLanguage":"es"},{"@type":"WebPage","@id":"https:\/\/continuamosmx.com\/index.php\/2024\/05\/10\/tony-rodriguez-reitero-su-compromiso-contra-la-falta-de-agua-en-tlalnepantla\/","url":"https:\/\/continuamosmx.com\/index.php\/2024\/05\/10\/tony-rodriguez-reitero-su-compromiso-contra-la-falta-de-agua-en-tlalnepantla\/","name":"TONY RODR\u00cdGUEZ REITER\u00d3 SU COMPROMISO CONTRA LA FALTA DE AGUA EN TLALNEPANTLA -","isPartOf":{"@id":"https:\/\/continuamosmx.com\/#website"},"primaryImageOfPage":{"@id":"https:\/\/continuamosmx.com\/index.php\/2024\/05\/10\/tony-rodriguez-reitero-su-compromiso-contra-la-falta-de-agua-en-tlalnepantla\/#primaryimage"},"image":{"@id":"https:\/\/continuamosmx.com\/index.php\/2024\/05\/10\/tony-rodriguez-reitero-su-compromiso-contra-la-falta-de-agua-en-tlalnepantla\/#primaryimage"},"thumbnailUrl":"https:\/\/continuamosmx.com\/wp-content\/uploads\/2024\/05\/recibe.jpg","datePublished":"2024-05-10T16:57:59+00:00","dateModified":"2024-05-10T16:58:00+00:00","breadcrumb":{"@id":"https:\/\/continuamosmx.com\/index.php\/2024\/05\/10\/tony-rodriguez-reitero-su-compromiso-contra-la-falta-de-agua-en-tlalnepantla\/#breadcrumb"},"inLanguage":"es","potentialAction":[{"@type":"ReadAction","target":["https:\/\/continuamosmx.com\/index.php\/2024\/05\/10\/tony-rodriguez-reitero-su-compromiso-contra-la-falta-de-agua-en-tlalnepantla\/"]}]},{"@type":"ImageObject","inLanguage":"es","@id":"https:\/\/continuamosmx.com\/index.php\/2024\/05\/10\/tony-rodriguez-reitero-su-compromiso-contra-la-falta-de-agua-en-tlalnepantla\/#primaryimage","url":"https:\/\/continuamosmx.com\/wp-content\/uploads\/2024\/05\/recibe.jpg","contentUrl":"https:\/\/continuamosmx.com\/wp-content\/uploads\/2024\/05\/recibe.jpg","width":1280,"height":853},{"@type":"BreadcrumbList","@id":"https:\/\/continuamosmx.com\/index.php\/2024\/05\/10\/tony-rodriguez-reitero-su-compromiso-contra-la-falta-de-agua-en-tlalnepantla\/#breadcrumb","itemListElement":[{"@type":"ListItem","position":1,"name":"Inicio","item":"https:\/\/continuamosmx.com\/"},{"@type":"ListItem","position":2,"name":"TONY RODR\u00cdGUEZ REITER\u00d3 SU COMPROMISO CONTRA LA FALTA DE AGUA EN TLALNEPANTLA"}]},{"@type":"WebSite","@id":"https:\/\/continuamosmx.com\/#website","url":"https:\/\/continuamosmx.com\/","name":"www.continuamosmx.com","description":"","publisher":{"@id":"https:\/\/continuamosmx.com\/#organization"},"potentialAction":[{"@type":"SearchAction","target":{"@type":"EntryPoint","urlTemplate":"https:\/\/continuamosmx.com\/?s={search_term_string}"},"query-input":{"@type":"PropertyValueSpecification","valueRequired":true,"valueName":"search_term_string"}}],"inLanguage":"es"},{"@type":"Organization","@id":"https:\/\/continuamosmx.com\/#organization","name":"ContinuamosMX","url":"https:\/\/continuamosmx.com\/","logo":{"@type":"ImageObject","inLanguage":"es","@id":"https:\/\/continuamosmx.com\/#\/schema\/logo\/image\/","url":"https:\/\/continuamosmx.com\/wp-content\/uploads\/2023\/04\/cropped-LOGO-CONTI-NUEVO.png","contentUrl":"https:\/\/continuamosmx.com\/wp-content\/uploads\/2023\/04\/cropped-LOGO-CONTI-NUEVO.png","width":1257,"height":430,"caption":"ContinuamosMX"},"image":{"@id":"https:\/\/continuamosmx.com\/#\/schema\/logo\/image\/"}},{"@type":"Person","@id":"https:\/\/continuamosmx.com\/#\/schema\/person\/5eb5356acb1fad784da407d14f0e8d89","name":"Continuamos MX","image":{"@type":"ImageObject","inLanguage":"es","@id":"https:\/\/secure.gravatar.com\/avatar\/30d4f9723476a15f4da34d35fb3501f08d2357016c76051c6a85c354c7489589?s=96&d=mm&r=g","url":"https:\/\/secure.gravatar.com\/avatar\/30d4f9723476a15f4da34d35fb3501f08d2357016c76051c6a85c354c7489589?s=96&d=mm&r=g","contentUrl":"https:\/\/secure.gravatar.com\/avatar\/30d4f9723476a15f4da34d35fb3501f08d2357016c76051c6a85c354c7489589?s=96&d=mm&r=g","caption":"Continuamos MX"},"sameAs":["http:\/\/www.continuamos.mx"],"url":"https:\/\/continuamosmx.com\/index.php\/author\/continuamos\/"}]}},"_links":{"self":[{"href":"https:\/\/continuamosmx.com\/index.php\/wp-json\/wp\/v2\/posts\/46950","targetHints":{"allow":["GET"]}}],"collection":[{"href":"https:\/\/continuamosmx.com\/index.php\/wp-json\/wp\/v2\/posts"}],"about":[{"href":"https:\/\/continuamosmx.com\/index.php\/wp-json\/wp\/v2\/types\/post"}],"author":[{"embeddable":true,"href":"https:\/\/continuamosmx.com\/index.php\/wp-json\/wp\/v2\/users\/6"}],"replies":[{"embeddable":true,"href":"https:\/\/continuamosmx.com\/index.php\/wp-json\/wp\/v2\/comments?post=46950"}],"version-history":[{"count":1,"href":"https:\/\/continuamosmx.com\/index.php\/wp-json\/wp\/v2\/posts\/46950\/revisions"}],"predecessor-version":[{"id":46952,"href":"https:\/\/continuamosmx.com\/index.php\/wp-json\/wp\/v2\/posts\/46950\/revisions\/46952"}],"wp:featuredmedia":[{"embeddable":true,"href":"https:\/\/continuamosmx.com\/index.php\/wp-json\/wp\/v2\/media\/46951"}],"wp:attachment":[{"href":"https:\/\/continuamosmx.com\/index.php\/wp-json\/wp\/v2\/media?parent=46950"}],"wp:term":[{"taxonomy":"category","embeddable":true,"href":"https:\/\/continuamosmx.com\/index.php\/wp-json\/wp\/v2\/categories?post=46950"},{"taxonomy":"post_tag","embeddable":true,"href":"https:\/\/continuamosmx.com\/index.php\/wp-json\/wp\/v2\/tags?post=46950"}],"curies":[{"name":"wp","href":"https:\/\/api.w.org\/{rel}","templated":true}]}}