{"id":46801,"date":"2024-05-01T21:49:34","date_gmt":"2024-05-01T21:49:34","guid":{"rendered":"https:\/\/continuamosmx.com\/?p=46801"},"modified":"2024-05-01T21:49:35","modified_gmt":"2024-05-01T21:49:35","slug":"mejorar-las-vialidades-prioridad-para-los-cuautitlenses-juanita-carrillo","status":"publish","type":"post","link":"https:\/\/continuamosmx.com\/index.php\/2024\/05\/01\/mejorar-las-vialidades-prioridad-para-los-cuautitlenses-juanita-carrillo\/","title":{"rendered":"MEJORAR LAS VIALIDADES PRIORIDAD PARA LOS CUAUTITLENSES: JUANITA CARRILLO"},"content":{"rendered":"\n<p><strong>*La abanderada de la coalici\u00f3n \u201cSigamos haciendo historia en el Estado de M\u00e9xico\u201d, propone la construcci\u00f3n del distribuidor vial La Joya.<\/strong><\/p>\n\n\n\n<p>CUAUTITL\u00c1N, EDO. M\u00c9X.- \u201cCuautitl\u00e1n necesita transformarse en un municipio metropolitano, con mejores vialidades que resuelva de manera eficaz los problemas de movilidad que afectan a los cuautitlenses, por ello vamos a construir el Distribuidor Vial La Joya\u201d as\u00ed lo asegur\u00f3 Juanita Carrillo Luna, candidata de la coalici\u00f3n \u201cSigamos haciendo historia en el Estado de M\u00e9xico\u201d a la presidencia municipal de Cuautitl\u00e1n, al recorrer las calles y privadas de la colonia Las Trojes.<\/p>\n\n\n\n<p>Ante vecinos de la zona, quienes le expresaron la fuerte problem\u00e1tica que enfrentan en materia de movilidad y vialidades, la candidata morenista asegur\u00f3 que una vez que se concrete el triunfo en las urnas, el pr\u00f3ximo dos de junio, la cuarta transformaci\u00f3n verdaderamente llegar\u00e1 al municipio.<\/p>\n\n\n\n<p>Carrillo Luna indic\u00f3 que a ra\u00edz de la puesta en operaci\u00f3n del aeropuerto Felipe \u00c1ngeles, Cuautitl\u00e1n est\u00e1 teniendo un desarrollo acelerado de centros log\u00edsticos y unidades habitacionales que requieren una reingenier\u00eda vial acorde al crecimiento de esta zona, pues asegur\u00f3 que ya son insuficientes las vialidades con las que cuenta el municipio, aunado a su evidente deterioro y abandono.<\/p>\n\n\n\n<p>Ante esta realidad, la candidata morenista asegur\u00f3 que \u201cCuautitl\u00e1n es de todos, no solo de unos cuantos, para que la trasformaci\u00f3n llegu\u00e9 al municipio, necesitamos de todos, \u201cya es tiempo de que los problemas se resuelvan de origen\u201d, as\u00ed lo asegur\u00f3 Juanita Carrillo Luna, &nbsp;por lo que se comprometi\u00f3 con los vecinos de la zona, a que una vez que se concrete la voluntad de todos en el triunfo de las urnas, el pr\u00f3ximo dos de junio, se atender\u00e1n de ra\u00edz los problemas que aquejan a la ciudadan\u00eda.<\/p>\n","protected":false},"excerpt":{"rendered":"<p>*La abanderada de la coalici\u00f3n \u201cSigamos haciendo historia en el Estado de M\u00e9xico\u201d, propone la construcci\u00f3n del distribuidor vial La Joya. CUAUTITL\u00c1N, EDO. M\u00c9X.- \u201cCuautitl\u00e1n necesita transformarse en un municipio metropolitano, con mejores vialidades que resuelva de manera eficaz los problemas de movilidad que afectan a los cuautitlenses, por ello vamos a construir el Distribuidor [&hellip;]<\/p>\n","protected":false},"author":6,"featured_media":46802,"comment_status":"open","ping_status":"open","sticky":false,"template":"","format":"standard","meta":{"footnotes":""},"categories":[29,4],"tags":[],"class_list":["post-46801","post","type-post","status-publish","format-standard","has-post-thumbnail","hentry","category-cuautitlan","category-locales"],"yoast_head":"<!-- This site is optimized with the Yoast SEO plugin v27.5 - https:\/\/yoast.com\/product\/yoast-seo-wordpress\/ -->\n<title>MEJORAR LAS VIALIDADES PRIORIDAD PARA LOS CUAUTITLENSES: JUANITA CARRILLO -<\/title>\n<meta name=\"robots\" content=\"index, follow, max-snippet:-1, max-image-preview:large, max-video-preview:-1\" \/>\n<link rel=\"canonical\" href=\"https:\/\/continuamosmx.com\/index.php\/2024\/05\/01\/mejorar-las-vialidades-prioridad-para-los-cuautitlenses-juanita-carrillo\/\" \/>\n<meta property=\"og:locale\" content=\"es_ES\" \/>\n<meta property=\"og:type\" content=\"article\" \/>\n<meta property=\"og:title\" content=\"MEJORAR LAS VIALIDADES PRIORIDAD PARA LOS CUAUTITLENSES: JUANITA CARRILLO -\" \/>\n<meta property=\"og:description\" content=\"*La abanderada de la coalici\u00f3n \u201cSigamos haciendo historia en el Estado de M\u00e9xico\u201d, propone la construcci\u00f3n del distribuidor vial La Joya. CUAUTITL\u00c1N, EDO. M\u00c9X.- \u201cCuautitl\u00e1n necesita transformarse en un municipio metropolitano, con mejores vialidades que resuelva de manera eficaz los problemas de movilidad que afectan a los cuautitlenses, por ello vamos a construir el Distribuidor [&hellip;]\" \/>\n<meta property=\"og:url\" content=\"https:\/\/continuamosmx.com\/index.php\/2024\/05\/01\/mejorar-las-vialidades-prioridad-para-los-cuautitlenses-juanita-carrillo\/\" \/>\n<meta property=\"article:published_time\" content=\"2024-05-01T21:49:34+00:00\" \/>\n<meta property=\"article:modified_time\" content=\"2024-05-01T21:49:35+00:00\" \/>\n<meta property=\"og:image\" content=\"https:\/\/continuamosmx.com\/wp-content\/uploads\/2024\/05\/VIALIADESE.jpg\" \/>\n\t<meta property=\"og:image:width\" content=\"1600\" \/>\n\t<meta property=\"og:image:height\" content=\"1066\" \/>\n\t<meta property=\"og:image:type\" content=\"image\/jpeg\" \/>\n<meta name=\"author\" content=\"Continuamos MX\" \/>\n<meta name=\"twitter:card\" content=\"summary_large_image\" \/>\n<meta name=\"twitter:label1\" content=\"Escrito por\" \/>\n\t<meta name=\"twitter:data1\" content=\"Continuamos MX\" \/>\n\t<meta name=\"twitter:label2\" content=\"Tiempo de lectura\" \/>\n\t<meta name=\"twitter:data2\" content=\"2 minutos\" \/>\n<script type=\"application\/ld+json\" class=\"yoast-schema-graph\">{\"@context\":\"https:\\\/\\\/schema.org\",\"@graph\":[{\"@type\":\"Article\",\"@id\":\"https:\\\/\\\/continuamosmx.com\\\/index.php\\\/2024\\\/05\\\/01\\\/mejorar-las-vialidades-prioridad-para-los-cuautitlenses-juanita-carrillo\\\/#article\",\"isPartOf\":{\"@id\":\"https:\\\/\\\/continuamosmx.com\\\/index.php\\\/2024\\\/05\\\/01\\\/mejorar-las-vialidades-prioridad-para-los-cuautitlenses-juanita-carrillo\\\/\"},\"author\":{\"name\":\"Continuamos MX\",\"@id\":\"https:\\\/\\\/continuamosmx.com\\\/#\\\/schema\\\/person\\\/5eb5356acb1fad784da407d14f0e8d89\"},\"headline\":\"MEJORAR LAS VIALIDADES PRIORIDAD PARA LOS CUAUTITLENSES: JUANITA CARRILLO\",\"datePublished\":\"2024-05-01T21:49:34+00:00\",\"dateModified\":\"2024-05-01T21:49:35+00:00\",\"mainEntityOfPage\":{\"@id\":\"https:\\\/\\\/continuamosmx.com\\\/index.php\\\/2024\\\/05\\\/01\\\/mejorar-las-vialidades-prioridad-para-los-cuautitlenses-juanita-carrillo\\\/\"},\"wordCount\":320,\"commentCount\":0,\"publisher\":{\"@id\":\"https:\\\/\\\/continuamosmx.com\\\/#organization\"},\"image\":{\"@id\":\"https:\\\/\\\/continuamosmx.com\\\/index.php\\\/2024\\\/05\\\/01\\\/mejorar-las-vialidades-prioridad-para-los-cuautitlenses-juanita-carrillo\\\/#primaryimage\"},\"thumbnailUrl\":\"https:\\\/\\\/continuamosmx.com\\\/wp-content\\\/uploads\\\/2024\\\/05\\\/VIALIADESE.jpg\",\"articleSection\":[\"CUAUTITL\u00c1N\",\"LOCALES\"],\"inLanguage\":\"es\"},{\"@type\":\"WebPage\",\"@id\":\"https:\\\/\\\/continuamosmx.com\\\/index.php\\\/2024\\\/05\\\/01\\\/mejorar-las-vialidades-prioridad-para-los-cuautitlenses-juanita-carrillo\\\/\",\"url\":\"https:\\\/\\\/continuamosmx.com\\\/index.php\\\/2024\\\/05\\\/01\\\/mejorar-las-vialidades-prioridad-para-los-cuautitlenses-juanita-carrillo\\\/\",\"name\":\"MEJORAR LAS VIALIDADES PRIORIDAD PARA LOS CUAUTITLENSES: JUANITA CARRILLO -\",\"isPartOf\":{\"@id\":\"https:\\\/\\\/continuamosmx.com\\\/#website\"},\"primaryImageOfPage\":{\"@id\":\"https:\\\/\\\/continuamosmx.com\\\/index.php\\\/2024\\\/05\\\/01\\\/mejorar-las-vialidades-prioridad-para-los-cuautitlenses-juanita-carrillo\\\/#primaryimage\"},\"image\":{\"@id\":\"https:\\\/\\\/continuamosmx.com\\\/index.php\\\/2024\\\/05\\\/01\\\/mejorar-las-vialidades-prioridad-para-los-cuautitlenses-juanita-carrillo\\\/#primaryimage\"},\"thumbnailUrl\":\"https:\\\/\\\/continuamosmx.com\\\/wp-content\\\/uploads\\\/2024\\\/05\\\/VIALIADESE.jpg\",\"datePublished\":\"2024-05-01T21:49:34+00:00\",\"dateModified\":\"2024-05-01T21:49:35+00:00\",\"breadcrumb\":{\"@id\":\"https:\\\/\\\/continuamosmx.com\\\/index.php\\\/2024\\\/05\\\/01\\\/mejorar-las-vialidades-prioridad-para-los-cuautitlenses-juanita-carrillo\\\/#breadcrumb\"},\"inLanguage\":\"es\",\"potentialAction\":[{\"@type\":\"ReadAction\",\"target\":[\"https:\\\/\\\/continuamosmx.com\\\/index.php\\\/2024\\\/05\\\/01\\\/mejorar-las-vialidades-prioridad-para-los-cuautitlenses-juanita-carrillo\\\/\"]}]},{\"@type\":\"ImageObject\",\"inLanguage\":\"es\",\"@id\":\"https:\\\/\\\/continuamosmx.com\\\/index.php\\\/2024\\\/05\\\/01\\\/mejorar-las-vialidades-prioridad-para-los-cuautitlenses-juanita-carrillo\\\/#primaryimage\",\"url\":\"https:\\\/\\\/continuamosmx.com\\\/wp-content\\\/uploads\\\/2024\\\/05\\\/VIALIADESE.jpg\",\"contentUrl\":\"https:\\\/\\\/continuamosmx.com\\\/wp-content\\\/uploads\\\/2024\\\/05\\\/VIALIADESE.jpg\",\"width\":1600,\"height\":1066},{\"@type\":\"BreadcrumbList\",\"@id\":\"https:\\\/\\\/continuamosmx.com\\\/index.php\\\/2024\\\/05\\\/01\\\/mejorar-las-vialidades-prioridad-para-los-cuautitlenses-juanita-carrillo\\\/#breadcrumb\",\"itemListElement\":[{\"@type\":\"ListItem\",\"position\":1,\"name\":\"Inicio\",\"item\":\"https:\\\/\\\/continuamosmx.com\\\/\"},{\"@type\":\"ListItem\",\"position\":2,\"name\":\"MEJORAR LAS VIALIDADES PRIORIDAD PARA LOS CUAUTITLENSES: JUANITA CARRILLO\"}]},{\"@type\":\"WebSite\",\"@id\":\"https:\\\/\\\/continuamosmx.com\\\/#website\",\"url\":\"https:\\\/\\\/continuamosmx.com\\\/\",\"name\":\"www.continuamosmx.com\",\"description\":\"\",\"publisher\":{\"@id\":\"https:\\\/\\\/continuamosmx.com\\\/#organization\"},\"potentialAction\":[{\"@type\":\"SearchAction\",\"target\":{\"@type\":\"EntryPoint\",\"urlTemplate\":\"https:\\\/\\\/continuamosmx.com\\\/?s={search_term_string}\"},\"query-input\":{\"@type\":\"PropertyValueSpecification\",\"valueRequired\":true,\"valueName\":\"search_term_string\"}}],\"inLanguage\":\"es\"},{\"@type\":\"Organization\",\"@id\":\"https:\\\/\\\/continuamosmx.com\\\/#organization\",\"name\":\"ContinuamosMX\",\"url\":\"https:\\\/\\\/continuamosmx.com\\\/\",\"logo\":{\"@type\":\"ImageObject\",\"inLanguage\":\"es\",\"@id\":\"https:\\\/\\\/continuamosmx.com\\\/#\\\/schema\\\/logo\\\/image\\\/\",\"url\":\"https:\\\/\\\/continuamosmx.com\\\/wp-content\\\/uploads\\\/2023\\\/04\\\/cropped-LOGO-CONTI-NUEVO.png\",\"contentUrl\":\"https:\\\/\\\/continuamosmx.com\\\/wp-content\\\/uploads\\\/2023\\\/04\\\/cropped-LOGO-CONTI-NUEVO.png\",\"width\":1257,\"height\":430,\"caption\":\"ContinuamosMX\"},\"image\":{\"@id\":\"https:\\\/\\\/continuamosmx.com\\\/#\\\/schema\\\/logo\\\/image\\\/\"}},{\"@type\":\"Person\",\"@id\":\"https:\\\/\\\/continuamosmx.com\\\/#\\\/schema\\\/person\\\/5eb5356acb1fad784da407d14f0e8d89\",\"name\":\"Continuamos MX\",\"image\":{\"@type\":\"ImageObject\",\"inLanguage\":\"es\",\"@id\":\"https:\\\/\\\/secure.gravatar.com\\\/avatar\\\/30d4f9723476a15f4da34d35fb3501f08d2357016c76051c6a85c354c7489589?s=96&d=mm&r=g\",\"url\":\"https:\\\/\\\/secure.gravatar.com\\\/avatar\\\/30d4f9723476a15f4da34d35fb3501f08d2357016c76051c6a85c354c7489589?s=96&d=mm&r=g\",\"contentUrl\":\"https:\\\/\\\/secure.gravatar.com\\\/avatar\\\/30d4f9723476a15f4da34d35fb3501f08d2357016c76051c6a85c354c7489589?s=96&d=mm&r=g\",\"caption\":\"Continuamos MX\"},\"sameAs\":[\"http:\\\/\\\/www.continuamos.mx\"],\"url\":\"https:\\\/\\\/continuamosmx.com\\\/index.php\\\/author\\\/continuamos\\\/\"}]}<\/script>\n<!-- \/ Yoast SEO plugin. -->","yoast_head_json":{"title":"MEJORAR LAS VIALIDADES PRIORIDAD PARA LOS CUAUTITLENSES: JUANITA CARRILLO -","robots":{"index":"index","follow":"follow","max-snippet":"max-snippet:-1","max-image-preview":"max-image-preview:large","max-video-preview":"max-video-preview:-1"},"canonical":"https:\/\/continuamosmx.com\/index.php\/2024\/05\/01\/mejorar-las-vialidades-prioridad-para-los-cuautitlenses-juanita-carrillo\/","og_locale":"es_ES","og_type":"article","og_title":"MEJORAR LAS VIALIDADES PRIORIDAD PARA LOS CUAUTITLENSES: JUANITA CARRILLO -","og_description":"*La abanderada de la coalici\u00f3n \u201cSigamos haciendo historia en el Estado de M\u00e9xico\u201d, propone la construcci\u00f3n del distribuidor vial La Joya. CUAUTITL\u00c1N, EDO. M\u00c9X.- \u201cCuautitl\u00e1n necesita transformarse en un municipio metropolitano, con mejores vialidades que resuelva de manera eficaz los problemas de movilidad que afectan a los cuautitlenses, por ello vamos a construir el Distribuidor [&hellip;]","og_url":"https:\/\/continuamosmx.com\/index.php\/2024\/05\/01\/mejorar-las-vialidades-prioridad-para-los-cuautitlenses-juanita-carrillo\/","article_published_time":"2024-05-01T21:49:34+00:00","article_modified_time":"2024-05-01T21:49:35+00:00","og_image":[{"width":1600,"height":1066,"url":"https:\/\/continuamosmx.com\/wp-content\/uploads\/2024\/05\/VIALIADESE.jpg","type":"image\/jpeg"}],"author":"Continuamos MX","twitter_card":"summary_large_image","twitter_misc":{"Escrito por":"Continuamos MX","Tiempo de lectura":"2 minutos"},"schema":{"@context":"https:\/\/schema.org","@graph":[{"@type":"Article","@id":"https:\/\/continuamosmx.com\/index.php\/2024\/05\/01\/mejorar-las-vialidades-prioridad-para-los-cuautitlenses-juanita-carrillo\/#article","isPartOf":{"@id":"https:\/\/continuamosmx.com\/index.php\/2024\/05\/01\/mejorar-las-vialidades-prioridad-para-los-cuautitlenses-juanita-carrillo\/"},"author":{"name":"Continuamos MX","@id":"https:\/\/continuamosmx.com\/#\/schema\/person\/5eb5356acb1fad784da407d14f0e8d89"},"headline":"MEJORAR LAS VIALIDADES PRIORIDAD PARA LOS CUAUTITLENSES: JUANITA CARRILLO","datePublished":"2024-05-01T21:49:34+00:00","dateModified":"2024-05-01T21:49:35+00:00","mainEntityOfPage":{"@id":"https:\/\/continuamosmx.com\/index.php\/2024\/05\/01\/mejorar-las-vialidades-prioridad-para-los-cuautitlenses-juanita-carrillo\/"},"wordCount":320,"commentCount":0,"publisher":{"@id":"https:\/\/continuamosmx.com\/#organization"},"image":{"@id":"https:\/\/continuamosmx.com\/index.php\/2024\/05\/01\/mejorar-las-vialidades-prioridad-para-los-cuautitlenses-juanita-carrillo\/#primaryimage"},"thumbnailUrl":"https:\/\/continuamosmx.com\/wp-content\/uploads\/2024\/05\/VIALIADESE.jpg","articleSection":["CUAUTITL\u00c1N","LOCALES"],"inLanguage":"es"},{"@type":"WebPage","@id":"https:\/\/continuamosmx.com\/index.php\/2024\/05\/01\/mejorar-las-vialidades-prioridad-para-los-cuautitlenses-juanita-carrillo\/","url":"https:\/\/continuamosmx.com\/index.php\/2024\/05\/01\/mejorar-las-vialidades-prioridad-para-los-cuautitlenses-juanita-carrillo\/","name":"MEJORAR LAS VIALIDADES PRIORIDAD PARA LOS CUAUTITLENSES: JUANITA CARRILLO -","isPartOf":{"@id":"https:\/\/continuamosmx.com\/#website"},"primaryImageOfPage":{"@id":"https:\/\/continuamosmx.com\/index.php\/2024\/05\/01\/mejorar-las-vialidades-prioridad-para-los-cuautitlenses-juanita-carrillo\/#primaryimage"},"image":{"@id":"https:\/\/continuamosmx.com\/index.php\/2024\/05\/01\/mejorar-las-vialidades-prioridad-para-los-cuautitlenses-juanita-carrillo\/#primaryimage"},"thumbnailUrl":"https:\/\/continuamosmx.com\/wp-content\/uploads\/2024\/05\/VIALIADESE.jpg","datePublished":"2024-05-01T21:49:34+00:00","dateModified":"2024-05-01T21:49:35+00:00","breadcrumb":{"@id":"https:\/\/continuamosmx.com\/index.php\/2024\/05\/01\/mejorar-las-vialidades-prioridad-para-los-cuautitlenses-juanita-carrillo\/#breadcrumb"},"inLanguage":"es","potentialAction":[{"@type":"ReadAction","target":["https:\/\/continuamosmx.com\/index.php\/2024\/05\/01\/mejorar-las-vialidades-prioridad-para-los-cuautitlenses-juanita-carrillo\/"]}]},{"@type":"ImageObject","inLanguage":"es","@id":"https:\/\/continuamosmx.com\/index.php\/2024\/05\/01\/mejorar-las-vialidades-prioridad-para-los-cuautitlenses-juanita-carrillo\/#primaryimage","url":"https:\/\/continuamosmx.com\/wp-content\/uploads\/2024\/05\/VIALIADESE.jpg","contentUrl":"https:\/\/continuamosmx.com\/wp-content\/uploads\/2024\/05\/VIALIADESE.jpg","width":1600,"height":1066},{"@type":"BreadcrumbList","@id":"https:\/\/continuamosmx.com\/index.php\/2024\/05\/01\/mejorar-las-vialidades-prioridad-para-los-cuautitlenses-juanita-carrillo\/#breadcrumb","itemListElement":[{"@type":"ListItem","position":1,"name":"Inicio","item":"https:\/\/continuamosmx.com\/"},{"@type":"ListItem","position":2,"name":"MEJORAR LAS VIALIDADES PRIORIDAD PARA LOS CUAUTITLENSES: JUANITA CARRILLO"}]},{"@type":"WebSite","@id":"https:\/\/continuamosmx.com\/#website","url":"https:\/\/continuamosmx.com\/","name":"www.continuamosmx.com","description":"","publisher":{"@id":"https:\/\/continuamosmx.com\/#organization"},"potentialAction":[{"@type":"SearchAction","target":{"@type":"EntryPoint","urlTemplate":"https:\/\/continuamosmx.com\/?s={search_term_string}"},"query-input":{"@type":"PropertyValueSpecification","valueRequired":true,"valueName":"search_term_string"}}],"inLanguage":"es"},{"@type":"Organization","@id":"https:\/\/continuamosmx.com\/#organization","name":"ContinuamosMX","url":"https:\/\/continuamosmx.com\/","logo":{"@type":"ImageObject","inLanguage":"es","@id":"https:\/\/continuamosmx.com\/#\/schema\/logo\/image\/","url":"https:\/\/continuamosmx.com\/wp-content\/uploads\/2023\/04\/cropped-LOGO-CONTI-NUEVO.png","contentUrl":"https:\/\/continuamosmx.com\/wp-content\/uploads\/2023\/04\/cropped-LOGO-CONTI-NUEVO.png","width":1257,"height":430,"caption":"ContinuamosMX"},"image":{"@id":"https:\/\/continuamosmx.com\/#\/schema\/logo\/image\/"}},{"@type":"Person","@id":"https:\/\/continuamosmx.com\/#\/schema\/person\/5eb5356acb1fad784da407d14f0e8d89","name":"Continuamos MX","image":{"@type":"ImageObject","inLanguage":"es","@id":"https:\/\/secure.gravatar.com\/avatar\/30d4f9723476a15f4da34d35fb3501f08d2357016c76051c6a85c354c7489589?s=96&d=mm&r=g","url":"https:\/\/secure.gravatar.com\/avatar\/30d4f9723476a15f4da34d35fb3501f08d2357016c76051c6a85c354c7489589?s=96&d=mm&r=g","contentUrl":"https:\/\/secure.gravatar.com\/avatar\/30d4f9723476a15f4da34d35fb3501f08d2357016c76051c6a85c354c7489589?s=96&d=mm&r=g","caption":"Continuamos MX"},"sameAs":["http:\/\/www.continuamos.mx"],"url":"https:\/\/continuamosmx.com\/index.php\/author\/continuamos\/"}]}},"_links":{"self":[{"href":"https:\/\/continuamosmx.com\/index.php\/wp-json\/wp\/v2\/posts\/46801","targetHints":{"allow":["GET"]}}],"collection":[{"href":"https:\/\/continuamosmx.com\/index.php\/wp-json\/wp\/v2\/posts"}],"about":[{"href":"https:\/\/continuamosmx.com\/index.php\/wp-json\/wp\/v2\/types\/post"}],"author":[{"embeddable":true,"href":"https:\/\/continuamosmx.com\/index.php\/wp-json\/wp\/v2\/users\/6"}],"replies":[{"embeddable":true,"href":"https:\/\/continuamosmx.com\/index.php\/wp-json\/wp\/v2\/comments?post=46801"}],"version-history":[{"count":1,"href":"https:\/\/continuamosmx.com\/index.php\/wp-json\/wp\/v2\/posts\/46801\/revisions"}],"predecessor-version":[{"id":46803,"href":"https:\/\/continuamosmx.com\/index.php\/wp-json\/wp\/v2\/posts\/46801\/revisions\/46803"}],"wp:featuredmedia":[{"embeddable":true,"href":"https:\/\/continuamosmx.com\/index.php\/wp-json\/wp\/v2\/media\/46802"}],"wp:attachment":[{"href":"https:\/\/continuamosmx.com\/index.php\/wp-json\/wp\/v2\/media?parent=46801"}],"wp:term":[{"taxonomy":"category","embeddable":true,"href":"https:\/\/continuamosmx.com\/index.php\/wp-json\/wp\/v2\/categories?post=46801"},{"taxonomy":"post_tag","embeddable":true,"href":"https:\/\/continuamosmx.com\/index.php\/wp-json\/wp\/v2\/tags?post=46801"}],"curies":[{"name":"wp","href":"https:\/\/api.w.org\/{rel}","templated":true}]}}