{"id":46795,"date":"2024-04-30T18:36:08","date_gmt":"2024-04-30T18:36:08","guid":{"rendered":"https:\/\/continuamosmx.com\/?p=46795"},"modified":"2024-04-30T18:36:09","modified_gmt":"2024-04-30T18:36:09","slug":"la-esperanza-avanza-en-tlalnepantla-de-la-mano-con-el-pueblo-raciel-perez","status":"publish","type":"post","link":"https:\/\/continuamosmx.com\/index.php\/2024\/04\/30\/la-esperanza-avanza-en-tlalnepantla-de-la-mano-con-el-pueblo-raciel-perez\/","title":{"rendered":"\u00abLA ESPERANZA AVANZA EN TLALNEPANTLA DE LA MANO CON EL PUEBLO\u00bb: RACIEL P\u00c9REZ"},"content":{"rendered":"\n<p><strong>*El morenista resalt\u00f3 que la 4T nadie la para en la Tierra de Enmedio.<\/strong><\/p>\n\n\n\n<p>Por Jorge Contreras<\/p>\n\n\n\n<p>TLALNEPANTLA, M\u00e9x.- En su tercer d\u00eda de campa\u00f1a, Raciel P\u00e9rez Cruz, candidato de la coalici\u00f3n \u00abJuntos Haremos Historia por el Estado de M\u00e9xico\u00bb a la Presidencia Municipal de Tlalnepantla, llev\u00f3 a cabo una caminata por las calles del municipio, donde no solo salud\u00f3 a los comerciantes y vecinos, sino que tambi\u00e9n comparti\u00f3 momentos de convivencia con ellos.<\/p>\n\n\n\n<p>Expres\u00f3 su gratitud por el respaldo ciudadano y reafirm\u00f3 su compromiso con la transformaci\u00f3n del municipio.<\/p>\n\n\n\n<p>Acompa\u00f1ado por su compa\u00f1era de f\u00f3rmula, Jezabel Delgado, candidata a Diputada Local por el Distrito 18 de Tlalnepantla de Baz, P\u00e9rez Cruz interactu\u00f3 con los residentes de Lomas de San Andr\u00e9s Atenco Ampliaci\u00f3n, presentando sus propuestas y destacando el trabajo realizado en beneficio de la comunidad.<\/p>\n\n\n\n<p>El entusiasmo y la esperanza por el cambio en Tlalnepantla se reflejaron en la solicitud de los ciudadanos para la colocaci\u00f3n de microperforados en la parte trasera de sus veh\u00edculos como muestra de respaldo ante los pr\u00f3ximos comicios del 2 de junio.<\/p>\n\n\n\n<p>Este encuentro cercano con la ciudadan\u00eda demuestra el compromiso de Raciel P\u00e9rez Cruz y su equipo con el pueblo de Tlalnepantla, donde la esperanza avanza de la mano con sus habitantes hacia un futuro de progreso y bienestar.<\/p>\n","protected":false},"excerpt":{"rendered":"<p>*El morenista resalt\u00f3 que la 4T nadie la para en la Tierra de Enmedio. Por Jorge Contreras TLALNEPANTLA, M\u00e9x.- En su tercer d\u00eda de campa\u00f1a, Raciel P\u00e9rez Cruz, candidato de la coalici\u00f3n \u00abJuntos Haremos Historia por el Estado de M\u00e9xico\u00bb a la Presidencia Municipal de Tlalnepantla, llev\u00f3 a cabo una caminata por las calles del [&hellip;]<\/p>\n","protected":false},"author":6,"featured_media":46796,"comment_status":"open","ping_status":"open","sticky":false,"template":"","format":"standard","meta":{"footnotes":""},"categories":[4,79],"tags":[],"class_list":["post-46795","post","type-post","status-publish","format-standard","has-post-thumbnail","hentry","category-locales","category-tlalne"],"yoast_head":"<!-- This site is optimized with the Yoast SEO plugin v27.5 - https:\/\/yoast.com\/product\/yoast-seo-wordpress\/ -->\n<title>&quot;LA ESPERANZA AVANZA EN TLALNEPANTLA DE LA MANO CON EL PUEBLO&quot;: RACIEL P\u00c9REZ -<\/title>\n<meta name=\"robots\" content=\"index, follow, max-snippet:-1, max-image-preview:large, max-video-preview:-1\" \/>\n<link rel=\"canonical\" href=\"https:\/\/continuamosmx.com\/index.php\/2024\/04\/30\/la-esperanza-avanza-en-tlalnepantla-de-la-mano-con-el-pueblo-raciel-perez\/\" \/>\n<meta property=\"og:locale\" content=\"es_ES\" \/>\n<meta property=\"og:type\" content=\"article\" \/>\n<meta property=\"og:title\" content=\"&quot;LA ESPERANZA AVANZA EN TLALNEPANTLA DE LA MANO CON EL PUEBLO&quot;: RACIEL P\u00c9REZ -\" \/>\n<meta property=\"og:description\" content=\"*El morenista resalt\u00f3 que la 4T nadie la para en la Tierra de Enmedio. Por Jorge Contreras TLALNEPANTLA, M\u00e9x.- En su tercer d\u00eda de campa\u00f1a, Raciel P\u00e9rez Cruz, candidato de la coalici\u00f3n \u00abJuntos Haremos Historia por el Estado de M\u00e9xico\u00bb a la Presidencia Municipal de Tlalnepantla, llev\u00f3 a cabo una caminata por las calles del [&hellip;]\" \/>\n<meta property=\"og:url\" content=\"https:\/\/continuamosmx.com\/index.php\/2024\/04\/30\/la-esperanza-avanza-en-tlalnepantla-de-la-mano-con-el-pueblo-raciel-perez\/\" \/>\n<meta property=\"article:published_time\" content=\"2024-04-30T18:36:08+00:00\" \/>\n<meta property=\"article:modified_time\" content=\"2024-04-30T18:36:09+00:00\" \/>\n<meta property=\"og:image\" content=\"https:\/\/continuamosmx.com\/wp-content\/uploads\/2024\/04\/racie.jpg\" \/>\n\t<meta property=\"og:image:width\" content=\"1600\" \/>\n\t<meta property=\"og:image:height\" content=\"1067\" \/>\n\t<meta property=\"og:image:type\" content=\"image\/jpeg\" \/>\n<meta name=\"author\" content=\"Continuamos MX\" \/>\n<meta name=\"twitter:card\" content=\"summary_large_image\" \/>\n<meta name=\"twitter:label1\" content=\"Escrito por\" \/>\n\t<meta name=\"twitter:data1\" content=\"Continuamos MX\" \/>\n\t<meta name=\"twitter:label2\" content=\"Tiempo de lectura\" \/>\n\t<meta name=\"twitter:data2\" content=\"1 minuto\" \/>\n<script type=\"application\/ld+json\" class=\"yoast-schema-graph\">{\"@context\":\"https:\\\/\\\/schema.org\",\"@graph\":[{\"@type\":\"Article\",\"@id\":\"https:\\\/\\\/continuamosmx.com\\\/index.php\\\/2024\\\/04\\\/30\\\/la-esperanza-avanza-en-tlalnepantla-de-la-mano-con-el-pueblo-raciel-perez\\\/#article\",\"isPartOf\":{\"@id\":\"https:\\\/\\\/continuamosmx.com\\\/index.php\\\/2024\\\/04\\\/30\\\/la-esperanza-avanza-en-tlalnepantla-de-la-mano-con-el-pueblo-raciel-perez\\\/\"},\"author\":{\"name\":\"Continuamos MX\",\"@id\":\"https:\\\/\\\/continuamosmx.com\\\/#\\\/schema\\\/person\\\/5eb5356acb1fad784da407d14f0e8d89\"},\"headline\":\"\u00abLA ESPERANZA AVANZA EN TLALNEPANTLA DE LA MANO CON EL PUEBLO\u00bb: RACIEL P\u00c9REZ\",\"datePublished\":\"2024-04-30T18:36:08+00:00\",\"dateModified\":\"2024-04-30T18:36:09+00:00\",\"mainEntityOfPage\":{\"@id\":\"https:\\\/\\\/continuamosmx.com\\\/index.php\\\/2024\\\/04\\\/30\\\/la-esperanza-avanza-en-tlalnepantla-de-la-mano-con-el-pueblo-raciel-perez\\\/\"},\"wordCount\":248,\"commentCount\":0,\"publisher\":{\"@id\":\"https:\\\/\\\/continuamosmx.com\\\/#organization\"},\"image\":{\"@id\":\"https:\\\/\\\/continuamosmx.com\\\/index.php\\\/2024\\\/04\\\/30\\\/la-esperanza-avanza-en-tlalnepantla-de-la-mano-con-el-pueblo-raciel-perez\\\/#primaryimage\"},\"thumbnailUrl\":\"https:\\\/\\\/continuamosmx.com\\\/wp-content\\\/uploads\\\/2024\\\/04\\\/racie.jpg\",\"articleSection\":[\"LOCALES\",\"TLALNEPANTLA\"],\"inLanguage\":\"es\"},{\"@type\":\"WebPage\",\"@id\":\"https:\\\/\\\/continuamosmx.com\\\/index.php\\\/2024\\\/04\\\/30\\\/la-esperanza-avanza-en-tlalnepantla-de-la-mano-con-el-pueblo-raciel-perez\\\/\",\"url\":\"https:\\\/\\\/continuamosmx.com\\\/index.php\\\/2024\\\/04\\\/30\\\/la-esperanza-avanza-en-tlalnepantla-de-la-mano-con-el-pueblo-raciel-perez\\\/\",\"name\":\"\\\"LA ESPERANZA AVANZA EN TLALNEPANTLA DE LA MANO CON EL PUEBLO\\\": RACIEL P\u00c9REZ -\",\"isPartOf\":{\"@id\":\"https:\\\/\\\/continuamosmx.com\\\/#website\"},\"primaryImageOfPage\":{\"@id\":\"https:\\\/\\\/continuamosmx.com\\\/index.php\\\/2024\\\/04\\\/30\\\/la-esperanza-avanza-en-tlalnepantla-de-la-mano-con-el-pueblo-raciel-perez\\\/#primaryimage\"},\"image\":{\"@id\":\"https:\\\/\\\/continuamosmx.com\\\/index.php\\\/2024\\\/04\\\/30\\\/la-esperanza-avanza-en-tlalnepantla-de-la-mano-con-el-pueblo-raciel-perez\\\/#primaryimage\"},\"thumbnailUrl\":\"https:\\\/\\\/continuamosmx.com\\\/wp-content\\\/uploads\\\/2024\\\/04\\\/racie.jpg\",\"datePublished\":\"2024-04-30T18:36:08+00:00\",\"dateModified\":\"2024-04-30T18:36:09+00:00\",\"breadcrumb\":{\"@id\":\"https:\\\/\\\/continuamosmx.com\\\/index.php\\\/2024\\\/04\\\/30\\\/la-esperanza-avanza-en-tlalnepantla-de-la-mano-con-el-pueblo-raciel-perez\\\/#breadcrumb\"},\"inLanguage\":\"es\",\"potentialAction\":[{\"@type\":\"ReadAction\",\"target\":[\"https:\\\/\\\/continuamosmx.com\\\/index.php\\\/2024\\\/04\\\/30\\\/la-esperanza-avanza-en-tlalnepantla-de-la-mano-con-el-pueblo-raciel-perez\\\/\"]}]},{\"@type\":\"ImageObject\",\"inLanguage\":\"es\",\"@id\":\"https:\\\/\\\/continuamosmx.com\\\/index.php\\\/2024\\\/04\\\/30\\\/la-esperanza-avanza-en-tlalnepantla-de-la-mano-con-el-pueblo-raciel-perez\\\/#primaryimage\",\"url\":\"https:\\\/\\\/continuamosmx.com\\\/wp-content\\\/uploads\\\/2024\\\/04\\\/racie.jpg\",\"contentUrl\":\"https:\\\/\\\/continuamosmx.com\\\/wp-content\\\/uploads\\\/2024\\\/04\\\/racie.jpg\",\"width\":1600,\"height\":1067},{\"@type\":\"BreadcrumbList\",\"@id\":\"https:\\\/\\\/continuamosmx.com\\\/index.php\\\/2024\\\/04\\\/30\\\/la-esperanza-avanza-en-tlalnepantla-de-la-mano-con-el-pueblo-raciel-perez\\\/#breadcrumb\",\"itemListElement\":[{\"@type\":\"ListItem\",\"position\":1,\"name\":\"Inicio\",\"item\":\"https:\\\/\\\/continuamosmx.com\\\/\"},{\"@type\":\"ListItem\",\"position\":2,\"name\":\"&#8220;LA ESPERANZA AVANZA EN TLALNEPANTLA DE LA MANO CON EL PUEBLO&#8221;: RACIEL P\u00c9REZ\"}]},{\"@type\":\"WebSite\",\"@id\":\"https:\\\/\\\/continuamosmx.com\\\/#website\",\"url\":\"https:\\\/\\\/continuamosmx.com\\\/\",\"name\":\"www.continuamosmx.com\",\"description\":\"\",\"publisher\":{\"@id\":\"https:\\\/\\\/continuamosmx.com\\\/#organization\"},\"potentialAction\":[{\"@type\":\"SearchAction\",\"target\":{\"@type\":\"EntryPoint\",\"urlTemplate\":\"https:\\\/\\\/continuamosmx.com\\\/?s={search_term_string}\"},\"query-input\":{\"@type\":\"PropertyValueSpecification\",\"valueRequired\":true,\"valueName\":\"search_term_string\"}}],\"inLanguage\":\"es\"},{\"@type\":\"Organization\",\"@id\":\"https:\\\/\\\/continuamosmx.com\\\/#organization\",\"name\":\"ContinuamosMX\",\"url\":\"https:\\\/\\\/continuamosmx.com\\\/\",\"logo\":{\"@type\":\"ImageObject\",\"inLanguage\":\"es\",\"@id\":\"https:\\\/\\\/continuamosmx.com\\\/#\\\/schema\\\/logo\\\/image\\\/\",\"url\":\"https:\\\/\\\/continuamosmx.com\\\/wp-content\\\/uploads\\\/2023\\\/04\\\/cropped-LOGO-CONTI-NUEVO.png\",\"contentUrl\":\"https:\\\/\\\/continuamosmx.com\\\/wp-content\\\/uploads\\\/2023\\\/04\\\/cropped-LOGO-CONTI-NUEVO.png\",\"width\":1257,\"height\":430,\"caption\":\"ContinuamosMX\"},\"image\":{\"@id\":\"https:\\\/\\\/continuamosmx.com\\\/#\\\/schema\\\/logo\\\/image\\\/\"}},{\"@type\":\"Person\",\"@id\":\"https:\\\/\\\/continuamosmx.com\\\/#\\\/schema\\\/person\\\/5eb5356acb1fad784da407d14f0e8d89\",\"name\":\"Continuamos MX\",\"image\":{\"@type\":\"ImageObject\",\"inLanguage\":\"es\",\"@id\":\"https:\\\/\\\/secure.gravatar.com\\\/avatar\\\/30d4f9723476a15f4da34d35fb3501f08d2357016c76051c6a85c354c7489589?s=96&d=mm&r=g\",\"url\":\"https:\\\/\\\/secure.gravatar.com\\\/avatar\\\/30d4f9723476a15f4da34d35fb3501f08d2357016c76051c6a85c354c7489589?s=96&d=mm&r=g\",\"contentUrl\":\"https:\\\/\\\/secure.gravatar.com\\\/avatar\\\/30d4f9723476a15f4da34d35fb3501f08d2357016c76051c6a85c354c7489589?s=96&d=mm&r=g\",\"caption\":\"Continuamos MX\"},\"sameAs\":[\"http:\\\/\\\/www.continuamos.mx\"],\"url\":\"https:\\\/\\\/continuamosmx.com\\\/index.php\\\/author\\\/continuamos\\\/\"}]}<\/script>\n<!-- \/ Yoast SEO plugin. -->","yoast_head_json":{"title":"\"LA ESPERANZA AVANZA EN TLALNEPANTLA DE LA MANO CON EL PUEBLO\": RACIEL P\u00c9REZ -","robots":{"index":"index","follow":"follow","max-snippet":"max-snippet:-1","max-image-preview":"max-image-preview:large","max-video-preview":"max-video-preview:-1"},"canonical":"https:\/\/continuamosmx.com\/index.php\/2024\/04\/30\/la-esperanza-avanza-en-tlalnepantla-de-la-mano-con-el-pueblo-raciel-perez\/","og_locale":"es_ES","og_type":"article","og_title":"\"LA ESPERANZA AVANZA EN TLALNEPANTLA DE LA MANO CON EL PUEBLO\": RACIEL P\u00c9REZ -","og_description":"*El morenista resalt\u00f3 que la 4T nadie la para en la Tierra de Enmedio. Por Jorge Contreras TLALNEPANTLA, M\u00e9x.- En su tercer d\u00eda de campa\u00f1a, Raciel P\u00e9rez Cruz, candidato de la coalici\u00f3n \u00abJuntos Haremos Historia por el Estado de M\u00e9xico\u00bb a la Presidencia Municipal de Tlalnepantla, llev\u00f3 a cabo una caminata por las calles del [&hellip;]","og_url":"https:\/\/continuamosmx.com\/index.php\/2024\/04\/30\/la-esperanza-avanza-en-tlalnepantla-de-la-mano-con-el-pueblo-raciel-perez\/","article_published_time":"2024-04-30T18:36:08+00:00","article_modified_time":"2024-04-30T18:36:09+00:00","og_image":[{"width":1600,"height":1067,"url":"https:\/\/continuamosmx.com\/wp-content\/uploads\/2024\/04\/racie.jpg","type":"image\/jpeg"}],"author":"Continuamos MX","twitter_card":"summary_large_image","twitter_misc":{"Escrito por":"Continuamos MX","Tiempo de lectura":"1 minuto"},"schema":{"@context":"https:\/\/schema.org","@graph":[{"@type":"Article","@id":"https:\/\/continuamosmx.com\/index.php\/2024\/04\/30\/la-esperanza-avanza-en-tlalnepantla-de-la-mano-con-el-pueblo-raciel-perez\/#article","isPartOf":{"@id":"https:\/\/continuamosmx.com\/index.php\/2024\/04\/30\/la-esperanza-avanza-en-tlalnepantla-de-la-mano-con-el-pueblo-raciel-perez\/"},"author":{"name":"Continuamos MX","@id":"https:\/\/continuamosmx.com\/#\/schema\/person\/5eb5356acb1fad784da407d14f0e8d89"},"headline":"\u00abLA ESPERANZA AVANZA EN TLALNEPANTLA DE LA MANO CON EL PUEBLO\u00bb: RACIEL P\u00c9REZ","datePublished":"2024-04-30T18:36:08+00:00","dateModified":"2024-04-30T18:36:09+00:00","mainEntityOfPage":{"@id":"https:\/\/continuamosmx.com\/index.php\/2024\/04\/30\/la-esperanza-avanza-en-tlalnepantla-de-la-mano-con-el-pueblo-raciel-perez\/"},"wordCount":248,"commentCount":0,"publisher":{"@id":"https:\/\/continuamosmx.com\/#organization"},"image":{"@id":"https:\/\/continuamosmx.com\/index.php\/2024\/04\/30\/la-esperanza-avanza-en-tlalnepantla-de-la-mano-con-el-pueblo-raciel-perez\/#primaryimage"},"thumbnailUrl":"https:\/\/continuamosmx.com\/wp-content\/uploads\/2024\/04\/racie.jpg","articleSection":["LOCALES","TLALNEPANTLA"],"inLanguage":"es"},{"@type":"WebPage","@id":"https:\/\/continuamosmx.com\/index.php\/2024\/04\/30\/la-esperanza-avanza-en-tlalnepantla-de-la-mano-con-el-pueblo-raciel-perez\/","url":"https:\/\/continuamosmx.com\/index.php\/2024\/04\/30\/la-esperanza-avanza-en-tlalnepantla-de-la-mano-con-el-pueblo-raciel-perez\/","name":"\"LA ESPERANZA AVANZA EN TLALNEPANTLA DE LA MANO CON EL PUEBLO\": RACIEL P\u00c9REZ -","isPartOf":{"@id":"https:\/\/continuamosmx.com\/#website"},"primaryImageOfPage":{"@id":"https:\/\/continuamosmx.com\/index.php\/2024\/04\/30\/la-esperanza-avanza-en-tlalnepantla-de-la-mano-con-el-pueblo-raciel-perez\/#primaryimage"},"image":{"@id":"https:\/\/continuamosmx.com\/index.php\/2024\/04\/30\/la-esperanza-avanza-en-tlalnepantla-de-la-mano-con-el-pueblo-raciel-perez\/#primaryimage"},"thumbnailUrl":"https:\/\/continuamosmx.com\/wp-content\/uploads\/2024\/04\/racie.jpg","datePublished":"2024-04-30T18:36:08+00:00","dateModified":"2024-04-30T18:36:09+00:00","breadcrumb":{"@id":"https:\/\/continuamosmx.com\/index.php\/2024\/04\/30\/la-esperanza-avanza-en-tlalnepantla-de-la-mano-con-el-pueblo-raciel-perez\/#breadcrumb"},"inLanguage":"es","potentialAction":[{"@type":"ReadAction","target":["https:\/\/continuamosmx.com\/index.php\/2024\/04\/30\/la-esperanza-avanza-en-tlalnepantla-de-la-mano-con-el-pueblo-raciel-perez\/"]}]},{"@type":"ImageObject","inLanguage":"es","@id":"https:\/\/continuamosmx.com\/index.php\/2024\/04\/30\/la-esperanza-avanza-en-tlalnepantla-de-la-mano-con-el-pueblo-raciel-perez\/#primaryimage","url":"https:\/\/continuamosmx.com\/wp-content\/uploads\/2024\/04\/racie.jpg","contentUrl":"https:\/\/continuamosmx.com\/wp-content\/uploads\/2024\/04\/racie.jpg","width":1600,"height":1067},{"@type":"BreadcrumbList","@id":"https:\/\/continuamosmx.com\/index.php\/2024\/04\/30\/la-esperanza-avanza-en-tlalnepantla-de-la-mano-con-el-pueblo-raciel-perez\/#breadcrumb","itemListElement":[{"@type":"ListItem","position":1,"name":"Inicio","item":"https:\/\/continuamosmx.com\/"},{"@type":"ListItem","position":2,"name":"&#8220;LA ESPERANZA AVANZA EN TLALNEPANTLA DE LA MANO CON EL PUEBLO&#8221;: RACIEL P\u00c9REZ"}]},{"@type":"WebSite","@id":"https:\/\/continuamosmx.com\/#website","url":"https:\/\/continuamosmx.com\/","name":"www.continuamosmx.com","description":"","publisher":{"@id":"https:\/\/continuamosmx.com\/#organization"},"potentialAction":[{"@type":"SearchAction","target":{"@type":"EntryPoint","urlTemplate":"https:\/\/continuamosmx.com\/?s={search_term_string}"},"query-input":{"@type":"PropertyValueSpecification","valueRequired":true,"valueName":"search_term_string"}}],"inLanguage":"es"},{"@type":"Organization","@id":"https:\/\/continuamosmx.com\/#organization","name":"ContinuamosMX","url":"https:\/\/continuamosmx.com\/","logo":{"@type":"ImageObject","inLanguage":"es","@id":"https:\/\/continuamosmx.com\/#\/schema\/logo\/image\/","url":"https:\/\/continuamosmx.com\/wp-content\/uploads\/2023\/04\/cropped-LOGO-CONTI-NUEVO.png","contentUrl":"https:\/\/continuamosmx.com\/wp-content\/uploads\/2023\/04\/cropped-LOGO-CONTI-NUEVO.png","width":1257,"height":430,"caption":"ContinuamosMX"},"image":{"@id":"https:\/\/continuamosmx.com\/#\/schema\/logo\/image\/"}},{"@type":"Person","@id":"https:\/\/continuamosmx.com\/#\/schema\/person\/5eb5356acb1fad784da407d14f0e8d89","name":"Continuamos MX","image":{"@type":"ImageObject","inLanguage":"es","@id":"https:\/\/secure.gravatar.com\/avatar\/30d4f9723476a15f4da34d35fb3501f08d2357016c76051c6a85c354c7489589?s=96&d=mm&r=g","url":"https:\/\/secure.gravatar.com\/avatar\/30d4f9723476a15f4da34d35fb3501f08d2357016c76051c6a85c354c7489589?s=96&d=mm&r=g","contentUrl":"https:\/\/secure.gravatar.com\/avatar\/30d4f9723476a15f4da34d35fb3501f08d2357016c76051c6a85c354c7489589?s=96&d=mm&r=g","caption":"Continuamos MX"},"sameAs":["http:\/\/www.continuamos.mx"],"url":"https:\/\/continuamosmx.com\/index.php\/author\/continuamos\/"}]}},"_links":{"self":[{"href":"https:\/\/continuamosmx.com\/index.php\/wp-json\/wp\/v2\/posts\/46795","targetHints":{"allow":["GET"]}}],"collection":[{"href":"https:\/\/continuamosmx.com\/index.php\/wp-json\/wp\/v2\/posts"}],"about":[{"href":"https:\/\/continuamosmx.com\/index.php\/wp-json\/wp\/v2\/types\/post"}],"author":[{"embeddable":true,"href":"https:\/\/continuamosmx.com\/index.php\/wp-json\/wp\/v2\/users\/6"}],"replies":[{"embeddable":true,"href":"https:\/\/continuamosmx.com\/index.php\/wp-json\/wp\/v2\/comments?post=46795"}],"version-history":[{"count":1,"href":"https:\/\/continuamosmx.com\/index.php\/wp-json\/wp\/v2\/posts\/46795\/revisions"}],"predecessor-version":[{"id":46797,"href":"https:\/\/continuamosmx.com\/index.php\/wp-json\/wp\/v2\/posts\/46795\/revisions\/46797"}],"wp:featuredmedia":[{"embeddable":true,"href":"https:\/\/continuamosmx.com\/index.php\/wp-json\/wp\/v2\/media\/46796"}],"wp:attachment":[{"href":"https:\/\/continuamosmx.com\/index.php\/wp-json\/wp\/v2\/media?parent=46795"}],"wp:term":[{"taxonomy":"category","embeddable":true,"href":"https:\/\/continuamosmx.com\/index.php\/wp-json\/wp\/v2\/categories?post=46795"},{"taxonomy":"post_tag","embeddable":true,"href":"https:\/\/continuamosmx.com\/index.php\/wp-json\/wp\/v2\/tags?post=46795"}],"curies":[{"name":"wp","href":"https:\/\/api.w.org\/{rel}","templated":true}]}}