{"id":46785,"date":"2024-04-29T18:08:23","date_gmt":"2024-04-29T18:08:23","guid":{"rendered":"https:\/\/continuamosmx.com\/?p=46785"},"modified":"2024-04-30T18:12:40","modified_gmt":"2024-04-30T18:12:40","slug":"transportistas-se-suman-a-la-campana-de-romina-contreras-en-huixquilucan","status":"publish","type":"post","link":"https:\/\/continuamosmx.com\/index.php\/2024\/04\/29\/transportistas-se-suman-a-la-campana-de-romina-contreras-en-huixquilucan\/","title":{"rendered":"TRANSPORTISTAS SE SUMAN A LA CAMPA\u00d1A DE ROMINA CONTRERAS EN HUIXQUILUCAN"},"content":{"rendered":"\n<p>*<strong>La panista se\u00f1al\u00f3 que su pr\u00f3ximo gobierno invertir\u00e1 en obra p\u00fablica que mejore la movilidad de su municipio<\/strong><\/p>\n\n\n\n<p>HUIXQUILUCAN, M\u00e9x.- M\u00e1s de dos mil conductores del transporte p\u00fablico se unieron a la campa\u00f1a de la candidata del Partido Acci\u00f3n Nacional (PAN) a la presidencia unicipal de Huixquilucan, Romina Contreras Carrasco.<\/p>\n\n\n\n<p>Est\u00e1 uni\u00f3n se da a trav\u00e9s de la pega de calcas en sus unidades, y para que sigan las estrategias que han dado resultados a este sector, como el reordenamiento vial, seguridad y una mejor movilidad en la demarcaci\u00f3n.<\/p>\n\n\n\n<p>Conductores de las 10 rutas del transporte p\u00fablico que circulan por Huixquilucan refrendaron su respaldo a Romina Contreras y se\u00f1alaron que, el pr\u00f3ximo 02 de junio, su voto ser\u00e1 para su proyecto, debido a que los gobiernos del PAN cumplen lo que prometen e implementan acciones que ayudan al desarrollo del municipio que beneficia a los usuarios y conductores de este servicio.<\/p>\n\n\n\n<p>La candidata panista record\u00f3 que, de ser ganadora en este proceso electoral para ser presidenta municipal por segunda vez consecutiva, continuar\u00e1 escuchando las peticiones y sugerencias de este sector, con la finalidad de implementar pol\u00edticas p\u00fablicas que mejoren las condiciones para este gremio.<\/p>\n\n\n\n<p>Como muestra de apoyo, en la vialidad de la Barranca de Hueyetlaco, los m\u00e1s de dos mil transportistas, entre conductores de taxis y combis, colocaron en sus unidades calcas a favor de la candidata del PAN a la Presidencia Municipal de Huixquilucan, con el objetivo de que la gente conozca las propuestas de campa\u00f1a y contin\u00faen uni\u00e9ndose a su proyecto.<\/p>\n\n\n\n<p>Por \u00faltimo, simpatizantes del PAN realizaron una jornada de bandereo en Interlomas y, en un ambiente acompa\u00f1ado con m\u00fasica y porras, entregaron folletos a los automovilistas que pasaban por la zona, para dar a conocer las propuestas de campa\u00f1a de Romina Contreras.<\/p>\n\n\n\n<p>TRANSPORTISTAS SE SUMAN A LA CAMPA\u00d1A DE ROMINA CONTRERAS EN HUIXQUILUCAN<\/p>\n\n\n\n<p>*La panista se\u00f1al\u00f3 que su pr\u00f3ximo gobierno invertir\u00e1 en obra p\u00fablica que mejore la movilidad de su municipio<\/p>\n\n\n\n<p>HUIXQUILUCAN, M\u00e9x.- M\u00e1s de dos mil conductores del transporte p\u00fablico se unieron a la campa\u00f1a de la candidata del Partido Acci\u00f3n Nacional (PAN) a la presidencia unicipal de Huixquilucan, Romina Contreras Carrasco.<\/p>\n\n\n\n<p>Est\u00e1 uni\u00f3n se da a trav\u00e9s de la pega de calcas en sus unidades, y para que sigan las estrategias que han dado resultados a este sector, como el reordenamiento vial, seguridad y una mejor movilidad en la demarcaci\u00f3n.<\/p>\n\n\n\n<p>Conductores de las 10 rutas del transporte p\u00fablico que circulan por Huixquilucan refrendaron su respaldo a Romina Contreras y se\u00f1alaron que, el pr\u00f3ximo 02 de junio, su voto ser\u00e1 para su proyecto, debido a que los gobiernos del PAN cumplen lo que prometen e implementan acciones que ayudan al desarrollo del municipio que beneficia a los usuarios y conductores de este servicio.<\/p>\n\n\n\n<p>La candidata panista record\u00f3 que, de ser ganadora en este proceso electoral para ser presidenta municipal por segunda vez consecutiva, continuar\u00e1 escuchando las peticiones y sugerencias de este sector, con la finalidad de implementar pol\u00edticas p\u00fablicas que mejoren las condiciones para este gremio.<\/p>\n\n\n\n<p>Como muestra de apoyo, en la vialidad de la Barranca de Hueyetlaco, los m\u00e1s de dos mil transportistas, entre conductores de taxis y combis, colocaron en sus unidades calcas a favor de la candidata del PAN a la Presidencia Municipal de Huixquilucan, con el objetivo de que la gente conozca las propuestas de campa\u00f1a y contin\u00faen uni\u00e9ndose a su proyecto.<\/p>\n\n\n\n<p>Por \u00faltimo, simpatizantes del PAN realizaron una jornada de bandereo en Interlomas y, en un ambiente acompa\u00f1ado con m\u00fasica y porras, entregaron folletos a los automovilistas que pasaban por la zona, para dar a conocer las propuestas de campa\u00f1a de Romina Contreras.<\/p>\n","protected":false},"excerpt":{"rendered":"<p>*La panista se\u00f1al\u00f3 que su pr\u00f3ximo gobierno invertir\u00e1 en obra p\u00fablica que mejore la movilidad de su municipio HUIXQUILUCAN, M\u00e9x.- M\u00e1s de dos mil conductores del transporte p\u00fablico se unieron a la campa\u00f1a de la candidata del Partido Acci\u00f3n Nacional (PAN) a la presidencia unicipal de Huixquilucan, Romina Contreras Carrasco. Est\u00e1 uni\u00f3n se da a [&hellip;]<\/p>\n","protected":false},"author":6,"featured_media":46786,"comment_status":"open","ping_status":"open","sticky":false,"template":"","format":"standard","meta":{"footnotes":""},"categories":[5,4],"tags":[],"class_list":["post-46785","post","type-post","status-publish","format-standard","has-post-thumbnail","hentry","category-huixquilucan","category-locales"],"yoast_head":"<!-- This site is optimized with the Yoast SEO plugin v27.4 - https:\/\/yoast.com\/product\/yoast-seo-wordpress\/ -->\n<title>TRANSPORTISTAS SE SUMAN A LA CAMPA\u00d1A DE ROMINA CONTRERAS EN HUIXQUILUCAN -<\/title>\n<meta name=\"robots\" content=\"index, follow, max-snippet:-1, max-image-preview:large, max-video-preview:-1\" \/>\n<link rel=\"canonical\" href=\"https:\/\/continuamosmx.com\/index.php\/2024\/04\/29\/transportistas-se-suman-a-la-campana-de-romina-contreras-en-huixquilucan\/\" \/>\n<meta property=\"og:locale\" content=\"es_ES\" \/>\n<meta property=\"og:type\" content=\"article\" \/>\n<meta property=\"og:title\" content=\"TRANSPORTISTAS SE SUMAN A LA CAMPA\u00d1A DE ROMINA CONTRERAS EN HUIXQUILUCAN -\" \/>\n<meta property=\"og:description\" content=\"*La panista se\u00f1al\u00f3 que su pr\u00f3ximo gobierno invertir\u00e1 en obra p\u00fablica que mejore la movilidad de su municipio HUIXQUILUCAN, M\u00e9x.- M\u00e1s de dos mil conductores del transporte p\u00fablico se unieron a la campa\u00f1a de la candidata del Partido Acci\u00f3n Nacional (PAN) a la presidencia unicipal de Huixquilucan, Romina Contreras Carrasco. Est\u00e1 uni\u00f3n se da a [&hellip;]\" \/>\n<meta property=\"og:url\" content=\"https:\/\/continuamosmx.com\/index.php\/2024\/04\/29\/transportistas-se-suman-a-la-campana-de-romina-contreras-en-huixquilucan\/\" \/>\n<meta property=\"article:published_time\" content=\"2024-04-29T18:08:23+00:00\" \/>\n<meta property=\"article:modified_time\" content=\"2024-04-30T18:12:40+00:00\" \/>\n<meta property=\"og:image\" content=\"https:\/\/continuamosmx.com\/wp-content\/uploads\/2024\/04\/trans1.jpg\" \/>\n\t<meta property=\"og:image:width\" content=\"1280\" \/>\n\t<meta property=\"og:image:height\" content=\"718\" \/>\n\t<meta property=\"og:image:type\" content=\"image\/jpeg\" \/>\n<meta name=\"author\" content=\"Continuamos MX\" \/>\n<meta name=\"twitter:card\" content=\"summary_large_image\" \/>\n<meta name=\"twitter:label1\" content=\"Escrito por\" \/>\n\t<meta name=\"twitter:data1\" content=\"Continuamos MX\" \/>\n\t<meta name=\"twitter:label2\" content=\"Tiempo de lectura\" \/>\n\t<meta name=\"twitter:data2\" content=\"3 minutos\" \/>\n<script type=\"application\/ld+json\" class=\"yoast-schema-graph\">{\"@context\":\"https:\\\/\\\/schema.org\",\"@graph\":[{\"@type\":\"Article\",\"@id\":\"https:\\\/\\\/continuamosmx.com\\\/index.php\\\/2024\\\/04\\\/29\\\/transportistas-se-suman-a-la-campana-de-romina-contreras-en-huixquilucan\\\/#article\",\"isPartOf\":{\"@id\":\"https:\\\/\\\/continuamosmx.com\\\/index.php\\\/2024\\\/04\\\/29\\\/transportistas-se-suman-a-la-campana-de-romina-contreras-en-huixquilucan\\\/\"},\"author\":{\"name\":\"Continuamos MX\",\"@id\":\"https:\\\/\\\/continuamosmx.com\\\/#\\\/schema\\\/person\\\/5eb5356acb1fad784da407d14f0e8d89\"},\"headline\":\"TRANSPORTISTAS SE SUMAN A LA CAMPA\u00d1A DE ROMINA CONTRERAS EN HUIXQUILUCAN\",\"datePublished\":\"2024-04-29T18:08:23+00:00\",\"dateModified\":\"2024-04-30T18:12:40+00:00\",\"mainEntityOfPage\":{\"@id\":\"https:\\\/\\\/continuamosmx.com\\\/index.php\\\/2024\\\/04\\\/29\\\/transportistas-se-suman-a-la-campana-de-romina-contreras-en-huixquilucan\\\/\"},\"wordCount\":660,\"commentCount\":0,\"publisher\":{\"@id\":\"https:\\\/\\\/continuamosmx.com\\\/#organization\"},\"image\":{\"@id\":\"https:\\\/\\\/continuamosmx.com\\\/index.php\\\/2024\\\/04\\\/29\\\/transportistas-se-suman-a-la-campana-de-romina-contreras-en-huixquilucan\\\/#primaryimage\"},\"thumbnailUrl\":\"https:\\\/\\\/continuamosmx.com\\\/wp-content\\\/uploads\\\/2024\\\/04\\\/trans1.jpg\",\"articleSection\":[\"HUIXQUILUCAN\",\"LOCALES\"],\"inLanguage\":\"es\"},{\"@type\":\"WebPage\",\"@id\":\"https:\\\/\\\/continuamosmx.com\\\/index.php\\\/2024\\\/04\\\/29\\\/transportistas-se-suman-a-la-campana-de-romina-contreras-en-huixquilucan\\\/\",\"url\":\"https:\\\/\\\/continuamosmx.com\\\/index.php\\\/2024\\\/04\\\/29\\\/transportistas-se-suman-a-la-campana-de-romina-contreras-en-huixquilucan\\\/\",\"name\":\"TRANSPORTISTAS SE SUMAN A LA CAMPA\u00d1A DE ROMINA CONTRERAS EN HUIXQUILUCAN -\",\"isPartOf\":{\"@id\":\"https:\\\/\\\/continuamosmx.com\\\/#website\"},\"primaryImageOfPage\":{\"@id\":\"https:\\\/\\\/continuamosmx.com\\\/index.php\\\/2024\\\/04\\\/29\\\/transportistas-se-suman-a-la-campana-de-romina-contreras-en-huixquilucan\\\/#primaryimage\"},\"image\":{\"@id\":\"https:\\\/\\\/continuamosmx.com\\\/index.php\\\/2024\\\/04\\\/29\\\/transportistas-se-suman-a-la-campana-de-romina-contreras-en-huixquilucan\\\/#primaryimage\"},\"thumbnailUrl\":\"https:\\\/\\\/continuamosmx.com\\\/wp-content\\\/uploads\\\/2024\\\/04\\\/trans1.jpg\",\"datePublished\":\"2024-04-29T18:08:23+00:00\",\"dateModified\":\"2024-04-30T18:12:40+00:00\",\"breadcrumb\":{\"@id\":\"https:\\\/\\\/continuamosmx.com\\\/index.php\\\/2024\\\/04\\\/29\\\/transportistas-se-suman-a-la-campana-de-romina-contreras-en-huixquilucan\\\/#breadcrumb\"},\"inLanguage\":\"es\",\"potentialAction\":[{\"@type\":\"ReadAction\",\"target\":[\"https:\\\/\\\/continuamosmx.com\\\/index.php\\\/2024\\\/04\\\/29\\\/transportistas-se-suman-a-la-campana-de-romina-contreras-en-huixquilucan\\\/\"]}]},{\"@type\":\"ImageObject\",\"inLanguage\":\"es\",\"@id\":\"https:\\\/\\\/continuamosmx.com\\\/index.php\\\/2024\\\/04\\\/29\\\/transportistas-se-suman-a-la-campana-de-romina-contreras-en-huixquilucan\\\/#primaryimage\",\"url\":\"https:\\\/\\\/continuamosmx.com\\\/wp-content\\\/uploads\\\/2024\\\/04\\\/trans1.jpg\",\"contentUrl\":\"https:\\\/\\\/continuamosmx.com\\\/wp-content\\\/uploads\\\/2024\\\/04\\\/trans1.jpg\",\"width\":1280,\"height\":718},{\"@type\":\"BreadcrumbList\",\"@id\":\"https:\\\/\\\/continuamosmx.com\\\/index.php\\\/2024\\\/04\\\/29\\\/transportistas-se-suman-a-la-campana-de-romina-contreras-en-huixquilucan\\\/#breadcrumb\",\"itemListElement\":[{\"@type\":\"ListItem\",\"position\":1,\"name\":\"Inicio\",\"item\":\"https:\\\/\\\/continuamosmx.com\\\/\"},{\"@type\":\"ListItem\",\"position\":2,\"name\":\"TRANSPORTISTAS SE SUMAN A LA CAMPA\u00d1A DE ROMINA CONTRERAS EN HUIXQUILUCAN\"}]},{\"@type\":\"WebSite\",\"@id\":\"https:\\\/\\\/continuamosmx.com\\\/#website\",\"url\":\"https:\\\/\\\/continuamosmx.com\\\/\",\"name\":\"www.continuamosmx.com\",\"description\":\"\",\"publisher\":{\"@id\":\"https:\\\/\\\/continuamosmx.com\\\/#organization\"},\"potentialAction\":[{\"@type\":\"SearchAction\",\"target\":{\"@type\":\"EntryPoint\",\"urlTemplate\":\"https:\\\/\\\/continuamosmx.com\\\/?s={search_term_string}\"},\"query-input\":{\"@type\":\"PropertyValueSpecification\",\"valueRequired\":true,\"valueName\":\"search_term_string\"}}],\"inLanguage\":\"es\"},{\"@type\":\"Organization\",\"@id\":\"https:\\\/\\\/continuamosmx.com\\\/#organization\",\"name\":\"ContinuamosMX\",\"url\":\"https:\\\/\\\/continuamosmx.com\\\/\",\"logo\":{\"@type\":\"ImageObject\",\"inLanguage\":\"es\",\"@id\":\"https:\\\/\\\/continuamosmx.com\\\/#\\\/schema\\\/logo\\\/image\\\/\",\"url\":\"https:\\\/\\\/continuamosmx.com\\\/wp-content\\\/uploads\\\/2023\\\/04\\\/cropped-LOGO-CONTI-NUEVO.png\",\"contentUrl\":\"https:\\\/\\\/continuamosmx.com\\\/wp-content\\\/uploads\\\/2023\\\/04\\\/cropped-LOGO-CONTI-NUEVO.png\",\"width\":1257,\"height\":430,\"caption\":\"ContinuamosMX\"},\"image\":{\"@id\":\"https:\\\/\\\/continuamosmx.com\\\/#\\\/schema\\\/logo\\\/image\\\/\"}},{\"@type\":\"Person\",\"@id\":\"https:\\\/\\\/continuamosmx.com\\\/#\\\/schema\\\/person\\\/5eb5356acb1fad784da407d14f0e8d89\",\"name\":\"Continuamos MX\",\"image\":{\"@type\":\"ImageObject\",\"inLanguage\":\"es\",\"@id\":\"https:\\\/\\\/secure.gravatar.com\\\/avatar\\\/30d4f9723476a15f4da34d35fb3501f08d2357016c76051c6a85c354c7489589?s=96&d=mm&r=g\",\"url\":\"https:\\\/\\\/secure.gravatar.com\\\/avatar\\\/30d4f9723476a15f4da34d35fb3501f08d2357016c76051c6a85c354c7489589?s=96&d=mm&r=g\",\"contentUrl\":\"https:\\\/\\\/secure.gravatar.com\\\/avatar\\\/30d4f9723476a15f4da34d35fb3501f08d2357016c76051c6a85c354c7489589?s=96&d=mm&r=g\",\"caption\":\"Continuamos MX\"},\"sameAs\":[\"http:\\\/\\\/www.continuamos.mx\"],\"url\":\"https:\\\/\\\/continuamosmx.com\\\/index.php\\\/author\\\/continuamos\\\/\"}]}<\/script>\n<!-- \/ Yoast SEO plugin. -->","yoast_head_json":{"title":"TRANSPORTISTAS SE SUMAN A LA CAMPA\u00d1A DE ROMINA CONTRERAS EN HUIXQUILUCAN -","robots":{"index":"index","follow":"follow","max-snippet":"max-snippet:-1","max-image-preview":"max-image-preview:large","max-video-preview":"max-video-preview:-1"},"canonical":"https:\/\/continuamosmx.com\/index.php\/2024\/04\/29\/transportistas-se-suman-a-la-campana-de-romina-contreras-en-huixquilucan\/","og_locale":"es_ES","og_type":"article","og_title":"TRANSPORTISTAS SE SUMAN A LA CAMPA\u00d1A DE ROMINA CONTRERAS EN HUIXQUILUCAN -","og_description":"*La panista se\u00f1al\u00f3 que su pr\u00f3ximo gobierno invertir\u00e1 en obra p\u00fablica que mejore la movilidad de su municipio HUIXQUILUCAN, M\u00e9x.- M\u00e1s de dos mil conductores del transporte p\u00fablico se unieron a la campa\u00f1a de la candidata del Partido Acci\u00f3n Nacional (PAN) a la presidencia unicipal de Huixquilucan, Romina Contreras Carrasco. Est\u00e1 uni\u00f3n se da a [&hellip;]","og_url":"https:\/\/continuamosmx.com\/index.php\/2024\/04\/29\/transportistas-se-suman-a-la-campana-de-romina-contreras-en-huixquilucan\/","article_published_time":"2024-04-29T18:08:23+00:00","article_modified_time":"2024-04-30T18:12:40+00:00","og_image":[{"width":1280,"height":718,"url":"https:\/\/continuamosmx.com\/wp-content\/uploads\/2024\/04\/trans1.jpg","type":"image\/jpeg"}],"author":"Continuamos MX","twitter_card":"summary_large_image","twitter_misc":{"Escrito por":"Continuamos MX","Tiempo de lectura":"3 minutos"},"schema":{"@context":"https:\/\/schema.org","@graph":[{"@type":"Article","@id":"https:\/\/continuamosmx.com\/index.php\/2024\/04\/29\/transportistas-se-suman-a-la-campana-de-romina-contreras-en-huixquilucan\/#article","isPartOf":{"@id":"https:\/\/continuamosmx.com\/index.php\/2024\/04\/29\/transportistas-se-suman-a-la-campana-de-romina-contreras-en-huixquilucan\/"},"author":{"name":"Continuamos MX","@id":"https:\/\/continuamosmx.com\/#\/schema\/person\/5eb5356acb1fad784da407d14f0e8d89"},"headline":"TRANSPORTISTAS SE SUMAN A LA CAMPA\u00d1A DE ROMINA CONTRERAS EN HUIXQUILUCAN","datePublished":"2024-04-29T18:08:23+00:00","dateModified":"2024-04-30T18:12:40+00:00","mainEntityOfPage":{"@id":"https:\/\/continuamosmx.com\/index.php\/2024\/04\/29\/transportistas-se-suman-a-la-campana-de-romina-contreras-en-huixquilucan\/"},"wordCount":660,"commentCount":0,"publisher":{"@id":"https:\/\/continuamosmx.com\/#organization"},"image":{"@id":"https:\/\/continuamosmx.com\/index.php\/2024\/04\/29\/transportistas-se-suman-a-la-campana-de-romina-contreras-en-huixquilucan\/#primaryimage"},"thumbnailUrl":"https:\/\/continuamosmx.com\/wp-content\/uploads\/2024\/04\/trans1.jpg","articleSection":["HUIXQUILUCAN","LOCALES"],"inLanguage":"es"},{"@type":"WebPage","@id":"https:\/\/continuamosmx.com\/index.php\/2024\/04\/29\/transportistas-se-suman-a-la-campana-de-romina-contreras-en-huixquilucan\/","url":"https:\/\/continuamosmx.com\/index.php\/2024\/04\/29\/transportistas-se-suman-a-la-campana-de-romina-contreras-en-huixquilucan\/","name":"TRANSPORTISTAS SE SUMAN A LA CAMPA\u00d1A DE ROMINA CONTRERAS EN HUIXQUILUCAN -","isPartOf":{"@id":"https:\/\/continuamosmx.com\/#website"},"primaryImageOfPage":{"@id":"https:\/\/continuamosmx.com\/index.php\/2024\/04\/29\/transportistas-se-suman-a-la-campana-de-romina-contreras-en-huixquilucan\/#primaryimage"},"image":{"@id":"https:\/\/continuamosmx.com\/index.php\/2024\/04\/29\/transportistas-se-suman-a-la-campana-de-romina-contreras-en-huixquilucan\/#primaryimage"},"thumbnailUrl":"https:\/\/continuamosmx.com\/wp-content\/uploads\/2024\/04\/trans1.jpg","datePublished":"2024-04-29T18:08:23+00:00","dateModified":"2024-04-30T18:12:40+00:00","breadcrumb":{"@id":"https:\/\/continuamosmx.com\/index.php\/2024\/04\/29\/transportistas-se-suman-a-la-campana-de-romina-contreras-en-huixquilucan\/#breadcrumb"},"inLanguage":"es","potentialAction":[{"@type":"ReadAction","target":["https:\/\/continuamosmx.com\/index.php\/2024\/04\/29\/transportistas-se-suman-a-la-campana-de-romina-contreras-en-huixquilucan\/"]}]},{"@type":"ImageObject","inLanguage":"es","@id":"https:\/\/continuamosmx.com\/index.php\/2024\/04\/29\/transportistas-se-suman-a-la-campana-de-romina-contreras-en-huixquilucan\/#primaryimage","url":"https:\/\/continuamosmx.com\/wp-content\/uploads\/2024\/04\/trans1.jpg","contentUrl":"https:\/\/continuamosmx.com\/wp-content\/uploads\/2024\/04\/trans1.jpg","width":1280,"height":718},{"@type":"BreadcrumbList","@id":"https:\/\/continuamosmx.com\/index.php\/2024\/04\/29\/transportistas-se-suman-a-la-campana-de-romina-contreras-en-huixquilucan\/#breadcrumb","itemListElement":[{"@type":"ListItem","position":1,"name":"Inicio","item":"https:\/\/continuamosmx.com\/"},{"@type":"ListItem","position":2,"name":"TRANSPORTISTAS SE SUMAN A LA CAMPA\u00d1A DE ROMINA CONTRERAS EN HUIXQUILUCAN"}]},{"@type":"WebSite","@id":"https:\/\/continuamosmx.com\/#website","url":"https:\/\/continuamosmx.com\/","name":"www.continuamosmx.com","description":"","publisher":{"@id":"https:\/\/continuamosmx.com\/#organization"},"potentialAction":[{"@type":"SearchAction","target":{"@type":"EntryPoint","urlTemplate":"https:\/\/continuamosmx.com\/?s={search_term_string}"},"query-input":{"@type":"PropertyValueSpecification","valueRequired":true,"valueName":"search_term_string"}}],"inLanguage":"es"},{"@type":"Organization","@id":"https:\/\/continuamosmx.com\/#organization","name":"ContinuamosMX","url":"https:\/\/continuamosmx.com\/","logo":{"@type":"ImageObject","inLanguage":"es","@id":"https:\/\/continuamosmx.com\/#\/schema\/logo\/image\/","url":"https:\/\/continuamosmx.com\/wp-content\/uploads\/2023\/04\/cropped-LOGO-CONTI-NUEVO.png","contentUrl":"https:\/\/continuamosmx.com\/wp-content\/uploads\/2023\/04\/cropped-LOGO-CONTI-NUEVO.png","width":1257,"height":430,"caption":"ContinuamosMX"},"image":{"@id":"https:\/\/continuamosmx.com\/#\/schema\/logo\/image\/"}},{"@type":"Person","@id":"https:\/\/continuamosmx.com\/#\/schema\/person\/5eb5356acb1fad784da407d14f0e8d89","name":"Continuamos MX","image":{"@type":"ImageObject","inLanguage":"es","@id":"https:\/\/secure.gravatar.com\/avatar\/30d4f9723476a15f4da34d35fb3501f08d2357016c76051c6a85c354c7489589?s=96&d=mm&r=g","url":"https:\/\/secure.gravatar.com\/avatar\/30d4f9723476a15f4da34d35fb3501f08d2357016c76051c6a85c354c7489589?s=96&d=mm&r=g","contentUrl":"https:\/\/secure.gravatar.com\/avatar\/30d4f9723476a15f4da34d35fb3501f08d2357016c76051c6a85c354c7489589?s=96&d=mm&r=g","caption":"Continuamos MX"},"sameAs":["http:\/\/www.continuamos.mx"],"url":"https:\/\/continuamosmx.com\/index.php\/author\/continuamos\/"}]}},"_links":{"self":[{"href":"https:\/\/continuamosmx.com\/index.php\/wp-json\/wp\/v2\/posts\/46785","targetHints":{"allow":["GET"]}}],"collection":[{"href":"https:\/\/continuamosmx.com\/index.php\/wp-json\/wp\/v2\/posts"}],"about":[{"href":"https:\/\/continuamosmx.com\/index.php\/wp-json\/wp\/v2\/types\/post"}],"author":[{"embeddable":true,"href":"https:\/\/continuamosmx.com\/index.php\/wp-json\/wp\/v2\/users\/6"}],"replies":[{"embeddable":true,"href":"https:\/\/continuamosmx.com\/index.php\/wp-json\/wp\/v2\/comments?post=46785"}],"version-history":[{"count":1,"href":"https:\/\/continuamosmx.com\/index.php\/wp-json\/wp\/v2\/posts\/46785\/revisions"}],"predecessor-version":[{"id":46787,"href":"https:\/\/continuamosmx.com\/index.php\/wp-json\/wp\/v2\/posts\/46785\/revisions\/46787"}],"wp:featuredmedia":[{"embeddable":true,"href":"https:\/\/continuamosmx.com\/index.php\/wp-json\/wp\/v2\/media\/46786"}],"wp:attachment":[{"href":"https:\/\/continuamosmx.com\/index.php\/wp-json\/wp\/v2\/media?parent=46785"}],"wp:term":[{"taxonomy":"category","embeddable":true,"href":"https:\/\/continuamosmx.com\/index.php\/wp-json\/wp\/v2\/categories?post=46785"},{"taxonomy":"post_tag","embeddable":true,"href":"https:\/\/continuamosmx.com\/index.php\/wp-json\/wp\/v2\/tags?post=46785"}],"curies":[{"name":"wp","href":"https:\/\/api.w.org\/{rel}","templated":true}]}}