{"id":46779,"date":"2024-04-30T05:28:53","date_gmt":"2024-04-30T05:28:53","guid":{"rendered":"https:\/\/continuamosmx.com\/?p=46779"},"modified":"2024-04-30T05:28:54","modified_gmt":"2024-04-30T05:28:54","slug":"karim-carvallo-impulsara-leyes-que-protejan-el-abasto-de-agua","status":"publish","type":"post","link":"https:\/\/continuamosmx.com\/index.php\/2024\/04\/30\/karim-carvallo-impulsara-leyes-que-protejan-el-abasto-de-agua\/","title":{"rendered":"KARIM CARVALLO IMPULSAR\u00c1 LEYES QUE PROTEJAN EL ABASTO DE AGUA"},"content":{"rendered":"\n<p><strong>*Destaca que hay confianza de la ciudadan\u00eda en su labor como servidor p\u00fablico.<\/strong><\/p>\n\n\n\n<p>REDACCI\u00d3N.<\/p>\n\n\n\n<p>CUAUTITL\u00c1N IZCALLI, M\u00e9x.- Karim Carvallo, candidato a diputado local por el distrito 43 y posiblemente quien m\u00e1s conoce esta localidad, cree firmemente que las campa\u00f1as se ganan de la mano con la gente, con empat\u00eda y escuchando sus necesidades.<\/p>\n\n\n\n<p>Esta caracter\u00edstica es el sello distintivo de sus recorridos de campa\u00f1a, donde ya se le puede ver en parques y espacios recreativos, enfrent\u00e1ndose a los vecinos y ciudadanos interesados en su propuesta.<\/p>\n\n\n\n<p>Es notable el cari\u00f1o que recibe de quienes lo reconocen; los abrazos y pancartas de sus seguidores se han convertido en una marca registrada.<\/p>\n\n\n\n<p>Carvallo entiende que la funci\u00f3n principal de un legislador en el Congreso es defender a sus representados contra posibles abusos de gobiernos legalmente constituidos, un binomio legislativo cuya fuerza debe ser canalizada.<\/p>\n\n\n\n<p>Uno de los puntos esenciales de su Dec\u00e1logo Legislativo concierne al agua, donde propone \u00abfortalecer las leyes\u00bb.<\/p>\n\n\n\n<p>\u00abEn lo que respecta a la CAEM y Operagua, puedo ser un hombre que participe en endurecer la ley para traer m\u00e1s orden a dos \u00e1reas: el cuidado del l\u00edquido vital y la eficiencia en su suministro, y para lograrlo, fortalecer las leyes. Eso es para lo que estoy aqu\u00ed, para beneficio de todos los mexicanos. Existe una ley del agua pero es muy laxa\u00bb, dijo el candidato de Morena.<\/p>\n\n\n\n<p>Carvallo Delf\u00edn inst\u00f3 a la gente a ignorar a aquellos actores pol\u00edticos que se\u00f1alan presuntas irregularidades financieras del pasado en su desempe\u00f1o p\u00fablico.<\/p>\n\n\n\n<p>\u00abLe debo mi nombre a Izcalli y la raz\u00f3n por la que ahora lidero a Morena es por la confianza que los ciudadanos tienen en m\u00ed\u00bb.<\/p>\n\n\n\n<p>Es precisamente este mensaje el que ondea en los barrios que ha visitado. En el cuarto d\u00eda de su campa\u00f1a, recorri\u00f3 Ensue\u00f1os y Cumbria, y, como ha sido constante, es escuchado y cuestionado en partes iguales.<\/p>\n\n\n\n<p>Este tipo de recepci\u00f3n lo impulsa: \u00abEsta es una campa\u00f1a muy diferente a las que he experimentado. Solo espero que veamos propuestas de todos. Entendamos que la prioridad de cualquier candidato es el bienestar de Izcalli\u00bb, asegur\u00f3.<\/p>\n","protected":false},"excerpt":{"rendered":"<p>*Destaca que hay confianza de la ciudadan\u00eda en su labor como servidor p\u00fablico. REDACCI\u00d3N. CUAUTITL\u00c1N IZCALLI, M\u00e9x.- Karim Carvallo, candidato a diputado local por el distrito 43 y posiblemente quien m\u00e1s conoce esta localidad, cree firmemente que las campa\u00f1as se ganan de la mano con la gente, con empat\u00eda y escuchando sus necesidades. Esta caracter\u00edstica [&hellip;]<\/p>\n","protected":false},"author":6,"featured_media":46780,"comment_status":"open","ping_status":"open","sticky":false,"template":"","format":"standard","meta":{"footnotes":""},"categories":[22,4],"tags":[],"class_list":["post-46779","post","type-post","status-publish","format-standard","has-post-thumbnail","hentry","category-c-izcalli","category-locales"],"yoast_head":"<!-- This site is optimized with the Yoast SEO plugin v27.5 - https:\/\/yoast.com\/product\/yoast-seo-wordpress\/ -->\n<title>KARIM CARVALLO IMPULSAR\u00c1 LEYES QUE PROTEJAN EL ABASTO DE AGUA -<\/title>\n<meta name=\"robots\" content=\"index, follow, max-snippet:-1, max-image-preview:large, max-video-preview:-1\" \/>\n<link rel=\"canonical\" href=\"https:\/\/continuamosmx.com\/index.php\/2024\/04\/30\/karim-carvallo-impulsara-leyes-que-protejan-el-abasto-de-agua\/\" \/>\n<meta property=\"og:locale\" content=\"es_ES\" \/>\n<meta property=\"og:type\" content=\"article\" \/>\n<meta property=\"og:title\" content=\"KARIM CARVALLO IMPULSAR\u00c1 LEYES QUE PROTEJAN EL ABASTO DE AGUA -\" \/>\n<meta property=\"og:description\" content=\"*Destaca que hay confianza de la ciudadan\u00eda en su labor como servidor p\u00fablico. REDACCI\u00d3N. CUAUTITL\u00c1N IZCALLI, M\u00e9x.- Karim Carvallo, candidato a diputado local por el distrito 43 y posiblemente quien m\u00e1s conoce esta localidad, cree firmemente que las campa\u00f1as se ganan de la mano con la gente, con empat\u00eda y escuchando sus necesidades. Esta caracter\u00edstica [&hellip;]\" \/>\n<meta property=\"og:url\" content=\"https:\/\/continuamosmx.com\/index.php\/2024\/04\/30\/karim-carvallo-impulsara-leyes-que-protejan-el-abasto-de-agua\/\" \/>\n<meta property=\"article:published_time\" content=\"2024-04-30T05:28:53+00:00\" \/>\n<meta property=\"article:modified_time\" content=\"2024-04-30T05:28:54+00:00\" \/>\n<meta property=\"og:image\" content=\"https:\/\/continuamosmx.com\/wp-content\/uploads\/2024\/04\/k2.jpg\" \/>\n\t<meta property=\"og:image:width\" content=\"1280\" \/>\n\t<meta property=\"og:image:height\" content=\"853\" \/>\n\t<meta property=\"og:image:type\" content=\"image\/jpeg\" \/>\n<meta name=\"author\" content=\"Continuamos MX\" \/>\n<meta name=\"twitter:card\" content=\"summary_large_image\" \/>\n<meta name=\"twitter:label1\" content=\"Escrito por\" \/>\n\t<meta name=\"twitter:data1\" content=\"Continuamos MX\" \/>\n\t<meta name=\"twitter:label2\" content=\"Tiempo de lectura\" \/>\n\t<meta name=\"twitter:data2\" content=\"2 minutos\" \/>\n<script type=\"application\/ld+json\" class=\"yoast-schema-graph\">{\"@context\":\"https:\\\/\\\/schema.org\",\"@graph\":[{\"@type\":\"Article\",\"@id\":\"https:\\\/\\\/continuamosmx.com\\\/index.php\\\/2024\\\/04\\\/30\\\/karim-carvallo-impulsara-leyes-que-protejan-el-abasto-de-agua\\\/#article\",\"isPartOf\":{\"@id\":\"https:\\\/\\\/continuamosmx.com\\\/index.php\\\/2024\\\/04\\\/30\\\/karim-carvallo-impulsara-leyes-que-protejan-el-abasto-de-agua\\\/\"},\"author\":{\"name\":\"Continuamos MX\",\"@id\":\"https:\\\/\\\/continuamosmx.com\\\/#\\\/schema\\\/person\\\/5eb5356acb1fad784da407d14f0e8d89\"},\"headline\":\"KARIM CARVALLO IMPULSAR\u00c1 LEYES QUE PROTEJAN EL ABASTO DE AGUA\",\"datePublished\":\"2024-04-30T05:28:53+00:00\",\"dateModified\":\"2024-04-30T05:28:54+00:00\",\"mainEntityOfPage\":{\"@id\":\"https:\\\/\\\/continuamosmx.com\\\/index.php\\\/2024\\\/04\\\/30\\\/karim-carvallo-impulsara-leyes-que-protejan-el-abasto-de-agua\\\/\"},\"wordCount\":387,\"commentCount\":0,\"publisher\":{\"@id\":\"https:\\\/\\\/continuamosmx.com\\\/#organization\"},\"image\":{\"@id\":\"https:\\\/\\\/continuamosmx.com\\\/index.php\\\/2024\\\/04\\\/30\\\/karim-carvallo-impulsara-leyes-que-protejan-el-abasto-de-agua\\\/#primaryimage\"},\"thumbnailUrl\":\"https:\\\/\\\/continuamosmx.com\\\/wp-content\\\/uploads\\\/2024\\\/04\\\/k2.jpg\",\"articleSection\":[\"C. IZCALLI\",\"LOCALES\"],\"inLanguage\":\"es\"},{\"@type\":\"WebPage\",\"@id\":\"https:\\\/\\\/continuamosmx.com\\\/index.php\\\/2024\\\/04\\\/30\\\/karim-carvallo-impulsara-leyes-que-protejan-el-abasto-de-agua\\\/\",\"url\":\"https:\\\/\\\/continuamosmx.com\\\/index.php\\\/2024\\\/04\\\/30\\\/karim-carvallo-impulsara-leyes-que-protejan-el-abasto-de-agua\\\/\",\"name\":\"KARIM CARVALLO IMPULSAR\u00c1 LEYES QUE PROTEJAN EL ABASTO DE AGUA -\",\"isPartOf\":{\"@id\":\"https:\\\/\\\/continuamosmx.com\\\/#website\"},\"primaryImageOfPage\":{\"@id\":\"https:\\\/\\\/continuamosmx.com\\\/index.php\\\/2024\\\/04\\\/30\\\/karim-carvallo-impulsara-leyes-que-protejan-el-abasto-de-agua\\\/#primaryimage\"},\"image\":{\"@id\":\"https:\\\/\\\/continuamosmx.com\\\/index.php\\\/2024\\\/04\\\/30\\\/karim-carvallo-impulsara-leyes-que-protejan-el-abasto-de-agua\\\/#primaryimage\"},\"thumbnailUrl\":\"https:\\\/\\\/continuamosmx.com\\\/wp-content\\\/uploads\\\/2024\\\/04\\\/k2.jpg\",\"datePublished\":\"2024-04-30T05:28:53+00:00\",\"dateModified\":\"2024-04-30T05:28:54+00:00\",\"breadcrumb\":{\"@id\":\"https:\\\/\\\/continuamosmx.com\\\/index.php\\\/2024\\\/04\\\/30\\\/karim-carvallo-impulsara-leyes-que-protejan-el-abasto-de-agua\\\/#breadcrumb\"},\"inLanguage\":\"es\",\"potentialAction\":[{\"@type\":\"ReadAction\",\"target\":[\"https:\\\/\\\/continuamosmx.com\\\/index.php\\\/2024\\\/04\\\/30\\\/karim-carvallo-impulsara-leyes-que-protejan-el-abasto-de-agua\\\/\"]}]},{\"@type\":\"ImageObject\",\"inLanguage\":\"es\",\"@id\":\"https:\\\/\\\/continuamosmx.com\\\/index.php\\\/2024\\\/04\\\/30\\\/karim-carvallo-impulsara-leyes-que-protejan-el-abasto-de-agua\\\/#primaryimage\",\"url\":\"https:\\\/\\\/continuamosmx.com\\\/wp-content\\\/uploads\\\/2024\\\/04\\\/k2.jpg\",\"contentUrl\":\"https:\\\/\\\/continuamosmx.com\\\/wp-content\\\/uploads\\\/2024\\\/04\\\/k2.jpg\",\"width\":1280,\"height\":853},{\"@type\":\"BreadcrumbList\",\"@id\":\"https:\\\/\\\/continuamosmx.com\\\/index.php\\\/2024\\\/04\\\/30\\\/karim-carvallo-impulsara-leyes-que-protejan-el-abasto-de-agua\\\/#breadcrumb\",\"itemListElement\":[{\"@type\":\"ListItem\",\"position\":1,\"name\":\"Inicio\",\"item\":\"https:\\\/\\\/continuamosmx.com\\\/\"},{\"@type\":\"ListItem\",\"position\":2,\"name\":\"KARIM CARVALLO IMPULSAR\u00c1 LEYES QUE PROTEJAN EL ABASTO DE AGUA\"}]},{\"@type\":\"WebSite\",\"@id\":\"https:\\\/\\\/continuamosmx.com\\\/#website\",\"url\":\"https:\\\/\\\/continuamosmx.com\\\/\",\"name\":\"www.continuamosmx.com\",\"description\":\"\",\"publisher\":{\"@id\":\"https:\\\/\\\/continuamosmx.com\\\/#organization\"},\"potentialAction\":[{\"@type\":\"SearchAction\",\"target\":{\"@type\":\"EntryPoint\",\"urlTemplate\":\"https:\\\/\\\/continuamosmx.com\\\/?s={search_term_string}\"},\"query-input\":{\"@type\":\"PropertyValueSpecification\",\"valueRequired\":true,\"valueName\":\"search_term_string\"}}],\"inLanguage\":\"es\"},{\"@type\":\"Organization\",\"@id\":\"https:\\\/\\\/continuamosmx.com\\\/#organization\",\"name\":\"ContinuamosMX\",\"url\":\"https:\\\/\\\/continuamosmx.com\\\/\",\"logo\":{\"@type\":\"ImageObject\",\"inLanguage\":\"es\",\"@id\":\"https:\\\/\\\/continuamosmx.com\\\/#\\\/schema\\\/logo\\\/image\\\/\",\"url\":\"https:\\\/\\\/continuamosmx.com\\\/wp-content\\\/uploads\\\/2023\\\/04\\\/cropped-LOGO-CONTI-NUEVO.png\",\"contentUrl\":\"https:\\\/\\\/continuamosmx.com\\\/wp-content\\\/uploads\\\/2023\\\/04\\\/cropped-LOGO-CONTI-NUEVO.png\",\"width\":1257,\"height\":430,\"caption\":\"ContinuamosMX\"},\"image\":{\"@id\":\"https:\\\/\\\/continuamosmx.com\\\/#\\\/schema\\\/logo\\\/image\\\/\"}},{\"@type\":\"Person\",\"@id\":\"https:\\\/\\\/continuamosmx.com\\\/#\\\/schema\\\/person\\\/5eb5356acb1fad784da407d14f0e8d89\",\"name\":\"Continuamos MX\",\"image\":{\"@type\":\"ImageObject\",\"inLanguage\":\"es\",\"@id\":\"https:\\\/\\\/secure.gravatar.com\\\/avatar\\\/30d4f9723476a15f4da34d35fb3501f08d2357016c76051c6a85c354c7489589?s=96&d=mm&r=g\",\"url\":\"https:\\\/\\\/secure.gravatar.com\\\/avatar\\\/30d4f9723476a15f4da34d35fb3501f08d2357016c76051c6a85c354c7489589?s=96&d=mm&r=g\",\"contentUrl\":\"https:\\\/\\\/secure.gravatar.com\\\/avatar\\\/30d4f9723476a15f4da34d35fb3501f08d2357016c76051c6a85c354c7489589?s=96&d=mm&r=g\",\"caption\":\"Continuamos MX\"},\"sameAs\":[\"http:\\\/\\\/www.continuamos.mx\"],\"url\":\"https:\\\/\\\/continuamosmx.com\\\/index.php\\\/author\\\/continuamos\\\/\"}]}<\/script>\n<!-- \/ Yoast SEO plugin. -->","yoast_head_json":{"title":"KARIM CARVALLO IMPULSAR\u00c1 LEYES QUE PROTEJAN EL ABASTO DE AGUA -","robots":{"index":"index","follow":"follow","max-snippet":"max-snippet:-1","max-image-preview":"max-image-preview:large","max-video-preview":"max-video-preview:-1"},"canonical":"https:\/\/continuamosmx.com\/index.php\/2024\/04\/30\/karim-carvallo-impulsara-leyes-que-protejan-el-abasto-de-agua\/","og_locale":"es_ES","og_type":"article","og_title":"KARIM CARVALLO IMPULSAR\u00c1 LEYES QUE PROTEJAN EL ABASTO DE AGUA -","og_description":"*Destaca que hay confianza de la ciudadan\u00eda en su labor como servidor p\u00fablico. REDACCI\u00d3N. CUAUTITL\u00c1N IZCALLI, M\u00e9x.- Karim Carvallo, candidato a diputado local por el distrito 43 y posiblemente quien m\u00e1s conoce esta localidad, cree firmemente que las campa\u00f1as se ganan de la mano con la gente, con empat\u00eda y escuchando sus necesidades. Esta caracter\u00edstica [&hellip;]","og_url":"https:\/\/continuamosmx.com\/index.php\/2024\/04\/30\/karim-carvallo-impulsara-leyes-que-protejan-el-abasto-de-agua\/","article_published_time":"2024-04-30T05:28:53+00:00","article_modified_time":"2024-04-30T05:28:54+00:00","og_image":[{"width":1280,"height":853,"url":"https:\/\/continuamosmx.com\/wp-content\/uploads\/2024\/04\/k2.jpg","type":"image\/jpeg"}],"author":"Continuamos MX","twitter_card":"summary_large_image","twitter_misc":{"Escrito por":"Continuamos MX","Tiempo de lectura":"2 minutos"},"schema":{"@context":"https:\/\/schema.org","@graph":[{"@type":"Article","@id":"https:\/\/continuamosmx.com\/index.php\/2024\/04\/30\/karim-carvallo-impulsara-leyes-que-protejan-el-abasto-de-agua\/#article","isPartOf":{"@id":"https:\/\/continuamosmx.com\/index.php\/2024\/04\/30\/karim-carvallo-impulsara-leyes-que-protejan-el-abasto-de-agua\/"},"author":{"name":"Continuamos MX","@id":"https:\/\/continuamosmx.com\/#\/schema\/person\/5eb5356acb1fad784da407d14f0e8d89"},"headline":"KARIM CARVALLO IMPULSAR\u00c1 LEYES QUE PROTEJAN EL ABASTO DE AGUA","datePublished":"2024-04-30T05:28:53+00:00","dateModified":"2024-04-30T05:28:54+00:00","mainEntityOfPage":{"@id":"https:\/\/continuamosmx.com\/index.php\/2024\/04\/30\/karim-carvallo-impulsara-leyes-que-protejan-el-abasto-de-agua\/"},"wordCount":387,"commentCount":0,"publisher":{"@id":"https:\/\/continuamosmx.com\/#organization"},"image":{"@id":"https:\/\/continuamosmx.com\/index.php\/2024\/04\/30\/karim-carvallo-impulsara-leyes-que-protejan-el-abasto-de-agua\/#primaryimage"},"thumbnailUrl":"https:\/\/continuamosmx.com\/wp-content\/uploads\/2024\/04\/k2.jpg","articleSection":["C. IZCALLI","LOCALES"],"inLanguage":"es"},{"@type":"WebPage","@id":"https:\/\/continuamosmx.com\/index.php\/2024\/04\/30\/karim-carvallo-impulsara-leyes-que-protejan-el-abasto-de-agua\/","url":"https:\/\/continuamosmx.com\/index.php\/2024\/04\/30\/karim-carvallo-impulsara-leyes-que-protejan-el-abasto-de-agua\/","name":"KARIM CARVALLO IMPULSAR\u00c1 LEYES QUE PROTEJAN EL ABASTO DE AGUA -","isPartOf":{"@id":"https:\/\/continuamosmx.com\/#website"},"primaryImageOfPage":{"@id":"https:\/\/continuamosmx.com\/index.php\/2024\/04\/30\/karim-carvallo-impulsara-leyes-que-protejan-el-abasto-de-agua\/#primaryimage"},"image":{"@id":"https:\/\/continuamosmx.com\/index.php\/2024\/04\/30\/karim-carvallo-impulsara-leyes-que-protejan-el-abasto-de-agua\/#primaryimage"},"thumbnailUrl":"https:\/\/continuamosmx.com\/wp-content\/uploads\/2024\/04\/k2.jpg","datePublished":"2024-04-30T05:28:53+00:00","dateModified":"2024-04-30T05:28:54+00:00","breadcrumb":{"@id":"https:\/\/continuamosmx.com\/index.php\/2024\/04\/30\/karim-carvallo-impulsara-leyes-que-protejan-el-abasto-de-agua\/#breadcrumb"},"inLanguage":"es","potentialAction":[{"@type":"ReadAction","target":["https:\/\/continuamosmx.com\/index.php\/2024\/04\/30\/karim-carvallo-impulsara-leyes-que-protejan-el-abasto-de-agua\/"]}]},{"@type":"ImageObject","inLanguage":"es","@id":"https:\/\/continuamosmx.com\/index.php\/2024\/04\/30\/karim-carvallo-impulsara-leyes-que-protejan-el-abasto-de-agua\/#primaryimage","url":"https:\/\/continuamosmx.com\/wp-content\/uploads\/2024\/04\/k2.jpg","contentUrl":"https:\/\/continuamosmx.com\/wp-content\/uploads\/2024\/04\/k2.jpg","width":1280,"height":853},{"@type":"BreadcrumbList","@id":"https:\/\/continuamosmx.com\/index.php\/2024\/04\/30\/karim-carvallo-impulsara-leyes-que-protejan-el-abasto-de-agua\/#breadcrumb","itemListElement":[{"@type":"ListItem","position":1,"name":"Inicio","item":"https:\/\/continuamosmx.com\/"},{"@type":"ListItem","position":2,"name":"KARIM CARVALLO IMPULSAR\u00c1 LEYES QUE PROTEJAN EL ABASTO DE AGUA"}]},{"@type":"WebSite","@id":"https:\/\/continuamosmx.com\/#website","url":"https:\/\/continuamosmx.com\/","name":"www.continuamosmx.com","description":"","publisher":{"@id":"https:\/\/continuamosmx.com\/#organization"},"potentialAction":[{"@type":"SearchAction","target":{"@type":"EntryPoint","urlTemplate":"https:\/\/continuamosmx.com\/?s={search_term_string}"},"query-input":{"@type":"PropertyValueSpecification","valueRequired":true,"valueName":"search_term_string"}}],"inLanguage":"es"},{"@type":"Organization","@id":"https:\/\/continuamosmx.com\/#organization","name":"ContinuamosMX","url":"https:\/\/continuamosmx.com\/","logo":{"@type":"ImageObject","inLanguage":"es","@id":"https:\/\/continuamosmx.com\/#\/schema\/logo\/image\/","url":"https:\/\/continuamosmx.com\/wp-content\/uploads\/2023\/04\/cropped-LOGO-CONTI-NUEVO.png","contentUrl":"https:\/\/continuamosmx.com\/wp-content\/uploads\/2023\/04\/cropped-LOGO-CONTI-NUEVO.png","width":1257,"height":430,"caption":"ContinuamosMX"},"image":{"@id":"https:\/\/continuamosmx.com\/#\/schema\/logo\/image\/"}},{"@type":"Person","@id":"https:\/\/continuamosmx.com\/#\/schema\/person\/5eb5356acb1fad784da407d14f0e8d89","name":"Continuamos MX","image":{"@type":"ImageObject","inLanguage":"es","@id":"https:\/\/secure.gravatar.com\/avatar\/30d4f9723476a15f4da34d35fb3501f08d2357016c76051c6a85c354c7489589?s=96&d=mm&r=g","url":"https:\/\/secure.gravatar.com\/avatar\/30d4f9723476a15f4da34d35fb3501f08d2357016c76051c6a85c354c7489589?s=96&d=mm&r=g","contentUrl":"https:\/\/secure.gravatar.com\/avatar\/30d4f9723476a15f4da34d35fb3501f08d2357016c76051c6a85c354c7489589?s=96&d=mm&r=g","caption":"Continuamos MX"},"sameAs":["http:\/\/www.continuamos.mx"],"url":"https:\/\/continuamosmx.com\/index.php\/author\/continuamos\/"}]}},"_links":{"self":[{"href":"https:\/\/continuamosmx.com\/index.php\/wp-json\/wp\/v2\/posts\/46779","targetHints":{"allow":["GET"]}}],"collection":[{"href":"https:\/\/continuamosmx.com\/index.php\/wp-json\/wp\/v2\/posts"}],"about":[{"href":"https:\/\/continuamosmx.com\/index.php\/wp-json\/wp\/v2\/types\/post"}],"author":[{"embeddable":true,"href":"https:\/\/continuamosmx.com\/index.php\/wp-json\/wp\/v2\/users\/6"}],"replies":[{"embeddable":true,"href":"https:\/\/continuamosmx.com\/index.php\/wp-json\/wp\/v2\/comments?post=46779"}],"version-history":[{"count":1,"href":"https:\/\/continuamosmx.com\/index.php\/wp-json\/wp\/v2\/posts\/46779\/revisions"}],"predecessor-version":[{"id":46781,"href":"https:\/\/continuamosmx.com\/index.php\/wp-json\/wp\/v2\/posts\/46779\/revisions\/46781"}],"wp:featuredmedia":[{"embeddable":true,"href":"https:\/\/continuamosmx.com\/index.php\/wp-json\/wp\/v2\/media\/46780"}],"wp:attachment":[{"href":"https:\/\/continuamosmx.com\/index.php\/wp-json\/wp\/v2\/media?parent=46779"}],"wp:term":[{"taxonomy":"category","embeddable":true,"href":"https:\/\/continuamosmx.com\/index.php\/wp-json\/wp\/v2\/categories?post=46779"},{"taxonomy":"post_tag","embeddable":true,"href":"https:\/\/continuamosmx.com\/index.php\/wp-json\/wp\/v2\/tags?post=46779"}],"curies":[{"name":"wp","href":"https:\/\/api.w.org\/{rel}","templated":true}]}}